{"id":9209,"date":"2019-10-12T20:28:34","date_gmt":"2019-10-12T18:28:34","guid":{"rendered":"https:\/\/ieslamadraza.com\/wp\/?p=9209"},"modified":"2019-12-09T19:30:02","modified_gmt":"2019-12-09T18:30:02","slug":"investigaciones-sobre-los-plasticos-a-realizar-en-el-primer-trimestre","status":"publish","type":"post","link":"https:\/\/ieslamadraza.com\/wp\/investigaciones-sobre-los-plasticos-a-realizar-en-el-primer-trimestre\/","title":{"rendered":"Investigaciones sobre los pl\u00e1sticos a realizar en el primer trimestre"},"content":{"rendered":"<p>El trabajo sobre los pl\u00e1sticos es el tema central de nuestro Programa Ecoescuelas durante el curso 2019-20. Se trata de un\u00a0<strong>trabajo colectivo\u00a0<\/strong>en el que cada departamento contribuye seg\u00fan sus posibilidades. <strong>Durante el primer trimestre realizaremos trabajos de investigaci\u00f3n sobre los pl\u00e1sticos\u00a0<\/strong>en el Instituto aunque tambi\u00e9n tienen cabida investigaciones sobre los pl\u00e1sticos en general y sobre su impacto a nivel mundial. Adem\u00e1s, son bienvenidos elementos decorativos, creaciones art\u00edsticas y talleres, pero estos no tienen que ce\u00f1irse al primer trimestre.<\/p>\n<p>Algunos departamentos han comunicado ya cu\u00e1l ser\u00e1 su aportaci\u00f3n y a otros se les asigna una tarea de forma orientativa. Se ruega\u00a0confirmarlo al\u00a0coordinador\u00a0de Ecoescuelas <strong>indicando con qu\u00e9 nivel se va a trabajar\u00a0<\/strong>para evitar repeticiones y para que participen todos los niveles. Por supuesto, se pueden retocar las investigaciones propuestas y plantear otras diferentes.<\/p>\n<p><strong>Los resultados se entregar\u00e1n a coordinador antes de Navidad\u00a0<\/strong>en forma de textos, gr\u00e1ficas, tablas, dibujos o como se estime conveniente. El segundo trimestre se dedicar\u00e1 a comunicar las conclusiones obtenidas en cada una de las clases y a poner en marcha medidas de mejora.<\/p>\n<ul>\n<li>Investigaci\u00f3n sobre objetos de uso com\u00fan en las casas antes de la llegada de sus sustitutos hechos de pl\u00e1stico (Taller de 1\u00ba ESO). La creaci\u00f3n de neologismos cient\u00edficos y t\u00e9cnicos relacionados con los pl\u00e1sticos y sus tipos (Departamento de Lengua y Literatura).<\/li>\n<li>Construcci\u00f3n con tetrabricks (una familia y su \u00a0mascota, Tecnolog\u00eda de 2\u00ba ESO).<\/li>\n<li>Mural con los tipos de pl\u00e1stico, haciendo una descripci\u00f3n de sus caracter\u00edsticas, proceso de fabricaci\u00f3n, etc. (Tecnolog\u00eda de 3\u00ba ESO).<\/li>\n<li>\n<div>Construcci\u00f3n de robots andantes (Tecnolog\u00eda de 4\u00ba ESO).<\/div>\n<\/li>\n<li>Investigaci\u00f3n sobre empresas emergentes que abogan por la reutilizaci\u00f3n de pl\u00e1sticos para diversos usos incluida la moda textil. Econom\u00eda circular (Departamento de Econom\u00eda).<\/li>\n<li>An\u00e1lisis de \u00a0la cantidad de toneladas de residuos pl\u00e1sticos que terminan en mares y oc\u00e9anos, concienciando al alumnado de la nueva vida que pueden tener muchos de los objetos que desechamos en nuestro d\u00eda a d\u00eda. Para ello, se propondr\u00e1 la fabricaci\u00f3n de elementos decorativos para el aula reutilizando residuos de pl\u00e1stico (Geograf\u00eda e Historia de 1\u00ba ESO).<\/li>\n<li>Investigaci\u00f3n sobre la isla de pl\u00e1sticos del Oc\u00e9ano Pac\u00edfico (Geograf\u00eda e Historia de 3\u00ba ESO).<\/li>\n<li>Detecci\u00f3n en el laboratorio de los micropl\u00e1sticos presentes en cosm\u00e9ticos y en arena de playa (Ciclo Formativo de Farmacia).<\/li>\n<li>Obras art\u00edsticas reutilizando pl\u00e1sticos y otros residuos (Departamento de Pl\u00e1stica).<\/li>\n<li>Juegos y deportes con artilugios fabricados con material reutilizado (Departamento de Educaci\u00f3n F\u00edsica). \u00abSuavicesto\u00bb en\u00a01\u00ba de ESO.<\/li>\n<li>Taller de instrumentos musicales a partir de materiales reutilizados (Departamento de M\u00fasica).<\/li>\n<li>Estudio de los residuos pl\u00e1sticos generados en el Instituto: clasificarlos, pesarlos, realizar c\u00e1lculos estad\u00edsticos, etc. (Departamento de Matem\u00e1ticas).<\/li>\n<li>Estudio de los envoltorios usados por el alumnado para trasportar su merienda (Departamento de Biolog\u00eda y Geolog\u00eda).<\/li>\n<li>Investigaci\u00f3n sobre el tiempo de degradaci\u00f3n del pl\u00e1stico comparado con otros materiales (Departamento de Biolog\u00eda y Geolog\u00eda).<\/li>\n<li>Investigaci\u00f3n sobre el impacto de los micropl\u00e1sticos en la fauna marina y \u00a0en el cuerpo humano (Departamento de Biolog\u00eda y Geolog\u00eda).<\/li>\n<li>An\u00e1lisis de etiquetas de envases hechos de pl\u00e1stico. Participaci\u00f3n en el Parlamento Cient\u00edfico para J\u00f3venes debatiendo sobre los pl\u00e1sticos (Cultura Cient\u00edfica). Ver recursos sobre pl\u00e1sticos en la web del <a href=\"https:\/\/parlamentocientificodejovenes.wordpress.com\/residuos\/\" target=\"_blank\" rel=\"noopener noreferrer\">Parlamento Cient\u00edfico<\/a>.<\/li>\n<li>El botijo como alternativa a las botellas de agua mineral. Fundamentos f\u00edsicos del enfriamiento de agua del botijo (Departamento de F\u00edsica y Qu\u00edmica).<\/li>\n<li>Tipos de pl\u00e1sticos y su reciclabilidad (F\u00edsica y Qu\u00edmica de 2\u00ba ESO).<\/li>\n<li>Qu\u00edmica del carbono aplicada a los pl\u00e1sticos (F\u00edsica y Qu\u00edmica de 3\u00ba ESO).<\/li>\n<li>Biopl\u00e1sticos frente a pl\u00e1sticos a partir de petr\u00f3leo. El caso de Elif Bilgin (Departamento de F\u00edsica y Qu\u00edmica).<\/li>\n<li>La huella de carbono y la huella h\u00eddrica asociada a la producci\u00f3n de pl\u00e1sticos (Departamento de F\u00edsica y Qu\u00edmica).<\/li>\n<li>Estudio de los sistemas de embalaje utilizados en los comercios de nuestro entorno y detecci\u00f3n de aquellos que favorecen la venta a granel o evitan el uso masivo de bolsas de pl\u00e1stico (Departamento de Filosof\u00eda\/Departamento de Biolog\u00eda).<\/li>\n<li>Campa\u00f1a entre los comercios del barrio informando sobre la importancia de reducir el uso del pl\u00e1stico (Ciudadan\u00eda de 4\u00ba ESO y 1\u00ba Bachillerato).<\/li>\n<li>El consumismo y la cultura de usar y tirar. An\u00e1lisis de alternativas: decrecimiento, la cultura del buen vivir, la permacultura\u2026 (Departamento de Filosof\u00eda)<\/li>\n<li>Envases en la vida cotidiana de la Antigua Roma (4\u00ba ESO y 1\u00ba Bachillerato de Lat\u00edn).<\/li>\n<li>Investigaci\u00f3n sobre <em>Break free from plastic<\/em> y el movimiento <em>Zero Waste <\/em>y sus propuestas (Departamento de Ingl\u00e9s).<\/li>\n<li><em>The three R\u2019s. Reducing is better than recycling<\/em> (Departamento de Ingl\u00e9s).<\/li>\n<li>Alimentaci\u00f3n sana y libre de pl\u00e1sticos: cocina tradicional francesa (Departamento de Franc\u00e9s).<\/li>\n<li>Taller de costura de talegas para que el alumnado utilice este sistema para llevar sus bocadillos, taller de fabricaci\u00f3n de <em>Boc&#8217;n&#8217;roll<\/em> (<a href=\"https:\/\/www.youtube.com\/watch?v=OkEEwUT3CVs\" target=\"_blank\" rel=\"noopener noreferrer\">ver tutor\u00eda<\/a>) o algo similar con tela y cera. Taller de reutilizaci\u00f3n de camisetas para hacer bolsas.<\/li>\n<\/ul>\n","protected":false},"excerpt":{"rendered":"<p>El trabajo sobre los pl\u00e1sticos es el tema central de nuestro Programa Ecoescuelas durante el curso 2019-20. Se trata de un\u00a0trabajo colectivo\u00a0en el que cada departamento contribuye seg\u00fan sus posibilidades. Durante el primer trimestre realizaremos trabajos de investigaci\u00f3n sobre los pl\u00e1sticos\u00a0en el Instituto aunque tambi\u00e9n tienen cabida investigaciones sobre los pl\u00e1sticos en general y sobre [&hellip;]<\/p>\n","protected":false},"author":3,"featured_media":9211,"comment_status":"open","ping_status":"closed","sticky":false,"template":"","format":"standard","meta":{"_et_pb_use_builder":"","_et_pb_old_content":"","_et_gb_content_width":"","_monsterinsights_skip_tracking":false,"_monsterinsights_sitenote_active":false,"_monsterinsights_sitenote_note":"","_monsterinsights_sitenote_category":0,"footnotes":""},"categories":[78],"tags":[],"class_list":["post-9209","post","type-post","status-publish","format-standard","has-post-thumbnail","hentry","category-ecoescuela-ecoescuela","et-has-post-format-content","et_post_format-et-post-format-standard"],"yoast_head":"<!-- This site is optimized with the Yoast SEO plugin v27.5 - https:\/\/yoast.com\/product\/yoast-seo-wordpress\/ -->\n<title>Investigaciones sobre los pl\u00e1sticos a realizar en el primer trimestre - IES LA MADRAZA<\/title>\n<meta name=\"description\" content=\"IES La Madraza\" \/>\n<meta name=\"robots\" content=\"index, follow, max-snippet:-1, max-image-preview:large, max-video-preview:-1\" \/>\n<link rel=\"canonical\" href=\"https:\/\/ieslamadraza.com\/wp\/investigaciones-sobre-los-plasticos-a-realizar-en-el-primer-trimestre\/\" \/>\n<meta property=\"og:locale\" content=\"es_ES\" \/>\n<meta property=\"og:type\" content=\"article\" \/>\n<meta property=\"og:title\" content=\"Investigaciones sobre los pl\u00e1sticos a realizar en el primer trimestre - IES LA MADRAZA\" \/>\n<meta property=\"og:description\" content=\"IES La Madraza\" \/>\n<meta property=\"og:url\" content=\"https:\/\/ieslamadraza.com\/wp\/investigaciones-sobre-los-plasticos-a-realizar-en-el-primer-trimestre\/\" \/>\n<meta property=\"og:site_name\" content=\"IES LA MADRAZA\" \/>\n<meta property=\"article:publisher\" content=\"https:\/\/www.facebook.com\/ieslamadraza\/\" \/>\n<meta property=\"article:published_time\" content=\"2019-10-12T18:28:34+00:00\" \/>\n<meta property=\"article:modified_time\" content=\"2019-12-09T18:30:02+00:00\" \/>\n<meta property=\"og:image\" content=\"https:\/\/ieslamadraza.com\/wp\/wp-content\/img\/2019\/10\/2019_10-Pajitas-de-plastico.jpg\" \/>\n\t<meta property=\"og:image:width\" content=\"746\" \/>\n\t<meta property=\"og:image:height\" content=\"419\" \/>\n\t<meta property=\"og:image:type\" content=\"image\/jpeg\" \/>\n<meta name=\"author\" content=\"Pablo Acosta Robles\" \/>\n<meta name=\"twitter:card\" content=\"summary_large_image\" \/>\n<meta name=\"twitter:creator\" content=\"@MadrazaLa\" \/>\n<meta name=\"twitter:site\" content=\"@MadrazaLa\" \/>\n<meta name=\"twitter:label1\" content=\"Escrito por\" \/>\n\t<meta name=\"twitter:data1\" content=\"Pablo Acosta Robles\" \/>\n\t<meta name=\"twitter:label2\" content=\"Tiempo de lectura\" \/>\n\t<meta name=\"twitter:data2\" content=\"4 minutos\" \/>\n<script type=\"application\/ld+json\" class=\"yoast-schema-graph\">{\"@context\":\"https:\\\/\\\/schema.org\",\"@graph\":[{\"@type\":\"Article\",\"@id\":\"https:\\\/\\\/ieslamadraza.com\\\/wp\\\/investigaciones-sobre-los-plasticos-a-realizar-en-el-primer-trimestre\\\/#article\",\"isPartOf\":{\"@id\":\"https:\\\/\\\/ieslamadraza.com\\\/wp\\\/investigaciones-sobre-los-plasticos-a-realizar-en-el-primer-trimestre\\\/\"},\"author\":{\"name\":\"Pablo Acosta Robles\",\"@id\":\"https:\\\/\\\/ieslamadraza.com\\\/wp\\\/#\\\/schema\\\/person\\\/d18d75ada99363ede30eade0c7b383d0\"},\"headline\":\"Investigaciones sobre los pl\u00e1sticos a realizar en el primer trimestre\",\"datePublished\":\"2019-10-12T18:28:34+00:00\",\"dateModified\":\"2019-12-09T18:30:02+00:00\",\"mainEntityOfPage\":{\"@id\":\"https:\\\/\\\/ieslamadraza.com\\\/wp\\\/investigaciones-sobre-los-plasticos-a-realizar-en-el-primer-trimestre\\\/\"},\"wordCount\":907,\"commentCount\":0,\"publisher\":{\"@id\":\"https:\\\/\\\/ieslamadraza.com\\\/wp\\\/#organization\"},\"image\":{\"@id\":\"https:\\\/\\\/ieslamadraza.com\\\/wp\\\/investigaciones-sobre-los-plasticos-a-realizar-en-el-primer-trimestre\\\/#primaryimage\"},\"thumbnailUrl\":\"https:\\\/\\\/ieslamadraza.com\\\/wp\\\/wp-content\\\/img\\\/2019\\\/10\\\/2019_10-Pajitas-de-plastico.jpg\",\"articleSection\":[\"ECOESCUELA\"],\"inLanguage\":\"es\",\"potentialAction\":[{\"@type\":\"CommentAction\",\"name\":\"Comment\",\"target\":[\"https:\\\/\\\/ieslamadraza.com\\\/wp\\\/investigaciones-sobre-los-plasticos-a-realizar-en-el-primer-trimestre\\\/#respond\"]}]},{\"@type\":\"WebPage\",\"@id\":\"https:\\\/\\\/ieslamadraza.com\\\/wp\\\/investigaciones-sobre-los-plasticos-a-realizar-en-el-primer-trimestre\\\/\",\"url\":\"https:\\\/\\\/ieslamadraza.com\\\/wp\\\/investigaciones-sobre-los-plasticos-a-realizar-en-el-primer-trimestre\\\/\",\"name\":\"Investigaciones sobre los pl\u00e1sticos a realizar en el primer trimestre - IES LA MADRAZA\",\"isPartOf\":{\"@id\":\"https:\\\/\\\/ieslamadraza.com\\\/wp\\\/#website\"},\"primaryImageOfPage\":{\"@id\":\"https:\\\/\\\/ieslamadraza.com\\\/wp\\\/investigaciones-sobre-los-plasticos-a-realizar-en-el-primer-trimestre\\\/#primaryimage\"},\"image\":{\"@id\":\"https:\\\/\\\/ieslamadraza.com\\\/wp\\\/investigaciones-sobre-los-plasticos-a-realizar-en-el-primer-trimestre\\\/#primaryimage\"},\"thumbnailUrl\":\"https:\\\/\\\/ieslamadraza.com\\\/wp\\\/wp-content\\\/img\\\/2019\\\/10\\\/2019_10-Pajitas-de-plastico.jpg\",\"datePublished\":\"2019-10-12T18:28:34+00:00\",\"dateModified\":\"2019-12-09T18:30:02+00:00\",\"description\":\"IES La Madraza\",\"breadcrumb\":{\"@id\":\"https:\\\/\\\/ieslamadraza.com\\\/wp\\\/investigaciones-sobre-los-plasticos-a-realizar-en-el-primer-trimestre\\\/#breadcrumb\"},\"inLanguage\":\"es\",\"potentialAction\":[{\"@type\":\"ReadAction\",\"target\":[\"https:\\\/\\\/ieslamadraza.com\\\/wp\\\/investigaciones-sobre-los-plasticos-a-realizar-en-el-primer-trimestre\\\/\"]}]},{\"@type\":\"ImageObject\",\"inLanguage\":\"es\",\"@id\":\"https:\\\/\\\/ieslamadraza.com\\\/wp\\\/investigaciones-sobre-los-plasticos-a-realizar-en-el-primer-trimestre\\\/#primaryimage\",\"url\":\"https:\\\/\\\/ieslamadraza.com\\\/wp\\\/wp-content\\\/img\\\/2019\\\/10\\\/2019_10-Pajitas-de-plastico.jpg\",\"contentUrl\":\"https:\\\/\\\/ieslamadraza.com\\\/wp\\\/wp-content\\\/img\\\/2019\\\/10\\\/2019_10-Pajitas-de-plastico.jpg\",\"width\":746,\"height\":419},{\"@type\":\"BreadcrumbList\",\"@id\":\"https:\\\/\\\/ieslamadraza.com\\\/wp\\\/investigaciones-sobre-los-plasticos-a-realizar-en-el-primer-trimestre\\\/#breadcrumb\",\"itemListElement\":[{\"@type\":\"ListItem\",\"position\":1,\"name\":\"Portada\",\"item\":\"https:\\\/\\\/ieslamadraza.com\\\/wp\\\/\"},{\"@type\":\"ListItem\",\"position\":2,\"name\":\"Investigaciones sobre los pl\u00e1sticos a realizar en el primer trimestre\"}]},{\"@type\":\"WebSite\",\"@id\":\"https:\\\/\\\/ieslamadraza.com\\\/wp\\\/#website\",\"url\":\"https:\\\/\\\/ieslamadraza.com\\\/wp\\\/\",\"name\":\"IES LA MADRAZA\",\"description\":\"Instituto de Ense\u00f1anza Secundaria de Granada (Espa\u00f1a)\",\"publisher\":{\"@id\":\"https:\\\/\\\/ieslamadraza.com\\\/wp\\\/#organization\"},\"alternateName\":\"Inicio - IES LA MADRAZA\",\"potentialAction\":[{\"@type\":\"SearchAction\",\"target\":{\"@type\":\"EntryPoint\",\"urlTemplate\":\"https:\\\/\\\/ieslamadraza.com\\\/wp\\\/?s={search_term_string}\"},\"query-input\":{\"@type\":\"PropertyValueSpecification\",\"valueRequired\":true,\"valueName\":\"search_term_string\"}}],\"inLanguage\":\"es\"},{\"@type\":\"Organization\",\"@id\":\"https:\\\/\\\/ieslamadraza.com\\\/wp\\\/#organization\",\"name\":\"IES La Madraza -Instituto de Ense\u00f1anza Secundaria - Granada\",\"alternateName\":\"IES La Madraza -Instituto de Ense\u00f1anza Secundaria - Granada\",\"url\":\"https:\\\/\\\/ieslamadraza.com\\\/wp\\\/\",\"logo\":{\"@type\":\"ImageObject\",\"inLanguage\":\"es\",\"@id\":\"https:\\\/\\\/ieslamadraza.com\\\/wp\\\/#\\\/schema\\\/logo\\\/image\\\/\",\"url\":\"https:\\\/\\\/ieslamadraza.com\\\/wp\\\/wp-content\\\/img\\\/2025\\\/10\\\/logo.jpeg\",\"contentUrl\":\"https:\\\/\\\/ieslamadraza.com\\\/wp\\\/wp-content\\\/img\\\/2025\\\/10\\\/logo.jpeg\",\"width\":225,\"height\":225,\"caption\":\"IES La Madraza -Instituto de Ense\u00f1anza Secundaria - Granada\"},\"image\":{\"@id\":\"https:\\\/\\\/ieslamadraza.com\\\/wp\\\/#\\\/schema\\\/logo\\\/image\\\/\"},\"sameAs\":[\"https:\\\/\\\/www.facebook.com\\\/ieslamadraza\\\/\",\"https:\\\/\\\/x.com\\\/MadrazaLa\",\"https:\\\/\\\/www.instagram.com\\\/institutolamadraza\\\/\"]},{\"@type\":\"Person\",\"@id\":\"https:\\\/\\\/ieslamadraza.com\\\/wp\\\/#\\\/schema\\\/person\\\/d18d75ada99363ede30eade0c7b383d0\",\"name\":\"Pablo Acosta Robles\",\"image\":{\"@type\":\"ImageObject\",\"inLanguage\":\"es\",\"@id\":\"https:\\\/\\\/secure.gravatar.com\\\/avatar\\\/de366d44c0d2f7406ad434f0c9650ee7d0d2a7258b6f1a511aa8345445bb21b5?s=96&d=mm&r=g\",\"url\":\"https:\\\/\\\/secure.gravatar.com\\\/avatar\\\/de366d44c0d2f7406ad434f0c9650ee7d0d2a7258b6f1a511aa8345445bb21b5?s=96&d=mm&r=g\",\"contentUrl\":\"https:\\\/\\\/secure.gravatar.com\\\/avatar\\\/de366d44c0d2f7406ad434f0c9650ee7d0d2a7258b6f1a511aa8345445bb21b5?s=96&d=mm&r=g\",\"caption\":\"Pablo Acosta Robles\"},\"url\":\"https:\\\/\\\/ieslamadraza.com\\\/wp\\\/author\\\/pablo\\\/\"}]}<\/script>\n<!-- \/ Yoast SEO plugin. -->","yoast_head_json":{"title":"Investigaciones sobre los pl\u00e1sticos a realizar en el primer trimestre - IES LA MADRAZA","description":"IES La Madraza","robots":{"index":"index","follow":"follow","max-snippet":"max-snippet:-1","max-image-preview":"max-image-preview:large","max-video-preview":"max-video-preview:-1"},"canonical":"https:\/\/ieslamadraza.com\/wp\/investigaciones-sobre-los-plasticos-a-realizar-en-el-primer-trimestre\/","og_locale":"es_ES","og_type":"article","og_title":"Investigaciones sobre los pl\u00e1sticos a realizar en el primer trimestre - IES LA MADRAZA","og_description":"IES La Madraza","og_url":"https:\/\/ieslamadraza.com\/wp\/investigaciones-sobre-los-plasticos-a-realizar-en-el-primer-trimestre\/","og_site_name":"IES LA MADRAZA","article_publisher":"https:\/\/www.facebook.com\/ieslamadraza\/","article_published_time":"2019-10-12T18:28:34+00:00","article_modified_time":"2019-12-09T18:30:02+00:00","og_image":[{"width":746,"height":419,"url":"https:\/\/ieslamadraza.com\/wp\/wp-content\/img\/2019\/10\/2019_10-Pajitas-de-plastico.jpg","type":"image\/jpeg"}],"author":"Pablo Acosta Robles","twitter_card":"summary_large_image","twitter_creator":"@MadrazaLa","twitter_site":"@MadrazaLa","twitter_misc":{"Escrito por":"Pablo Acosta Robles","Tiempo de lectura":"4 minutos"},"schema":{"@context":"https:\/\/schema.org","@graph":[{"@type":"Article","@id":"https:\/\/ieslamadraza.com\/wp\/investigaciones-sobre-los-plasticos-a-realizar-en-el-primer-trimestre\/#article","isPartOf":{"@id":"https:\/\/ieslamadraza.com\/wp\/investigaciones-sobre-los-plasticos-a-realizar-en-el-primer-trimestre\/"},"author":{"name":"Pablo Acosta Robles","@id":"https:\/\/ieslamadraza.com\/wp\/#\/schema\/person\/d18d75ada99363ede30eade0c7b383d0"},"headline":"Investigaciones sobre los pl\u00e1sticos a realizar en el primer trimestre","datePublished":"2019-10-12T18:28:34+00:00","dateModified":"2019-12-09T18:30:02+00:00","mainEntityOfPage":{"@id":"https:\/\/ieslamadraza.com\/wp\/investigaciones-sobre-los-plasticos-a-realizar-en-el-primer-trimestre\/"},"wordCount":907,"commentCount":0,"publisher":{"@id":"https:\/\/ieslamadraza.com\/wp\/#organization"},"image":{"@id":"https:\/\/ieslamadraza.com\/wp\/investigaciones-sobre-los-plasticos-a-realizar-en-el-primer-trimestre\/#primaryimage"},"thumbnailUrl":"https:\/\/ieslamadraza.com\/wp\/wp-content\/img\/2019\/10\/2019_10-Pajitas-de-plastico.jpg","articleSection":["ECOESCUELA"],"inLanguage":"es","potentialAction":[{"@type":"CommentAction","name":"Comment","target":["https:\/\/ieslamadraza.com\/wp\/investigaciones-sobre-los-plasticos-a-realizar-en-el-primer-trimestre\/#respond"]}]},{"@type":"WebPage","@id":"https:\/\/ieslamadraza.com\/wp\/investigaciones-sobre-los-plasticos-a-realizar-en-el-primer-trimestre\/","url":"https:\/\/ieslamadraza.com\/wp\/investigaciones-sobre-los-plasticos-a-realizar-en-el-primer-trimestre\/","name":"Investigaciones sobre los pl\u00e1sticos a realizar en el primer trimestre - IES LA MADRAZA","isPartOf":{"@id":"https:\/\/ieslamadraza.com\/wp\/#website"},"primaryImageOfPage":{"@id":"https:\/\/ieslamadraza.com\/wp\/investigaciones-sobre-los-plasticos-a-realizar-en-el-primer-trimestre\/#primaryimage"},"image":{"@id":"https:\/\/ieslamadraza.com\/wp\/investigaciones-sobre-los-plasticos-a-realizar-en-el-primer-trimestre\/#primaryimage"},"thumbnailUrl":"https:\/\/ieslamadraza.com\/wp\/wp-content\/img\/2019\/10\/2019_10-Pajitas-de-plastico.jpg","datePublished":"2019-10-12T18:28:34+00:00","dateModified":"2019-12-09T18:30:02+00:00","description":"IES La Madraza","breadcrumb":{"@id":"https:\/\/ieslamadraza.com\/wp\/investigaciones-sobre-los-plasticos-a-realizar-en-el-primer-trimestre\/#breadcrumb"},"inLanguage":"es","potentialAction":[{"@type":"ReadAction","target":["https:\/\/ieslamadraza.com\/wp\/investigaciones-sobre-los-plasticos-a-realizar-en-el-primer-trimestre\/"]}]},{"@type":"ImageObject","inLanguage":"es","@id":"https:\/\/ieslamadraza.com\/wp\/investigaciones-sobre-los-plasticos-a-realizar-en-el-primer-trimestre\/#primaryimage","url":"https:\/\/ieslamadraza.com\/wp\/wp-content\/img\/2019\/10\/2019_10-Pajitas-de-plastico.jpg","contentUrl":"https:\/\/ieslamadraza.com\/wp\/wp-content\/img\/2019\/10\/2019_10-Pajitas-de-plastico.jpg","width":746,"height":419},{"@type":"BreadcrumbList","@id":"https:\/\/ieslamadraza.com\/wp\/investigaciones-sobre-los-plasticos-a-realizar-en-el-primer-trimestre\/#breadcrumb","itemListElement":[{"@type":"ListItem","position":1,"name":"Portada","item":"https:\/\/ieslamadraza.com\/wp\/"},{"@type":"ListItem","position":2,"name":"Investigaciones sobre los pl\u00e1sticos a realizar en el primer trimestre"}]},{"@type":"WebSite","@id":"https:\/\/ieslamadraza.com\/wp\/#website","url":"https:\/\/ieslamadraza.com\/wp\/","name":"IES LA MADRAZA","description":"Instituto de Ense\u00f1anza Secundaria de Granada (Espa\u00f1a)","publisher":{"@id":"https:\/\/ieslamadraza.com\/wp\/#organization"},"alternateName":"Inicio - IES LA MADRAZA","potentialAction":[{"@type":"SearchAction","target":{"@type":"EntryPoint","urlTemplate":"https:\/\/ieslamadraza.com\/wp\/?s={search_term_string}"},"query-input":{"@type":"PropertyValueSpecification","valueRequired":true,"valueName":"search_term_string"}}],"inLanguage":"es"},{"@type":"Organization","@id":"https:\/\/ieslamadraza.com\/wp\/#organization","name":"IES La Madraza -Instituto de Ense\u00f1anza Secundaria - Granada","alternateName":"IES La Madraza -Instituto de Ense\u00f1anza Secundaria - Granada","url":"https:\/\/ieslamadraza.com\/wp\/","logo":{"@type":"ImageObject","inLanguage":"es","@id":"https:\/\/ieslamadraza.com\/wp\/#\/schema\/logo\/image\/","url":"https:\/\/ieslamadraza.com\/wp\/wp-content\/img\/2025\/10\/logo.jpeg","contentUrl":"https:\/\/ieslamadraza.com\/wp\/wp-content\/img\/2025\/10\/logo.jpeg","width":225,"height":225,"caption":"IES La Madraza -Instituto de Ense\u00f1anza Secundaria - Granada"},"image":{"@id":"https:\/\/ieslamadraza.com\/wp\/#\/schema\/logo\/image\/"},"sameAs":["https:\/\/www.facebook.com\/ieslamadraza\/","https:\/\/x.com\/MadrazaLa","https:\/\/www.instagram.com\/institutolamadraza\/"]},{"@type":"Person","@id":"https:\/\/ieslamadraza.com\/wp\/#\/schema\/person\/d18d75ada99363ede30eade0c7b383d0","name":"Pablo Acosta Robles","image":{"@type":"ImageObject","inLanguage":"es","@id":"https:\/\/secure.gravatar.com\/avatar\/de366d44c0d2f7406ad434f0c9650ee7d0d2a7258b6f1a511aa8345445bb21b5?s=96&d=mm&r=g","url":"https:\/\/secure.gravatar.com\/avatar\/de366d44c0d2f7406ad434f0c9650ee7d0d2a7258b6f1a511aa8345445bb21b5?s=96&d=mm&r=g","contentUrl":"https:\/\/secure.gravatar.com\/avatar\/de366d44c0d2f7406ad434f0c9650ee7d0d2a7258b6f1a511aa8345445bb21b5?s=96&d=mm&r=g","caption":"Pablo Acosta Robles"},"url":"https:\/\/ieslamadraza.com\/wp\/author\/pablo\/"}]}},"_links":{"self":[{"href":"https:\/\/ieslamadraza.com\/wp\/wp-json\/wp\/v2\/posts\/9209","targetHints":{"allow":["GET"]}}],"collection":[{"href":"https:\/\/ieslamadraza.com\/wp\/wp-json\/wp\/v2\/posts"}],"about":[{"href":"https:\/\/ieslamadraza.com\/wp\/wp-json\/wp\/v2\/types\/post"}],"author":[{"embeddable":true,"href":"https:\/\/ieslamadraza.com\/wp\/wp-json\/wp\/v2\/users\/3"}],"replies":[{"embeddable":true,"href":"https:\/\/ieslamadraza.com\/wp\/wp-json\/wp\/v2\/comments?post=9209"}],"version-history":[{"count":0,"href":"https:\/\/ieslamadraza.com\/wp\/wp-json\/wp\/v2\/posts\/9209\/revisions"}],"wp:featuredmedia":[{"embeddable":true,"href":"https:\/\/ieslamadraza.com\/wp\/wp-json\/wp\/v2\/media\/9211"}],"wp:attachment":[{"href":"https:\/\/ieslamadraza.com\/wp\/wp-json\/wp\/v2\/media?parent=9209"}],"wp:term":[{"taxonomy":"category","embeddable":true,"href":"https:\/\/ieslamadraza.com\/wp\/wp-json\/wp\/v2\/categories?post=9209"},{"taxonomy":"post_tag","embeddable":true,"href":"https:\/\/ieslamadraza.com\/wp\/wp-json\/wp\/v2\/tags?post=9209"}],"curies":[{"name":"wp","href":"https:\/\/api.w.org\/{rel}","templated":true}]}}