{"id":9049,"date":"2019-10-11T21:48:53","date_gmt":"2019-10-11T19:48:53","guid":{"rendered":"https:\/\/ieslamadraza.com\/wp\/?p=9049"},"modified":"2019-10-12T11:29:02","modified_gmt":"2019-10-12T09:29:02","slug":"punto-de-encuentro-2019-10-11","status":"publish","type":"post","link":"https:\/\/ieslamadraza.com\/wp\/punto-de-encuentro-2019-10-11\/","title":{"rendered":"Punto de encuentro (2019\/10\/11)"},"content":{"rendered":"<p><img decoding=\"async\" class=\"aligncenter wp-image-9063 lazyload\" data-src=\"https:\/\/ieslamadraza.com\/wp\/wp-content\/uploads\/2019\/10\/2019_10_11-Punto-de-encuentro-1-300x225.jpg\" alt=\"\" width=\"409\" height=\"307\" data-srcset=\"https:\/\/ieslamadraza.com\/wp\/wp-content\/img\/2019\/10\/2019_10_11-Punto-de-encuentro-1-300x225.jpg 300w, https:\/\/ieslamadraza.com\/wp\/wp-content\/img\/2019\/10\/2019_10_11-Punto-de-encuentro-1.jpg 720w\" data-sizes=\"(max-width: 409px) 100vw, 409px\" src=\"data:image\/svg+xml;base64,PHN2ZyB3aWR0aD0iMSIgaGVpZ2h0PSIxIiB4bWxucz0iaHR0cDovL3d3dy53My5vcmcvMjAwMC9zdmciPjwvc3ZnPg==\" style=\"--smush-placeholder-width: 409px; --smush-placeholder-aspect-ratio: 409\/307;\" \/><\/p>\n<p style=\"text-align: left;\">El 11 de octubre se organiz\u00f3 junto a las gradas un \u00abpunto de encuentro\u00bb durante el recreo. Se trata de un espacio de reuni\u00f3n informal del profesorado y del alumnado que se anima con un desayuno compartido y con m\u00fasica. Varias personas voluntarias aportan bizcochos caseros que se venden a 0,50 euros y el dinero recaudado se destina a un fin solidario. <a href=\"https:\/\/youtu.be\/3o3_Z5_YyLo\" target=\"_blank\" rel=\"noopener noreferrer\">Ver v\u00eddeo.<\/a><\/p>\n<p>Los cocineros y cocineras fueron Carmen Cruz, Julia D\u00edaz, Mario G\u00f3mez, Jorge L\u00f3pez, Martina Pelta y Fabi\u00e1n Torres. Nazaret Nevado realiz\u00f3 la selecci\u00f3n musical y en el micr\u00f3fono estuvo Pedro Aguilera. De la taquilla se ocuparon Sebasti\u00e1n Fern\u00e1ndez y Alberto Damas. En el montaje del punto de encuentro colaboraron tambi\u00e9n Carla Mart\u00ednez, Ruth Trenado, Paola Barranco, Ana Cerezo, Esther C\u00e9spedes, Carmen Quir\u00f3s y Patricia Rodr\u00edguez.<\/p>\n<p>Esta iniciativa est\u00e1 inspirada en la Ecoescuela Miraya de Torre del Mar, instituto que una delegaci\u00f3n de La Madraza visit\u00f3 el curso pasado; las personas que participaron en esa visita son quienes han organizado nuestro primer punto de encuentro. Confiamos en ir mejorando en participaci\u00f3n y en animaci\u00f3n con juegos, bailes y aportaciones del Taller de Radio.<\/p>\n<p>Docentes y estudiantes que quieran hacer los bizcochos de los pr\u00f3ximos puntos de encuentro pueden comunicarlo a estas chicas de 2\u00ba Bachillerato: Paola Barranco, Ana Cerezo, Esther C\u00e9spedes, Carmen Quir\u00f3s y Patricia Rodr\u00edguez. Ellas har\u00e1n el calendario con las personas encargadas cada viernes.<\/p>\n","protected":false},"excerpt":{"rendered":"<p>El 11 de octubre se organiz\u00f3 junto a las gradas un \u00abpunto de encuentro\u00bb durante el recreo. Se trata de un espacio de reuni\u00f3n informal del profesorado y del alumnado que se anima con un desayuno compartido y con m\u00fasica. Varias personas voluntarias aportan bizcochos caseros que se venden a 0,50 euros y el dinero [&hellip;]<\/p>\n","protected":false},"author":3,"featured_media":9057,"comment_status":"open","ping_status":"closed","sticky":false,"template":"","format":"standard","meta":{"_et_pb_use_builder":"","_et_pb_old_content":"","_et_gb_content_width":"","_monsterinsights_skip_tracking":false,"_monsterinsights_sitenote_active":false,"_monsterinsights_sitenote_note":"","_monsterinsights_sitenote_category":0,"footnotes":""},"categories":[78,115],"tags":[],"class_list":["post-9049","post","type-post","status-publish","format-standard","has-post-thumbnail","hentry","category-ecoescuela-ecoescuela","category-paz","et-has-post-format-content","et_post_format-et-post-format-standard"],"yoast_head":"<!-- This site is optimized with the Yoast SEO plugin v27.5 - https:\/\/yoast.com\/product\/yoast-seo-wordpress\/ -->\n<title>Punto de encuentro (2019\/10\/11) - IES LA MADRAZA<\/title>\n<meta name=\"description\" content=\"IES La Madraza\" \/>\n<meta name=\"robots\" content=\"index, follow, max-snippet:-1, max-image-preview:large, max-video-preview:-1\" \/>\n<link rel=\"canonical\" href=\"https:\/\/ieslamadraza.com\/wp\/punto-de-encuentro-2019-10-11\/\" \/>\n<meta property=\"og:locale\" content=\"es_ES\" \/>\n<meta property=\"og:type\" content=\"article\" \/>\n<meta property=\"og:title\" content=\"Punto de encuentro (2019\/10\/11) - IES LA MADRAZA\" \/>\n<meta property=\"og:description\" content=\"IES La Madraza\" \/>\n<meta property=\"og:url\" content=\"https:\/\/ieslamadraza.com\/wp\/punto-de-encuentro-2019-10-11\/\" \/>\n<meta property=\"og:site_name\" content=\"IES LA MADRAZA\" \/>\n<meta property=\"article:publisher\" content=\"https:\/\/www.facebook.com\/ieslamadraza\/\" \/>\n<meta property=\"article:published_time\" content=\"2019-10-11T19:48:53+00:00\" \/>\n<meta property=\"article:modified_time\" content=\"2019-10-12T09:29:02+00:00\" \/>\n<meta property=\"og:image\" content=\"https:\/\/ieslamadraza.com\/wp\/wp-content\/img\/2019\/10\/2019_10_11-Punto-de-encuentro-pizarra-1024x767.jpg\" \/>\n\t<meta property=\"og:image:width\" content=\"1024\" \/>\n\t<meta property=\"og:image:height\" content=\"767\" \/>\n\t<meta property=\"og:image:type\" content=\"image\/jpeg\" \/>\n<meta name=\"author\" content=\"Pablo Acosta Robles\" \/>\n<meta name=\"twitter:card\" content=\"summary_large_image\" \/>\n<meta name=\"twitter:creator\" content=\"@MadrazaLa\" \/>\n<meta name=\"twitter:site\" content=\"@MadrazaLa\" \/>\n<meta name=\"twitter:label1\" content=\"Escrito por\" \/>\n\t<meta name=\"twitter:data1\" content=\"Pablo Acosta Robles\" \/>\n\t<meta name=\"twitter:label2\" content=\"Tiempo de lectura\" \/>\n\t<meta name=\"twitter:data2\" content=\"1 minuto\" \/>\n<script type=\"application\/ld+json\" class=\"yoast-schema-graph\">{\"@context\":\"https:\\\/\\\/schema.org\",\"@graph\":[{\"@type\":\"Article\",\"@id\":\"https:\\\/\\\/ieslamadraza.com\\\/wp\\\/punto-de-encuentro-2019-10-11\\\/#article\",\"isPartOf\":{\"@id\":\"https:\\\/\\\/ieslamadraza.com\\\/wp\\\/punto-de-encuentro-2019-10-11\\\/\"},\"author\":{\"name\":\"Pablo Acosta Robles\",\"@id\":\"https:\\\/\\\/ieslamadraza.com\\\/wp\\\/#\\\/schema\\\/person\\\/d18d75ada99363ede30eade0c7b383d0\"},\"headline\":\"Punto de encuentro (2019\\\/10\\\/11)\",\"datePublished\":\"2019-10-11T19:48:53+00:00\",\"dateModified\":\"2019-10-12T09:29:02+00:00\",\"mainEntityOfPage\":{\"@id\":\"https:\\\/\\\/ieslamadraza.com\\\/wp\\\/punto-de-encuentro-2019-10-11\\\/\"},\"wordCount\":253,\"commentCount\":0,\"publisher\":{\"@id\":\"https:\\\/\\\/ieslamadraza.com\\\/wp\\\/#organization\"},\"image\":{\"@id\":\"https:\\\/\\\/ieslamadraza.com\\\/wp\\\/punto-de-encuentro-2019-10-11\\\/#primaryimage\"},\"thumbnailUrl\":\"https:\\\/\\\/ieslamadraza.com\\\/wp\\\/wp-content\\\/img\\\/2019\\\/10\\\/2019_10_11-Punto-de-encuentro-pizarra.jpg\",\"articleSection\":[\"ECOESCUELA\",\"ESCUELA, ESPACIO DE PAZ\"],\"inLanguage\":\"es\",\"potentialAction\":[{\"@type\":\"CommentAction\",\"name\":\"Comment\",\"target\":[\"https:\\\/\\\/ieslamadraza.com\\\/wp\\\/punto-de-encuentro-2019-10-11\\\/#respond\"]}]},{\"@type\":\"WebPage\",\"@id\":\"https:\\\/\\\/ieslamadraza.com\\\/wp\\\/punto-de-encuentro-2019-10-11\\\/\",\"url\":\"https:\\\/\\\/ieslamadraza.com\\\/wp\\\/punto-de-encuentro-2019-10-11\\\/\",\"name\":\"Punto de encuentro (2019\\\/10\\\/11) - IES LA MADRAZA\",\"isPartOf\":{\"@id\":\"https:\\\/\\\/ieslamadraza.com\\\/wp\\\/#website\"},\"primaryImageOfPage\":{\"@id\":\"https:\\\/\\\/ieslamadraza.com\\\/wp\\\/punto-de-encuentro-2019-10-11\\\/#primaryimage\"},\"image\":{\"@id\":\"https:\\\/\\\/ieslamadraza.com\\\/wp\\\/punto-de-encuentro-2019-10-11\\\/#primaryimage\"},\"thumbnailUrl\":\"https:\\\/\\\/ieslamadraza.com\\\/wp\\\/wp-content\\\/img\\\/2019\\\/10\\\/2019_10_11-Punto-de-encuentro-pizarra.jpg\",\"datePublished\":\"2019-10-11T19:48:53+00:00\",\"dateModified\":\"2019-10-12T09:29:02+00:00\",\"description\":\"IES La Madraza\",\"breadcrumb\":{\"@id\":\"https:\\\/\\\/ieslamadraza.com\\\/wp\\\/punto-de-encuentro-2019-10-11\\\/#breadcrumb\"},\"inLanguage\":\"es\",\"potentialAction\":[{\"@type\":\"ReadAction\",\"target\":[\"https:\\\/\\\/ieslamadraza.com\\\/wp\\\/punto-de-encuentro-2019-10-11\\\/\"]}]},{\"@type\":\"ImageObject\",\"inLanguage\":\"es\",\"@id\":\"https:\\\/\\\/ieslamadraza.com\\\/wp\\\/punto-de-encuentro-2019-10-11\\\/#primaryimage\",\"url\":\"https:\\\/\\\/ieslamadraza.com\\\/wp\\\/wp-content\\\/img\\\/2019\\\/10\\\/2019_10_11-Punto-de-encuentro-pizarra.jpg\",\"contentUrl\":\"https:\\\/\\\/ieslamadraza.com\\\/wp\\\/wp-content\\\/img\\\/2019\\\/10\\\/2019_10_11-Punto-de-encuentro-pizarra.jpg\",\"width\":4016,\"height\":3008},{\"@type\":\"BreadcrumbList\",\"@id\":\"https:\\\/\\\/ieslamadraza.com\\\/wp\\\/punto-de-encuentro-2019-10-11\\\/#breadcrumb\",\"itemListElement\":[{\"@type\":\"ListItem\",\"position\":1,\"name\":\"Portada\",\"item\":\"https:\\\/\\\/ieslamadraza.com\\\/wp\\\/\"},{\"@type\":\"ListItem\",\"position\":2,\"name\":\"Punto de encuentro (2019\\\/10\\\/11)\"}]},{\"@type\":\"WebSite\",\"@id\":\"https:\\\/\\\/ieslamadraza.com\\\/wp\\\/#website\",\"url\":\"https:\\\/\\\/ieslamadraza.com\\\/wp\\\/\",\"name\":\"IES LA MADRAZA\",\"description\":\"Instituto de Ense\u00f1anza Secundaria de Granada (Espa\u00f1a)\",\"publisher\":{\"@id\":\"https:\\\/\\\/ieslamadraza.com\\\/wp\\\/#organization\"},\"alternateName\":\"Inicio - IES LA MADRAZA\",\"potentialAction\":[{\"@type\":\"SearchAction\",\"target\":{\"@type\":\"EntryPoint\",\"urlTemplate\":\"https:\\\/\\\/ieslamadraza.com\\\/wp\\\/?s={search_term_string}\"},\"query-input\":{\"@type\":\"PropertyValueSpecification\",\"valueRequired\":true,\"valueName\":\"search_term_string\"}}],\"inLanguage\":\"es\"},{\"@type\":\"Organization\",\"@id\":\"https:\\\/\\\/ieslamadraza.com\\\/wp\\\/#organization\",\"name\":\"IES La Madraza -Instituto de Ense\u00f1anza Secundaria - Granada\",\"alternateName\":\"IES La Madraza -Instituto de Ense\u00f1anza Secundaria - Granada\",\"url\":\"https:\\\/\\\/ieslamadraza.com\\\/wp\\\/\",\"logo\":{\"@type\":\"ImageObject\",\"inLanguage\":\"es\",\"@id\":\"https:\\\/\\\/ieslamadraza.com\\\/wp\\\/#\\\/schema\\\/logo\\\/image\\\/\",\"url\":\"https:\\\/\\\/ieslamadraza.com\\\/wp\\\/wp-content\\\/img\\\/2025\\\/10\\\/logo.jpeg\",\"contentUrl\":\"https:\\\/\\\/ieslamadraza.com\\\/wp\\\/wp-content\\\/img\\\/2025\\\/10\\\/logo.jpeg\",\"width\":225,\"height\":225,\"caption\":\"IES La Madraza -Instituto de Ense\u00f1anza Secundaria - Granada\"},\"image\":{\"@id\":\"https:\\\/\\\/ieslamadraza.com\\\/wp\\\/#\\\/schema\\\/logo\\\/image\\\/\"},\"sameAs\":[\"https:\\\/\\\/www.facebook.com\\\/ieslamadraza\\\/\",\"https:\\\/\\\/x.com\\\/MadrazaLa\",\"https:\\\/\\\/www.instagram.com\\\/institutolamadraza\\\/\"]},{\"@type\":\"Person\",\"@id\":\"https:\\\/\\\/ieslamadraza.com\\\/wp\\\/#\\\/schema\\\/person\\\/d18d75ada99363ede30eade0c7b383d0\",\"name\":\"Pablo Acosta Robles\",\"image\":{\"@type\":\"ImageObject\",\"inLanguage\":\"es\",\"@id\":\"https:\\\/\\\/secure.gravatar.com\\\/avatar\\\/de366d44c0d2f7406ad434f0c9650ee7d0d2a7258b6f1a511aa8345445bb21b5?s=96&d=mm&r=g\",\"url\":\"https:\\\/\\\/secure.gravatar.com\\\/avatar\\\/de366d44c0d2f7406ad434f0c9650ee7d0d2a7258b6f1a511aa8345445bb21b5?s=96&d=mm&r=g\",\"contentUrl\":\"https:\\\/\\\/secure.gravatar.com\\\/avatar\\\/de366d44c0d2f7406ad434f0c9650ee7d0d2a7258b6f1a511aa8345445bb21b5?s=96&d=mm&r=g\",\"caption\":\"Pablo Acosta Robles\"},\"url\":\"https:\\\/\\\/ieslamadraza.com\\\/wp\\\/author\\\/pablo\\\/\"}]}<\/script>\n<!-- \/ Yoast SEO plugin. -->","yoast_head_json":{"title":"Punto de encuentro (2019\/10\/11) - IES LA MADRAZA","description":"IES La Madraza","robots":{"index":"index","follow":"follow","max-snippet":"max-snippet:-1","max-image-preview":"max-image-preview:large","max-video-preview":"max-video-preview:-1"},"canonical":"https:\/\/ieslamadraza.com\/wp\/punto-de-encuentro-2019-10-11\/","og_locale":"es_ES","og_type":"article","og_title":"Punto de encuentro (2019\/10\/11) - IES LA MADRAZA","og_description":"IES La Madraza","og_url":"https:\/\/ieslamadraza.com\/wp\/punto-de-encuentro-2019-10-11\/","og_site_name":"IES LA MADRAZA","article_publisher":"https:\/\/www.facebook.com\/ieslamadraza\/","article_published_time":"2019-10-11T19:48:53+00:00","article_modified_time":"2019-10-12T09:29:02+00:00","og_image":[{"width":1024,"height":767,"url":"https:\/\/ieslamadraza.com\/wp\/wp-content\/img\/2019\/10\/2019_10_11-Punto-de-encuentro-pizarra-1024x767.jpg","type":"image\/jpeg"}],"author":"Pablo Acosta Robles","twitter_card":"summary_large_image","twitter_creator":"@MadrazaLa","twitter_site":"@MadrazaLa","twitter_misc":{"Escrito por":"Pablo Acosta Robles","Tiempo de lectura":"1 minuto"},"schema":{"@context":"https:\/\/schema.org","@graph":[{"@type":"Article","@id":"https:\/\/ieslamadraza.com\/wp\/punto-de-encuentro-2019-10-11\/#article","isPartOf":{"@id":"https:\/\/ieslamadraza.com\/wp\/punto-de-encuentro-2019-10-11\/"},"author":{"name":"Pablo Acosta Robles","@id":"https:\/\/ieslamadraza.com\/wp\/#\/schema\/person\/d18d75ada99363ede30eade0c7b383d0"},"headline":"Punto de encuentro (2019\/10\/11)","datePublished":"2019-10-11T19:48:53+00:00","dateModified":"2019-10-12T09:29:02+00:00","mainEntityOfPage":{"@id":"https:\/\/ieslamadraza.com\/wp\/punto-de-encuentro-2019-10-11\/"},"wordCount":253,"commentCount":0,"publisher":{"@id":"https:\/\/ieslamadraza.com\/wp\/#organization"},"image":{"@id":"https:\/\/ieslamadraza.com\/wp\/punto-de-encuentro-2019-10-11\/#primaryimage"},"thumbnailUrl":"https:\/\/ieslamadraza.com\/wp\/wp-content\/img\/2019\/10\/2019_10_11-Punto-de-encuentro-pizarra.jpg","articleSection":["ECOESCUELA","ESCUELA, ESPACIO DE PAZ"],"inLanguage":"es","potentialAction":[{"@type":"CommentAction","name":"Comment","target":["https:\/\/ieslamadraza.com\/wp\/punto-de-encuentro-2019-10-11\/#respond"]}]},{"@type":"WebPage","@id":"https:\/\/ieslamadraza.com\/wp\/punto-de-encuentro-2019-10-11\/","url":"https:\/\/ieslamadraza.com\/wp\/punto-de-encuentro-2019-10-11\/","name":"Punto de encuentro (2019\/10\/11) - IES LA MADRAZA","isPartOf":{"@id":"https:\/\/ieslamadraza.com\/wp\/#website"},"primaryImageOfPage":{"@id":"https:\/\/ieslamadraza.com\/wp\/punto-de-encuentro-2019-10-11\/#primaryimage"},"image":{"@id":"https:\/\/ieslamadraza.com\/wp\/punto-de-encuentro-2019-10-11\/#primaryimage"},"thumbnailUrl":"https:\/\/ieslamadraza.com\/wp\/wp-content\/img\/2019\/10\/2019_10_11-Punto-de-encuentro-pizarra.jpg","datePublished":"2019-10-11T19:48:53+00:00","dateModified":"2019-10-12T09:29:02+00:00","description":"IES La Madraza","breadcrumb":{"@id":"https:\/\/ieslamadraza.com\/wp\/punto-de-encuentro-2019-10-11\/#breadcrumb"},"inLanguage":"es","potentialAction":[{"@type":"ReadAction","target":["https:\/\/ieslamadraza.com\/wp\/punto-de-encuentro-2019-10-11\/"]}]},{"@type":"ImageObject","inLanguage":"es","@id":"https:\/\/ieslamadraza.com\/wp\/punto-de-encuentro-2019-10-11\/#primaryimage","url":"https:\/\/ieslamadraza.com\/wp\/wp-content\/img\/2019\/10\/2019_10_11-Punto-de-encuentro-pizarra.jpg","contentUrl":"https:\/\/ieslamadraza.com\/wp\/wp-content\/img\/2019\/10\/2019_10_11-Punto-de-encuentro-pizarra.jpg","width":4016,"height":3008},{"@type":"BreadcrumbList","@id":"https:\/\/ieslamadraza.com\/wp\/punto-de-encuentro-2019-10-11\/#breadcrumb","itemListElement":[{"@type":"ListItem","position":1,"name":"Portada","item":"https:\/\/ieslamadraza.com\/wp\/"},{"@type":"ListItem","position":2,"name":"Punto de encuentro (2019\/10\/11)"}]},{"@type":"WebSite","@id":"https:\/\/ieslamadraza.com\/wp\/#website","url":"https:\/\/ieslamadraza.com\/wp\/","name":"IES LA MADRAZA","description":"Instituto de Ense\u00f1anza Secundaria de Granada (Espa\u00f1a)","publisher":{"@id":"https:\/\/ieslamadraza.com\/wp\/#organization"},"alternateName":"Inicio - IES LA MADRAZA","potentialAction":[{"@type":"SearchAction","target":{"@type":"EntryPoint","urlTemplate":"https:\/\/ieslamadraza.com\/wp\/?s={search_term_string}"},"query-input":{"@type":"PropertyValueSpecification","valueRequired":true,"valueName":"search_term_string"}}],"inLanguage":"es"},{"@type":"Organization","@id":"https:\/\/ieslamadraza.com\/wp\/#organization","name":"IES La Madraza -Instituto de Ense\u00f1anza Secundaria - Granada","alternateName":"IES La Madraza -Instituto de Ense\u00f1anza Secundaria - Granada","url":"https:\/\/ieslamadraza.com\/wp\/","logo":{"@type":"ImageObject","inLanguage":"es","@id":"https:\/\/ieslamadraza.com\/wp\/#\/schema\/logo\/image\/","url":"https:\/\/ieslamadraza.com\/wp\/wp-content\/img\/2025\/10\/logo.jpeg","contentUrl":"https:\/\/ieslamadraza.com\/wp\/wp-content\/img\/2025\/10\/logo.jpeg","width":225,"height":225,"caption":"IES La Madraza -Instituto de Ense\u00f1anza Secundaria - Granada"},"image":{"@id":"https:\/\/ieslamadraza.com\/wp\/#\/schema\/logo\/image\/"},"sameAs":["https:\/\/www.facebook.com\/ieslamadraza\/","https:\/\/x.com\/MadrazaLa","https:\/\/www.instagram.com\/institutolamadraza\/"]},{"@type":"Person","@id":"https:\/\/ieslamadraza.com\/wp\/#\/schema\/person\/d18d75ada99363ede30eade0c7b383d0","name":"Pablo Acosta Robles","image":{"@type":"ImageObject","inLanguage":"es","@id":"https:\/\/secure.gravatar.com\/avatar\/de366d44c0d2f7406ad434f0c9650ee7d0d2a7258b6f1a511aa8345445bb21b5?s=96&d=mm&r=g","url":"https:\/\/secure.gravatar.com\/avatar\/de366d44c0d2f7406ad434f0c9650ee7d0d2a7258b6f1a511aa8345445bb21b5?s=96&d=mm&r=g","contentUrl":"https:\/\/secure.gravatar.com\/avatar\/de366d44c0d2f7406ad434f0c9650ee7d0d2a7258b6f1a511aa8345445bb21b5?s=96&d=mm&r=g","caption":"Pablo Acosta Robles"},"url":"https:\/\/ieslamadraza.com\/wp\/author\/pablo\/"}]}},"_links":{"self":[{"href":"https:\/\/ieslamadraza.com\/wp\/wp-json\/wp\/v2\/posts\/9049","targetHints":{"allow":["GET"]}}],"collection":[{"href":"https:\/\/ieslamadraza.com\/wp\/wp-json\/wp\/v2\/posts"}],"about":[{"href":"https:\/\/ieslamadraza.com\/wp\/wp-json\/wp\/v2\/types\/post"}],"author":[{"embeddable":true,"href":"https:\/\/ieslamadraza.com\/wp\/wp-json\/wp\/v2\/users\/3"}],"replies":[{"embeddable":true,"href":"https:\/\/ieslamadraza.com\/wp\/wp-json\/wp\/v2\/comments?post=9049"}],"version-history":[{"count":0,"href":"https:\/\/ieslamadraza.com\/wp\/wp-json\/wp\/v2\/posts\/9049\/revisions"}],"wp:featuredmedia":[{"embeddable":true,"href":"https:\/\/ieslamadraza.com\/wp\/wp-json\/wp\/v2\/media\/9057"}],"wp:attachment":[{"href":"https:\/\/ieslamadraza.com\/wp\/wp-json\/wp\/v2\/media?parent=9049"}],"wp:term":[{"taxonomy":"category","embeddable":true,"href":"https:\/\/ieslamadraza.com\/wp\/wp-json\/wp\/v2\/categories?post=9049"},{"taxonomy":"post_tag","embeddable":true,"href":"https:\/\/ieslamadraza.com\/wp\/wp-json\/wp\/v2\/tags?post=9049"}],"curies":[{"name":"wp","href":"https:\/\/api.w.org\/{rel}","templated":true}]}}