{"id":2744,"date":"2019-05-04T14:56:26","date_gmt":"2019-05-04T12:56:26","guid":{"rendered":"http:\/\/ieslamadraza.com\/wp\/cancion-por-el-clima-2\/"},"modified":"2019-08-29T21:31:23","modified_gmt":"2019-08-29T19:31:23","slug":"cancion-por-el-clima-2","status":"publish","type":"post","link":"https:\/\/ieslamadraza.com\/wp\/cancion-por-el-clima-2\/","title":{"rendered":"Canci\u00f3n por el clima"},"content":{"rendered":"<p>Para el acto de entrega de Banderas Verdes de 2019 se nos pidi\u00f3 un v\u00eddeo con nuestra versi\u00f3n de <em>Sing for Climate&nbsp;<\/em>que fue grabada expresamente por el alumnado de 1\u00ba ESO A. La segunda parte del v\u00eddeo incorpora im\u00e1genes de la marcha por la energ\u00eda realizada en 2018 cuyos mensajes conectan muy bien con la canci\u00f3n.<\/p>\n<p style=\"text-align: center;\"><a href=\"https:\/\/youtu.be\/Tgmw2JbwjGM\" target=\"_blank\" rel=\"noopener noreferrer\">Ver v\u00eddeo.<\/a><\/p>\n","protected":false},"excerpt":{"rendered":"<p>Para el acto de entrega de Banderas Verdes de 2019 se nos pidi\u00f3 un v\u00eddeo con nuestra versi\u00f3n de Sing for Climate&nbsp;que fue grabada expresamente por el alumnado de 1\u00ba ESO A. La segunda parte del v\u00eddeo incorpora im\u00e1genes de la marcha por la energ\u00eda realizada en 2018 cuyos mensajes conectan muy bien con la [&hellip;]<\/p>\n","protected":false},"author":7,"featured_media":0,"comment_status":"closed","ping_status":"closed","sticky":false,"template":"","format":"standard","meta":{"_et_pb_use_builder":"","_et_pb_old_content":"","_et_gb_content_width":"","_monsterinsights_skip_tracking":false,"_monsterinsights_sitenote_active":false,"_monsterinsights_sitenote_note":"","_monsterinsights_sitenote_category":0,"footnotes":""},"categories":[78],"tags":[],"class_list":["post-2744","post","type-post","status-publish","format-standard","hentry","category-ecoescuela-ecoescuela","et-doesnt-have-format-content","et_post_format-et-post-format-standard"],"yoast_head":"<!-- This site is optimized with the Yoast SEO plugin v27.4 - https:\/\/yoast.com\/product\/yoast-seo-wordpress\/ -->\n<title>Canci\u00f3n por el clima - IES LA MADRAZA<\/title>\n<meta name=\"description\" content=\"IES La Madraza\" \/>\n<meta name=\"robots\" content=\"index, follow, max-snippet:-1, max-image-preview:large, max-video-preview:-1\" \/>\n<link rel=\"canonical\" href=\"https:\/\/ieslamadraza.com\/wp\/cancion-por-el-clima-2\/\" \/>\n<meta property=\"og:locale\" content=\"es_ES\" \/>\n<meta property=\"og:type\" content=\"article\" \/>\n<meta property=\"og:title\" content=\"Canci\u00f3n por el clima - IES LA MADRAZA\" \/>\n<meta property=\"og:description\" content=\"IES La Madraza\" \/>\n<meta property=\"og:url\" content=\"https:\/\/ieslamadraza.com\/wp\/cancion-por-el-clima-2\/\" \/>\n<meta property=\"og:site_name\" content=\"IES LA MADRAZA\" \/>\n<meta property=\"article:publisher\" content=\"https:\/\/www.facebook.com\/ieslamadraza\/\" \/>\n<meta property=\"article:published_time\" content=\"2019-05-04T12:56:26+00:00\" \/>\n<meta property=\"article:modified_time\" content=\"2019-08-29T19:31:23+00:00\" \/>\n<meta property=\"og:image\" content=\"https:\/\/ieslamadraza.com\/wp\/wp-content\/img\/2020\/09\/logopequeno-.png\" \/>\n\t<meta property=\"og:image:width\" content=\"150\" \/>\n\t<meta property=\"og:image:height\" content=\"150\" \/>\n\t<meta property=\"og:image:type\" content=\"image\/png\" \/>\n<meta name=\"author\" content=\"admin_IES-laMadraza\" \/>\n<meta name=\"twitter:card\" content=\"summary_large_image\" \/>\n<meta name=\"twitter:creator\" content=\"@MadrazaLa\" \/>\n<meta name=\"twitter:site\" content=\"@MadrazaLa\" \/>\n<meta name=\"twitter:label1\" content=\"Escrito por\" \/>\n\t<meta name=\"twitter:data1\" content=\"admin_IES-laMadraza\" \/>\n<script type=\"application\/ld+json\" class=\"yoast-schema-graph\">{\"@context\":\"https:\\\/\\\/schema.org\",\"@graph\":[{\"@type\":\"Article\",\"@id\":\"https:\\\/\\\/ieslamadraza.com\\\/wp\\\/cancion-por-el-clima-2\\\/#article\",\"isPartOf\":{\"@id\":\"https:\\\/\\\/ieslamadraza.com\\\/wp\\\/cancion-por-el-clima-2\\\/\"},\"author\":{\"name\":\"admin_IES-laMadraza\",\"@id\":\"https:\\\/\\\/ieslamadraza.com\\\/wp\\\/#\\\/schema\\\/person\\\/f80b2662c85d3a875653d8c393c0e24b\"},\"headline\":\"Canci\u00f3n por el clima\",\"datePublished\":\"2019-05-04T12:56:26+00:00\",\"dateModified\":\"2019-08-29T19:31:23+00:00\",\"mainEntityOfPage\":{\"@id\":\"https:\\\/\\\/ieslamadraza.com\\\/wp\\\/cancion-por-el-clima-2\\\/\"},\"wordCount\":69,\"publisher\":{\"@id\":\"https:\\\/\\\/ieslamadraza.com\\\/wp\\\/#organization\"},\"articleSection\":[\"ECOESCUELA\"],\"inLanguage\":\"es\"},{\"@type\":\"WebPage\",\"@id\":\"https:\\\/\\\/ieslamadraza.com\\\/wp\\\/cancion-por-el-clima-2\\\/\",\"url\":\"https:\\\/\\\/ieslamadraza.com\\\/wp\\\/cancion-por-el-clima-2\\\/\",\"name\":\"Canci\u00f3n por el clima - IES LA MADRAZA\",\"isPartOf\":{\"@id\":\"https:\\\/\\\/ieslamadraza.com\\\/wp\\\/#website\"},\"datePublished\":\"2019-05-04T12:56:26+00:00\",\"dateModified\":\"2019-08-29T19:31:23+00:00\",\"description\":\"IES La Madraza\",\"breadcrumb\":{\"@id\":\"https:\\\/\\\/ieslamadraza.com\\\/wp\\\/cancion-por-el-clima-2\\\/#breadcrumb\"},\"inLanguage\":\"es\",\"potentialAction\":[{\"@type\":\"ReadAction\",\"target\":[\"https:\\\/\\\/ieslamadraza.com\\\/wp\\\/cancion-por-el-clima-2\\\/\"]}]},{\"@type\":\"BreadcrumbList\",\"@id\":\"https:\\\/\\\/ieslamadraza.com\\\/wp\\\/cancion-por-el-clima-2\\\/#breadcrumb\",\"itemListElement\":[{\"@type\":\"ListItem\",\"position\":1,\"name\":\"Portada\",\"item\":\"https:\\\/\\\/ieslamadraza.com\\\/wp\\\/\"},{\"@type\":\"ListItem\",\"position\":2,\"name\":\"Canci\u00f3n por el clima\"}]},{\"@type\":\"WebSite\",\"@id\":\"https:\\\/\\\/ieslamadraza.com\\\/wp\\\/#website\",\"url\":\"https:\\\/\\\/ieslamadraza.com\\\/wp\\\/\",\"name\":\"IES LA MADRAZA\",\"description\":\"Instituto de Ense\u00f1anza Secundaria de Granada (Espa\u00f1a)\",\"publisher\":{\"@id\":\"https:\\\/\\\/ieslamadraza.com\\\/wp\\\/#organization\"},\"alternateName\":\"Inicio - IES LA MADRAZA\",\"potentialAction\":[{\"@type\":\"SearchAction\",\"target\":{\"@type\":\"EntryPoint\",\"urlTemplate\":\"https:\\\/\\\/ieslamadraza.com\\\/wp\\\/?s={search_term_string}\"},\"query-input\":{\"@type\":\"PropertyValueSpecification\",\"valueRequired\":true,\"valueName\":\"search_term_string\"}}],\"inLanguage\":\"es\"},{\"@type\":\"Organization\",\"@id\":\"https:\\\/\\\/ieslamadraza.com\\\/wp\\\/#organization\",\"name\":\"IES La Madraza -Instituto de Ense\u00f1anza Secundaria - Granada\",\"alternateName\":\"IES La Madraza -Instituto de Ense\u00f1anza Secundaria - Granada\",\"url\":\"https:\\\/\\\/ieslamadraza.com\\\/wp\\\/\",\"logo\":{\"@type\":\"ImageObject\",\"inLanguage\":\"es\",\"@id\":\"https:\\\/\\\/ieslamadraza.com\\\/wp\\\/#\\\/schema\\\/logo\\\/image\\\/\",\"url\":\"https:\\\/\\\/ieslamadraza.com\\\/wp\\\/wp-content\\\/img\\\/2025\\\/10\\\/logo.jpeg\",\"contentUrl\":\"https:\\\/\\\/ieslamadraza.com\\\/wp\\\/wp-content\\\/img\\\/2025\\\/10\\\/logo.jpeg\",\"width\":225,\"height\":225,\"caption\":\"IES La Madraza -Instituto de Ense\u00f1anza Secundaria - Granada\"},\"image\":{\"@id\":\"https:\\\/\\\/ieslamadraza.com\\\/wp\\\/#\\\/schema\\\/logo\\\/image\\\/\"},\"sameAs\":[\"https:\\\/\\\/www.facebook.com\\\/ieslamadraza\\\/\",\"https:\\\/\\\/x.com\\\/MadrazaLa\",\"https:\\\/\\\/www.instagram.com\\\/institutolamadraza\\\/\"]},{\"@type\":\"Person\",\"@id\":\"https:\\\/\\\/ieslamadraza.com\\\/wp\\\/#\\\/schema\\\/person\\\/f80b2662c85d3a875653d8c393c0e24b\",\"name\":\"admin_IES-laMadraza\",\"image\":{\"@type\":\"ImageObject\",\"inLanguage\":\"es\",\"@id\":\"https:\\\/\\\/secure.gravatar.com\\\/avatar\\\/aad8ae5b110afbe2f2e7011bba88e4b5b97b4a632e22255df6b653bdca4d179a?s=96&d=mm&r=g\",\"url\":\"https:\\\/\\\/secure.gravatar.com\\\/avatar\\\/aad8ae5b110afbe2f2e7011bba88e4b5b97b4a632e22255df6b653bdca4d179a?s=96&d=mm&r=g\",\"contentUrl\":\"https:\\\/\\\/secure.gravatar.com\\\/avatar\\\/aad8ae5b110afbe2f2e7011bba88e4b5b97b4a632e22255df6b653bdca4d179a?s=96&d=mm&r=g\",\"caption\":\"admin_IES-laMadraza\"},\"url\":\"https:\\\/\\\/ieslamadraza.com\\\/wp\\\/author\\\/admin_ies-lamadraza\\\/\"}]}<\/script>\n<!-- \/ Yoast SEO plugin. -->","yoast_head_json":{"title":"Canci\u00f3n por el clima - IES LA MADRAZA","description":"IES La Madraza","robots":{"index":"index","follow":"follow","max-snippet":"max-snippet:-1","max-image-preview":"max-image-preview:large","max-video-preview":"max-video-preview:-1"},"canonical":"https:\/\/ieslamadraza.com\/wp\/cancion-por-el-clima-2\/","og_locale":"es_ES","og_type":"article","og_title":"Canci\u00f3n por el clima - IES LA MADRAZA","og_description":"IES La Madraza","og_url":"https:\/\/ieslamadraza.com\/wp\/cancion-por-el-clima-2\/","og_site_name":"IES LA MADRAZA","article_publisher":"https:\/\/www.facebook.com\/ieslamadraza\/","article_published_time":"2019-05-04T12:56:26+00:00","article_modified_time":"2019-08-29T19:31:23+00:00","og_image":[{"width":150,"height":150,"url":"https:\/\/ieslamadraza.com\/wp\/wp-content\/img\/2020\/09\/logopequeno-.png","type":"image\/png"}],"author":"admin_IES-laMadraza","twitter_card":"summary_large_image","twitter_creator":"@MadrazaLa","twitter_site":"@MadrazaLa","twitter_misc":{"Escrito por":"admin_IES-laMadraza"},"schema":{"@context":"https:\/\/schema.org","@graph":[{"@type":"Article","@id":"https:\/\/ieslamadraza.com\/wp\/cancion-por-el-clima-2\/#article","isPartOf":{"@id":"https:\/\/ieslamadraza.com\/wp\/cancion-por-el-clima-2\/"},"author":{"name":"admin_IES-laMadraza","@id":"https:\/\/ieslamadraza.com\/wp\/#\/schema\/person\/f80b2662c85d3a875653d8c393c0e24b"},"headline":"Canci\u00f3n por el clima","datePublished":"2019-05-04T12:56:26+00:00","dateModified":"2019-08-29T19:31:23+00:00","mainEntityOfPage":{"@id":"https:\/\/ieslamadraza.com\/wp\/cancion-por-el-clima-2\/"},"wordCount":69,"publisher":{"@id":"https:\/\/ieslamadraza.com\/wp\/#organization"},"articleSection":["ECOESCUELA"],"inLanguage":"es"},{"@type":"WebPage","@id":"https:\/\/ieslamadraza.com\/wp\/cancion-por-el-clima-2\/","url":"https:\/\/ieslamadraza.com\/wp\/cancion-por-el-clima-2\/","name":"Canci\u00f3n por el clima - IES LA MADRAZA","isPartOf":{"@id":"https:\/\/ieslamadraza.com\/wp\/#website"},"datePublished":"2019-05-04T12:56:26+00:00","dateModified":"2019-08-29T19:31:23+00:00","description":"IES La Madraza","breadcrumb":{"@id":"https:\/\/ieslamadraza.com\/wp\/cancion-por-el-clima-2\/#breadcrumb"},"inLanguage":"es","potentialAction":[{"@type":"ReadAction","target":["https:\/\/ieslamadraza.com\/wp\/cancion-por-el-clima-2\/"]}]},{"@type":"BreadcrumbList","@id":"https:\/\/ieslamadraza.com\/wp\/cancion-por-el-clima-2\/#breadcrumb","itemListElement":[{"@type":"ListItem","position":1,"name":"Portada","item":"https:\/\/ieslamadraza.com\/wp\/"},{"@type":"ListItem","position":2,"name":"Canci\u00f3n por el clima"}]},{"@type":"WebSite","@id":"https:\/\/ieslamadraza.com\/wp\/#website","url":"https:\/\/ieslamadraza.com\/wp\/","name":"IES LA MADRAZA","description":"Instituto de Ense\u00f1anza Secundaria de Granada (Espa\u00f1a)","publisher":{"@id":"https:\/\/ieslamadraza.com\/wp\/#organization"},"alternateName":"Inicio - IES LA MADRAZA","potentialAction":[{"@type":"SearchAction","target":{"@type":"EntryPoint","urlTemplate":"https:\/\/ieslamadraza.com\/wp\/?s={search_term_string}"},"query-input":{"@type":"PropertyValueSpecification","valueRequired":true,"valueName":"search_term_string"}}],"inLanguage":"es"},{"@type":"Organization","@id":"https:\/\/ieslamadraza.com\/wp\/#organization","name":"IES La Madraza -Instituto de Ense\u00f1anza Secundaria - Granada","alternateName":"IES La Madraza -Instituto de Ense\u00f1anza Secundaria - Granada","url":"https:\/\/ieslamadraza.com\/wp\/","logo":{"@type":"ImageObject","inLanguage":"es","@id":"https:\/\/ieslamadraza.com\/wp\/#\/schema\/logo\/image\/","url":"https:\/\/ieslamadraza.com\/wp\/wp-content\/img\/2025\/10\/logo.jpeg","contentUrl":"https:\/\/ieslamadraza.com\/wp\/wp-content\/img\/2025\/10\/logo.jpeg","width":225,"height":225,"caption":"IES La Madraza -Instituto de Ense\u00f1anza Secundaria - Granada"},"image":{"@id":"https:\/\/ieslamadraza.com\/wp\/#\/schema\/logo\/image\/"},"sameAs":["https:\/\/www.facebook.com\/ieslamadraza\/","https:\/\/x.com\/MadrazaLa","https:\/\/www.instagram.com\/institutolamadraza\/"]},{"@type":"Person","@id":"https:\/\/ieslamadraza.com\/wp\/#\/schema\/person\/f80b2662c85d3a875653d8c393c0e24b","name":"admin_IES-laMadraza","image":{"@type":"ImageObject","inLanguage":"es","@id":"https:\/\/secure.gravatar.com\/avatar\/aad8ae5b110afbe2f2e7011bba88e4b5b97b4a632e22255df6b653bdca4d179a?s=96&d=mm&r=g","url":"https:\/\/secure.gravatar.com\/avatar\/aad8ae5b110afbe2f2e7011bba88e4b5b97b4a632e22255df6b653bdca4d179a?s=96&d=mm&r=g","contentUrl":"https:\/\/secure.gravatar.com\/avatar\/aad8ae5b110afbe2f2e7011bba88e4b5b97b4a632e22255df6b653bdca4d179a?s=96&d=mm&r=g","caption":"admin_IES-laMadraza"},"url":"https:\/\/ieslamadraza.com\/wp\/author\/admin_ies-lamadraza\/"}]}},"_links":{"self":[{"href":"https:\/\/ieslamadraza.com\/wp\/wp-json\/wp\/v2\/posts\/2744","targetHints":{"allow":["GET"]}}],"collection":[{"href":"https:\/\/ieslamadraza.com\/wp\/wp-json\/wp\/v2\/posts"}],"about":[{"href":"https:\/\/ieslamadraza.com\/wp\/wp-json\/wp\/v2\/types\/post"}],"author":[{"embeddable":true,"href":"https:\/\/ieslamadraza.com\/wp\/wp-json\/wp\/v2\/users\/7"}],"replies":[{"embeddable":true,"href":"https:\/\/ieslamadraza.com\/wp\/wp-json\/wp\/v2\/comments?post=2744"}],"version-history":[{"count":0,"href":"https:\/\/ieslamadraza.com\/wp\/wp-json\/wp\/v2\/posts\/2744\/revisions"}],"wp:attachment":[{"href":"https:\/\/ieslamadraza.com\/wp\/wp-json\/wp\/v2\/media?parent=2744"}],"wp:term":[{"taxonomy":"category","embeddable":true,"href":"https:\/\/ieslamadraza.com\/wp\/wp-json\/wp\/v2\/categories?post=2744"},{"taxonomy":"post_tag","embeddable":true,"href":"https:\/\/ieslamadraza.com\/wp\/wp-json\/wp\/v2\/tags?post=2744"}],"curies":[{"name":"wp","href":"https:\/\/api.w.org\/{rel}","templated":true}]}}