{"id":2595,"date":"2018-12-19T08:28:38","date_gmt":"2018-12-19T07:28:38","guid":{"rendered":"http:\/\/ieslamadraza.com\/wp\/qentre-libros-y-oficios-la-ilustracionq\/"},"modified":"2019-08-30T08:56:42","modified_gmt":"2019-08-30T06:56:42","slug":"qentre-libros-y-oficios-la-ilustracionq","status":"publish","type":"post","link":"https:\/\/ieslamadraza.com\/wp\/qentre-libros-y-oficios-la-ilustracionq\/","title":{"rendered":"\u00abEntre libros y oficios: La ilustraci\u00f3n\u00bb"},"content":{"rendered":"<div style=\"text-align: justify;\">El pasado mi\u00e9rcoles, 12 de diciembre, tuvimos en la Biblioteca una visita \u201ccon mucho Arte\u201d: Pepa, la madre de una alumna de 1\u00ba de ESO que trabaja como profesora de Ilustraci\u00f3n en la Escuela de Artes y Oficios de Granada.<br \/>La visita al instituto se relaciona con las actividades realizadas por la profesora Carmen Onieva en sus clases de Altas Capacidades\/Alto Rendimiento con el alumnado de 1\u00ba ESO, en el Taller \u201cEntre Libros y Letras\u201d. En esta ocasi\u00f3n, la secci\u00f3n de \u201cEntre Libros y Oficios\u201d ha querido tener la presencia directa de una persona que conoce de cerca el mundillo de la Ilustraci\u00f3n de libros y que, como ella misma confes\u00f3 al inicio de la charla, se adentr\u00f3 en \u00e9l porque le encantaba leer de peque\u00f1a, y admiraba las im\u00e1genes que daban vida a las historias que le\u00eda.<br \/>Nos hizo una interesante presentaci\u00f3n donde explic\u00f3 algunos aspectos relacionados con este oficio; conocimos a importantes ilustradores, como el autor de El Principito, y a grandes ilustradoras como la inglesa Beatrix Potter, ignorada en su tiempo pero hoy considerada pionera en la Ilustraci\u00f3n de cuentos infantiles. Tambi\u00e9n pudimos ver de cerca algunos libros con distintos tipos de ilustraciones. <br \/>Los chicos y chicas del mencionado grupo han hecho a lo largo de este primer trimestre trabajos de investigaci\u00f3n que luego han expuesto en clase sobre los oficios que hay detr\u00e1s de los libros. Y entre el oficio de Escritor, Booktuber, Encuadernador, Cr\u00edtico literario, Bibliotecario\u2026tambi\u00e9n estaba el de Ilustrador.<br \/>GRACIAS, PEPA,&nbsp; por darnos a conocer el apasionante trabajo que se esconde tras esos \u201cdibujitos\u201d que tanto nos atraen de los libros.<\/div>\n<div style=\"text-align: justify;\"><span style=\"color: #ffffff;\">.<\/span><\/div>\n<div style=\"text-align: justify;\"><\/div>\n<div style=\"text-align: center;\"><\/div>\n","protected":false},"excerpt":{"rendered":"<p>El pasado mi\u00e9rcoles, 12 de diciembre, tuvimos en la Biblioteca una visita \u201ccon mucho Arte\u201d: Pepa, la madre de una alumna de 1\u00ba de ESO que trabaja como profesora de Ilustraci\u00f3n en la Escuela de Artes y Oficios de Granada.La visita al instituto se relaciona con las actividades realizadas por la profesora Carmen Onieva en [&hellip;]<\/p>\n","protected":false},"author":7,"featured_media":0,"comment_status":"closed","ping_status":"closed","sticky":false,"template":"","format":"standard","meta":{"_et_pb_use_builder":"","_et_pb_old_content":"","_et_gb_content_width":"","_monsterinsights_skip_tracking":false,"_monsterinsights_sitenote_active":false,"_monsterinsights_sitenote_note":"","_monsterinsights_sitenote_category":0,"footnotes":""},"categories":[96,127,35],"tags":[],"class_list":["post-2595","post","type-post","status-publish","format-standard","hentry","category-extraescolares","category-biblioteca","category-lengua","et-doesnt-have-format-content","et_post_format-et-post-format-standard"],"yoast_head":"<!-- This site is optimized with the Yoast SEO plugin v27.5 - https:\/\/yoast.com\/product\/yoast-seo-wordpress\/ -->\n<title>&quot;Entre libros y oficios: La ilustraci\u00f3n&quot; - IES LA MADRAZA<\/title>\n<meta name=\"description\" content=\"IES La Madraza\" \/>\n<meta name=\"robots\" content=\"index, follow, max-snippet:-1, max-image-preview:large, max-video-preview:-1\" \/>\n<link rel=\"canonical\" href=\"https:\/\/ieslamadraza.com\/wp\/qentre-libros-y-oficios-la-ilustracionq\/\" \/>\n<meta property=\"og:locale\" content=\"es_ES\" \/>\n<meta property=\"og:type\" content=\"article\" \/>\n<meta property=\"og:title\" content=\"&quot;Entre libros y oficios: La ilustraci\u00f3n&quot; - IES LA MADRAZA\" \/>\n<meta property=\"og:description\" content=\"IES La Madraza\" \/>\n<meta property=\"og:url\" content=\"https:\/\/ieslamadraza.com\/wp\/qentre-libros-y-oficios-la-ilustracionq\/\" \/>\n<meta property=\"og:site_name\" content=\"IES LA MADRAZA\" \/>\n<meta property=\"article:publisher\" content=\"https:\/\/www.facebook.com\/ieslamadraza\/\" \/>\n<meta property=\"article:published_time\" content=\"2018-12-19T07:28:38+00:00\" \/>\n<meta property=\"article:modified_time\" content=\"2019-08-30T06:56:42+00:00\" \/>\n<meta property=\"og:image\" content=\"https:\/\/ieslamadraza.com\/wp\/wp-content\/img\/2020\/09\/logopequeno-.png\" \/>\n\t<meta property=\"og:image:width\" content=\"150\" \/>\n\t<meta property=\"og:image:height\" content=\"150\" \/>\n\t<meta property=\"og:image:type\" content=\"image\/png\" \/>\n<meta name=\"author\" content=\"admin_IES-laMadraza\" \/>\n<meta name=\"twitter:card\" content=\"summary_large_image\" \/>\n<meta name=\"twitter:creator\" content=\"@MadrazaLa\" \/>\n<meta name=\"twitter:site\" content=\"@MadrazaLa\" \/>\n<meta name=\"twitter:label1\" content=\"Escrito por\" \/>\n\t<meta name=\"twitter:data1\" content=\"admin_IES-laMadraza\" \/>\n\t<meta name=\"twitter:label2\" content=\"Tiempo de lectura\" \/>\n\t<meta name=\"twitter:data2\" content=\"1 minuto\" \/>\n<script type=\"application\/ld+json\" class=\"yoast-schema-graph\">{\"@context\":\"https:\\\/\\\/schema.org\",\"@graph\":[{\"@type\":\"Article\",\"@id\":\"https:\\\/\\\/ieslamadraza.com\\\/wp\\\/qentre-libros-y-oficios-la-ilustracionq\\\/#article\",\"isPartOf\":{\"@id\":\"https:\\\/\\\/ieslamadraza.com\\\/wp\\\/qentre-libros-y-oficios-la-ilustracionq\\\/\"},\"author\":{\"name\":\"admin_IES-laMadraza\",\"@id\":\"https:\\\/\\\/ieslamadraza.com\\\/wp\\\/#\\\/schema\\\/person\\\/f80b2662c85d3a875653d8c393c0e24b\"},\"headline\":\"\u00abEntre libros y oficios: La ilustraci\u00f3n\u00bb\",\"datePublished\":\"2018-12-19T07:28:38+00:00\",\"dateModified\":\"2019-08-30T06:56:42+00:00\",\"mainEntityOfPage\":{\"@id\":\"https:\\\/\\\/ieslamadraza.com\\\/wp\\\/qentre-libros-y-oficios-la-ilustracionq\\\/\"},\"wordCount\":289,\"publisher\":{\"@id\":\"https:\\\/\\\/ieslamadraza.com\\\/wp\\\/#organization\"},\"articleSection\":[\"ACT. EXTRAESCOLARES\",\"BIBLIOTECA\",\"LENGUA Y LITERATURA\"],\"inLanguage\":\"es\"},{\"@type\":\"WebPage\",\"@id\":\"https:\\\/\\\/ieslamadraza.com\\\/wp\\\/qentre-libros-y-oficios-la-ilustracionq\\\/\",\"url\":\"https:\\\/\\\/ieslamadraza.com\\\/wp\\\/qentre-libros-y-oficios-la-ilustracionq\\\/\",\"name\":\"\\\"Entre libros y oficios: La ilustraci\u00f3n\\\" - IES LA MADRAZA\",\"isPartOf\":{\"@id\":\"https:\\\/\\\/ieslamadraza.com\\\/wp\\\/#website\"},\"datePublished\":\"2018-12-19T07:28:38+00:00\",\"dateModified\":\"2019-08-30T06:56:42+00:00\",\"description\":\"IES La Madraza\",\"breadcrumb\":{\"@id\":\"https:\\\/\\\/ieslamadraza.com\\\/wp\\\/qentre-libros-y-oficios-la-ilustracionq\\\/#breadcrumb\"},\"inLanguage\":\"es\",\"potentialAction\":[{\"@type\":\"ReadAction\",\"target\":[\"https:\\\/\\\/ieslamadraza.com\\\/wp\\\/qentre-libros-y-oficios-la-ilustracionq\\\/\"]}]},{\"@type\":\"BreadcrumbList\",\"@id\":\"https:\\\/\\\/ieslamadraza.com\\\/wp\\\/qentre-libros-y-oficios-la-ilustracionq\\\/#breadcrumb\",\"itemListElement\":[{\"@type\":\"ListItem\",\"position\":1,\"name\":\"Portada\",\"item\":\"https:\\\/\\\/ieslamadraza.com\\\/wp\\\/\"},{\"@type\":\"ListItem\",\"position\":2,\"name\":\"\u00abEntre libros y oficios: La ilustraci\u00f3n\u00bb\"}]},{\"@type\":\"WebSite\",\"@id\":\"https:\\\/\\\/ieslamadraza.com\\\/wp\\\/#website\",\"url\":\"https:\\\/\\\/ieslamadraza.com\\\/wp\\\/\",\"name\":\"IES LA MADRAZA\",\"description\":\"Instituto de Ense\u00f1anza Secundaria de Granada (Espa\u00f1a)\",\"publisher\":{\"@id\":\"https:\\\/\\\/ieslamadraza.com\\\/wp\\\/#organization\"},\"alternateName\":\"Inicio - IES LA MADRAZA\",\"potentialAction\":[{\"@type\":\"SearchAction\",\"target\":{\"@type\":\"EntryPoint\",\"urlTemplate\":\"https:\\\/\\\/ieslamadraza.com\\\/wp\\\/?s={search_term_string}\"},\"query-input\":{\"@type\":\"PropertyValueSpecification\",\"valueRequired\":true,\"valueName\":\"search_term_string\"}}],\"inLanguage\":\"es\"},{\"@type\":\"Organization\",\"@id\":\"https:\\\/\\\/ieslamadraza.com\\\/wp\\\/#organization\",\"name\":\"IES La Madraza -Instituto de Ense\u00f1anza Secundaria - Granada\",\"alternateName\":\"IES La Madraza -Instituto de Ense\u00f1anza Secundaria - Granada\",\"url\":\"https:\\\/\\\/ieslamadraza.com\\\/wp\\\/\",\"logo\":{\"@type\":\"ImageObject\",\"inLanguage\":\"es\",\"@id\":\"https:\\\/\\\/ieslamadraza.com\\\/wp\\\/#\\\/schema\\\/logo\\\/image\\\/\",\"url\":\"https:\\\/\\\/ieslamadraza.com\\\/wp\\\/wp-content\\\/img\\\/2025\\\/10\\\/logo.jpeg\",\"contentUrl\":\"https:\\\/\\\/ieslamadraza.com\\\/wp\\\/wp-content\\\/img\\\/2025\\\/10\\\/logo.jpeg\",\"width\":225,\"height\":225,\"caption\":\"IES La Madraza -Instituto de Ense\u00f1anza Secundaria - Granada\"},\"image\":{\"@id\":\"https:\\\/\\\/ieslamadraza.com\\\/wp\\\/#\\\/schema\\\/logo\\\/image\\\/\"},\"sameAs\":[\"https:\\\/\\\/www.facebook.com\\\/ieslamadraza\\\/\",\"https:\\\/\\\/x.com\\\/MadrazaLa\",\"https:\\\/\\\/www.instagram.com\\\/institutolamadraza\\\/\"]},{\"@type\":\"Person\",\"@id\":\"https:\\\/\\\/ieslamadraza.com\\\/wp\\\/#\\\/schema\\\/person\\\/f80b2662c85d3a875653d8c393c0e24b\",\"name\":\"admin_IES-laMadraza\",\"image\":{\"@type\":\"ImageObject\",\"inLanguage\":\"es\",\"@id\":\"https:\\\/\\\/secure.gravatar.com\\\/avatar\\\/aad8ae5b110afbe2f2e7011bba88e4b5b97b4a632e22255df6b653bdca4d179a?s=96&d=mm&r=g\",\"url\":\"https:\\\/\\\/secure.gravatar.com\\\/avatar\\\/aad8ae5b110afbe2f2e7011bba88e4b5b97b4a632e22255df6b653bdca4d179a?s=96&d=mm&r=g\",\"contentUrl\":\"https:\\\/\\\/secure.gravatar.com\\\/avatar\\\/aad8ae5b110afbe2f2e7011bba88e4b5b97b4a632e22255df6b653bdca4d179a?s=96&d=mm&r=g\",\"caption\":\"admin_IES-laMadraza\"},\"url\":\"https:\\\/\\\/ieslamadraza.com\\\/wp\\\/author\\\/admin_ies-lamadraza\\\/\"}]}<\/script>\n<!-- \/ Yoast SEO plugin. -->","yoast_head_json":{"title":"\"Entre libros y oficios: La ilustraci\u00f3n\" - IES LA MADRAZA","description":"IES La Madraza","robots":{"index":"index","follow":"follow","max-snippet":"max-snippet:-1","max-image-preview":"max-image-preview:large","max-video-preview":"max-video-preview:-1"},"canonical":"https:\/\/ieslamadraza.com\/wp\/qentre-libros-y-oficios-la-ilustracionq\/","og_locale":"es_ES","og_type":"article","og_title":"\"Entre libros y oficios: La ilustraci\u00f3n\" - IES LA MADRAZA","og_description":"IES La Madraza","og_url":"https:\/\/ieslamadraza.com\/wp\/qentre-libros-y-oficios-la-ilustracionq\/","og_site_name":"IES LA MADRAZA","article_publisher":"https:\/\/www.facebook.com\/ieslamadraza\/","article_published_time":"2018-12-19T07:28:38+00:00","article_modified_time":"2019-08-30T06:56:42+00:00","og_image":[{"width":150,"height":150,"url":"https:\/\/ieslamadraza.com\/wp\/wp-content\/img\/2020\/09\/logopequeno-.png","type":"image\/png"}],"author":"admin_IES-laMadraza","twitter_card":"summary_large_image","twitter_creator":"@MadrazaLa","twitter_site":"@MadrazaLa","twitter_misc":{"Escrito por":"admin_IES-laMadraza","Tiempo de lectura":"1 minuto"},"schema":{"@context":"https:\/\/schema.org","@graph":[{"@type":"Article","@id":"https:\/\/ieslamadraza.com\/wp\/qentre-libros-y-oficios-la-ilustracionq\/#article","isPartOf":{"@id":"https:\/\/ieslamadraza.com\/wp\/qentre-libros-y-oficios-la-ilustracionq\/"},"author":{"name":"admin_IES-laMadraza","@id":"https:\/\/ieslamadraza.com\/wp\/#\/schema\/person\/f80b2662c85d3a875653d8c393c0e24b"},"headline":"\u00abEntre libros y oficios: La ilustraci\u00f3n\u00bb","datePublished":"2018-12-19T07:28:38+00:00","dateModified":"2019-08-30T06:56:42+00:00","mainEntityOfPage":{"@id":"https:\/\/ieslamadraza.com\/wp\/qentre-libros-y-oficios-la-ilustracionq\/"},"wordCount":289,"publisher":{"@id":"https:\/\/ieslamadraza.com\/wp\/#organization"},"articleSection":["ACT. EXTRAESCOLARES","BIBLIOTECA","LENGUA Y LITERATURA"],"inLanguage":"es"},{"@type":"WebPage","@id":"https:\/\/ieslamadraza.com\/wp\/qentre-libros-y-oficios-la-ilustracionq\/","url":"https:\/\/ieslamadraza.com\/wp\/qentre-libros-y-oficios-la-ilustracionq\/","name":"\"Entre libros y oficios: La ilustraci\u00f3n\" - IES LA MADRAZA","isPartOf":{"@id":"https:\/\/ieslamadraza.com\/wp\/#website"},"datePublished":"2018-12-19T07:28:38+00:00","dateModified":"2019-08-30T06:56:42+00:00","description":"IES La Madraza","breadcrumb":{"@id":"https:\/\/ieslamadraza.com\/wp\/qentre-libros-y-oficios-la-ilustracionq\/#breadcrumb"},"inLanguage":"es","potentialAction":[{"@type":"ReadAction","target":["https:\/\/ieslamadraza.com\/wp\/qentre-libros-y-oficios-la-ilustracionq\/"]}]},{"@type":"BreadcrumbList","@id":"https:\/\/ieslamadraza.com\/wp\/qentre-libros-y-oficios-la-ilustracionq\/#breadcrumb","itemListElement":[{"@type":"ListItem","position":1,"name":"Portada","item":"https:\/\/ieslamadraza.com\/wp\/"},{"@type":"ListItem","position":2,"name":"\u00abEntre libros y oficios: La ilustraci\u00f3n\u00bb"}]},{"@type":"WebSite","@id":"https:\/\/ieslamadraza.com\/wp\/#website","url":"https:\/\/ieslamadraza.com\/wp\/","name":"IES LA MADRAZA","description":"Instituto de Ense\u00f1anza Secundaria de Granada (Espa\u00f1a)","publisher":{"@id":"https:\/\/ieslamadraza.com\/wp\/#organization"},"alternateName":"Inicio - IES LA MADRAZA","potentialAction":[{"@type":"SearchAction","target":{"@type":"EntryPoint","urlTemplate":"https:\/\/ieslamadraza.com\/wp\/?s={search_term_string}"},"query-input":{"@type":"PropertyValueSpecification","valueRequired":true,"valueName":"search_term_string"}}],"inLanguage":"es"},{"@type":"Organization","@id":"https:\/\/ieslamadraza.com\/wp\/#organization","name":"IES La Madraza -Instituto de Ense\u00f1anza Secundaria - Granada","alternateName":"IES La Madraza -Instituto de Ense\u00f1anza Secundaria - Granada","url":"https:\/\/ieslamadraza.com\/wp\/","logo":{"@type":"ImageObject","inLanguage":"es","@id":"https:\/\/ieslamadraza.com\/wp\/#\/schema\/logo\/image\/","url":"https:\/\/ieslamadraza.com\/wp\/wp-content\/img\/2025\/10\/logo.jpeg","contentUrl":"https:\/\/ieslamadraza.com\/wp\/wp-content\/img\/2025\/10\/logo.jpeg","width":225,"height":225,"caption":"IES La Madraza -Instituto de Ense\u00f1anza Secundaria - Granada"},"image":{"@id":"https:\/\/ieslamadraza.com\/wp\/#\/schema\/logo\/image\/"},"sameAs":["https:\/\/www.facebook.com\/ieslamadraza\/","https:\/\/x.com\/MadrazaLa","https:\/\/www.instagram.com\/institutolamadraza\/"]},{"@type":"Person","@id":"https:\/\/ieslamadraza.com\/wp\/#\/schema\/person\/f80b2662c85d3a875653d8c393c0e24b","name":"admin_IES-laMadraza","image":{"@type":"ImageObject","inLanguage":"es","@id":"https:\/\/secure.gravatar.com\/avatar\/aad8ae5b110afbe2f2e7011bba88e4b5b97b4a632e22255df6b653bdca4d179a?s=96&d=mm&r=g","url":"https:\/\/secure.gravatar.com\/avatar\/aad8ae5b110afbe2f2e7011bba88e4b5b97b4a632e22255df6b653bdca4d179a?s=96&d=mm&r=g","contentUrl":"https:\/\/secure.gravatar.com\/avatar\/aad8ae5b110afbe2f2e7011bba88e4b5b97b4a632e22255df6b653bdca4d179a?s=96&d=mm&r=g","caption":"admin_IES-laMadraza"},"url":"https:\/\/ieslamadraza.com\/wp\/author\/admin_ies-lamadraza\/"}]}},"_links":{"self":[{"href":"https:\/\/ieslamadraza.com\/wp\/wp-json\/wp\/v2\/posts\/2595","targetHints":{"allow":["GET"]}}],"collection":[{"href":"https:\/\/ieslamadraza.com\/wp\/wp-json\/wp\/v2\/posts"}],"about":[{"href":"https:\/\/ieslamadraza.com\/wp\/wp-json\/wp\/v2\/types\/post"}],"author":[{"embeddable":true,"href":"https:\/\/ieslamadraza.com\/wp\/wp-json\/wp\/v2\/users\/7"}],"replies":[{"embeddable":true,"href":"https:\/\/ieslamadraza.com\/wp\/wp-json\/wp\/v2\/comments?post=2595"}],"version-history":[{"count":0,"href":"https:\/\/ieslamadraza.com\/wp\/wp-json\/wp\/v2\/posts\/2595\/revisions"}],"wp:attachment":[{"href":"https:\/\/ieslamadraza.com\/wp\/wp-json\/wp\/v2\/media?parent=2595"}],"wp:term":[{"taxonomy":"category","embeddable":true,"href":"https:\/\/ieslamadraza.com\/wp\/wp-json\/wp\/v2\/categories?post=2595"},{"taxonomy":"post_tag","embeddable":true,"href":"https:\/\/ieslamadraza.com\/wp\/wp-json\/wp\/v2\/tags?post=2595"}],"curies":[{"name":"wp","href":"https:\/\/api.w.org\/{rel}","templated":true}]}}