{"id":2476,"date":"2018-06-29T17:52:09","date_gmt":"2018-06-29T15:52:09","guid":{"rendered":"http:\/\/ieslamadraza.com\/wp\/informe-del-programa-ecoescuelas-en-el-claustro-final-del-curso-2017-18\/"},"modified":"2018-06-29T17:52:09","modified_gmt":"2018-06-29T15:52:09","slug":"informe-del-programa-ecoescuelas-en-el-claustro-final-del-curso-2017-18","status":"publish","type":"post","link":"https:\/\/ieslamadraza.com\/wp\/informe-del-programa-ecoescuelas-en-el-claustro-final-del-curso-2017-18\/","title":{"rendered":"Informe del Programa Ecoescuelas en el claustro final del curso 2017-18"},"content":{"rendered":"<p>El 29 de junio se celebr\u00f3 la \u00faltima reuni\u00f3n de Claustro del curso 2017-18 as\u00ed como la \u00faltima reuni\u00f3n del Consejo Escolar. En ambas reuniones se inform\u00f3 sobre el Programa Ecoescuelas <a target=\"_blank\" href=\"images\/stories\/2018_06_29%20Informe%20sobre%20ecoescuelas%20en%20el%20claustro%20final.pdf\" rel=\"noopener noreferrer\">(ver presentaci\u00f3n)<\/a>:<\/p>\n<ul>\n<li style=\"text-align: justify;\">Se present\u00f3 la <a target=\"_blank\" href=\"images\/stories\/2018_06%20Candidatura%20del%20IES%20La%20Madraza%20a%20la%20Bandera%20Verde.pdf\" rel=\"noopener noreferrer\">memoria<\/a> de actuaciones del Programa en nuestro centro durante los \u00faltimos cuatro a\u00f1os y nuestra candidatura al galard\u00f3n Bandera Verde que fue aprobada por el Consejo Escolar.&nbsp;<\/li>\n<li style=\"text-align: justify;\">Se destac\u00f3 que las ecoescuelas no solo se reconocen por su entorno f\u00edsico (todav\u00eda tenemos que mejorarlo mucho), tambi\u00e9n por la aplicaci\u00f3n de una metodolog\u00eda que les permite avanzar (en esto hemos sido muy consistentes).<\/li>\n<li style=\"text-align: justify;\">Se inform\u00f3 de que el n\u00facleo tem\u00e1tico del curso 2017-18 es el \u00abentorno humano\u00bb. Se pidi\u00f3 al profesorado que pensase qu\u00e9 actuaciones llevar a cabo.&nbsp;<\/li>\n<li style=\"text-align: justify;\">Se propuso la ampliaci\u00f3n del huerto escolar y la pretensi\u00f3n de que tenga un mayor impacto en la vida del centro. Una posibilidad es que cada clase se responsabilice de una parcela.<\/li>\n<li style=\"text-align: justify;\">Se explic\u00f3 la necesidad de integrar la educaci\u00f3n ambiental en las asignaturas y la funci\u00f3n del coordinador para asegurar que todos los niveles participan.&nbsp;<\/li>\n<li style=\"text-align: justify;\">Finalmente se recalc\u00f3 que los resultados de tanto trabajo no son tan espectaculares como nos gustar\u00eda pero que el profesorado tiene que seguir insistiendo en los mensajes de cuidado del entorno.<\/li>\n<\/ul>\n","protected":false},"excerpt":{"rendered":"<p>El 29 de junio se celebr\u00f3 la \u00faltima reuni\u00f3n de Claustro del curso 2017-18 as\u00ed como la \u00faltima reuni\u00f3n del Consejo Escolar. En ambas reuniones se inform\u00f3 sobre el Programa Ecoescuelas (ver presentaci\u00f3n): Se present\u00f3 la memoria de actuaciones del Programa en nuestro centro durante los \u00faltimos cuatro a\u00f1os y nuestra candidatura al galard\u00f3n Bandera [&hellip;]<\/p>\n","protected":false},"author":3,"featured_media":0,"comment_status":"open","ping_status":"closed","sticky":false,"template":"","format":"standard","meta":{"_et_pb_use_builder":"","_et_pb_old_content":"","_et_gb_content_width":"","_monsterinsights_skip_tracking":false,"_monsterinsights_sitenote_active":false,"_monsterinsights_sitenote_note":"","_monsterinsights_sitenote_category":0,"footnotes":""},"categories":[78],"tags":[],"class_list":["post-2476","post","type-post","status-publish","format-standard","hentry","category-ecoescuela-ecoescuela","et-doesnt-have-format-content","et_post_format-et-post-format-standard"],"yoast_head":"<!-- This site is optimized with the Yoast SEO plugin v27.4 - https:\/\/yoast.com\/product\/yoast-seo-wordpress\/ -->\n<title>Informe del Programa Ecoescuelas en el claustro final del curso 2017-18 - IES LA MADRAZA<\/title>\n<meta name=\"description\" content=\"IES La Madraza\" \/>\n<meta name=\"robots\" content=\"index, follow, max-snippet:-1, max-image-preview:large, max-video-preview:-1\" \/>\n<link rel=\"canonical\" href=\"https:\/\/ieslamadraza.com\/wp\/informe-del-programa-ecoescuelas-en-el-claustro-final-del-curso-2017-18\/\" \/>\n<meta property=\"og:locale\" content=\"es_ES\" \/>\n<meta property=\"og:type\" content=\"article\" \/>\n<meta property=\"og:title\" content=\"Informe del Programa Ecoescuelas en el claustro final del curso 2017-18 - IES LA MADRAZA\" \/>\n<meta property=\"og:description\" content=\"IES La Madraza\" \/>\n<meta property=\"og:url\" content=\"https:\/\/ieslamadraza.com\/wp\/informe-del-programa-ecoescuelas-en-el-claustro-final-del-curso-2017-18\/\" \/>\n<meta property=\"og:site_name\" content=\"IES LA MADRAZA\" \/>\n<meta property=\"article:publisher\" content=\"https:\/\/www.facebook.com\/ieslamadraza\/\" \/>\n<meta property=\"article:published_time\" content=\"2018-06-29T15:52:09+00:00\" \/>\n<meta property=\"og:image\" content=\"https:\/\/ieslamadraza.com\/wp\/wp-content\/img\/2020\/09\/logopequeno-.png\" \/>\n\t<meta property=\"og:image:width\" content=\"150\" \/>\n\t<meta property=\"og:image:height\" content=\"150\" \/>\n\t<meta property=\"og:image:type\" content=\"image\/png\" \/>\n<meta name=\"author\" content=\"Pablo Acosta Robles\" \/>\n<meta name=\"twitter:card\" content=\"summary_large_image\" \/>\n<meta name=\"twitter:creator\" content=\"@MadrazaLa\" \/>\n<meta name=\"twitter:site\" content=\"@MadrazaLa\" \/>\n<meta name=\"twitter:label1\" content=\"Escrito por\" \/>\n\t<meta name=\"twitter:data1\" content=\"Pablo Acosta Robles\" \/>\n\t<meta name=\"twitter:label2\" content=\"Tiempo de lectura\" \/>\n\t<meta name=\"twitter:data2\" content=\"1 minuto\" \/>\n<script type=\"application\/ld+json\" class=\"yoast-schema-graph\">{\"@context\":\"https:\\\/\\\/schema.org\",\"@graph\":[{\"@type\":\"Article\",\"@id\":\"https:\\\/\\\/ieslamadraza.com\\\/wp\\\/informe-del-programa-ecoescuelas-en-el-claustro-final-del-curso-2017-18\\\/#article\",\"isPartOf\":{\"@id\":\"https:\\\/\\\/ieslamadraza.com\\\/wp\\\/informe-del-programa-ecoescuelas-en-el-claustro-final-del-curso-2017-18\\\/\"},\"author\":{\"name\":\"Pablo Acosta Robles\",\"@id\":\"https:\\\/\\\/ieslamadraza.com\\\/wp\\\/#\\\/schema\\\/person\\\/d18d75ada99363ede30eade0c7b383d0\"},\"headline\":\"Informe del Programa Ecoescuelas en el claustro final del curso 2017-18\",\"datePublished\":\"2018-06-29T15:52:09+00:00\",\"mainEntityOfPage\":{\"@id\":\"https:\\\/\\\/ieslamadraza.com\\\/wp\\\/informe-del-programa-ecoescuelas-en-el-claustro-final-del-curso-2017-18\\\/\"},\"wordCount\":240,\"commentCount\":0,\"publisher\":{\"@id\":\"https:\\\/\\\/ieslamadraza.com\\\/wp\\\/#organization\"},\"articleSection\":[\"ECOESCUELA\"],\"inLanguage\":\"es\",\"potentialAction\":[{\"@type\":\"CommentAction\",\"name\":\"Comment\",\"target\":[\"https:\\\/\\\/ieslamadraza.com\\\/wp\\\/informe-del-programa-ecoescuelas-en-el-claustro-final-del-curso-2017-18\\\/#respond\"]}]},{\"@type\":\"WebPage\",\"@id\":\"https:\\\/\\\/ieslamadraza.com\\\/wp\\\/informe-del-programa-ecoescuelas-en-el-claustro-final-del-curso-2017-18\\\/\",\"url\":\"https:\\\/\\\/ieslamadraza.com\\\/wp\\\/informe-del-programa-ecoescuelas-en-el-claustro-final-del-curso-2017-18\\\/\",\"name\":\"Informe del Programa Ecoescuelas en el claustro final del curso 2017-18 - IES LA MADRAZA\",\"isPartOf\":{\"@id\":\"https:\\\/\\\/ieslamadraza.com\\\/wp\\\/#website\"},\"datePublished\":\"2018-06-29T15:52:09+00:00\",\"description\":\"IES La Madraza\",\"breadcrumb\":{\"@id\":\"https:\\\/\\\/ieslamadraza.com\\\/wp\\\/informe-del-programa-ecoescuelas-en-el-claustro-final-del-curso-2017-18\\\/#breadcrumb\"},\"inLanguage\":\"es\",\"potentialAction\":[{\"@type\":\"ReadAction\",\"target\":[\"https:\\\/\\\/ieslamadraza.com\\\/wp\\\/informe-del-programa-ecoescuelas-en-el-claustro-final-del-curso-2017-18\\\/\"]}]},{\"@type\":\"BreadcrumbList\",\"@id\":\"https:\\\/\\\/ieslamadraza.com\\\/wp\\\/informe-del-programa-ecoescuelas-en-el-claustro-final-del-curso-2017-18\\\/#breadcrumb\",\"itemListElement\":[{\"@type\":\"ListItem\",\"position\":1,\"name\":\"Portada\",\"item\":\"https:\\\/\\\/ieslamadraza.com\\\/wp\\\/\"},{\"@type\":\"ListItem\",\"position\":2,\"name\":\"Informe del Programa Ecoescuelas en el claustro final del curso 2017-18\"}]},{\"@type\":\"WebSite\",\"@id\":\"https:\\\/\\\/ieslamadraza.com\\\/wp\\\/#website\",\"url\":\"https:\\\/\\\/ieslamadraza.com\\\/wp\\\/\",\"name\":\"IES LA MADRAZA\",\"description\":\"Instituto de Ense\u00f1anza Secundaria de Granada (Espa\u00f1a)\",\"publisher\":{\"@id\":\"https:\\\/\\\/ieslamadraza.com\\\/wp\\\/#organization\"},\"alternateName\":\"Inicio - IES LA MADRAZA\",\"potentialAction\":[{\"@type\":\"SearchAction\",\"target\":{\"@type\":\"EntryPoint\",\"urlTemplate\":\"https:\\\/\\\/ieslamadraza.com\\\/wp\\\/?s={search_term_string}\"},\"query-input\":{\"@type\":\"PropertyValueSpecification\",\"valueRequired\":true,\"valueName\":\"search_term_string\"}}],\"inLanguage\":\"es\"},{\"@type\":\"Organization\",\"@id\":\"https:\\\/\\\/ieslamadraza.com\\\/wp\\\/#organization\",\"name\":\"IES La Madraza -Instituto de Ense\u00f1anza Secundaria - Granada\",\"alternateName\":\"IES La Madraza -Instituto de Ense\u00f1anza Secundaria - Granada\",\"url\":\"https:\\\/\\\/ieslamadraza.com\\\/wp\\\/\",\"logo\":{\"@type\":\"ImageObject\",\"inLanguage\":\"es\",\"@id\":\"https:\\\/\\\/ieslamadraza.com\\\/wp\\\/#\\\/schema\\\/logo\\\/image\\\/\",\"url\":\"https:\\\/\\\/ieslamadraza.com\\\/wp\\\/wp-content\\\/img\\\/2025\\\/10\\\/logo.jpeg\",\"contentUrl\":\"https:\\\/\\\/ieslamadraza.com\\\/wp\\\/wp-content\\\/img\\\/2025\\\/10\\\/logo.jpeg\",\"width\":225,\"height\":225,\"caption\":\"IES La Madraza -Instituto de Ense\u00f1anza Secundaria - Granada\"},\"image\":{\"@id\":\"https:\\\/\\\/ieslamadraza.com\\\/wp\\\/#\\\/schema\\\/logo\\\/image\\\/\"},\"sameAs\":[\"https:\\\/\\\/www.facebook.com\\\/ieslamadraza\\\/\",\"https:\\\/\\\/x.com\\\/MadrazaLa\",\"https:\\\/\\\/www.instagram.com\\\/institutolamadraza\\\/\"]},{\"@type\":\"Person\",\"@id\":\"https:\\\/\\\/ieslamadraza.com\\\/wp\\\/#\\\/schema\\\/person\\\/d18d75ada99363ede30eade0c7b383d0\",\"name\":\"Pablo Acosta Robles\",\"image\":{\"@type\":\"ImageObject\",\"inLanguage\":\"es\",\"@id\":\"https:\\\/\\\/secure.gravatar.com\\\/avatar\\\/de366d44c0d2f7406ad434f0c9650ee7d0d2a7258b6f1a511aa8345445bb21b5?s=96&d=mm&r=g\",\"url\":\"https:\\\/\\\/secure.gravatar.com\\\/avatar\\\/de366d44c0d2f7406ad434f0c9650ee7d0d2a7258b6f1a511aa8345445bb21b5?s=96&d=mm&r=g\",\"contentUrl\":\"https:\\\/\\\/secure.gravatar.com\\\/avatar\\\/de366d44c0d2f7406ad434f0c9650ee7d0d2a7258b6f1a511aa8345445bb21b5?s=96&d=mm&r=g\",\"caption\":\"Pablo Acosta Robles\"},\"url\":\"https:\\\/\\\/ieslamadraza.com\\\/wp\\\/author\\\/pablo\\\/\"}]}<\/script>\n<!-- \/ Yoast SEO plugin. -->","yoast_head_json":{"title":"Informe del Programa Ecoescuelas en el claustro final del curso 2017-18 - IES LA MADRAZA","description":"IES La Madraza","robots":{"index":"index","follow":"follow","max-snippet":"max-snippet:-1","max-image-preview":"max-image-preview:large","max-video-preview":"max-video-preview:-1"},"canonical":"https:\/\/ieslamadraza.com\/wp\/informe-del-programa-ecoescuelas-en-el-claustro-final-del-curso-2017-18\/","og_locale":"es_ES","og_type":"article","og_title":"Informe del Programa Ecoescuelas en el claustro final del curso 2017-18 - IES LA MADRAZA","og_description":"IES La Madraza","og_url":"https:\/\/ieslamadraza.com\/wp\/informe-del-programa-ecoescuelas-en-el-claustro-final-del-curso-2017-18\/","og_site_name":"IES LA MADRAZA","article_publisher":"https:\/\/www.facebook.com\/ieslamadraza\/","article_published_time":"2018-06-29T15:52:09+00:00","og_image":[{"width":150,"height":150,"url":"https:\/\/ieslamadraza.com\/wp\/wp-content\/img\/2020\/09\/logopequeno-.png","type":"image\/png"}],"author":"Pablo Acosta Robles","twitter_card":"summary_large_image","twitter_creator":"@MadrazaLa","twitter_site":"@MadrazaLa","twitter_misc":{"Escrito por":"Pablo Acosta Robles","Tiempo de lectura":"1 minuto"},"schema":{"@context":"https:\/\/schema.org","@graph":[{"@type":"Article","@id":"https:\/\/ieslamadraza.com\/wp\/informe-del-programa-ecoescuelas-en-el-claustro-final-del-curso-2017-18\/#article","isPartOf":{"@id":"https:\/\/ieslamadraza.com\/wp\/informe-del-programa-ecoescuelas-en-el-claustro-final-del-curso-2017-18\/"},"author":{"name":"Pablo Acosta Robles","@id":"https:\/\/ieslamadraza.com\/wp\/#\/schema\/person\/d18d75ada99363ede30eade0c7b383d0"},"headline":"Informe del Programa Ecoescuelas en el claustro final del curso 2017-18","datePublished":"2018-06-29T15:52:09+00:00","mainEntityOfPage":{"@id":"https:\/\/ieslamadraza.com\/wp\/informe-del-programa-ecoescuelas-en-el-claustro-final-del-curso-2017-18\/"},"wordCount":240,"commentCount":0,"publisher":{"@id":"https:\/\/ieslamadraza.com\/wp\/#organization"},"articleSection":["ECOESCUELA"],"inLanguage":"es","potentialAction":[{"@type":"CommentAction","name":"Comment","target":["https:\/\/ieslamadraza.com\/wp\/informe-del-programa-ecoescuelas-en-el-claustro-final-del-curso-2017-18\/#respond"]}]},{"@type":"WebPage","@id":"https:\/\/ieslamadraza.com\/wp\/informe-del-programa-ecoescuelas-en-el-claustro-final-del-curso-2017-18\/","url":"https:\/\/ieslamadraza.com\/wp\/informe-del-programa-ecoescuelas-en-el-claustro-final-del-curso-2017-18\/","name":"Informe del Programa Ecoescuelas en el claustro final del curso 2017-18 - IES LA MADRAZA","isPartOf":{"@id":"https:\/\/ieslamadraza.com\/wp\/#website"},"datePublished":"2018-06-29T15:52:09+00:00","description":"IES La Madraza","breadcrumb":{"@id":"https:\/\/ieslamadraza.com\/wp\/informe-del-programa-ecoescuelas-en-el-claustro-final-del-curso-2017-18\/#breadcrumb"},"inLanguage":"es","potentialAction":[{"@type":"ReadAction","target":["https:\/\/ieslamadraza.com\/wp\/informe-del-programa-ecoescuelas-en-el-claustro-final-del-curso-2017-18\/"]}]},{"@type":"BreadcrumbList","@id":"https:\/\/ieslamadraza.com\/wp\/informe-del-programa-ecoescuelas-en-el-claustro-final-del-curso-2017-18\/#breadcrumb","itemListElement":[{"@type":"ListItem","position":1,"name":"Portada","item":"https:\/\/ieslamadraza.com\/wp\/"},{"@type":"ListItem","position":2,"name":"Informe del Programa Ecoescuelas en el claustro final del curso 2017-18"}]},{"@type":"WebSite","@id":"https:\/\/ieslamadraza.com\/wp\/#website","url":"https:\/\/ieslamadraza.com\/wp\/","name":"IES LA MADRAZA","description":"Instituto de Ense\u00f1anza Secundaria de Granada (Espa\u00f1a)","publisher":{"@id":"https:\/\/ieslamadraza.com\/wp\/#organization"},"alternateName":"Inicio - IES LA MADRAZA","potentialAction":[{"@type":"SearchAction","target":{"@type":"EntryPoint","urlTemplate":"https:\/\/ieslamadraza.com\/wp\/?s={search_term_string}"},"query-input":{"@type":"PropertyValueSpecification","valueRequired":true,"valueName":"search_term_string"}}],"inLanguage":"es"},{"@type":"Organization","@id":"https:\/\/ieslamadraza.com\/wp\/#organization","name":"IES La Madraza -Instituto de Ense\u00f1anza Secundaria - Granada","alternateName":"IES La Madraza -Instituto de Ense\u00f1anza Secundaria - Granada","url":"https:\/\/ieslamadraza.com\/wp\/","logo":{"@type":"ImageObject","inLanguage":"es","@id":"https:\/\/ieslamadraza.com\/wp\/#\/schema\/logo\/image\/","url":"https:\/\/ieslamadraza.com\/wp\/wp-content\/img\/2025\/10\/logo.jpeg","contentUrl":"https:\/\/ieslamadraza.com\/wp\/wp-content\/img\/2025\/10\/logo.jpeg","width":225,"height":225,"caption":"IES La Madraza -Instituto de Ense\u00f1anza Secundaria - Granada"},"image":{"@id":"https:\/\/ieslamadraza.com\/wp\/#\/schema\/logo\/image\/"},"sameAs":["https:\/\/www.facebook.com\/ieslamadraza\/","https:\/\/x.com\/MadrazaLa","https:\/\/www.instagram.com\/institutolamadraza\/"]},{"@type":"Person","@id":"https:\/\/ieslamadraza.com\/wp\/#\/schema\/person\/d18d75ada99363ede30eade0c7b383d0","name":"Pablo Acosta Robles","image":{"@type":"ImageObject","inLanguage":"es","@id":"https:\/\/secure.gravatar.com\/avatar\/de366d44c0d2f7406ad434f0c9650ee7d0d2a7258b6f1a511aa8345445bb21b5?s=96&d=mm&r=g","url":"https:\/\/secure.gravatar.com\/avatar\/de366d44c0d2f7406ad434f0c9650ee7d0d2a7258b6f1a511aa8345445bb21b5?s=96&d=mm&r=g","contentUrl":"https:\/\/secure.gravatar.com\/avatar\/de366d44c0d2f7406ad434f0c9650ee7d0d2a7258b6f1a511aa8345445bb21b5?s=96&d=mm&r=g","caption":"Pablo Acosta Robles"},"url":"https:\/\/ieslamadraza.com\/wp\/author\/pablo\/"}]}},"_links":{"self":[{"href":"https:\/\/ieslamadraza.com\/wp\/wp-json\/wp\/v2\/posts\/2476","targetHints":{"allow":["GET"]}}],"collection":[{"href":"https:\/\/ieslamadraza.com\/wp\/wp-json\/wp\/v2\/posts"}],"about":[{"href":"https:\/\/ieslamadraza.com\/wp\/wp-json\/wp\/v2\/types\/post"}],"author":[{"embeddable":true,"href":"https:\/\/ieslamadraza.com\/wp\/wp-json\/wp\/v2\/users\/3"}],"replies":[{"embeddable":true,"href":"https:\/\/ieslamadraza.com\/wp\/wp-json\/wp\/v2\/comments?post=2476"}],"version-history":[{"count":0,"href":"https:\/\/ieslamadraza.com\/wp\/wp-json\/wp\/v2\/posts\/2476\/revisions"}],"wp:attachment":[{"href":"https:\/\/ieslamadraza.com\/wp\/wp-json\/wp\/v2\/media?parent=2476"}],"wp:term":[{"taxonomy":"category","embeddable":true,"href":"https:\/\/ieslamadraza.com\/wp\/wp-json\/wp\/v2\/categories?post=2476"},{"taxonomy":"post_tag","embeddable":true,"href":"https:\/\/ieslamadraza.com\/wp\/wp-json\/wp\/v2\/tags?post=2476"}],"curies":[{"name":"wp","href":"https:\/\/api.w.org\/{rel}","templated":true}]}}