{"id":2471,"date":"2018-06-20T20:03:18","date_gmt":"2018-06-20T18:03:18","guid":{"rendered":"http:\/\/ieslamadraza.com\/wp\/talleres-creativos\/"},"modified":"2019-08-30T20:32:03","modified_gmt":"2019-08-30T18:32:03","slug":"talleres-creativos","status":"publish","type":"post","link":"https:\/\/ieslamadraza.com\/wp\/talleres-creativos\/","title":{"rendered":"TALLERES CREATIVOS"},"content":{"rendered":"<div style=\"text-align: justify;\">El horario de los tres primeros cursos  de la ESO se ha organizado de forma que incluye una hora semanal  dedicada a \u00abtalleres\u00bb con los que se pretende fomentar la expresi\u00f3n, la  creatividad, la sensibilidad y ciertas habilidades poco presentes en la  vida acad\u00e9mica, todo ello en grupos m\u00e1s peque\u00f1os y en un clima relajado  que favorezca la convivencia y la comunicaci\u00f3n. El profesor Octavio  Mart\u00ednez promueve y coordina este programa.<\/div>\n<div><\/div>\n<div><span style=\"color: #ffffff;\">.<\/span><\/div>\n<div style=\"text-align: justify;\"><span style=\"color: #339966;\"><span style=\"background-color: #ffffff;\"><span style=\"font-size: 12pt;\"><strong>Talleres de 1\u00baESO:<\/strong><\/span><\/span><\/span><\/div>\n<div>\n<div>\n<ul>\n<li>\n<div style=\"text-align: justify;\"><strong>\u00abAjedrez e Historia\u00bb impartido por el profesor Sergio L\u00f3pez.<\/strong> Este taller ha tenido un car\u00e1cter trimestral y en \u00e9l los alumnos han ido aprendiendo desde las normas m\u00e1s b\u00e1sicas hasta algunas jugadas m\u00e1s complejas que les han permitido controlar el desarrollo de las partidas. El programa desarrollado en este taller ha sido:<\/div>\n<\/li>\n<\/ul>\n<blockquote>\n<ul>\n<li>Or\u00edgenes del ajedrez, historia  y evoluci\u00f3n del juego.<\/li>\n<li>Normas b\u00e1sicas: colocaci\u00f3n del tablero y las piezas.<\/li>\n<li>Nombre de cada pieza  (espa\u00f1ol e ingl\u00e9s) y movimientos.<\/li>\n<li>Jugadas de apertura.<\/li>\n<li>Jugadas de defensa: enroque, defensa india.<\/li>\n<li>Jugadas de ataque: clavado, pincho, descubierta, tenedor.<\/li>\n<li>Personajes hist\u00f3ricos a partir de las piezas.<\/li>\n<\/ul>\n<div style=\"text-align: justify;\">En este \u00faltimo apartado de Historia hemos relacionado cada una de las piezas con personajes hist\u00f3ricos y los alumnos han trabajado sobre su historia, haciendo una peque\u00f1a biograf\u00eda de cada una y exponi\u00e9ndola en clase. La din\u00e1mica de cada clase ha consistido en la explicaci\u00f3n de una jugada, exposici\u00f3n de alg\u00fan personaje por parte de los alumnos y partidas entre ellos.<\/div>\n<div style=\"text-align: justify;\">Cada trimestre ha concluido con un torneo entre los alumnos con el fin de poner a prueba los conocimientos de cada uno y practicar cada una de las jugadas y movimientos aprendidos. El taller ha ayudado a desarrollar la atenci\u00f3n y concentraci\u00f3n de los alumnos en un ambiente general de silencio y al mismo tiempo a conocer el juego y la Historia a trav\u00e9s de algunos de sus personajes.<\/div>\n<\/blockquote><\/div>\n<div>\n<blockquote>\n<p style=\"text-align: center;\">\n<\/blockquote>\n<ul>\n<li>\u00abTaller de Astronom\u00eda\u00bb impartido por el profesor Octavio Mart\u00ednez.<\/li>\n<li style=\"text-align: justify;\">\u00ab<strong>Taller de naturaleza\u00bb impartido por el profesor Pablo Acosta<\/strong>. Este taller se desarrolla en el jard\u00edn bot\u00e1nico, la charca, el vivero y el huerto escolar. Ver v\u00eddeos de los cursos&nbsp;<a target=\"_blank\" href=\"https:\/\/www.youtube.com\/watch?v=woSq6Xr0fU0&amp;feature=youtu.be\" rel=\"noopener noreferrer\">2016-17<\/a>,&nbsp;del&nbsp;<a target=\"_blank\" href=\"https:\/\/www.youtube.com\/watch?v=vrSO9U346R4&amp;feature=youtu.be\" rel=\"noopener noreferrer\">2017-18<\/a>&nbsp;y del <a href=\"https:\/\/youtu.be\/gIXpCMMzdhU\" target=\"_blank\" rel=\"noopener noreferrer\">2018-19<\/a>.<\/li>\n<\/ul><\/div>\n<p style=\"text-align: center;\"> <object height=\"195\" width=\"268\" codebase=\"http:\/\/download.macromedia.com\/pub\/shockwave\/cabs\/flash\/swflash.cab#version=10,0,32,18\" classid=\"clsid:d27cdb6e-ae6d-11cf-96b8-444553540000\"><param name=\"allowFullScreen\" value=\"true\" \/><param name=\"allowscriptaccess\" value=\"always\" \/><param name=\"src\" value=\"http:\/\/www.youtube.com\/v\/gIXpCMMzdhU?version=3&amp;hl=es_ES\" \/><embed height=\"195\" width=\"268\" src=\"http:\/\/www.youtube.com\/v\/gIXpCMMzdhU?version=3&amp;hl=es_ES\" allowscriptaccess=\"always\" allowfullscreen=\"true\" type=\"application\/x-shockwave-flash\">&nbsp;<\/embed><\/object> <\/p>\n<div>\n<ul>\n<li>&nbsp;<strong>\u00abExpresi\u00f3n corporal, improvisaciones y juego dram\u00e1tico\u00bb impartido por la profesora Elena Garc\u00eda Mar\u00edn.<\/strong><span style=\"text-align: justify;\"> La metodolog\u00eda empleada en este taller para el fomento de la creatividad ha sido una metodolog\u00eda l\u00fadico-teatral que ha consistido en juegos de integraci\u00f3n, conocimiento del propio cuerpo y del de los dem\u00e1s, confianza, distensi\u00f3n, sentido del movimiento, vocalizaci\u00f3n, psicomotricidad, m\u00edmica, expresi\u00f3n gestual, expresi\u00f3n oral, improvisaciones y juego dram\u00e1tico para lograr diferentes objetivos como el desarrollo de la creatividad mediante la desinhibici\u00f3n y el disfrute el descubrimiento de las emociones junto a las sensaciones f\u00edsicas, desarrollar habilidades sociales en las improvisaciones teatrales, desarrollar la expresi\u00f3n corporal y oral, tomar conciencia de tu cuerpo y del de los dem\u00e1s desde una actitud de respeto, consolidar la integraci\u00f3n en el grupo-clase y fomentar la participaci\u00f3n y la cooperaci\u00f3n, aumentar la autoestima, ganar confianza y desarrollar el af\u00e1n de superaci\u00f3n y aprender a resolver conflictos mediante la b\u00fasqueda de otras soluciones.<\/span><a style=\"text-align: justify;\" href=\"https:\/\/youtu.be\/YBPpu-TNir8\"> VER VIDEO<\/a> <\/li>\n<\/ul>\n<p style=\"text-align: center;\"><a href=\"https:\/\/youtu.be\/YBPpu-TNir8\"><img decoding=\"async\" data-src=\"images\/stories\/2018_06_26%20teatro.png\" style=\"--smush-placeholder-width: 292px; --smush-placeholder-aspect-ratio: 292\/161;margin-top: 8px; margin-bottom: 8px;\" width=\"292\" height=\"161\" src=\"data:image\/svg+xml;base64,PHN2ZyB3aWR0aD0iMSIgaGVpZ2h0PSIxIiB4bWxucz0iaHR0cDovL3d3dy53My5vcmcvMjAwMC9zdmciPjwvc3ZnPg==\" class=\"lazyload\" \/><\/a><\/p>\n<ul>\n<li>\u00abReciclando materiales\u00bb impartido por la profesora M\u00aa Carmen Romero.<\/li>\n<\/ul><\/div>\n<p style=\"text-align: center;\"> <object height=\"168\" width=\"295\" codebase=\"http:\/\/download.macromedia.com\/pub\/shockwave\/cabs\/flash\/swflash.cab#version=10,0,32,18\" classid=\"clsid:d27cdb6e-ae6d-11cf-96b8-444553540000\"><param name=\"allowFullScreen\" value=\"true\" \/><param name=\"allowscriptaccess\" value=\"always\" \/><param name=\"src\" value=\"http:\/\/www.youtube.com\/v\/\" \/><embed height=\"168\" width=\"295\" src=\"http:\/\/www.youtube.com\/v\/\" allowscriptaccess=\"always\" allowfullscreen=\"true\" type=\"application\/x-shockwave-flash\"><\/embed><\/object> <\/p>\n<p style=\"text-align: center;\"> <object height=\"195\" width=\"168\" codebase=\"http:\/\/download.macromedia.com\/pub\/shockwave\/cabs\/flash\/swflash.cab#version=10,0,32,18\" classid=\"clsid:d27cdb6e-ae6d-11cf-96b8-444553540000\"><param name=\"allowFullScreen\" value=\"true\" \/><param name=\"allowscriptaccess\" value=\"always\" \/><param name=\"src\" value=\"http:\/\/www.youtube.com\/v\/\" \/><embed height=\"195\" width=\"168\" src=\"http:\/\/www.youtube.com\/v\/\" allowscriptaccess=\"always\" allowfullscreen=\"true\" type=\"application\/x-shockwave-flash\"><\/embed><\/object> <\/p>\n<p style=\"text-align: justify;\"><span style=\"font-size: 12pt;\"><span style=\"color: #339966;\"><strong>Talleres de 2\u00baESO:<\/strong><\/span><\/span><\/p>\n<div style=\"text-align: justify;\">\n<ul>\n<li><strong>\u00abNos divertimos con el teatro\u00bb impartido por el profesor Nicol\u00e1s Crespo.<\/strong> \u00c9ste es el segundo a\u00f1o que desarrollamos el presente taller destinado al alumnado de segundo de la ESO de forma trimestral. Hemos cre\u00eddo necesario acercar a nuestros alumnos a esta rama de las artes esc\u00e9nicas desde una perspectiva l\u00fadica y motivadora. Trabajando desde una \u00f3ptica m\u00e1s activa y pr\u00e1ctica hemos suscitado el inter\u00e9s en el alumnado por este g\u00e9nero literario y a partir de aqu\u00ed hemos hecho hincapi\u00e9 en la importancia de diferentes obras, escritores y c\u00f3mo no de la relevancia de una adecuada expresi\u00f3n oral y corporal. En nuestras sesiones el alumnado ha realizado juegos y din\u00e1micas de grupo, visionado y representado parodias, se ha hecho m\u00edmica, debates, recitales de poemas, mon\u00f3logos y como tarea final se han representado peque\u00f1as funciones teatrales, unas con guiones elaborados por el alumnado y otras con guiones creados por el profesorado.&nbsp; <\/li>\n<\/ul>\n<p style=\"text-align: center;\"><img decoding=\"async\" class=\"size-full wp-image-3154 lazyload\" data-src=\"https:\/\/ieslamadraza.com\/wp\/wp-content\/uploads\/2018\/06\/48545635a10efb5b6c205d2edb42740f.png\" style=\"--smush-placeholder-width: 156px; --smush-placeholder-aspect-ratio: 156\/156;margin-top: 8px; margin-bottom: 8px;\" width=\"156\" height=\"156\" data-srcset=\"https:\/\/ieslamadraza.com\/wp\/wp-content\/img\/2018\/06\/48545635a10efb5b6c205d2edb42740f.png 800w, https:\/\/ieslamadraza.com\/wp\/wp-content\/img\/2018\/06\/48545635a10efb5b6c205d2edb42740f-150x150.png 150w, https:\/\/ieslamadraza.com\/wp\/wp-content\/img\/2018\/06\/48545635a10efb5b6c205d2edb42740f-300x300.png 300w, https:\/\/ieslamadraza.com\/wp\/wp-content\/img\/2018\/06\/48545635a10efb5b6c205d2edb42740f-768x768.png 768w\" data-sizes=\"(max-width: 156px) 100vw, 156px\" src=\"data:image\/svg+xml;base64,PHN2ZyB3aWR0aD0iMSIgaGVpZ2h0PSIxIiB4bWxucz0iaHR0cDovL3d3dy53My5vcmcvMjAwMC9zdmciPjwvc3ZnPg==\" \/><\/p>\n<ul>\n<li><strong>\u00abTaller de flamenco y Folclore en Andaluc\u00eda\u00bb impartido por la profesora Mar\u00eda Jos\u00e9 Fern\u00e1ndez.<\/strong> Se imparte trimestralmente durante una hora semanal y se adaptada a las caracter\u00edsticas del alumnado de 2\u00ba E.S.O. del I.E.S \u201cLa Madraza\u201d de Granada. En cada trimestre el &nbsp;alumnado&nbsp; cambia, &nbsp;por tanto a\u00fan siendo del mismo nivel de 2\u00ba E.S.O. se tendr\u00e1 en cuenta &nbsp;sus diferentes caracter\u00edsticas, habilidades o preferencias, observando&nbsp; y sondeando con los alumnos para adecuarse todo lo posible a ellos.&nbsp;Adem\u00e1s se tendr\u00e1 &nbsp;presente el trimestre en que se imparte, ya que es fundamental para el taller las festividades tradicionales de Andaluc\u00eda, que seg\u00fan la \u00e9poca del a\u00f1o, mes, incluso provincia, pueblos o zonas de la misma, son peculiares &nbsp;y muy ricas tanto en costumbres, comidas, como&nbsp; en &nbsp;cantos, bailes, instrumentos que acompa\u00f1an, vestuario,&nbsp; rituales y un largo etc.&nbsp;<span style=\"text-decoration: underline;\">En los tres trimestres comenzaremos con tres secciones comunes:<\/span> En la <span style=\"text-decoration: underline;\">primera:<\/span> se realizar\u00e1 el acercamiento, estudio y sondeo de habilidades y preferencias del alumnado, una <span style=\"text-decoration: underline;\">segunda<\/span> donde se les ofrece la parte te\u00f3rica com\u00fan del Taller&nbsp; y en&nbsp; la <span style=\"text-decoration: underline;\">tercera<\/span>, la teor\u00eda y pr\u00e1ctica del&nbsp; taller se adaptar\u00eda a la \u00e9poca del a\u00f1o y festividades tradicionales de nuestra entorno&nbsp; a celebrar. En el resto de secciones de cada trimestre, desarrollaremos las actividades propuestas tanto en cantos o cante con sus letras como en diferentes ritmos y bailes, o en &nbsp;el toque con la diversidad de instrumentos&nbsp; e instrumentistas tradicionales andaluces y del mundo.<\/li>\n<\/ul>\n<p style=\"text-align: center;\"><img decoding=\"async\" data-src=\"images\/stories\/2018_06_26%20taller.png\" style=\"--smush-placeholder-width: 181px; --smush-placeholder-aspect-ratio: 181\/220;margin-top: 8px; margin-bottom: 8px;\" width=\"181\" height=\"220\" src=\"data:image\/svg+xml;base64,PHN2ZyB3aWR0aD0iMSIgaGVpZ2h0PSIxIiB4bWxucz0iaHR0cDovL3d3dy53My5vcmcvMjAwMC9zdmciPjwvc3ZnPg==\" class=\"lazyload\" \/><\/p>\n<ul>\n<li><strong>\u00abGlobal warming\u00bb impartido por el profesor Antonio Jim\u00e9nez.<\/strong> <a href=\"images\/stories\/2018_06_24%20Secuencia_GLOBAL_WARMING.pdf\">VER UNIDAD DID\u00c1CTICA<\/a><\/li>\n<\/ul><\/div>\n<p style=\"text-align: center;\"><a href=\"images\/stories\/2018_06_24%20Secuencia_GLOBAL_WARMING.pdf\"><img decoding=\"async\" data-src=\"images\/stories\/2018_06_24%20global%20warming.png\" width=\"149\" height=\"197\" src=\"data:image\/svg+xml;base64,PHN2ZyB3aWR0aD0iMSIgaGVpZ2h0PSIxIiB4bWxucz0iaHR0cDovL3d3dy53My5vcmcvMjAwMC9zdmciPjwvc3ZnPg==\" class=\"lazyload\" style=\"--smush-placeholder-width: 149px; --smush-placeholder-aspect-ratio: 149\/197;\" \/><\/a><\/p>\n<div style=\"text-align: justify;\">\n<ul>\n<li>\u00abIniciaci\u00f3n a las TIC\u00bb impartido por el profesor Miguel S\u00e1ez.<\/li>\n<\/ul><\/div>\n<p style=\"text-align: justify;\"><span style=\"color: #339966;\"><span style=\"font-size: 12pt;\"><strong>Talleres de 3\u00baESO:<\/strong><\/span><\/span><\/p>\n<ul>\n<li>\n<div style=\"text-align: justify;\">\u00abTaller de traducci\u00f3n\u00bb impartido por el profesor Ignacio Mendiguch\u00eda.<\/div>\n<\/li>\n<li>\n<div style=\"text-align: justify;\"><strong>\u00ab\u00bfC\u00f3mo resisten la sequ\u00eda nuestras plantas\u00bb impartido por la profesora Pilar Fern\u00e1ndez. <\/strong>El alumnado va descubriendo aquellas adaptaciones morfologicas y  fisiol\u00f3gicas de las plantas de nuestro entorno que les permiten soportar  las peculiaridades del clima mediterr\u00e1neo. Se toman como modelo las  plantas del jard\u00edn bot\u00e1nico de nuestro IES para realizar observaciones  al microscopio, destilaci\u00f3n de aceites esenciales, t\u00e9cnicas de prensado  para conservaci\u00f3n de ejemplares, extraccion de pigmentos y  determinaci\u00f3n taxon\u00f3mica con claves dicot\u00f3micas. <a href=\"images\/stories\/2018_06_30%20taller%20pilar2.pdf\">VER FOTOS<\/a><\/div>\n<\/li>\n<\/ul>\n<p style=\"text-align: center;\"><a href=\"images\/stories\/2018_06_30%20taller%20pilar2.pdf\"><img decoding=\"async\" data-src=\"images\/stories\/2018_06_27%20taller.jpg\" style=\"--smush-placeholder-width: 247px; --smush-placeholder-aspect-ratio: 247\/184;margin-top: 8px; margin-bottom: 8px;\" width=\"247\" height=\"184\" src=\"data:image\/svg+xml;base64,PHN2ZyB3aWR0aD0iMSIgaGVpZ2h0PSIxIiB4bWxucz0iaHR0cDovL3d3dy53My5vcmcvMjAwMC9zdmciPjwvc3ZnPg==\" class=\"lazyload\" \/><\/a><\/p>\n<div style=\"text-align: justify;\">\n<ul>\n<li><strong>\u00abConoce tu barrio\u00bb impartido por el profesor Pablo Acosta<\/strong>. El taller ha consistido en recorridos por el barrio Albayda interes\u00e1ndonos por su historia, su urbanismo, las principales instituciones, la vegetaci\u00f3n de sus parques, los nombres de sus calles, los problemas y necesidades que tiene el barrio, etc.&nbsp;<a target=\"_blank\" href=\"https:\/\/youtu.be\/oOiQ9THV70M\" rel=\"noopener noreferrer\">Ver v\u00eddeo<\/a>.<\/li>\n<\/ul><\/div>\n<div style=\"text-align: center;\"> <object height=\"168\" width=\"295\" codebase=\"http:\/\/download.macromedia.com\/pub\/shockwave\/cabs\/flash\/swflash.cab#version=10,0,32,18\" classid=\"clsid:d27cdb6e-ae6d-11cf-96b8-444553540000\"><param name=\"allowFullScreen\" value=\"true\" \/><param name=\"allowscriptaccess\" value=\"always\" \/><param name=\"src\" value=\"http:\/\/www.youtube.com\/v\/oOiQ9THV70M?version=3&amp;hl=es_ES\" \/><embed height=\"168\" width=\"295\" src=\"http:\/\/www.youtube.com\/v\/oOiQ9THV70M?version=3&amp;hl=es_ES\" allowscriptaccess=\"always\" allowfullscreen=\"true\" type=\"application\/x-shockwave-flash\"><\/embed><\/object> <\/div>\n<ul>\n<li>\n<div style=\"text-align: justify;\"><strong>\u00abPintamos la Historia del Arte\u00bb impartido por la profesora Mar\u00eda L\u00f3pez Cabrera. <\/strong><a href=\"https:\/\/www.youtube.com\/watch?v=PV7b0KztFZQ\">VER VIDEO<\/a><\/div>\n<\/li>\n<\/ul>\n<div><\/div>\n<p style=\"text-align: center;\"><a href=\"https:\/\/youtu.be\/PV7b0KztFZQ\"><img decoding=\"async\" data-src=\"images\/stories\/2018_06_21%20taller.png\" width=\"295\" height=\"168\" src=\"data:image\/svg+xml;base64,PHN2ZyB3aWR0aD0iMSIgaGVpZ2h0PSIxIiB4bWxucz0iaHR0cDovL3d3dy53My5vcmcvMjAwMC9zdmciPjwvc3ZnPg==\" class=\"lazyload\" style=\"--smush-placeholder-width: 295px; --smush-placeholder-aspect-ratio: 295\/168;\" \/><\/a><\/p>\n<\/p><\/div>\n","protected":false},"excerpt":{"rendered":"<p>El horario de los tres primeros cursos de la ESO se ha organizado de forma que incluye una hora semanal dedicada a \u00abtalleres\u00bb con los que se pretende fomentar la expresi\u00f3n, la creatividad, la sensibilidad y ciertas habilidades poco presentes en la vida acad\u00e9mica, todo ello en grupos m\u00e1s peque\u00f1os y en un clima relajado [&hellip;]<\/p>\n","protected":false},"author":7,"featured_media":0,"comment_status":"closed","ping_status":"closed","sticky":false,"template":"","format":"standard","meta":{"_et_pb_use_builder":"","_et_pb_old_content":"","_et_gb_content_width":"","_monsterinsights_skip_tracking":false,"_monsterinsights_sitenote_active":false,"_monsterinsights_sitenote_note":"","_monsterinsights_sitenote_category":0,"footnotes":""},"categories":[96,103,101,104],"tags":[],"class_list":["post-2471","post","type-post","status-publish","format-standard","hentry","category-extraescolares","category-erasmus","category-feie","category-creatividad","et-doesnt-have-format-content","et_post_format-et-post-format-standard"],"yoast_head":"<!-- This site is optimized with the Yoast SEO plugin v27.4 - https:\/\/yoast.com\/product\/yoast-seo-wordpress\/ -->\n<title>TALLERES CREATIVOS - IES LA MADRAZA<\/title>\n<meta name=\"description\" content=\"IES La Madraza\" \/>\n<meta name=\"robots\" content=\"index, follow, max-snippet:-1, max-image-preview:large, max-video-preview:-1\" \/>\n<link rel=\"canonical\" href=\"https:\/\/ieslamadraza.com\/wp\/talleres-creativos\/\" \/>\n<meta property=\"og:locale\" content=\"es_ES\" \/>\n<meta property=\"og:type\" content=\"article\" \/>\n<meta property=\"og:title\" content=\"TALLERES CREATIVOS - IES LA MADRAZA\" \/>\n<meta property=\"og:description\" content=\"IES La Madraza\" \/>\n<meta property=\"og:url\" content=\"https:\/\/ieslamadraza.com\/wp\/talleres-creativos\/\" \/>\n<meta property=\"og:site_name\" content=\"IES LA MADRAZA\" \/>\n<meta property=\"article:publisher\" content=\"https:\/\/www.facebook.com\/ieslamadraza\/\" \/>\n<meta property=\"article:published_time\" content=\"2018-06-20T18:03:18+00:00\" \/>\n<meta property=\"article:modified_time\" content=\"2019-08-30T18:32:03+00:00\" \/>\n<meta property=\"og:image\" content=\"https:\/\/ieslamadraza.com\/wp\/wp-content\/uploads\/2018\/06\/48545635a10efb5b6c205d2edb42740f.png\" \/>\n<meta name=\"author\" content=\"admin_IES-laMadraza\" \/>\n<meta name=\"twitter:card\" content=\"summary_large_image\" \/>\n<meta name=\"twitter:creator\" content=\"@MadrazaLa\" \/>\n<meta name=\"twitter:site\" content=\"@MadrazaLa\" \/>\n<meta name=\"twitter:label1\" content=\"Escrito por\" \/>\n\t<meta name=\"twitter:data1\" content=\"admin_IES-laMadraza\" \/>\n\t<meta name=\"twitter:label2\" content=\"Tiempo de lectura\" \/>\n\t<meta name=\"twitter:data2\" content=\"6 minutos\" \/>\n<script type=\"application\/ld+json\" class=\"yoast-schema-graph\">{\"@context\":\"https:\\\/\\\/schema.org\",\"@graph\":[{\"@type\":\"Article\",\"@id\":\"https:\\\/\\\/ieslamadraza.com\\\/wp\\\/talleres-creativos\\\/#article\",\"isPartOf\":{\"@id\":\"https:\\\/\\\/ieslamadraza.com\\\/wp\\\/talleres-creativos\\\/\"},\"author\":{\"name\":\"admin_IES-laMadraza\",\"@id\":\"https:\\\/\\\/ieslamadraza.com\\\/wp\\\/#\\\/schema\\\/person\\\/f80b2662c85d3a875653d8c393c0e24b\"},\"headline\":\"TALLERES CREATIVOS\",\"datePublished\":\"2018-06-20T18:03:18+00:00\",\"dateModified\":\"2019-08-30T18:32:03+00:00\",\"mainEntityOfPage\":{\"@id\":\"https:\\\/\\\/ieslamadraza.com\\\/wp\\\/talleres-creativos\\\/\"},\"wordCount\":1221,\"publisher\":{\"@id\":\"https:\\\/\\\/ieslamadraza.com\\\/wp\\\/#organization\"},\"image\":{\"@id\":\"https:\\\/\\\/ieslamadraza.com\\\/wp\\\/talleres-creativos\\\/#primaryimage\"},\"thumbnailUrl\":\"https:\\\/\\\/ieslamadraza.com\\\/wp\\\/wp-content\\\/uploads\\\/2018\\\/06\\\/48545635a10efb5b6c205d2edb42740f.png\",\"articleSection\":[\"ACT. EXTRAESCOLARES\",\"ERASMUS +\",\"FEIE\",\"TALLERES DE CREATIVIDAD\"],\"inLanguage\":\"es\"},{\"@type\":\"WebPage\",\"@id\":\"https:\\\/\\\/ieslamadraza.com\\\/wp\\\/talleres-creativos\\\/\",\"url\":\"https:\\\/\\\/ieslamadraza.com\\\/wp\\\/talleres-creativos\\\/\",\"name\":\"TALLERES CREATIVOS - IES LA MADRAZA\",\"isPartOf\":{\"@id\":\"https:\\\/\\\/ieslamadraza.com\\\/wp\\\/#website\"},\"primaryImageOfPage\":{\"@id\":\"https:\\\/\\\/ieslamadraza.com\\\/wp\\\/talleres-creativos\\\/#primaryimage\"},\"image\":{\"@id\":\"https:\\\/\\\/ieslamadraza.com\\\/wp\\\/talleres-creativos\\\/#primaryimage\"},\"thumbnailUrl\":\"https:\\\/\\\/ieslamadraza.com\\\/wp\\\/wp-content\\\/uploads\\\/2018\\\/06\\\/48545635a10efb5b6c205d2edb42740f.png\",\"datePublished\":\"2018-06-20T18:03:18+00:00\",\"dateModified\":\"2019-08-30T18:32:03+00:00\",\"description\":\"IES La Madraza\",\"breadcrumb\":{\"@id\":\"https:\\\/\\\/ieslamadraza.com\\\/wp\\\/talleres-creativos\\\/#breadcrumb\"},\"inLanguage\":\"es\",\"potentialAction\":[{\"@type\":\"ReadAction\",\"target\":[\"https:\\\/\\\/ieslamadraza.com\\\/wp\\\/talleres-creativos\\\/\"]}]},{\"@type\":\"ImageObject\",\"inLanguage\":\"es\",\"@id\":\"https:\\\/\\\/ieslamadraza.com\\\/wp\\\/talleres-creativos\\\/#primaryimage\",\"url\":\"https:\\\/\\\/ieslamadraza.com\\\/wp\\\/wp-content\\\/uploads\\\/2018\\\/06\\\/48545635a10efb5b6c205d2edb42740f.png\",\"contentUrl\":\"https:\\\/\\\/ieslamadraza.com\\\/wp\\\/wp-content\\\/uploads\\\/2018\\\/06\\\/48545635a10efb5b6c205d2edb42740f.png\"},{\"@type\":\"BreadcrumbList\",\"@id\":\"https:\\\/\\\/ieslamadraza.com\\\/wp\\\/talleres-creativos\\\/#breadcrumb\",\"itemListElement\":[{\"@type\":\"ListItem\",\"position\":1,\"name\":\"Portada\",\"item\":\"https:\\\/\\\/ieslamadraza.com\\\/wp\\\/\"},{\"@type\":\"ListItem\",\"position\":2,\"name\":\"TALLERES CREATIVOS\"}]},{\"@type\":\"WebSite\",\"@id\":\"https:\\\/\\\/ieslamadraza.com\\\/wp\\\/#website\",\"url\":\"https:\\\/\\\/ieslamadraza.com\\\/wp\\\/\",\"name\":\"IES LA MADRAZA\",\"description\":\"Instituto de Ense\u00f1anza Secundaria de Granada (Espa\u00f1a)\",\"publisher\":{\"@id\":\"https:\\\/\\\/ieslamadraza.com\\\/wp\\\/#organization\"},\"alternateName\":\"Inicio - IES LA MADRAZA\",\"potentialAction\":[{\"@type\":\"SearchAction\",\"target\":{\"@type\":\"EntryPoint\",\"urlTemplate\":\"https:\\\/\\\/ieslamadraza.com\\\/wp\\\/?s={search_term_string}\"},\"query-input\":{\"@type\":\"PropertyValueSpecification\",\"valueRequired\":true,\"valueName\":\"search_term_string\"}}],\"inLanguage\":\"es\"},{\"@type\":\"Organization\",\"@id\":\"https:\\\/\\\/ieslamadraza.com\\\/wp\\\/#organization\",\"name\":\"IES La Madraza -Instituto de Ense\u00f1anza Secundaria - Granada\",\"alternateName\":\"IES La Madraza -Instituto de Ense\u00f1anza Secundaria - Granada\",\"url\":\"https:\\\/\\\/ieslamadraza.com\\\/wp\\\/\",\"logo\":{\"@type\":\"ImageObject\",\"inLanguage\":\"es\",\"@id\":\"https:\\\/\\\/ieslamadraza.com\\\/wp\\\/#\\\/schema\\\/logo\\\/image\\\/\",\"url\":\"https:\\\/\\\/ieslamadraza.com\\\/wp\\\/wp-content\\\/img\\\/2025\\\/10\\\/logo.jpeg\",\"contentUrl\":\"https:\\\/\\\/ieslamadraza.com\\\/wp\\\/wp-content\\\/img\\\/2025\\\/10\\\/logo.jpeg\",\"width\":225,\"height\":225,\"caption\":\"IES La Madraza -Instituto de Ense\u00f1anza Secundaria - Granada\"},\"image\":{\"@id\":\"https:\\\/\\\/ieslamadraza.com\\\/wp\\\/#\\\/schema\\\/logo\\\/image\\\/\"},\"sameAs\":[\"https:\\\/\\\/www.facebook.com\\\/ieslamadraza\\\/\",\"https:\\\/\\\/x.com\\\/MadrazaLa\",\"https:\\\/\\\/www.instagram.com\\\/institutolamadraza\\\/\"]},{\"@type\":\"Person\",\"@id\":\"https:\\\/\\\/ieslamadraza.com\\\/wp\\\/#\\\/schema\\\/person\\\/f80b2662c85d3a875653d8c393c0e24b\",\"name\":\"admin_IES-laMadraza\",\"image\":{\"@type\":\"ImageObject\",\"inLanguage\":\"es\",\"@id\":\"https:\\\/\\\/secure.gravatar.com\\\/avatar\\\/aad8ae5b110afbe2f2e7011bba88e4b5b97b4a632e22255df6b653bdca4d179a?s=96&d=mm&r=g\",\"url\":\"https:\\\/\\\/secure.gravatar.com\\\/avatar\\\/aad8ae5b110afbe2f2e7011bba88e4b5b97b4a632e22255df6b653bdca4d179a?s=96&d=mm&r=g\",\"contentUrl\":\"https:\\\/\\\/secure.gravatar.com\\\/avatar\\\/aad8ae5b110afbe2f2e7011bba88e4b5b97b4a632e22255df6b653bdca4d179a?s=96&d=mm&r=g\",\"caption\":\"admin_IES-laMadraza\"},\"url\":\"https:\\\/\\\/ieslamadraza.com\\\/wp\\\/author\\\/admin_ies-lamadraza\\\/\"}]}<\/script>\n<!-- \/ Yoast SEO plugin. -->","yoast_head_json":{"title":"TALLERES CREATIVOS - IES LA MADRAZA","description":"IES La Madraza","robots":{"index":"index","follow":"follow","max-snippet":"max-snippet:-1","max-image-preview":"max-image-preview:large","max-video-preview":"max-video-preview:-1"},"canonical":"https:\/\/ieslamadraza.com\/wp\/talleres-creativos\/","og_locale":"es_ES","og_type":"article","og_title":"TALLERES CREATIVOS - IES LA MADRAZA","og_description":"IES La Madraza","og_url":"https:\/\/ieslamadraza.com\/wp\/talleres-creativos\/","og_site_name":"IES LA MADRAZA","article_publisher":"https:\/\/www.facebook.com\/ieslamadraza\/","article_published_time":"2018-06-20T18:03:18+00:00","article_modified_time":"2019-08-30T18:32:03+00:00","og_image":[{"url":"https:\/\/ieslamadraza.com\/wp\/wp-content\/uploads\/2018\/06\/48545635a10efb5b6c205d2edb42740f.png","type":"","width":"","height":""}],"author":"admin_IES-laMadraza","twitter_card":"summary_large_image","twitter_creator":"@MadrazaLa","twitter_site":"@MadrazaLa","twitter_misc":{"Escrito por":"admin_IES-laMadraza","Tiempo de lectura":"6 minutos"},"schema":{"@context":"https:\/\/schema.org","@graph":[{"@type":"Article","@id":"https:\/\/ieslamadraza.com\/wp\/talleres-creativos\/#article","isPartOf":{"@id":"https:\/\/ieslamadraza.com\/wp\/talleres-creativos\/"},"author":{"name":"admin_IES-laMadraza","@id":"https:\/\/ieslamadraza.com\/wp\/#\/schema\/person\/f80b2662c85d3a875653d8c393c0e24b"},"headline":"TALLERES CREATIVOS","datePublished":"2018-06-20T18:03:18+00:00","dateModified":"2019-08-30T18:32:03+00:00","mainEntityOfPage":{"@id":"https:\/\/ieslamadraza.com\/wp\/talleres-creativos\/"},"wordCount":1221,"publisher":{"@id":"https:\/\/ieslamadraza.com\/wp\/#organization"},"image":{"@id":"https:\/\/ieslamadraza.com\/wp\/talleres-creativos\/#primaryimage"},"thumbnailUrl":"https:\/\/ieslamadraza.com\/wp\/wp-content\/uploads\/2018\/06\/48545635a10efb5b6c205d2edb42740f.png","articleSection":["ACT. EXTRAESCOLARES","ERASMUS +","FEIE","TALLERES DE CREATIVIDAD"],"inLanguage":"es"},{"@type":"WebPage","@id":"https:\/\/ieslamadraza.com\/wp\/talleres-creativos\/","url":"https:\/\/ieslamadraza.com\/wp\/talleres-creativos\/","name":"TALLERES CREATIVOS - IES LA MADRAZA","isPartOf":{"@id":"https:\/\/ieslamadraza.com\/wp\/#website"},"primaryImageOfPage":{"@id":"https:\/\/ieslamadraza.com\/wp\/talleres-creativos\/#primaryimage"},"image":{"@id":"https:\/\/ieslamadraza.com\/wp\/talleres-creativos\/#primaryimage"},"thumbnailUrl":"https:\/\/ieslamadraza.com\/wp\/wp-content\/uploads\/2018\/06\/48545635a10efb5b6c205d2edb42740f.png","datePublished":"2018-06-20T18:03:18+00:00","dateModified":"2019-08-30T18:32:03+00:00","description":"IES La Madraza","breadcrumb":{"@id":"https:\/\/ieslamadraza.com\/wp\/talleres-creativos\/#breadcrumb"},"inLanguage":"es","potentialAction":[{"@type":"ReadAction","target":["https:\/\/ieslamadraza.com\/wp\/talleres-creativos\/"]}]},{"@type":"ImageObject","inLanguage":"es","@id":"https:\/\/ieslamadraza.com\/wp\/talleres-creativos\/#primaryimage","url":"https:\/\/ieslamadraza.com\/wp\/wp-content\/uploads\/2018\/06\/48545635a10efb5b6c205d2edb42740f.png","contentUrl":"https:\/\/ieslamadraza.com\/wp\/wp-content\/uploads\/2018\/06\/48545635a10efb5b6c205d2edb42740f.png"},{"@type":"BreadcrumbList","@id":"https:\/\/ieslamadraza.com\/wp\/talleres-creativos\/#breadcrumb","itemListElement":[{"@type":"ListItem","position":1,"name":"Portada","item":"https:\/\/ieslamadraza.com\/wp\/"},{"@type":"ListItem","position":2,"name":"TALLERES CREATIVOS"}]},{"@type":"WebSite","@id":"https:\/\/ieslamadraza.com\/wp\/#website","url":"https:\/\/ieslamadraza.com\/wp\/","name":"IES LA MADRAZA","description":"Instituto de Ense\u00f1anza Secundaria de Granada (Espa\u00f1a)","publisher":{"@id":"https:\/\/ieslamadraza.com\/wp\/#organization"},"alternateName":"Inicio - IES LA MADRAZA","potentialAction":[{"@type":"SearchAction","target":{"@type":"EntryPoint","urlTemplate":"https:\/\/ieslamadraza.com\/wp\/?s={search_term_string}"},"query-input":{"@type":"PropertyValueSpecification","valueRequired":true,"valueName":"search_term_string"}}],"inLanguage":"es"},{"@type":"Organization","@id":"https:\/\/ieslamadraza.com\/wp\/#organization","name":"IES La Madraza -Instituto de Ense\u00f1anza Secundaria - Granada","alternateName":"IES La Madraza -Instituto de Ense\u00f1anza Secundaria - Granada","url":"https:\/\/ieslamadraza.com\/wp\/","logo":{"@type":"ImageObject","inLanguage":"es","@id":"https:\/\/ieslamadraza.com\/wp\/#\/schema\/logo\/image\/","url":"https:\/\/ieslamadraza.com\/wp\/wp-content\/img\/2025\/10\/logo.jpeg","contentUrl":"https:\/\/ieslamadraza.com\/wp\/wp-content\/img\/2025\/10\/logo.jpeg","width":225,"height":225,"caption":"IES La Madraza -Instituto de Ense\u00f1anza Secundaria - Granada"},"image":{"@id":"https:\/\/ieslamadraza.com\/wp\/#\/schema\/logo\/image\/"},"sameAs":["https:\/\/www.facebook.com\/ieslamadraza\/","https:\/\/x.com\/MadrazaLa","https:\/\/www.instagram.com\/institutolamadraza\/"]},{"@type":"Person","@id":"https:\/\/ieslamadraza.com\/wp\/#\/schema\/person\/f80b2662c85d3a875653d8c393c0e24b","name":"admin_IES-laMadraza","image":{"@type":"ImageObject","inLanguage":"es","@id":"https:\/\/secure.gravatar.com\/avatar\/aad8ae5b110afbe2f2e7011bba88e4b5b97b4a632e22255df6b653bdca4d179a?s=96&d=mm&r=g","url":"https:\/\/secure.gravatar.com\/avatar\/aad8ae5b110afbe2f2e7011bba88e4b5b97b4a632e22255df6b653bdca4d179a?s=96&d=mm&r=g","contentUrl":"https:\/\/secure.gravatar.com\/avatar\/aad8ae5b110afbe2f2e7011bba88e4b5b97b4a632e22255df6b653bdca4d179a?s=96&d=mm&r=g","caption":"admin_IES-laMadraza"},"url":"https:\/\/ieslamadraza.com\/wp\/author\/admin_ies-lamadraza\/"}]}},"_links":{"self":[{"href":"https:\/\/ieslamadraza.com\/wp\/wp-json\/wp\/v2\/posts\/2471","targetHints":{"allow":["GET"]}}],"collection":[{"href":"https:\/\/ieslamadraza.com\/wp\/wp-json\/wp\/v2\/posts"}],"about":[{"href":"https:\/\/ieslamadraza.com\/wp\/wp-json\/wp\/v2\/types\/post"}],"author":[{"embeddable":true,"href":"https:\/\/ieslamadraza.com\/wp\/wp-json\/wp\/v2\/users\/7"}],"replies":[{"embeddable":true,"href":"https:\/\/ieslamadraza.com\/wp\/wp-json\/wp\/v2\/comments?post=2471"}],"version-history":[{"count":0,"href":"https:\/\/ieslamadraza.com\/wp\/wp-json\/wp\/v2\/posts\/2471\/revisions"}],"wp:attachment":[{"href":"https:\/\/ieslamadraza.com\/wp\/wp-json\/wp\/v2\/media?parent=2471"}],"wp:term":[{"taxonomy":"category","embeddable":true,"href":"https:\/\/ieslamadraza.com\/wp\/wp-json\/wp\/v2\/categories?post=2471"},{"taxonomy":"post_tag","embeddable":true,"href":"https:\/\/ieslamadraza.com\/wp\/wp-json\/wp\/v2\/tags?post=2471"}],"curies":[{"name":"wp","href":"https:\/\/api.w.org\/{rel}","templated":true}]}}