{"id":23049,"date":"2025-10-27T08:46:36","date_gmt":"2025-10-27T07:46:36","guid":{"rendered":"https:\/\/ieslamadraza.com\/wp\/?p=23049"},"modified":"2025-10-27T08:48:45","modified_gmt":"2025-10-27T07:48:45","slug":"aula-de-naturaleza-ermita-vieja","status":"publish","type":"post","link":"https:\/\/ieslamadraza.com\/wp\/aula-de-naturaleza-ermita-vieja\/","title":{"rendered":"AULA DE NATURALEZA ERMITA VIEJA"},"content":{"rendered":"<p>Los d\u00edas 23 y 24 de octubre el alumnado de 3\u00ba ESO disfrut\u00f3 de una estancia en el Aula de Naturaleza Ermita Vieja. Investigaron sobre el r\u00edo D\u00edlar cuyo bosque galer\u00eda ya empieza a vestirse con los colores del oto\u00f1o, participaron en diversas actividades orientadas al contacto y cuidado de la naturaleza y se fortalecieron los v\u00ednculos entre compa\u00f1eros y compa\u00f1eras.<\/p>\n<p>Esta salida se inscribe en el proyecto \u201cR\u00edos de Granada\u201d del Programa Ecoescuelas. Acompa\u00f1aron al alumnado Francisco Bazoco, Mara Mart\u00ednez y Pablo Acosta. Todas las actividades fueron dirigidas por el equipo educativo de Ermita Vieja al que agradecemos su extraordinario trabajo.<\/p>\n\n\t\t<style type=\"text\/css\">\n\t\t\t#gallery-1 {\n\t\t\t\tmargin: auto;\n\t\t\t}\n\t\t\t#gallery-1 .gallery-item {\n\t\t\t\tfloat: left;\n\t\t\t\tmargin-top: 10px;\n\t\t\t\ttext-align: center;\n\t\t\t\twidth: 20%;\n\t\t\t}\n\t\t\t#gallery-1 img {\n\t\t\t\tborder: 2px solid #cfcfcf;\n\t\t\t}\n\t\t\t#gallery-1 .gallery-caption {\n\t\t\t\tmargin-left: 0;\n\t\t\t}\n\t\t\t\/* see gallery_shortcode() in wp-includes\/media.php *\/\n\t\t<\/style>\n\t\t<div id='gallery-1' class='gallery galleryid-23049 gallery-columns-5 gallery-size-medium'><dl class='gallery-item'>\n\t\t\t<dt class='gallery-icon landscape'>\n\t\t\t\t<a href='https:\/\/ieslamadraza.com\/wp\/aula-de-naturaleza-ermita-vieja\/whatsapp-image-2025-10-27-at-07-24-53-1\/'><img decoding=\"async\" width=\"300\" height=\"300\" data-src=\"https:\/\/ieslamadraza.com\/wp\/wp-content\/img\/2025\/10\/WhatsApp-Image-2025-10-27-at-07.24.53-1-300x300.jpeg\" class=\"attachment-medium size-medium lazyload\" alt=\"\" data-srcset=\"https:\/\/ieslamadraza.com\/wp\/wp-content\/img\/2025\/10\/WhatsApp-Image-2025-10-27-at-07.24.53-1-300x300.jpeg 300w, https:\/\/ieslamadraza.com\/wp\/wp-content\/img\/2025\/10\/WhatsApp-Image-2025-10-27-at-07.24.53-1-1024x1021.jpeg 1024w, https:\/\/ieslamadraza.com\/wp\/wp-content\/img\/2025\/10\/WhatsApp-Image-2025-10-27-at-07.24.53-1-150x150.jpeg 150w, https:\/\/ieslamadraza.com\/wp\/wp-content\/img\/2025\/10\/WhatsApp-Image-2025-10-27-at-07.24.53-1-768x766.jpeg 768w, https:\/\/ieslamadraza.com\/wp\/wp-content\/img\/2025\/10\/WhatsApp-Image-2025-10-27-at-07.24.53-1-1536x1532.jpeg 1536w, https:\/\/ieslamadraza.com\/wp\/wp-content\/img\/2025\/10\/WhatsApp-Image-2025-10-27-at-07.24.53-1-1080x1077.jpeg 1080w, https:\/\/ieslamadraza.com\/wp\/wp-content\/img\/2025\/10\/WhatsApp-Image-2025-10-27-at-07.24.53-1-440x440.jpeg 440w, https:\/\/ieslamadraza.com\/wp\/wp-content\/img\/2025\/10\/WhatsApp-Image-2025-10-27-at-07.24.53-1.jpeg 1600w\" data-sizes=\"(max-width: 300px) 100vw, 300px\" src=\"data:image\/svg+xml;base64,PHN2ZyB3aWR0aD0iMSIgaGVpZ2h0PSIxIiB4bWxucz0iaHR0cDovL3d3dy53My5vcmcvMjAwMC9zdmciPjwvc3ZnPg==\" style=\"--smush-placeholder-width: 300px; --smush-placeholder-aspect-ratio: 300\/300;\" \/><\/a>\n\t\t\t<\/dt><\/dl><dl class='gallery-item'>\n\t\t\t<dt class='gallery-icon landscape'>\n\t\t\t\t<a href='https:\/\/ieslamadraza.com\/wp\/aula-de-naturaleza-ermita-vieja\/whatsapp-image-2025-10-27-at-07-24-52\/'><img decoding=\"async\" width=\"300\" height=\"288\" data-src=\"https:\/\/ieslamadraza.com\/wp\/wp-content\/img\/2025\/10\/WhatsApp-Image-2025-10-27-at-07.24.52-300x288.jpeg\" class=\"attachment-medium size-medium lazyload\" alt=\"\" data-srcset=\"https:\/\/ieslamadraza.com\/wp\/wp-content\/img\/2025\/10\/WhatsApp-Image-2025-10-27-at-07.24.52-300x288.jpeg 300w, https:\/\/ieslamadraza.com\/wp\/wp-content\/img\/2025\/10\/WhatsApp-Image-2025-10-27-at-07.24.52-1024x984.jpeg 1024w, https:\/\/ieslamadraza.com\/wp\/wp-content\/img\/2025\/10\/WhatsApp-Image-2025-10-27-at-07.24.52-768x738.jpeg 768w, https:\/\/ieslamadraza.com\/wp\/wp-content\/img\/2025\/10\/WhatsApp-Image-2025-10-27-at-07.24.52-1536x1475.jpeg 1536w, https:\/\/ieslamadraza.com\/wp\/wp-content\/img\/2025\/10\/WhatsApp-Image-2025-10-27-at-07.24.52-1080x1037.jpeg 1080w, https:\/\/ieslamadraza.com\/wp\/wp-content\/img\/2025\/10\/WhatsApp-Image-2025-10-27-at-07.24.52.jpeg 1599w\" data-sizes=\"(max-width: 300px) 100vw, 300px\" src=\"data:image\/svg+xml;base64,PHN2ZyB3aWR0aD0iMSIgaGVpZ2h0PSIxIiB4bWxucz0iaHR0cDovL3d3dy53My5vcmcvMjAwMC9zdmciPjwvc3ZnPg==\" style=\"--smush-placeholder-width: 300px; --smush-placeholder-aspect-ratio: 300\/288;\" \/><\/a>\n\t\t\t<\/dt><\/dl><dl class='gallery-item'>\n\t\t\t<dt class='gallery-icon landscape'>\n\t\t\t\t<a href='https:\/\/ieslamadraza.com\/wp\/aula-de-naturaleza-ermita-vieja\/whatsapp-image-2025-10-27-at-07-24-53-2\/'><img decoding=\"async\" width=\"300\" height=\"300\" data-src=\"https:\/\/ieslamadraza.com\/wp\/wp-content\/img\/2025\/10\/WhatsApp-Image-2025-10-27-at-07.24.53-2-300x300.jpeg\" class=\"attachment-medium size-medium lazyload\" alt=\"\" data-srcset=\"https:\/\/ieslamadraza.com\/wp\/wp-content\/img\/2025\/10\/WhatsApp-Image-2025-10-27-at-07.24.53-2-300x300.jpeg 300w, https:\/\/ieslamadraza.com\/wp\/wp-content\/img\/2025\/10\/WhatsApp-Image-2025-10-27-at-07.24.53-2-1024x1024.jpeg 1024w, https:\/\/ieslamadraza.com\/wp\/wp-content\/img\/2025\/10\/WhatsApp-Image-2025-10-27-at-07.24.53-2-150x150.jpeg 150w, https:\/\/ieslamadraza.com\/wp\/wp-content\/img\/2025\/10\/WhatsApp-Image-2025-10-27-at-07.24.53-2-768x768.jpeg 768w, https:\/\/ieslamadraza.com\/wp\/wp-content\/img\/2025\/10\/WhatsApp-Image-2025-10-27-at-07.24.53-2-1536x1536.jpeg 1536w, https:\/\/ieslamadraza.com\/wp\/wp-content\/img\/2025\/10\/WhatsApp-Image-2025-10-27-at-07.24.53-2-1080x1079.jpeg 1080w, https:\/\/ieslamadraza.com\/wp\/wp-content\/img\/2025\/10\/WhatsApp-Image-2025-10-27-at-07.24.53-2-440x440.jpeg 440w, https:\/\/ieslamadraza.com\/wp\/wp-content\/img\/2025\/10\/WhatsApp-Image-2025-10-27-at-07.24.53-2.jpeg 1600w\" data-sizes=\"(max-width: 300px) 100vw, 300px\" src=\"data:image\/svg+xml;base64,PHN2ZyB3aWR0aD0iMSIgaGVpZ2h0PSIxIiB4bWxucz0iaHR0cDovL3d3dy53My5vcmcvMjAwMC9zdmciPjwvc3ZnPg==\" style=\"--smush-placeholder-width: 300px; --smush-placeholder-aspect-ratio: 300\/300;\" \/><\/a>\n\t\t\t<\/dt><\/dl><dl class='gallery-item'>\n\t\t\t<dt class='gallery-icon landscape'>\n\t\t\t\t<a href='https:\/\/ieslamadraza.com\/wp\/aula-de-naturaleza-ermita-vieja\/whatsapp-image-2025-10-27-at-07-24-52-1\/'><img decoding=\"async\" width=\"300\" height=\"291\" data-src=\"https:\/\/ieslamadraza.com\/wp\/wp-content\/img\/2025\/10\/WhatsApp-Image-2025-10-27-at-07.24.52-1-300x291.jpeg\" class=\"attachment-medium size-medium lazyload\" alt=\"\" data-srcset=\"https:\/\/ieslamadraza.com\/wp\/wp-content\/img\/2025\/10\/WhatsApp-Image-2025-10-27-at-07.24.52-1-300x291.jpeg 300w, https:\/\/ieslamadraza.com\/wp\/wp-content\/img\/2025\/10\/WhatsApp-Image-2025-10-27-at-07.24.52-1-1024x995.jpeg 1024w, https:\/\/ieslamadraza.com\/wp\/wp-content\/img\/2025\/10\/WhatsApp-Image-2025-10-27-at-07.24.52-1-768x746.jpeg 768w, https:\/\/ieslamadraza.com\/wp\/wp-content\/img\/2025\/10\/WhatsApp-Image-2025-10-27-at-07.24.52-1-1536x1492.jpeg 1536w, https:\/\/ieslamadraza.com\/wp\/wp-content\/img\/2025\/10\/WhatsApp-Image-2025-10-27-at-07.24.52-1-1080x1049.jpeg 1080w, https:\/\/ieslamadraza.com\/wp\/wp-content\/img\/2025\/10\/WhatsApp-Image-2025-10-27-at-07.24.52-1.jpeg 1600w\" data-sizes=\"(max-width: 300px) 100vw, 300px\" src=\"data:image\/svg+xml;base64,PHN2ZyB3aWR0aD0iMSIgaGVpZ2h0PSIxIiB4bWxucz0iaHR0cDovL3d3dy53My5vcmcvMjAwMC9zdmciPjwvc3ZnPg==\" style=\"--smush-placeholder-width: 300px; --smush-placeholder-aspect-ratio: 300\/291;\" \/><\/a>\n\t\t\t<\/dt><\/dl><dl class='gallery-item'>\n\t\t\t<dt class='gallery-icon portrait'>\n\t\t\t\t<a href='https:\/\/ieslamadraza.com\/wp\/aula-de-naturaleza-ermita-vieja\/whatsapp-image-2025-10-27-at-07-24-53\/'><img decoding=\"async\" width=\"300\" height=\"300\" data-src=\"https:\/\/ieslamadraza.com\/wp\/wp-content\/img\/2025\/10\/WhatsApp-Image-2025-10-27-at-07.24.53-300x300.jpeg\" class=\"attachment-medium size-medium lazyload\" alt=\"\" data-srcset=\"https:\/\/ieslamadraza.com\/wp\/wp-content\/img\/2025\/10\/WhatsApp-Image-2025-10-27-at-07.24.53-300x300.jpeg 300w, https:\/\/ieslamadraza.com\/wp\/wp-content\/img\/2025\/10\/WhatsApp-Image-2025-10-27-at-07.24.53-1024x1024.jpeg 1024w, https:\/\/ieslamadraza.com\/wp\/wp-content\/img\/2025\/10\/WhatsApp-Image-2025-10-27-at-07.24.53-150x150.jpeg 150w, https:\/\/ieslamadraza.com\/wp\/wp-content\/img\/2025\/10\/WhatsApp-Image-2025-10-27-at-07.24.53-768x768.jpeg 768w, https:\/\/ieslamadraza.com\/wp\/wp-content\/img\/2025\/10\/WhatsApp-Image-2025-10-27-at-07.24.53-1536x1536.jpeg 1536w, https:\/\/ieslamadraza.com\/wp\/wp-content\/img\/2025\/10\/WhatsApp-Image-2025-10-27-at-07.24.53-1080x1081.jpeg 1080w, https:\/\/ieslamadraza.com\/wp\/wp-content\/img\/2025\/10\/WhatsApp-Image-2025-10-27-at-07.24.53-440x440.jpeg 440w, https:\/\/ieslamadraza.com\/wp\/wp-content\/img\/2025\/10\/WhatsApp-Image-2025-10-27-at-07.24.53.jpeg 1599w\" data-sizes=\"(max-width: 300px) 100vw, 300px\" src=\"data:image\/svg+xml;base64,PHN2ZyB3aWR0aD0iMSIgaGVpZ2h0PSIxIiB4bWxucz0iaHR0cDovL3d3dy53My5vcmcvMjAwMC9zdmciPjwvc3ZnPg==\" style=\"--smush-placeholder-width: 300px; --smush-placeholder-aspect-ratio: 300\/300;\" \/><\/a>\n\t\t\t<\/dt><\/dl><br style=\"clear: both\" \/>\n\t\t<\/div>\n\n","protected":false},"excerpt":{"rendered":"<p>Los d\u00edas 23 y 24 de octubre el alumnado de 3\u00ba ESO disfrut\u00f3 de una estancia en el Aula de Naturaleza Ermita Vieja. Investigaron sobre el r\u00edo D\u00edlar cuyo bosque galer\u00eda ya empieza a vestirse con los colores del oto\u00f1o, participaron en diversas actividades orientadas al contacto y cuidado de la naturaleza y se fortalecieron [&hellip;]<\/p>\n","protected":false},"author":9,"featured_media":23057,"comment_status":"open","ping_status":"closed","sticky":false,"template":"","format":"standard","meta":{"_et_pb_use_builder":"","_et_pb_old_content":"","_et_gb_content_width":"","_monsterinsights_skip_tracking":false,"_monsterinsights_sitenote_active":false,"_monsterinsights_sitenote_note":"","_monsterinsights_sitenote_category":0,"footnotes":""},"categories":[196,96,78],"tags":[],"class_list":["post-23049","post","type-post","status-publish","format-standard","has-post-thumbnail","hentry","category-3o-eso","category-extraescolares","category-ecoescuela-ecoescuela","et-has-post-format-content","et_post_format-et-post-format-standard"],"yoast_head":"<!-- This site is optimized with the Yoast SEO plugin v27.5 - https:\/\/yoast.com\/product\/yoast-seo-wordpress\/ -->\n<title>AULA DE NATURALEZA ERMITA VIEJA - IES LA MADRAZA<\/title>\n<meta name=\"description\" content=\"IES La Madraza\" \/>\n<meta name=\"robots\" content=\"index, follow, max-snippet:-1, max-image-preview:large, max-video-preview:-1\" \/>\n<link rel=\"canonical\" href=\"https:\/\/ieslamadraza.com\/wp\/aula-de-naturaleza-ermita-vieja\/\" \/>\n<meta property=\"og:locale\" content=\"es_ES\" \/>\n<meta property=\"og:type\" content=\"article\" \/>\n<meta property=\"og:title\" content=\"AULA DE NATURALEZA ERMITA VIEJA - IES LA MADRAZA\" \/>\n<meta property=\"og:description\" content=\"IES La Madraza\" \/>\n<meta property=\"og:url\" content=\"https:\/\/ieslamadraza.com\/wp\/aula-de-naturaleza-ermita-vieja\/\" \/>\n<meta property=\"og:site_name\" content=\"IES LA MADRAZA\" \/>\n<meta property=\"article:publisher\" content=\"https:\/\/www.facebook.com\/ieslamadraza\/\" \/>\n<meta property=\"article:published_time\" content=\"2025-10-27T07:46:36+00:00\" \/>\n<meta property=\"article:modified_time\" content=\"2025-10-27T07:48:45+00:00\" \/>\n<meta property=\"og:image\" content=\"https:\/\/ieslamadraza.com\/wp\/wp-content\/img\/2025\/10\/photo-output-1-1-scaled.jpg\" \/>\n\t<meta property=\"og:image:width\" content=\"2560\" \/>\n\t<meta property=\"og:image:height\" content=\"2560\" \/>\n\t<meta property=\"og:image:type\" content=\"image\/jpeg\" \/>\n<meta name=\"author\" content=\"Olga marcar\" \/>\n<meta name=\"twitter:card\" content=\"summary_large_image\" \/>\n<meta name=\"twitter:creator\" content=\"@MadrazaLa\" \/>\n<meta name=\"twitter:site\" content=\"@MadrazaLa\" \/>\n<meta name=\"twitter:label1\" content=\"Escrito por\" \/>\n\t<meta name=\"twitter:data1\" content=\"Olga marcar\" \/>\n\t<meta name=\"twitter:label2\" content=\"Tiempo de lectura\" \/>\n\t<meta name=\"twitter:data2\" content=\"1 minuto\" \/>\n<script type=\"application\/ld+json\" class=\"yoast-schema-graph\">{\"@context\":\"https:\\\/\\\/schema.org\",\"@graph\":[{\"@type\":\"Article\",\"@id\":\"https:\\\/\\\/ieslamadraza.com\\\/wp\\\/aula-de-naturaleza-ermita-vieja\\\/#article\",\"isPartOf\":{\"@id\":\"https:\\\/\\\/ieslamadraza.com\\\/wp\\\/aula-de-naturaleza-ermita-vieja\\\/\"},\"author\":{\"name\":\"Olga marcar\",\"@id\":\"https:\\\/\\\/ieslamadraza.com\\\/wp\\\/#\\\/schema\\\/person\\\/6b091dc58a78fa4b3c8c07569c92d474\"},\"headline\":\"AULA DE NATURALEZA ERMITA VIEJA\",\"datePublished\":\"2025-10-27T07:46:36+00:00\",\"dateModified\":\"2025-10-27T07:48:45+00:00\",\"mainEntityOfPage\":{\"@id\":\"https:\\\/\\\/ieslamadraza.com\\\/wp\\\/aula-de-naturaleza-ermita-vieja\\\/\"},\"wordCount\":120,\"commentCount\":0,\"publisher\":{\"@id\":\"https:\\\/\\\/ieslamadraza.com\\\/wp\\\/#organization\"},\"image\":{\"@id\":\"https:\\\/\\\/ieslamadraza.com\\\/wp\\\/aula-de-naturaleza-ermita-vieja\\\/#primaryimage\"},\"thumbnailUrl\":\"https:\\\/\\\/ieslamadraza.com\\\/wp\\\/wp-content\\\/img\\\/2025\\\/10\\\/photo-output-1-1-scaled.jpg\",\"articleSection\":[\"3\u00ba ESO\",\"ACT. EXTRAESCOLARES\",\"ECOESCUELA\"],\"inLanguage\":\"es\",\"potentialAction\":[{\"@type\":\"CommentAction\",\"name\":\"Comment\",\"target\":[\"https:\\\/\\\/ieslamadraza.com\\\/wp\\\/aula-de-naturaleza-ermita-vieja\\\/#respond\"]}]},{\"@type\":\"WebPage\",\"@id\":\"https:\\\/\\\/ieslamadraza.com\\\/wp\\\/aula-de-naturaleza-ermita-vieja\\\/\",\"url\":\"https:\\\/\\\/ieslamadraza.com\\\/wp\\\/aula-de-naturaleza-ermita-vieja\\\/\",\"name\":\"AULA DE NATURALEZA ERMITA VIEJA - IES LA MADRAZA\",\"isPartOf\":{\"@id\":\"https:\\\/\\\/ieslamadraza.com\\\/wp\\\/#website\"},\"primaryImageOfPage\":{\"@id\":\"https:\\\/\\\/ieslamadraza.com\\\/wp\\\/aula-de-naturaleza-ermita-vieja\\\/#primaryimage\"},\"image\":{\"@id\":\"https:\\\/\\\/ieslamadraza.com\\\/wp\\\/aula-de-naturaleza-ermita-vieja\\\/#primaryimage\"},\"thumbnailUrl\":\"https:\\\/\\\/ieslamadraza.com\\\/wp\\\/wp-content\\\/img\\\/2025\\\/10\\\/photo-output-1-1-scaled.jpg\",\"datePublished\":\"2025-10-27T07:46:36+00:00\",\"dateModified\":\"2025-10-27T07:48:45+00:00\",\"description\":\"IES La Madraza\",\"breadcrumb\":{\"@id\":\"https:\\\/\\\/ieslamadraza.com\\\/wp\\\/aula-de-naturaleza-ermita-vieja\\\/#breadcrumb\"},\"inLanguage\":\"es\",\"potentialAction\":[{\"@type\":\"ReadAction\",\"target\":[\"https:\\\/\\\/ieslamadraza.com\\\/wp\\\/aula-de-naturaleza-ermita-vieja\\\/\"]}]},{\"@type\":\"ImageObject\",\"inLanguage\":\"es\",\"@id\":\"https:\\\/\\\/ieslamadraza.com\\\/wp\\\/aula-de-naturaleza-ermita-vieja\\\/#primaryimage\",\"url\":\"https:\\\/\\\/ieslamadraza.com\\\/wp\\\/wp-content\\\/img\\\/2025\\\/10\\\/photo-output-1-1-scaled.jpg\",\"contentUrl\":\"https:\\\/\\\/ieslamadraza.com\\\/wp\\\/wp-content\\\/img\\\/2025\\\/10\\\/photo-output-1-1-scaled.jpg\",\"width\":2560,\"height\":2560},{\"@type\":\"BreadcrumbList\",\"@id\":\"https:\\\/\\\/ieslamadraza.com\\\/wp\\\/aula-de-naturaleza-ermita-vieja\\\/#breadcrumb\",\"itemListElement\":[{\"@type\":\"ListItem\",\"position\":1,\"name\":\"Portada\",\"item\":\"https:\\\/\\\/ieslamadraza.com\\\/wp\\\/\"},{\"@type\":\"ListItem\",\"position\":2,\"name\":\"AULA DE NATURALEZA ERMITA VIEJA\"}]},{\"@type\":\"WebSite\",\"@id\":\"https:\\\/\\\/ieslamadraza.com\\\/wp\\\/#website\",\"url\":\"https:\\\/\\\/ieslamadraza.com\\\/wp\\\/\",\"name\":\"IES LA MADRAZA\",\"description\":\"Instituto de Ense\u00f1anza Secundaria de Granada (Espa\u00f1a)\",\"publisher\":{\"@id\":\"https:\\\/\\\/ieslamadraza.com\\\/wp\\\/#organization\"},\"alternateName\":\"Inicio - IES LA MADRAZA\",\"potentialAction\":[{\"@type\":\"SearchAction\",\"target\":{\"@type\":\"EntryPoint\",\"urlTemplate\":\"https:\\\/\\\/ieslamadraza.com\\\/wp\\\/?s={search_term_string}\"},\"query-input\":{\"@type\":\"PropertyValueSpecification\",\"valueRequired\":true,\"valueName\":\"search_term_string\"}}],\"inLanguage\":\"es\"},{\"@type\":\"Organization\",\"@id\":\"https:\\\/\\\/ieslamadraza.com\\\/wp\\\/#organization\",\"name\":\"IES La Madraza -Instituto de Ense\u00f1anza Secundaria - Granada\",\"alternateName\":\"IES La Madraza -Instituto de Ense\u00f1anza Secundaria - Granada\",\"url\":\"https:\\\/\\\/ieslamadraza.com\\\/wp\\\/\",\"logo\":{\"@type\":\"ImageObject\",\"inLanguage\":\"es\",\"@id\":\"https:\\\/\\\/ieslamadraza.com\\\/wp\\\/#\\\/schema\\\/logo\\\/image\\\/\",\"url\":\"https:\\\/\\\/ieslamadraza.com\\\/wp\\\/wp-content\\\/img\\\/2025\\\/10\\\/logo.jpeg\",\"contentUrl\":\"https:\\\/\\\/ieslamadraza.com\\\/wp\\\/wp-content\\\/img\\\/2025\\\/10\\\/logo.jpeg\",\"width\":225,\"height\":225,\"caption\":\"IES La Madraza -Instituto de Ense\u00f1anza Secundaria - Granada\"},\"image\":{\"@id\":\"https:\\\/\\\/ieslamadraza.com\\\/wp\\\/#\\\/schema\\\/logo\\\/image\\\/\"},\"sameAs\":[\"https:\\\/\\\/www.facebook.com\\\/ieslamadraza\\\/\",\"https:\\\/\\\/x.com\\\/MadrazaLa\",\"https:\\\/\\\/www.instagram.com\\\/institutolamadraza\\\/\"]},{\"@type\":\"Person\",\"@id\":\"https:\\\/\\\/ieslamadraza.com\\\/wp\\\/#\\\/schema\\\/person\\\/6b091dc58a78fa4b3c8c07569c92d474\",\"name\":\"Olga marcar\",\"image\":{\"@type\":\"ImageObject\",\"inLanguage\":\"es\",\"@id\":\"https:\\\/\\\/secure.gravatar.com\\\/avatar\\\/b07a79a5930398ecb585cca9f03092467971ff125ba7179ace8b93ebaf9976b2?s=96&d=mm&r=g\",\"url\":\"https:\\\/\\\/secure.gravatar.com\\\/avatar\\\/b07a79a5930398ecb585cca9f03092467971ff125ba7179ace8b93ebaf9976b2?s=96&d=mm&r=g\",\"contentUrl\":\"https:\\\/\\\/secure.gravatar.com\\\/avatar\\\/b07a79a5930398ecb585cca9f03092467971ff125ba7179ace8b93ebaf9976b2?s=96&d=mm&r=g\",\"caption\":\"Olga marcar\"},\"url\":\"https:\\\/\\\/ieslamadraza.com\\\/wp\\\/author\\\/olga_ma\\\/\"}]}<\/script>\n<!-- \/ Yoast SEO plugin. -->","yoast_head_json":{"title":"AULA DE NATURALEZA ERMITA VIEJA - IES LA MADRAZA","description":"IES La Madraza","robots":{"index":"index","follow":"follow","max-snippet":"max-snippet:-1","max-image-preview":"max-image-preview:large","max-video-preview":"max-video-preview:-1"},"canonical":"https:\/\/ieslamadraza.com\/wp\/aula-de-naturaleza-ermita-vieja\/","og_locale":"es_ES","og_type":"article","og_title":"AULA DE NATURALEZA ERMITA VIEJA - IES LA MADRAZA","og_description":"IES La Madraza","og_url":"https:\/\/ieslamadraza.com\/wp\/aula-de-naturaleza-ermita-vieja\/","og_site_name":"IES LA MADRAZA","article_publisher":"https:\/\/www.facebook.com\/ieslamadraza\/","article_published_time":"2025-10-27T07:46:36+00:00","article_modified_time":"2025-10-27T07:48:45+00:00","og_image":[{"width":2560,"height":2560,"url":"https:\/\/ieslamadraza.com\/wp\/wp-content\/img\/2025\/10\/photo-output-1-1-scaled.jpg","type":"image\/jpeg"}],"author":"Olga marcar","twitter_card":"summary_large_image","twitter_creator":"@MadrazaLa","twitter_site":"@MadrazaLa","twitter_misc":{"Escrito por":"Olga marcar","Tiempo de lectura":"1 minuto"},"schema":{"@context":"https:\/\/schema.org","@graph":[{"@type":"Article","@id":"https:\/\/ieslamadraza.com\/wp\/aula-de-naturaleza-ermita-vieja\/#article","isPartOf":{"@id":"https:\/\/ieslamadraza.com\/wp\/aula-de-naturaleza-ermita-vieja\/"},"author":{"name":"Olga marcar","@id":"https:\/\/ieslamadraza.com\/wp\/#\/schema\/person\/6b091dc58a78fa4b3c8c07569c92d474"},"headline":"AULA DE NATURALEZA ERMITA VIEJA","datePublished":"2025-10-27T07:46:36+00:00","dateModified":"2025-10-27T07:48:45+00:00","mainEntityOfPage":{"@id":"https:\/\/ieslamadraza.com\/wp\/aula-de-naturaleza-ermita-vieja\/"},"wordCount":120,"commentCount":0,"publisher":{"@id":"https:\/\/ieslamadraza.com\/wp\/#organization"},"image":{"@id":"https:\/\/ieslamadraza.com\/wp\/aula-de-naturaleza-ermita-vieja\/#primaryimage"},"thumbnailUrl":"https:\/\/ieslamadraza.com\/wp\/wp-content\/img\/2025\/10\/photo-output-1-1-scaled.jpg","articleSection":["3\u00ba ESO","ACT. EXTRAESCOLARES","ECOESCUELA"],"inLanguage":"es","potentialAction":[{"@type":"CommentAction","name":"Comment","target":["https:\/\/ieslamadraza.com\/wp\/aula-de-naturaleza-ermita-vieja\/#respond"]}]},{"@type":"WebPage","@id":"https:\/\/ieslamadraza.com\/wp\/aula-de-naturaleza-ermita-vieja\/","url":"https:\/\/ieslamadraza.com\/wp\/aula-de-naturaleza-ermita-vieja\/","name":"AULA DE NATURALEZA ERMITA VIEJA - IES LA MADRAZA","isPartOf":{"@id":"https:\/\/ieslamadraza.com\/wp\/#website"},"primaryImageOfPage":{"@id":"https:\/\/ieslamadraza.com\/wp\/aula-de-naturaleza-ermita-vieja\/#primaryimage"},"image":{"@id":"https:\/\/ieslamadraza.com\/wp\/aula-de-naturaleza-ermita-vieja\/#primaryimage"},"thumbnailUrl":"https:\/\/ieslamadraza.com\/wp\/wp-content\/img\/2025\/10\/photo-output-1-1-scaled.jpg","datePublished":"2025-10-27T07:46:36+00:00","dateModified":"2025-10-27T07:48:45+00:00","description":"IES La Madraza","breadcrumb":{"@id":"https:\/\/ieslamadraza.com\/wp\/aula-de-naturaleza-ermita-vieja\/#breadcrumb"},"inLanguage":"es","potentialAction":[{"@type":"ReadAction","target":["https:\/\/ieslamadraza.com\/wp\/aula-de-naturaleza-ermita-vieja\/"]}]},{"@type":"ImageObject","inLanguage":"es","@id":"https:\/\/ieslamadraza.com\/wp\/aula-de-naturaleza-ermita-vieja\/#primaryimage","url":"https:\/\/ieslamadraza.com\/wp\/wp-content\/img\/2025\/10\/photo-output-1-1-scaled.jpg","contentUrl":"https:\/\/ieslamadraza.com\/wp\/wp-content\/img\/2025\/10\/photo-output-1-1-scaled.jpg","width":2560,"height":2560},{"@type":"BreadcrumbList","@id":"https:\/\/ieslamadraza.com\/wp\/aula-de-naturaleza-ermita-vieja\/#breadcrumb","itemListElement":[{"@type":"ListItem","position":1,"name":"Portada","item":"https:\/\/ieslamadraza.com\/wp\/"},{"@type":"ListItem","position":2,"name":"AULA DE NATURALEZA ERMITA VIEJA"}]},{"@type":"WebSite","@id":"https:\/\/ieslamadraza.com\/wp\/#website","url":"https:\/\/ieslamadraza.com\/wp\/","name":"IES LA MADRAZA","description":"Instituto de Ense\u00f1anza Secundaria de Granada (Espa\u00f1a)","publisher":{"@id":"https:\/\/ieslamadraza.com\/wp\/#organization"},"alternateName":"Inicio - IES LA MADRAZA","potentialAction":[{"@type":"SearchAction","target":{"@type":"EntryPoint","urlTemplate":"https:\/\/ieslamadraza.com\/wp\/?s={search_term_string}"},"query-input":{"@type":"PropertyValueSpecification","valueRequired":true,"valueName":"search_term_string"}}],"inLanguage":"es"},{"@type":"Organization","@id":"https:\/\/ieslamadraza.com\/wp\/#organization","name":"IES La Madraza -Instituto de Ense\u00f1anza Secundaria - Granada","alternateName":"IES La Madraza -Instituto de Ense\u00f1anza Secundaria - Granada","url":"https:\/\/ieslamadraza.com\/wp\/","logo":{"@type":"ImageObject","inLanguage":"es","@id":"https:\/\/ieslamadraza.com\/wp\/#\/schema\/logo\/image\/","url":"https:\/\/ieslamadraza.com\/wp\/wp-content\/img\/2025\/10\/logo.jpeg","contentUrl":"https:\/\/ieslamadraza.com\/wp\/wp-content\/img\/2025\/10\/logo.jpeg","width":225,"height":225,"caption":"IES La Madraza -Instituto de Ense\u00f1anza Secundaria - Granada"},"image":{"@id":"https:\/\/ieslamadraza.com\/wp\/#\/schema\/logo\/image\/"},"sameAs":["https:\/\/www.facebook.com\/ieslamadraza\/","https:\/\/x.com\/MadrazaLa","https:\/\/www.instagram.com\/institutolamadraza\/"]},{"@type":"Person","@id":"https:\/\/ieslamadraza.com\/wp\/#\/schema\/person\/6b091dc58a78fa4b3c8c07569c92d474","name":"Olga marcar","image":{"@type":"ImageObject","inLanguage":"es","@id":"https:\/\/secure.gravatar.com\/avatar\/b07a79a5930398ecb585cca9f03092467971ff125ba7179ace8b93ebaf9976b2?s=96&d=mm&r=g","url":"https:\/\/secure.gravatar.com\/avatar\/b07a79a5930398ecb585cca9f03092467971ff125ba7179ace8b93ebaf9976b2?s=96&d=mm&r=g","contentUrl":"https:\/\/secure.gravatar.com\/avatar\/b07a79a5930398ecb585cca9f03092467971ff125ba7179ace8b93ebaf9976b2?s=96&d=mm&r=g","caption":"Olga marcar"},"url":"https:\/\/ieslamadraza.com\/wp\/author\/olga_ma\/"}]}},"_links":{"self":[{"href":"https:\/\/ieslamadraza.com\/wp\/wp-json\/wp\/v2\/posts\/23049","targetHints":{"allow":["GET"]}}],"collection":[{"href":"https:\/\/ieslamadraza.com\/wp\/wp-json\/wp\/v2\/posts"}],"about":[{"href":"https:\/\/ieslamadraza.com\/wp\/wp-json\/wp\/v2\/types\/post"}],"author":[{"embeddable":true,"href":"https:\/\/ieslamadraza.com\/wp\/wp-json\/wp\/v2\/users\/9"}],"replies":[{"embeddable":true,"href":"https:\/\/ieslamadraza.com\/wp\/wp-json\/wp\/v2\/comments?post=23049"}],"version-history":[{"count":0,"href":"https:\/\/ieslamadraza.com\/wp\/wp-json\/wp\/v2\/posts\/23049\/revisions"}],"wp:featuredmedia":[{"embeddable":true,"href":"https:\/\/ieslamadraza.com\/wp\/wp-json\/wp\/v2\/media\/23057"}],"wp:attachment":[{"href":"https:\/\/ieslamadraza.com\/wp\/wp-json\/wp\/v2\/media?parent=23049"}],"wp:term":[{"taxonomy":"category","embeddable":true,"href":"https:\/\/ieslamadraza.com\/wp\/wp-json\/wp\/v2\/categories?post=23049"},{"taxonomy":"post_tag","embeddable":true,"href":"https:\/\/ieslamadraza.com\/wp\/wp-json\/wp\/v2\/tags?post=23049"}],"curies":[{"name":"wp","href":"https:\/\/api.w.org\/{rel}","templated":true}]}}