{"id":22861,"date":"2025-10-07T20:59:06","date_gmt":"2025-10-07T18:59:06","guid":{"rendered":"https:\/\/ieslamadraza.com\/wp\/?p=22861"},"modified":"2025-10-07T20:59:06","modified_gmt":"2025-10-07T18:59:06","slug":"natacion-adaptada-aula-tea","status":"publish","type":"post","link":"https:\/\/ieslamadraza.com\/wp\/natacion-adaptada-aula-tea\/","title":{"rendered":"NATACI\u00d3N ADAPTADA AULA TEA"},"content":{"rendered":"<p>El Aula Espec\u00edfica TEA ha retomado en octubre la actividad de Nataci\u00f3n Adaptada.<\/p>\n<p>Los alumnos Paola, Hugo, Aitor, Antonio y Crist\u00f3bal acudir\u00e1n cada jueves del curso a la piscina de La Chana acompa\u00f1ados de sus profesores Nicol\u00e1s Crespo e Inmaculada Arco.<\/p>\n\n\t\t<style type=\"text\/css\">\n\t\t\t#gallery-1 {\n\t\t\t\tmargin: auto;\n\t\t\t}\n\t\t\t#gallery-1 .gallery-item {\n\t\t\t\tfloat: left;\n\t\t\t\tmargin-top: 10px;\n\t\t\t\ttext-align: center;\n\t\t\t\twidth: 33%;\n\t\t\t}\n\t\t\t#gallery-1 img {\n\t\t\t\tborder: 2px solid #cfcfcf;\n\t\t\t}\n\t\t\t#gallery-1 .gallery-caption {\n\t\t\t\tmargin-left: 0;\n\t\t\t}\n\t\t\t\/* see gallery_shortcode() in wp-includes\/media.php *\/\n\t\t<\/style>\n\t\t<div id='gallery-1' class='gallery galleryid-22861 gallery-columns-3 gallery-size-medium'><dl class='gallery-item'>\n\t\t\t<dt class='gallery-icon landscape'>\n\t\t\t\t<a href='https:\/\/ieslamadraza.com\/wp\/natacion-adaptada-aula-tea\/whatsapp-image-2025-10-07-at-19-19-17-2\/'><img decoding=\"async\" width=\"300\" height=\"196\" data-src=\"https:\/\/ieslamadraza.com\/wp\/wp-content\/img\/2025\/10\/WhatsApp-Image-2025-10-07-at-19.19.17-1-300x196.jpeg\" class=\"attachment-medium size-medium lazyload\" alt=\"\" data-srcset=\"https:\/\/ieslamadraza.com\/wp\/wp-content\/img\/2025\/10\/WhatsApp-Image-2025-10-07-at-19.19.17-1-300x196.jpeg 300w, https:\/\/ieslamadraza.com\/wp\/wp-content\/img\/2025\/10\/WhatsApp-Image-2025-10-07-at-19.19.17-1-1024x669.jpeg 1024w, https:\/\/ieslamadraza.com\/wp\/wp-content\/img\/2025\/10\/WhatsApp-Image-2025-10-07-at-19.19.17-1-768x502.jpeg 768w, https:\/\/ieslamadraza.com\/wp\/wp-content\/img\/2025\/10\/WhatsApp-Image-2025-10-07-at-19.19.17-1-1536x1004.jpeg 1536w, https:\/\/ieslamadraza.com\/wp\/wp-content\/img\/2025\/10\/WhatsApp-Image-2025-10-07-at-19.19.17-1-1080x706.jpeg 1080w, https:\/\/ieslamadraza.com\/wp\/wp-content\/img\/2025\/10\/WhatsApp-Image-2025-10-07-at-19.19.17-1.jpeg 2048w\" data-sizes=\"(max-width: 300px) 100vw, 300px\" src=\"data:image\/svg+xml;base64,PHN2ZyB3aWR0aD0iMSIgaGVpZ2h0PSIxIiB4bWxucz0iaHR0cDovL3d3dy53My5vcmcvMjAwMC9zdmciPjwvc3ZnPg==\" style=\"--smush-placeholder-width: 300px; --smush-placeholder-aspect-ratio: 300\/196;\" \/><\/a>\n\t\t\t<\/dt><\/dl><dl class='gallery-item'>\n\t\t\t<dt class='gallery-icon portrait'>\n\t\t\t\t<a href='https:\/\/ieslamadraza.com\/wp\/natacion-adaptada-aula-tea\/whatsapp-image-2025-10-07-at-19-19-18-1\/'><img decoding=\"async\" width=\"223\" height=\"300\" data-src=\"https:\/\/ieslamadraza.com\/wp\/wp-content\/img\/2025\/10\/WhatsApp-Image-2025-10-07-at-19.19.18-1-223x300.jpeg\" class=\"attachment-medium size-medium lazyload\" alt=\"\" data-srcset=\"https:\/\/ieslamadraza.com\/wp\/wp-content\/img\/2025\/10\/WhatsApp-Image-2025-10-07-at-19.19.18-1-223x300.jpeg 223w, https:\/\/ieslamadraza.com\/wp\/wp-content\/img\/2025\/10\/WhatsApp-Image-2025-10-07-at-19.19.18-1-763x1024.jpeg 763w, https:\/\/ieslamadraza.com\/wp\/wp-content\/img\/2025\/10\/WhatsApp-Image-2025-10-07-at-19.19.18-1-768x1031.jpeg 768w, https:\/\/ieslamadraza.com\/wp\/wp-content\/img\/2025\/10\/WhatsApp-Image-2025-10-07-at-19.19.18-1-1144x1536.jpeg 1144w, https:\/\/ieslamadraza.com\/wp\/wp-content\/img\/2025\/10\/WhatsApp-Image-2025-10-07-at-19.19.18-1-1080x1450.jpeg 1080w, https:\/\/ieslamadraza.com\/wp\/wp-content\/img\/2025\/10\/WhatsApp-Image-2025-10-07-at-19.19.18-1.jpeg 1525w\" data-sizes=\"(max-width: 223px) 100vw, 223px\" src=\"data:image\/svg+xml;base64,PHN2ZyB3aWR0aD0iMSIgaGVpZ2h0PSIxIiB4bWxucz0iaHR0cDovL3d3dy53My5vcmcvMjAwMC9zdmciPjwvc3ZnPg==\" style=\"--smush-placeholder-width: 223px; --smush-placeholder-aspect-ratio: 223\/300;\" \/><\/a>\n\t\t\t<\/dt><\/dl><dl class='gallery-item'>\n\t\t\t<dt class='gallery-icon landscape'>\n\t\t\t\t<a href='https:\/\/ieslamadraza.com\/wp\/natacion-adaptada-aula-tea\/whatsapp-image-2025-10-07-at-19-19-18\/'><img decoding=\"async\" width=\"300\" height=\"180\" data-src=\"https:\/\/ieslamadraza.com\/wp\/wp-content\/img\/2025\/10\/WhatsApp-Image-2025-10-07-at-19.19.18-300x180.jpeg\" class=\"attachment-medium size-medium lazyload\" alt=\"\" data-srcset=\"https:\/\/ieslamadraza.com\/wp\/wp-content\/img\/2025\/10\/WhatsApp-Image-2025-10-07-at-19.19.18-300x180.jpeg 300w, https:\/\/ieslamadraza.com\/wp\/wp-content\/img\/2025\/10\/WhatsApp-Image-2025-10-07-at-19.19.18-1024x614.jpeg 1024w, https:\/\/ieslamadraza.com\/wp\/wp-content\/img\/2025\/10\/WhatsApp-Image-2025-10-07-at-19.19.18-768x460.jpeg 768w, https:\/\/ieslamadraza.com\/wp\/wp-content\/img\/2025\/10\/WhatsApp-Image-2025-10-07-at-19.19.18-1536x920.jpeg 1536w, https:\/\/ieslamadraza.com\/wp\/wp-content\/img\/2025\/10\/WhatsApp-Image-2025-10-07-at-19.19.18-1080x647.jpeg 1080w, https:\/\/ieslamadraza.com\/wp\/wp-content\/img\/2025\/10\/WhatsApp-Image-2025-10-07-at-19.19.18-1280x768.jpeg 1280w, https:\/\/ieslamadraza.com\/wp\/wp-content\/img\/2025\/10\/WhatsApp-Image-2025-10-07-at-19.19.18-627x376.jpeg 627w, https:\/\/ieslamadraza.com\/wp\/wp-content\/img\/2025\/10\/WhatsApp-Image-2025-10-07-at-19.19.18-440x264.jpeg 440w, https:\/\/ieslamadraza.com\/wp\/wp-content\/img\/2025\/10\/WhatsApp-Image-2025-10-07-at-19.19.18.jpeg 2048w\" data-sizes=\"(max-width: 300px) 100vw, 300px\" src=\"data:image\/svg+xml;base64,PHN2ZyB3aWR0aD0iMSIgaGVpZ2h0PSIxIiB4bWxucz0iaHR0cDovL3d3dy53My5vcmcvMjAwMC9zdmciPjwvc3ZnPg==\" style=\"--smush-placeholder-width: 300px; --smush-placeholder-aspect-ratio: 300\/180;\" \/><\/a>\n\t\t\t<\/dt><\/dl><br style=\"clear: both\" \/>\n\t\t<\/div>\n\n","protected":false},"excerpt":{"rendered":"<p>El Aula Espec\u00edfica TEA ha retomado en octubre la actividad de Nataci\u00f3n Adaptada. Los alumnos Paola, Hugo, Aitor, Antonio y Crist\u00f3bal acudir\u00e1n cada jueves del curso a la piscina de La Chana acompa\u00f1ados de sus profesores Nicol\u00e1s Crespo e Inmaculada Arco.<\/p>\n","protected":false},"author":9,"featured_media":22864,"comment_status":"open","ping_status":"closed","sticky":false,"template":"","format":"standard","meta":{"_et_pb_use_builder":"","_et_pb_old_content":"","_et_gb_content_width":"","_monsterinsights_skip_tracking":false,"_monsterinsights_sitenote_active":false,"_monsterinsights_sitenote_note":"","_monsterinsights_sitenote_category":0,"footnotes":""},"categories":[194],"tags":[],"class_list":["post-22861","post","type-post","status-publish","format-standard","has-post-thumbnail","hentry","category-aula-tea","et-has-post-format-content","et_post_format-et-post-format-standard"],"yoast_head":"<!-- This site is optimized with the Yoast SEO plugin v27.5 - https:\/\/yoast.com\/product\/yoast-seo-wordpress\/ -->\n<title>NATACI\u00d3N ADAPTADA AULA TEA - IES LA MADRAZA<\/title>\n<meta name=\"description\" content=\"IES La Madraza\" \/>\n<meta name=\"robots\" content=\"index, follow, max-snippet:-1, max-image-preview:large, max-video-preview:-1\" \/>\n<link rel=\"canonical\" href=\"https:\/\/ieslamadraza.com\/wp\/natacion-adaptada-aula-tea\/\" \/>\n<meta property=\"og:locale\" content=\"es_ES\" \/>\n<meta property=\"og:type\" content=\"article\" \/>\n<meta property=\"og:title\" content=\"NATACI\u00d3N ADAPTADA AULA TEA - IES LA MADRAZA\" \/>\n<meta property=\"og:description\" content=\"IES La Madraza\" \/>\n<meta property=\"og:url\" content=\"https:\/\/ieslamadraza.com\/wp\/natacion-adaptada-aula-tea\/\" \/>\n<meta property=\"og:site_name\" content=\"IES LA MADRAZA\" \/>\n<meta property=\"article:publisher\" content=\"https:\/\/www.facebook.com\/ieslamadraza\/\" \/>\n<meta property=\"article:published_time\" content=\"2025-10-07T18:59:06+00:00\" \/>\n<meta property=\"og:image\" content=\"https:\/\/ieslamadraza.com\/wp\/wp-content\/img\/2025\/10\/WhatsApp-Image-2025-10-07-at-19.19.18-1.jpeg\" \/>\n\t<meta property=\"og:image:width\" content=\"1525\" \/>\n\t<meta property=\"og:image:height\" content=\"2048\" \/>\n\t<meta property=\"og:image:type\" content=\"image\/jpeg\" \/>\n<meta name=\"author\" content=\"Olga marcar\" \/>\n<meta name=\"twitter:card\" content=\"summary_large_image\" \/>\n<meta name=\"twitter:creator\" content=\"@MadrazaLa\" \/>\n<meta name=\"twitter:site\" content=\"@MadrazaLa\" \/>\n<meta name=\"twitter:label1\" content=\"Escrito por\" \/>\n\t<meta name=\"twitter:data1\" content=\"Olga marcar\" \/>\n<script type=\"application\/ld+json\" class=\"yoast-schema-graph\">{\"@context\":\"https:\\\/\\\/schema.org\",\"@graph\":[{\"@type\":\"Article\",\"@id\":\"https:\\\/\\\/ieslamadraza.com\\\/wp\\\/natacion-adaptada-aula-tea\\\/#article\",\"isPartOf\":{\"@id\":\"https:\\\/\\\/ieslamadraza.com\\\/wp\\\/natacion-adaptada-aula-tea\\\/\"},\"author\":{\"name\":\"Olga marcar\",\"@id\":\"https:\\\/\\\/ieslamadraza.com\\\/wp\\\/#\\\/schema\\\/person\\\/6b091dc58a78fa4b3c8c07569c92d474\"},\"headline\":\"NATACI\u00d3N ADAPTADA AULA TEA\",\"datePublished\":\"2025-10-07T18:59:06+00:00\",\"mainEntityOfPage\":{\"@id\":\"https:\\\/\\\/ieslamadraza.com\\\/wp\\\/natacion-adaptada-aula-tea\\\/\"},\"wordCount\":56,\"commentCount\":0,\"publisher\":{\"@id\":\"https:\\\/\\\/ieslamadraza.com\\\/wp\\\/#organization\"},\"image\":{\"@id\":\"https:\\\/\\\/ieslamadraza.com\\\/wp\\\/natacion-adaptada-aula-tea\\\/#primaryimage\"},\"thumbnailUrl\":\"https:\\\/\\\/ieslamadraza.com\\\/wp\\\/wp-content\\\/img\\\/2025\\\/10\\\/WhatsApp-Image-2025-10-07-at-19.19.18-1.jpeg\",\"articleSection\":[\"AULA TEA\"],\"inLanguage\":\"es\",\"potentialAction\":[{\"@type\":\"CommentAction\",\"name\":\"Comment\",\"target\":[\"https:\\\/\\\/ieslamadraza.com\\\/wp\\\/natacion-adaptada-aula-tea\\\/#respond\"]}]},{\"@type\":\"WebPage\",\"@id\":\"https:\\\/\\\/ieslamadraza.com\\\/wp\\\/natacion-adaptada-aula-tea\\\/\",\"url\":\"https:\\\/\\\/ieslamadraza.com\\\/wp\\\/natacion-adaptada-aula-tea\\\/\",\"name\":\"NATACI\u00d3N ADAPTADA AULA TEA - IES LA MADRAZA\",\"isPartOf\":{\"@id\":\"https:\\\/\\\/ieslamadraza.com\\\/wp\\\/#website\"},\"primaryImageOfPage\":{\"@id\":\"https:\\\/\\\/ieslamadraza.com\\\/wp\\\/natacion-adaptada-aula-tea\\\/#primaryimage\"},\"image\":{\"@id\":\"https:\\\/\\\/ieslamadraza.com\\\/wp\\\/natacion-adaptada-aula-tea\\\/#primaryimage\"},\"thumbnailUrl\":\"https:\\\/\\\/ieslamadraza.com\\\/wp\\\/wp-content\\\/img\\\/2025\\\/10\\\/WhatsApp-Image-2025-10-07-at-19.19.18-1.jpeg\",\"datePublished\":\"2025-10-07T18:59:06+00:00\",\"description\":\"IES La Madraza\",\"breadcrumb\":{\"@id\":\"https:\\\/\\\/ieslamadraza.com\\\/wp\\\/natacion-adaptada-aula-tea\\\/#breadcrumb\"},\"inLanguage\":\"es\",\"potentialAction\":[{\"@type\":\"ReadAction\",\"target\":[\"https:\\\/\\\/ieslamadraza.com\\\/wp\\\/natacion-adaptada-aula-tea\\\/\"]}]},{\"@type\":\"ImageObject\",\"inLanguage\":\"es\",\"@id\":\"https:\\\/\\\/ieslamadraza.com\\\/wp\\\/natacion-adaptada-aula-tea\\\/#primaryimage\",\"url\":\"https:\\\/\\\/ieslamadraza.com\\\/wp\\\/wp-content\\\/img\\\/2025\\\/10\\\/WhatsApp-Image-2025-10-07-at-19.19.18-1.jpeg\",\"contentUrl\":\"https:\\\/\\\/ieslamadraza.com\\\/wp\\\/wp-content\\\/img\\\/2025\\\/10\\\/WhatsApp-Image-2025-10-07-at-19.19.18-1.jpeg\",\"width\":1525,\"height\":2048},{\"@type\":\"BreadcrumbList\",\"@id\":\"https:\\\/\\\/ieslamadraza.com\\\/wp\\\/natacion-adaptada-aula-tea\\\/#breadcrumb\",\"itemListElement\":[{\"@type\":\"ListItem\",\"position\":1,\"name\":\"Portada\",\"item\":\"https:\\\/\\\/ieslamadraza.com\\\/wp\\\/\"},{\"@type\":\"ListItem\",\"position\":2,\"name\":\"NATACI\u00d3N ADAPTADA AULA TEA\"}]},{\"@type\":\"WebSite\",\"@id\":\"https:\\\/\\\/ieslamadraza.com\\\/wp\\\/#website\",\"url\":\"https:\\\/\\\/ieslamadraza.com\\\/wp\\\/\",\"name\":\"IES LA MADRAZA\",\"description\":\"Instituto de Ense\u00f1anza Secundaria de Granada (Espa\u00f1a)\",\"publisher\":{\"@id\":\"https:\\\/\\\/ieslamadraza.com\\\/wp\\\/#organization\"},\"alternateName\":\"Inicio - IES LA MADRAZA\",\"potentialAction\":[{\"@type\":\"SearchAction\",\"target\":{\"@type\":\"EntryPoint\",\"urlTemplate\":\"https:\\\/\\\/ieslamadraza.com\\\/wp\\\/?s={search_term_string}\"},\"query-input\":{\"@type\":\"PropertyValueSpecification\",\"valueRequired\":true,\"valueName\":\"search_term_string\"}}],\"inLanguage\":\"es\"},{\"@type\":\"Organization\",\"@id\":\"https:\\\/\\\/ieslamadraza.com\\\/wp\\\/#organization\",\"name\":\"IES La Madraza -Instituto de Ense\u00f1anza Secundaria - Granada\",\"alternateName\":\"IES La Madraza -Instituto de Ense\u00f1anza Secundaria - Granada\",\"url\":\"https:\\\/\\\/ieslamadraza.com\\\/wp\\\/\",\"logo\":{\"@type\":\"ImageObject\",\"inLanguage\":\"es\",\"@id\":\"https:\\\/\\\/ieslamadraza.com\\\/wp\\\/#\\\/schema\\\/logo\\\/image\\\/\",\"url\":\"https:\\\/\\\/ieslamadraza.com\\\/wp\\\/wp-content\\\/img\\\/2025\\\/10\\\/logo.jpeg\",\"contentUrl\":\"https:\\\/\\\/ieslamadraza.com\\\/wp\\\/wp-content\\\/img\\\/2025\\\/10\\\/logo.jpeg\",\"width\":225,\"height\":225,\"caption\":\"IES La Madraza -Instituto de Ense\u00f1anza Secundaria - Granada\"},\"image\":{\"@id\":\"https:\\\/\\\/ieslamadraza.com\\\/wp\\\/#\\\/schema\\\/logo\\\/image\\\/\"},\"sameAs\":[\"https:\\\/\\\/www.facebook.com\\\/ieslamadraza\\\/\",\"https:\\\/\\\/x.com\\\/MadrazaLa\",\"https:\\\/\\\/www.instagram.com\\\/institutolamadraza\\\/\"]},{\"@type\":\"Person\",\"@id\":\"https:\\\/\\\/ieslamadraza.com\\\/wp\\\/#\\\/schema\\\/person\\\/6b091dc58a78fa4b3c8c07569c92d474\",\"name\":\"Olga marcar\",\"image\":{\"@type\":\"ImageObject\",\"inLanguage\":\"es\",\"@id\":\"https:\\\/\\\/secure.gravatar.com\\\/avatar\\\/b07a79a5930398ecb585cca9f03092467971ff125ba7179ace8b93ebaf9976b2?s=96&d=mm&r=g\",\"url\":\"https:\\\/\\\/secure.gravatar.com\\\/avatar\\\/b07a79a5930398ecb585cca9f03092467971ff125ba7179ace8b93ebaf9976b2?s=96&d=mm&r=g\",\"contentUrl\":\"https:\\\/\\\/secure.gravatar.com\\\/avatar\\\/b07a79a5930398ecb585cca9f03092467971ff125ba7179ace8b93ebaf9976b2?s=96&d=mm&r=g\",\"caption\":\"Olga marcar\"},\"url\":\"https:\\\/\\\/ieslamadraza.com\\\/wp\\\/author\\\/olga_ma\\\/\"}]}<\/script>\n<!-- \/ Yoast SEO plugin. -->","yoast_head_json":{"title":"NATACI\u00d3N ADAPTADA AULA TEA - IES LA MADRAZA","description":"IES La Madraza","robots":{"index":"index","follow":"follow","max-snippet":"max-snippet:-1","max-image-preview":"max-image-preview:large","max-video-preview":"max-video-preview:-1"},"canonical":"https:\/\/ieslamadraza.com\/wp\/natacion-adaptada-aula-tea\/","og_locale":"es_ES","og_type":"article","og_title":"NATACI\u00d3N ADAPTADA AULA TEA - IES LA MADRAZA","og_description":"IES La Madraza","og_url":"https:\/\/ieslamadraza.com\/wp\/natacion-adaptada-aula-tea\/","og_site_name":"IES LA MADRAZA","article_publisher":"https:\/\/www.facebook.com\/ieslamadraza\/","article_published_time":"2025-10-07T18:59:06+00:00","og_image":[{"width":1525,"height":2048,"url":"https:\/\/ieslamadraza.com\/wp\/wp-content\/img\/2025\/10\/WhatsApp-Image-2025-10-07-at-19.19.18-1.jpeg","type":"image\/jpeg"}],"author":"Olga marcar","twitter_card":"summary_large_image","twitter_creator":"@MadrazaLa","twitter_site":"@MadrazaLa","twitter_misc":{"Escrito por":"Olga marcar"},"schema":{"@context":"https:\/\/schema.org","@graph":[{"@type":"Article","@id":"https:\/\/ieslamadraza.com\/wp\/natacion-adaptada-aula-tea\/#article","isPartOf":{"@id":"https:\/\/ieslamadraza.com\/wp\/natacion-adaptada-aula-tea\/"},"author":{"name":"Olga marcar","@id":"https:\/\/ieslamadraza.com\/wp\/#\/schema\/person\/6b091dc58a78fa4b3c8c07569c92d474"},"headline":"NATACI\u00d3N ADAPTADA AULA TEA","datePublished":"2025-10-07T18:59:06+00:00","mainEntityOfPage":{"@id":"https:\/\/ieslamadraza.com\/wp\/natacion-adaptada-aula-tea\/"},"wordCount":56,"commentCount":0,"publisher":{"@id":"https:\/\/ieslamadraza.com\/wp\/#organization"},"image":{"@id":"https:\/\/ieslamadraza.com\/wp\/natacion-adaptada-aula-tea\/#primaryimage"},"thumbnailUrl":"https:\/\/ieslamadraza.com\/wp\/wp-content\/img\/2025\/10\/WhatsApp-Image-2025-10-07-at-19.19.18-1.jpeg","articleSection":["AULA TEA"],"inLanguage":"es","potentialAction":[{"@type":"CommentAction","name":"Comment","target":["https:\/\/ieslamadraza.com\/wp\/natacion-adaptada-aula-tea\/#respond"]}]},{"@type":"WebPage","@id":"https:\/\/ieslamadraza.com\/wp\/natacion-adaptada-aula-tea\/","url":"https:\/\/ieslamadraza.com\/wp\/natacion-adaptada-aula-tea\/","name":"NATACI\u00d3N ADAPTADA AULA TEA - IES LA MADRAZA","isPartOf":{"@id":"https:\/\/ieslamadraza.com\/wp\/#website"},"primaryImageOfPage":{"@id":"https:\/\/ieslamadraza.com\/wp\/natacion-adaptada-aula-tea\/#primaryimage"},"image":{"@id":"https:\/\/ieslamadraza.com\/wp\/natacion-adaptada-aula-tea\/#primaryimage"},"thumbnailUrl":"https:\/\/ieslamadraza.com\/wp\/wp-content\/img\/2025\/10\/WhatsApp-Image-2025-10-07-at-19.19.18-1.jpeg","datePublished":"2025-10-07T18:59:06+00:00","description":"IES La Madraza","breadcrumb":{"@id":"https:\/\/ieslamadraza.com\/wp\/natacion-adaptada-aula-tea\/#breadcrumb"},"inLanguage":"es","potentialAction":[{"@type":"ReadAction","target":["https:\/\/ieslamadraza.com\/wp\/natacion-adaptada-aula-tea\/"]}]},{"@type":"ImageObject","inLanguage":"es","@id":"https:\/\/ieslamadraza.com\/wp\/natacion-adaptada-aula-tea\/#primaryimage","url":"https:\/\/ieslamadraza.com\/wp\/wp-content\/img\/2025\/10\/WhatsApp-Image-2025-10-07-at-19.19.18-1.jpeg","contentUrl":"https:\/\/ieslamadraza.com\/wp\/wp-content\/img\/2025\/10\/WhatsApp-Image-2025-10-07-at-19.19.18-1.jpeg","width":1525,"height":2048},{"@type":"BreadcrumbList","@id":"https:\/\/ieslamadraza.com\/wp\/natacion-adaptada-aula-tea\/#breadcrumb","itemListElement":[{"@type":"ListItem","position":1,"name":"Portada","item":"https:\/\/ieslamadraza.com\/wp\/"},{"@type":"ListItem","position":2,"name":"NATACI\u00d3N ADAPTADA AULA TEA"}]},{"@type":"WebSite","@id":"https:\/\/ieslamadraza.com\/wp\/#website","url":"https:\/\/ieslamadraza.com\/wp\/","name":"IES LA MADRAZA","description":"Instituto de Ense\u00f1anza Secundaria de Granada (Espa\u00f1a)","publisher":{"@id":"https:\/\/ieslamadraza.com\/wp\/#organization"},"alternateName":"Inicio - IES LA MADRAZA","potentialAction":[{"@type":"SearchAction","target":{"@type":"EntryPoint","urlTemplate":"https:\/\/ieslamadraza.com\/wp\/?s={search_term_string}"},"query-input":{"@type":"PropertyValueSpecification","valueRequired":true,"valueName":"search_term_string"}}],"inLanguage":"es"},{"@type":"Organization","@id":"https:\/\/ieslamadraza.com\/wp\/#organization","name":"IES La Madraza -Instituto de Ense\u00f1anza Secundaria - Granada","alternateName":"IES La Madraza -Instituto de Ense\u00f1anza Secundaria - Granada","url":"https:\/\/ieslamadraza.com\/wp\/","logo":{"@type":"ImageObject","inLanguage":"es","@id":"https:\/\/ieslamadraza.com\/wp\/#\/schema\/logo\/image\/","url":"https:\/\/ieslamadraza.com\/wp\/wp-content\/img\/2025\/10\/logo.jpeg","contentUrl":"https:\/\/ieslamadraza.com\/wp\/wp-content\/img\/2025\/10\/logo.jpeg","width":225,"height":225,"caption":"IES La Madraza -Instituto de Ense\u00f1anza Secundaria - Granada"},"image":{"@id":"https:\/\/ieslamadraza.com\/wp\/#\/schema\/logo\/image\/"},"sameAs":["https:\/\/www.facebook.com\/ieslamadraza\/","https:\/\/x.com\/MadrazaLa","https:\/\/www.instagram.com\/institutolamadraza\/"]},{"@type":"Person","@id":"https:\/\/ieslamadraza.com\/wp\/#\/schema\/person\/6b091dc58a78fa4b3c8c07569c92d474","name":"Olga marcar","image":{"@type":"ImageObject","inLanguage":"es","@id":"https:\/\/secure.gravatar.com\/avatar\/b07a79a5930398ecb585cca9f03092467971ff125ba7179ace8b93ebaf9976b2?s=96&d=mm&r=g","url":"https:\/\/secure.gravatar.com\/avatar\/b07a79a5930398ecb585cca9f03092467971ff125ba7179ace8b93ebaf9976b2?s=96&d=mm&r=g","contentUrl":"https:\/\/secure.gravatar.com\/avatar\/b07a79a5930398ecb585cca9f03092467971ff125ba7179ace8b93ebaf9976b2?s=96&d=mm&r=g","caption":"Olga marcar"},"url":"https:\/\/ieslamadraza.com\/wp\/author\/olga_ma\/"}]}},"_links":{"self":[{"href":"https:\/\/ieslamadraza.com\/wp\/wp-json\/wp\/v2\/posts\/22861","targetHints":{"allow":["GET"]}}],"collection":[{"href":"https:\/\/ieslamadraza.com\/wp\/wp-json\/wp\/v2\/posts"}],"about":[{"href":"https:\/\/ieslamadraza.com\/wp\/wp-json\/wp\/v2\/types\/post"}],"author":[{"embeddable":true,"href":"https:\/\/ieslamadraza.com\/wp\/wp-json\/wp\/v2\/users\/9"}],"replies":[{"embeddable":true,"href":"https:\/\/ieslamadraza.com\/wp\/wp-json\/wp\/v2\/comments?post=22861"}],"version-history":[{"count":0,"href":"https:\/\/ieslamadraza.com\/wp\/wp-json\/wp\/v2\/posts\/22861\/revisions"}],"wp:featuredmedia":[{"embeddable":true,"href":"https:\/\/ieslamadraza.com\/wp\/wp-json\/wp\/v2\/media\/22864"}],"wp:attachment":[{"href":"https:\/\/ieslamadraza.com\/wp\/wp-json\/wp\/v2\/media?parent=22861"}],"wp:term":[{"taxonomy":"category","embeddable":true,"href":"https:\/\/ieslamadraza.com\/wp\/wp-json\/wp\/v2\/categories?post=22861"},{"taxonomy":"post_tag","embeddable":true,"href":"https:\/\/ieslamadraza.com\/wp\/wp-json\/wp\/v2\/tags?post=22861"}],"curies":[{"name":"wp","href":"https:\/\/api.w.org\/{rel}","templated":true}]}}