{"id":22504,"date":"2025-06-06T19:15:20","date_gmt":"2025-06-06T17:15:20","guid":{"rendered":"https:\/\/ieslamadraza.com\/wp\/?p=22504"},"modified":"2025-06-06T19:15:20","modified_gmt":"2025-06-06T17:15:20","slug":"programa-de-radio-la-madraza-no-316-dia-del-medioambiente","status":"publish","type":"post","link":"https:\/\/ieslamadraza.com\/wp\/programa-de-radio-la-madraza-no-316-dia-del-medioambiente\/","title":{"rendered":"Programa de Radio La Madraza n\u00ba 316: D\u00eda del medioambiente."},"content":{"rendered":"<p>El <strong>\u00d0\u00eda de Medio Ambiente<\/strong>, con motivo del nuevo reconocimiento de nuestro Centro como <strong>BANDERA VERDE<\/strong>, gracias al Proyecto de Ecoescuela, <strong>el alumnado del Comit\u00e9 Ecosocial, junto con el profesor Pablo Acosta,<\/strong> responsable del Proyecto, nos ofrecen una tertulia radiof\u00f3nica explicando este acontecimiento tan relevante en nuestro IES LA MADRAZA.<\/p>\n<p>&nbsp;<\/p>\n<p><img decoding=\"async\" class=\"alignnone size-full wp-image-22505 lazyload\" data-src=\"https:\/\/ieslamadraza.com\/wp\/wp-content\/img\/2025\/06\/WhatsApp-Image-2025-06-06-at-12.19.51.jpeg\" alt=\"\" width=\"900\" height=\"1600\" data-srcset=\"https:\/\/ieslamadraza.com\/wp\/wp-content\/img\/2025\/06\/WhatsApp-Image-2025-06-06-at-12.19.51.jpeg 900w, https:\/\/ieslamadraza.com\/wp\/wp-content\/img\/2025\/06\/WhatsApp-Image-2025-06-06-at-12.19.51-169x300.jpeg 169w, https:\/\/ieslamadraza.com\/wp\/wp-content\/img\/2025\/06\/WhatsApp-Image-2025-06-06-at-12.19.51-576x1024.jpeg 576w, https:\/\/ieslamadraza.com\/wp\/wp-content\/img\/2025\/06\/WhatsApp-Image-2025-06-06-at-12.19.51-768x1365.jpeg 768w, https:\/\/ieslamadraza.com\/wp\/wp-content\/img\/2025\/06\/WhatsApp-Image-2025-06-06-at-12.19.51-864x1536.jpeg 864w\" data-sizes=\"(max-width: 900px) 100vw, 900px\" src=\"data:image\/svg+xml;base64,PHN2ZyB3aWR0aD0iMSIgaGVpZ2h0PSIxIiB4bWxucz0iaHR0cDovL3d3dy53My5vcmcvMjAwMC9zdmciPjwvc3ZnPg==\" style=\"--smush-placeholder-width: 900px; --smush-placeholder-aspect-ratio: 900\/1600;\" \/> <img decoding=\"async\" class=\"alignnone size-full wp-image-22507 lazyload\" data-src=\"https:\/\/ieslamadraza.com\/wp\/wp-content\/img\/2025\/06\/WhatsApp-Image-2025-06-06-at-12.19.53.jpeg\" alt=\"\" width=\"1600\" height=\"900\" data-srcset=\"https:\/\/ieslamadraza.com\/wp\/wp-content\/img\/2025\/06\/WhatsApp-Image-2025-06-06-at-12.19.53.jpeg 1600w, https:\/\/ieslamadraza.com\/wp\/wp-content\/img\/2025\/06\/WhatsApp-Image-2025-06-06-at-12.19.53-300x169.jpeg 300w, https:\/\/ieslamadraza.com\/wp\/wp-content\/img\/2025\/06\/WhatsApp-Image-2025-06-06-at-12.19.53-1024x576.jpeg 1024w, https:\/\/ieslamadraza.com\/wp\/wp-content\/img\/2025\/06\/WhatsApp-Image-2025-06-06-at-12.19.53-768x432.jpeg 768w, https:\/\/ieslamadraza.com\/wp\/wp-content\/img\/2025\/06\/WhatsApp-Image-2025-06-06-at-12.19.53-1536x864.jpeg 1536w, https:\/\/ieslamadraza.com\/wp\/wp-content\/img\/2025\/06\/WhatsApp-Image-2025-06-06-at-12.19.53-1080x608.jpeg 1080w\" data-sizes=\"(max-width: 1600px) 100vw, 1600px\" src=\"data:image\/svg+xml;base64,PHN2ZyB3aWR0aD0iMSIgaGVpZ2h0PSIxIiB4bWxucz0iaHR0cDovL3d3dy53My5vcmcvMjAwMC9zdmciPjwvc3ZnPg==\" style=\"--smush-placeholder-width: 1600px; --smush-placeholder-aspect-ratio: 1600\/900;\" \/><\/p>\n<p><iframe data-src=\"https:\/\/www.ivoox.com\/player_ej_149464576_6_1.html?c1=1b9583\" width=\"100%\" height=\"200\" frameborder=\"0\" scrolling=\"no\" allowfullscreen=\"allowfullscreen\" src=\"data:image\/svg+xml;base64,PHN2ZyB3aWR0aD0iMSIgaGVpZ2h0PSIxIiB4bWxucz0iaHR0cDovL3d3dy53My5vcmcvMjAwMC9zdmciPjwvc3ZnPg==\" class=\"lazyload\" data-load-mode=\"1\"><\/iframe><\/p>\n","protected":false},"excerpt":{"rendered":"<p>El \u00d0\u00eda de Medio Ambiente, con motivo del nuevo reconocimiento de nuestro Centro como BANDERA VERDE, gracias al Proyecto de Ecoescuela, el alumnado del Comit\u00e9 Ecosocial, junto con el profesor Pablo Acosta, responsable del Proyecto, nos ofrecen una tertulia radiof\u00f3nica explicando este acontecimiento tan relevante en nuestro IES LA MADRAZA. &nbsp;<\/p>\n","protected":false},"author":8,"featured_media":22507,"comment_status":"open","ping_status":"closed","sticky":false,"template":"","format":"standard","meta":{"_et_pb_use_builder":"","_et_pb_old_content":"","_et_gb_content_width":"","_monsterinsights_skip_tracking":false,"_monsterinsights_sitenote_active":false,"_monsterinsights_sitenote_note":"","_monsterinsights_sitenote_category":0,"footnotes":""},"categories":[187,78,132,107,144,119],"tags":[],"class_list":["post-22504","post","type-post","status-publish","format-standard","has-post-thumbnail","hentry","category-comunidad-educativa","category-ecoescuela-ecoescuela","category-noticias","category-concursos","category-radio-la-madraza","category-ultimas","et-has-post-format-content","et_post_format-et-post-format-standard"],"yoast_head":"<!-- This site is optimized with the Yoast SEO plugin v27.5 - https:\/\/yoast.com\/product\/yoast-seo-wordpress\/ -->\n<title>Programa de Radio La Madraza n\u00ba 316: D\u00eda del medioambiente. - IES LA MADRAZA<\/title>\n<meta name=\"description\" content=\"IES La Madraza\" \/>\n<meta name=\"robots\" content=\"index, follow, max-snippet:-1, max-image-preview:large, max-video-preview:-1\" \/>\n<link rel=\"canonical\" href=\"https:\/\/ieslamadraza.com\/wp\/programa-de-radio-la-madraza-no-316-dia-del-medioambiente\/\" \/>\n<meta property=\"og:locale\" content=\"es_ES\" \/>\n<meta property=\"og:type\" content=\"article\" \/>\n<meta property=\"og:title\" content=\"Programa de Radio La Madraza n\u00ba 316: D\u00eda del medioambiente. - IES LA MADRAZA\" \/>\n<meta property=\"og:description\" content=\"IES La Madraza\" \/>\n<meta property=\"og:url\" content=\"https:\/\/ieslamadraza.com\/wp\/programa-de-radio-la-madraza-no-316-dia-del-medioambiente\/\" \/>\n<meta property=\"og:site_name\" content=\"IES LA MADRAZA\" \/>\n<meta property=\"article:publisher\" content=\"https:\/\/www.facebook.com\/ieslamadraza\/\" \/>\n<meta property=\"article:published_time\" content=\"2025-06-06T17:15:20+00:00\" \/>\n<meta property=\"og:image\" content=\"https:\/\/ieslamadraza.com\/wp\/wp-content\/img\/2025\/06\/WhatsApp-Image-2025-06-06-at-12.19.53.jpeg\" \/>\n\t<meta property=\"og:image:width\" content=\"1600\" \/>\n\t<meta property=\"og:image:height\" content=\"900\" \/>\n\t<meta property=\"og:image:type\" content=\"image\/jpeg\" \/>\n<meta name=\"author\" content=\"Esperanza\" \/>\n<meta name=\"twitter:card\" content=\"summary_large_image\" \/>\n<meta name=\"twitter:creator\" content=\"@MadrazaLa\" \/>\n<meta name=\"twitter:site\" content=\"@MadrazaLa\" \/>\n<meta name=\"twitter:label1\" content=\"Escrito por\" \/>\n\t<meta name=\"twitter:data1\" content=\"Esperanza\" \/>\n<script type=\"application\/ld+json\" class=\"yoast-schema-graph\">{\"@context\":\"https:\\\/\\\/schema.org\",\"@graph\":[{\"@type\":\"Article\",\"@id\":\"https:\\\/\\\/ieslamadraza.com\\\/wp\\\/programa-de-radio-la-madraza-no-316-dia-del-medioambiente\\\/#article\",\"isPartOf\":{\"@id\":\"https:\\\/\\\/ieslamadraza.com\\\/wp\\\/programa-de-radio-la-madraza-no-316-dia-del-medioambiente\\\/\"},\"author\":{\"name\":\"Esperanza\",\"@id\":\"https:\\\/\\\/ieslamadraza.com\\\/wp\\\/#\\\/schema\\\/person\\\/1660c6e0c1cdbfaeb57edd860628d718\"},\"headline\":\"Programa de Radio La Madraza n\u00ba 316: D\u00eda del medioambiente.\",\"datePublished\":\"2025-06-06T17:15:20+00:00\",\"mainEntityOfPage\":{\"@id\":\"https:\\\/\\\/ieslamadraza.com\\\/wp\\\/programa-de-radio-la-madraza-no-316-dia-del-medioambiente\\\/\"},\"wordCount\":62,\"commentCount\":0,\"publisher\":{\"@id\":\"https:\\\/\\\/ieslamadraza.com\\\/wp\\\/#organization\"},\"image\":{\"@id\":\"https:\\\/\\\/ieslamadraza.com\\\/wp\\\/programa-de-radio-la-madraza-no-316-dia-del-medioambiente\\\/#primaryimage\"},\"thumbnailUrl\":\"https:\\\/\\\/ieslamadraza.com\\\/wp\\\/wp-content\\\/img\\\/2025\\\/06\\\/WhatsApp-Image-2025-06-06-at-12.19.53.jpeg\",\"articleSection\":[\"Comunidad educativa\",\"ECOESCUELA\",\"NOTICIAS DE INTER\u00c9S\",\"PREMIOS Y CONCURSOS\",\"RADIO LA MADRAZA\",\"\u00daLTIMAS NOTICIAS\"],\"inLanguage\":\"es\",\"potentialAction\":[{\"@type\":\"CommentAction\",\"name\":\"Comment\",\"target\":[\"https:\\\/\\\/ieslamadraza.com\\\/wp\\\/programa-de-radio-la-madraza-no-316-dia-del-medioambiente\\\/#respond\"]}]},{\"@type\":\"WebPage\",\"@id\":\"https:\\\/\\\/ieslamadraza.com\\\/wp\\\/programa-de-radio-la-madraza-no-316-dia-del-medioambiente\\\/\",\"url\":\"https:\\\/\\\/ieslamadraza.com\\\/wp\\\/programa-de-radio-la-madraza-no-316-dia-del-medioambiente\\\/\",\"name\":\"Programa de Radio La Madraza n\u00ba 316: D\u00eda del medioambiente. - IES LA MADRAZA\",\"isPartOf\":{\"@id\":\"https:\\\/\\\/ieslamadraza.com\\\/wp\\\/#website\"},\"primaryImageOfPage\":{\"@id\":\"https:\\\/\\\/ieslamadraza.com\\\/wp\\\/programa-de-radio-la-madraza-no-316-dia-del-medioambiente\\\/#primaryimage\"},\"image\":{\"@id\":\"https:\\\/\\\/ieslamadraza.com\\\/wp\\\/programa-de-radio-la-madraza-no-316-dia-del-medioambiente\\\/#primaryimage\"},\"thumbnailUrl\":\"https:\\\/\\\/ieslamadraza.com\\\/wp\\\/wp-content\\\/img\\\/2025\\\/06\\\/WhatsApp-Image-2025-06-06-at-12.19.53.jpeg\",\"datePublished\":\"2025-06-06T17:15:20+00:00\",\"description\":\"IES La Madraza\",\"breadcrumb\":{\"@id\":\"https:\\\/\\\/ieslamadraza.com\\\/wp\\\/programa-de-radio-la-madraza-no-316-dia-del-medioambiente\\\/#breadcrumb\"},\"inLanguage\":\"es\",\"potentialAction\":[{\"@type\":\"ReadAction\",\"target\":[\"https:\\\/\\\/ieslamadraza.com\\\/wp\\\/programa-de-radio-la-madraza-no-316-dia-del-medioambiente\\\/\"]}]},{\"@type\":\"ImageObject\",\"inLanguage\":\"es\",\"@id\":\"https:\\\/\\\/ieslamadraza.com\\\/wp\\\/programa-de-radio-la-madraza-no-316-dia-del-medioambiente\\\/#primaryimage\",\"url\":\"https:\\\/\\\/ieslamadraza.com\\\/wp\\\/wp-content\\\/img\\\/2025\\\/06\\\/WhatsApp-Image-2025-06-06-at-12.19.53.jpeg\",\"contentUrl\":\"https:\\\/\\\/ieslamadraza.com\\\/wp\\\/wp-content\\\/img\\\/2025\\\/06\\\/WhatsApp-Image-2025-06-06-at-12.19.53.jpeg\",\"width\":1600,\"height\":900},{\"@type\":\"BreadcrumbList\",\"@id\":\"https:\\\/\\\/ieslamadraza.com\\\/wp\\\/programa-de-radio-la-madraza-no-316-dia-del-medioambiente\\\/#breadcrumb\",\"itemListElement\":[{\"@type\":\"ListItem\",\"position\":1,\"name\":\"Portada\",\"item\":\"https:\\\/\\\/ieslamadraza.com\\\/wp\\\/\"},{\"@type\":\"ListItem\",\"position\":2,\"name\":\"Programa de Radio La Madraza n\u00ba 316: D\u00eda del medioambiente.\"}]},{\"@type\":\"WebSite\",\"@id\":\"https:\\\/\\\/ieslamadraza.com\\\/wp\\\/#website\",\"url\":\"https:\\\/\\\/ieslamadraza.com\\\/wp\\\/\",\"name\":\"IES LA MADRAZA\",\"description\":\"Instituto de Ense\u00f1anza Secundaria de Granada (Espa\u00f1a)\",\"publisher\":{\"@id\":\"https:\\\/\\\/ieslamadraza.com\\\/wp\\\/#organization\"},\"alternateName\":\"Inicio - IES LA MADRAZA\",\"potentialAction\":[{\"@type\":\"SearchAction\",\"target\":{\"@type\":\"EntryPoint\",\"urlTemplate\":\"https:\\\/\\\/ieslamadraza.com\\\/wp\\\/?s={search_term_string}\"},\"query-input\":{\"@type\":\"PropertyValueSpecification\",\"valueRequired\":true,\"valueName\":\"search_term_string\"}}],\"inLanguage\":\"es\"},{\"@type\":\"Organization\",\"@id\":\"https:\\\/\\\/ieslamadraza.com\\\/wp\\\/#organization\",\"name\":\"IES La Madraza -Instituto de Ense\u00f1anza Secundaria - Granada\",\"alternateName\":\"IES La Madraza -Instituto de Ense\u00f1anza Secundaria - Granada\",\"url\":\"https:\\\/\\\/ieslamadraza.com\\\/wp\\\/\",\"logo\":{\"@type\":\"ImageObject\",\"inLanguage\":\"es\",\"@id\":\"https:\\\/\\\/ieslamadraza.com\\\/wp\\\/#\\\/schema\\\/logo\\\/image\\\/\",\"url\":\"https:\\\/\\\/ieslamadraza.com\\\/wp\\\/wp-content\\\/img\\\/2025\\\/10\\\/logo.jpeg\",\"contentUrl\":\"https:\\\/\\\/ieslamadraza.com\\\/wp\\\/wp-content\\\/img\\\/2025\\\/10\\\/logo.jpeg\",\"width\":225,\"height\":225,\"caption\":\"IES La Madraza -Instituto de Ense\u00f1anza Secundaria - Granada\"},\"image\":{\"@id\":\"https:\\\/\\\/ieslamadraza.com\\\/wp\\\/#\\\/schema\\\/logo\\\/image\\\/\"},\"sameAs\":[\"https:\\\/\\\/www.facebook.com\\\/ieslamadraza\\\/\",\"https:\\\/\\\/x.com\\\/MadrazaLa\",\"https:\\\/\\\/www.instagram.com\\\/institutolamadraza\\\/\"]},{\"@type\":\"Person\",\"@id\":\"https:\\\/\\\/ieslamadraza.com\\\/wp\\\/#\\\/schema\\\/person\\\/1660c6e0c1cdbfaeb57edd860628d718\",\"name\":\"Esperanza\",\"image\":{\"@type\":\"ImageObject\",\"inLanguage\":\"es\",\"@id\":\"https:\\\/\\\/secure.gravatar.com\\\/avatar\\\/495c96955000491e516021e0a69d064dff5dd12c9312c9dca0945f7c7061fcef?s=96&d=mm&r=g\",\"url\":\"https:\\\/\\\/secure.gravatar.com\\\/avatar\\\/495c96955000491e516021e0a69d064dff5dd12c9312c9dca0945f7c7061fcef?s=96&d=mm&r=g\",\"contentUrl\":\"https:\\\/\\\/secure.gravatar.com\\\/avatar\\\/495c96955000491e516021e0a69d064dff5dd12c9312c9dca0945f7c7061fcef?s=96&d=mm&r=g\",\"caption\":\"Esperanza\"},\"url\":\"https:\\\/\\\/ieslamadraza.com\\\/wp\\\/author\\\/esperanza\\\/\"}]}<\/script>\n<!-- \/ Yoast SEO plugin. -->","yoast_head_json":{"title":"Programa de Radio La Madraza n\u00ba 316: D\u00eda del medioambiente. - IES LA MADRAZA","description":"IES La Madraza","robots":{"index":"index","follow":"follow","max-snippet":"max-snippet:-1","max-image-preview":"max-image-preview:large","max-video-preview":"max-video-preview:-1"},"canonical":"https:\/\/ieslamadraza.com\/wp\/programa-de-radio-la-madraza-no-316-dia-del-medioambiente\/","og_locale":"es_ES","og_type":"article","og_title":"Programa de Radio La Madraza n\u00ba 316: D\u00eda del medioambiente. - IES LA MADRAZA","og_description":"IES La Madraza","og_url":"https:\/\/ieslamadraza.com\/wp\/programa-de-radio-la-madraza-no-316-dia-del-medioambiente\/","og_site_name":"IES LA MADRAZA","article_publisher":"https:\/\/www.facebook.com\/ieslamadraza\/","article_published_time":"2025-06-06T17:15:20+00:00","og_image":[{"width":1600,"height":900,"url":"https:\/\/ieslamadraza.com\/wp\/wp-content\/img\/2025\/06\/WhatsApp-Image-2025-06-06-at-12.19.53.jpeg","type":"image\/jpeg"}],"author":"Esperanza","twitter_card":"summary_large_image","twitter_creator":"@MadrazaLa","twitter_site":"@MadrazaLa","twitter_misc":{"Escrito por":"Esperanza"},"schema":{"@context":"https:\/\/schema.org","@graph":[{"@type":"Article","@id":"https:\/\/ieslamadraza.com\/wp\/programa-de-radio-la-madraza-no-316-dia-del-medioambiente\/#article","isPartOf":{"@id":"https:\/\/ieslamadraza.com\/wp\/programa-de-radio-la-madraza-no-316-dia-del-medioambiente\/"},"author":{"name":"Esperanza","@id":"https:\/\/ieslamadraza.com\/wp\/#\/schema\/person\/1660c6e0c1cdbfaeb57edd860628d718"},"headline":"Programa de Radio La Madraza n\u00ba 316: D\u00eda del medioambiente.","datePublished":"2025-06-06T17:15:20+00:00","mainEntityOfPage":{"@id":"https:\/\/ieslamadraza.com\/wp\/programa-de-radio-la-madraza-no-316-dia-del-medioambiente\/"},"wordCount":62,"commentCount":0,"publisher":{"@id":"https:\/\/ieslamadraza.com\/wp\/#organization"},"image":{"@id":"https:\/\/ieslamadraza.com\/wp\/programa-de-radio-la-madraza-no-316-dia-del-medioambiente\/#primaryimage"},"thumbnailUrl":"https:\/\/ieslamadraza.com\/wp\/wp-content\/img\/2025\/06\/WhatsApp-Image-2025-06-06-at-12.19.53.jpeg","articleSection":["Comunidad educativa","ECOESCUELA","NOTICIAS DE INTER\u00c9S","PREMIOS Y CONCURSOS","RADIO LA MADRAZA","\u00daLTIMAS NOTICIAS"],"inLanguage":"es","potentialAction":[{"@type":"CommentAction","name":"Comment","target":["https:\/\/ieslamadraza.com\/wp\/programa-de-radio-la-madraza-no-316-dia-del-medioambiente\/#respond"]}]},{"@type":"WebPage","@id":"https:\/\/ieslamadraza.com\/wp\/programa-de-radio-la-madraza-no-316-dia-del-medioambiente\/","url":"https:\/\/ieslamadraza.com\/wp\/programa-de-radio-la-madraza-no-316-dia-del-medioambiente\/","name":"Programa de Radio La Madraza n\u00ba 316: D\u00eda del medioambiente. - IES LA MADRAZA","isPartOf":{"@id":"https:\/\/ieslamadraza.com\/wp\/#website"},"primaryImageOfPage":{"@id":"https:\/\/ieslamadraza.com\/wp\/programa-de-radio-la-madraza-no-316-dia-del-medioambiente\/#primaryimage"},"image":{"@id":"https:\/\/ieslamadraza.com\/wp\/programa-de-radio-la-madraza-no-316-dia-del-medioambiente\/#primaryimage"},"thumbnailUrl":"https:\/\/ieslamadraza.com\/wp\/wp-content\/img\/2025\/06\/WhatsApp-Image-2025-06-06-at-12.19.53.jpeg","datePublished":"2025-06-06T17:15:20+00:00","description":"IES La Madraza","breadcrumb":{"@id":"https:\/\/ieslamadraza.com\/wp\/programa-de-radio-la-madraza-no-316-dia-del-medioambiente\/#breadcrumb"},"inLanguage":"es","potentialAction":[{"@type":"ReadAction","target":["https:\/\/ieslamadraza.com\/wp\/programa-de-radio-la-madraza-no-316-dia-del-medioambiente\/"]}]},{"@type":"ImageObject","inLanguage":"es","@id":"https:\/\/ieslamadraza.com\/wp\/programa-de-radio-la-madraza-no-316-dia-del-medioambiente\/#primaryimage","url":"https:\/\/ieslamadraza.com\/wp\/wp-content\/img\/2025\/06\/WhatsApp-Image-2025-06-06-at-12.19.53.jpeg","contentUrl":"https:\/\/ieslamadraza.com\/wp\/wp-content\/img\/2025\/06\/WhatsApp-Image-2025-06-06-at-12.19.53.jpeg","width":1600,"height":900},{"@type":"BreadcrumbList","@id":"https:\/\/ieslamadraza.com\/wp\/programa-de-radio-la-madraza-no-316-dia-del-medioambiente\/#breadcrumb","itemListElement":[{"@type":"ListItem","position":1,"name":"Portada","item":"https:\/\/ieslamadraza.com\/wp\/"},{"@type":"ListItem","position":2,"name":"Programa de Radio La Madraza n\u00ba 316: D\u00eda del medioambiente."}]},{"@type":"WebSite","@id":"https:\/\/ieslamadraza.com\/wp\/#website","url":"https:\/\/ieslamadraza.com\/wp\/","name":"IES LA MADRAZA","description":"Instituto de Ense\u00f1anza Secundaria de Granada (Espa\u00f1a)","publisher":{"@id":"https:\/\/ieslamadraza.com\/wp\/#organization"},"alternateName":"Inicio - IES LA MADRAZA","potentialAction":[{"@type":"SearchAction","target":{"@type":"EntryPoint","urlTemplate":"https:\/\/ieslamadraza.com\/wp\/?s={search_term_string}"},"query-input":{"@type":"PropertyValueSpecification","valueRequired":true,"valueName":"search_term_string"}}],"inLanguage":"es"},{"@type":"Organization","@id":"https:\/\/ieslamadraza.com\/wp\/#organization","name":"IES La Madraza -Instituto de Ense\u00f1anza Secundaria - Granada","alternateName":"IES La Madraza -Instituto de Ense\u00f1anza Secundaria - Granada","url":"https:\/\/ieslamadraza.com\/wp\/","logo":{"@type":"ImageObject","inLanguage":"es","@id":"https:\/\/ieslamadraza.com\/wp\/#\/schema\/logo\/image\/","url":"https:\/\/ieslamadraza.com\/wp\/wp-content\/img\/2025\/10\/logo.jpeg","contentUrl":"https:\/\/ieslamadraza.com\/wp\/wp-content\/img\/2025\/10\/logo.jpeg","width":225,"height":225,"caption":"IES La Madraza -Instituto de Ense\u00f1anza Secundaria - Granada"},"image":{"@id":"https:\/\/ieslamadraza.com\/wp\/#\/schema\/logo\/image\/"},"sameAs":["https:\/\/www.facebook.com\/ieslamadraza\/","https:\/\/x.com\/MadrazaLa","https:\/\/www.instagram.com\/institutolamadraza\/"]},{"@type":"Person","@id":"https:\/\/ieslamadraza.com\/wp\/#\/schema\/person\/1660c6e0c1cdbfaeb57edd860628d718","name":"Esperanza","image":{"@type":"ImageObject","inLanguage":"es","@id":"https:\/\/secure.gravatar.com\/avatar\/495c96955000491e516021e0a69d064dff5dd12c9312c9dca0945f7c7061fcef?s=96&d=mm&r=g","url":"https:\/\/secure.gravatar.com\/avatar\/495c96955000491e516021e0a69d064dff5dd12c9312c9dca0945f7c7061fcef?s=96&d=mm&r=g","contentUrl":"https:\/\/secure.gravatar.com\/avatar\/495c96955000491e516021e0a69d064dff5dd12c9312c9dca0945f7c7061fcef?s=96&d=mm&r=g","caption":"Esperanza"},"url":"https:\/\/ieslamadraza.com\/wp\/author\/esperanza\/"}]}},"_links":{"self":[{"href":"https:\/\/ieslamadraza.com\/wp\/wp-json\/wp\/v2\/posts\/22504","targetHints":{"allow":["GET"]}}],"collection":[{"href":"https:\/\/ieslamadraza.com\/wp\/wp-json\/wp\/v2\/posts"}],"about":[{"href":"https:\/\/ieslamadraza.com\/wp\/wp-json\/wp\/v2\/types\/post"}],"author":[{"embeddable":true,"href":"https:\/\/ieslamadraza.com\/wp\/wp-json\/wp\/v2\/users\/8"}],"replies":[{"embeddable":true,"href":"https:\/\/ieslamadraza.com\/wp\/wp-json\/wp\/v2\/comments?post=22504"}],"version-history":[{"count":0,"href":"https:\/\/ieslamadraza.com\/wp\/wp-json\/wp\/v2\/posts\/22504\/revisions"}],"wp:featuredmedia":[{"embeddable":true,"href":"https:\/\/ieslamadraza.com\/wp\/wp-json\/wp\/v2\/media\/22507"}],"wp:attachment":[{"href":"https:\/\/ieslamadraza.com\/wp\/wp-json\/wp\/v2\/media?parent=22504"}],"wp:term":[{"taxonomy":"category","embeddable":true,"href":"https:\/\/ieslamadraza.com\/wp\/wp-json\/wp\/v2\/categories?post=22504"},{"taxonomy":"post_tag","embeddable":true,"href":"https:\/\/ieslamadraza.com\/wp\/wp-json\/wp\/v2\/tags?post=22504"}],"curies":[{"name":"wp","href":"https:\/\/api.w.org\/{rel}","templated":true}]}}