{"id":22499,"date":"2025-06-06T19:11:19","date_gmt":"2025-06-06T17:11:19","guid":{"rendered":"https:\/\/ieslamadraza.com\/wp\/?p=22499"},"modified":"2025-06-06T19:11:19","modified_gmt":"2025-06-06T17:11:19","slug":"programa-de-radio-la-madraza-no-315-radio-arcoiris","status":"publish","type":"post","link":"https:\/\/ieslamadraza.com\/wp\/programa-de-radio-la-madraza-no-315-radio-arcoiris\/","title":{"rendered":"Programa de Radio La Madraza n\u00ba 315: Radio Arcoiris."},"content":{"rendered":"<p>Las alumnas y alumnos de <strong>3\u00b0 de ESO DIVER<\/strong>, junto con la profesora <strong>Roc\u00edo Montoro Cano<\/strong> y el maestro <strong>Miguel \u00c1ngel Bail\u00f3n Ballesteros<\/strong>, visitaron el <strong>Colegio Eugenia de Montijo<\/strong> de la Chana, para realizar un programa de radio intercentros, junto con <strong>Radio Arcoiris<\/strong>. El programa se desarrollo con la presencia de alumnado de <strong>5\u00b0 curso de Primaria, la Directora, Inmaculada S\u00e1nchez Vargas y el antigua Jefe de Estudios, Juan Mar\u00eda Pelayo Donaire,<\/strong> quien edita todos los programas de Radio La Madraza. Fue una experiencia preciosa.<\/p>\n<p><img decoding=\"async\" class=\"alignnone size-full wp-image-22500 lazyload\" data-src=\"https:\/\/ieslamadraza.com\/wp\/wp-content\/img\/2025\/06\/Unknown-2.jpeg\" alt=\"\" width=\"1192\" height=\"1004\" data-srcset=\"https:\/\/ieslamadraza.com\/wp\/wp-content\/img\/2025\/06\/Unknown-2.jpeg 1192w, https:\/\/ieslamadraza.com\/wp\/wp-content\/img\/2025\/06\/Unknown-2-300x253.jpeg 300w, https:\/\/ieslamadraza.com\/wp\/wp-content\/img\/2025\/06\/Unknown-2-1024x862.jpeg 1024w, https:\/\/ieslamadraza.com\/wp\/wp-content\/img\/2025\/06\/Unknown-2-768x647.jpeg 768w, https:\/\/ieslamadraza.com\/wp\/wp-content\/img\/2025\/06\/Unknown-2-1080x910.jpeg 1080w\" data-sizes=\"(max-width: 1192px) 100vw, 1192px\" src=\"data:image\/svg+xml;base64,PHN2ZyB3aWR0aD0iMSIgaGVpZ2h0PSIxIiB4bWxucz0iaHR0cDovL3d3dy53My5vcmcvMjAwMC9zdmciPjwvc3ZnPg==\" style=\"--smush-placeholder-width: 1192px; --smush-placeholder-aspect-ratio: 1192\/1004;\" \/> <img decoding=\"async\" class=\"alignnone size-full wp-image-22502 lazyload\" data-src=\"https:\/\/ieslamadraza.com\/wp\/wp-content\/img\/2025\/06\/WhatsApp-Image-2025-06-06-at-12.13.48.jpeg\" alt=\"\" width=\"2000\" height=\"1125\" data-srcset=\"https:\/\/ieslamadraza.com\/wp\/wp-content\/img\/2025\/06\/WhatsApp-Image-2025-06-06-at-12.13.48.jpeg 2000w, https:\/\/ieslamadraza.com\/wp\/wp-content\/img\/2025\/06\/WhatsApp-Image-2025-06-06-at-12.13.48-300x169.jpeg 300w, https:\/\/ieslamadraza.com\/wp\/wp-content\/img\/2025\/06\/WhatsApp-Image-2025-06-06-at-12.13.48-1024x576.jpeg 1024w, https:\/\/ieslamadraza.com\/wp\/wp-content\/img\/2025\/06\/WhatsApp-Image-2025-06-06-at-12.13.48-768x432.jpeg 768w, https:\/\/ieslamadraza.com\/wp\/wp-content\/img\/2025\/06\/WhatsApp-Image-2025-06-06-at-12.13.48-1536x864.jpeg 1536w, https:\/\/ieslamadraza.com\/wp\/wp-content\/img\/2025\/06\/WhatsApp-Image-2025-06-06-at-12.13.48-1080x608.jpeg 1080w\" data-sizes=\"(max-width: 2000px) 100vw, 2000px\" src=\"data:image\/svg+xml;base64,PHN2ZyB3aWR0aD0iMSIgaGVpZ2h0PSIxIiB4bWxucz0iaHR0cDovL3d3dy53My5vcmcvMjAwMC9zdmciPjwvc3ZnPg==\" style=\"--smush-placeholder-width: 2000px; --smush-placeholder-aspect-ratio: 2000\/1125;\" \/><br \/>\n<iframe data-src=\"https:\/\/www.ivoox.com\/player_ej_149464576_6_1.html?c1=1b9583\" width=\"100%\" height=\"200\" frameborder=\"0\" scrolling=\"no\" allowfullscreen=\"allowfullscreen\" src=\"data:image\/svg+xml;base64,PHN2ZyB3aWR0aD0iMSIgaGVpZ2h0PSIxIiB4bWxucz0iaHR0cDovL3d3dy53My5vcmcvMjAwMC9zdmciPjwvc3ZnPg==\" class=\"lazyload\" data-load-mode=\"1\"><\/iframe><\/p>\n","protected":false},"excerpt":{"rendered":"<p>Las alumnas y alumnos de 3\u00b0 de ESO DIVER, junto con la profesora Roc\u00edo Montoro Cano y el maestro Miguel \u00c1ngel Bail\u00f3n Ballesteros, visitaron el Colegio Eugenia de Montijo de la Chana, para realizar un programa de radio intercentros, junto con Radio Arcoiris. El programa se desarrollo con la presencia de alumnado de 5\u00b0 curso [&hellip;]<\/p>\n","protected":false},"author":8,"featured_media":22502,"comment_status":"open","ping_status":"closed","sticky":false,"template":"","format":"standard","meta":{"_et_pb_use_builder":"","_et_pb_old_content":"","_et_gb_content_width":"","_monsterinsights_skip_tracking":false,"_monsterinsights_sitenote_active":false,"_monsterinsights_sitenote_note":"","_monsterinsights_sitenote_category":0,"footnotes":""},"categories":[96,187,144],"tags":[],"class_list":["post-22499","post","type-post","status-publish","format-standard","has-post-thumbnail","hentry","category-extraescolares","category-comunidad-educativa","category-radio-la-madraza","et-has-post-format-content","et_post_format-et-post-format-standard"],"yoast_head":"<!-- This site is optimized with the Yoast SEO plugin v27.5 - https:\/\/yoast.com\/product\/yoast-seo-wordpress\/ -->\n<title>Programa de Radio La Madraza n\u00ba 315: Radio Arcoiris. - IES LA MADRAZA<\/title>\n<meta name=\"description\" content=\"IES La Madraza\" \/>\n<meta name=\"robots\" content=\"index, follow, max-snippet:-1, max-image-preview:large, max-video-preview:-1\" \/>\n<link rel=\"canonical\" href=\"https:\/\/ieslamadraza.com\/wp\/programa-de-radio-la-madraza-no-315-radio-arcoiris\/\" \/>\n<meta property=\"og:locale\" content=\"es_ES\" \/>\n<meta property=\"og:type\" content=\"article\" \/>\n<meta property=\"og:title\" content=\"Programa de Radio La Madraza n\u00ba 315: Radio Arcoiris. - IES LA MADRAZA\" \/>\n<meta property=\"og:description\" content=\"IES La Madraza\" \/>\n<meta property=\"og:url\" content=\"https:\/\/ieslamadraza.com\/wp\/programa-de-radio-la-madraza-no-315-radio-arcoiris\/\" \/>\n<meta property=\"og:site_name\" content=\"IES LA MADRAZA\" \/>\n<meta property=\"article:publisher\" content=\"https:\/\/www.facebook.com\/ieslamadraza\/\" \/>\n<meta property=\"article:published_time\" content=\"2025-06-06T17:11:19+00:00\" \/>\n<meta property=\"og:image\" content=\"https:\/\/ieslamadraza.com\/wp\/wp-content\/img\/2025\/06\/WhatsApp-Image-2025-06-06-at-12.13.48.jpeg\" \/>\n\t<meta property=\"og:image:width\" content=\"2000\" \/>\n\t<meta property=\"og:image:height\" content=\"1125\" \/>\n\t<meta property=\"og:image:type\" content=\"image\/jpeg\" \/>\n<meta name=\"author\" content=\"Esperanza\" \/>\n<meta name=\"twitter:card\" content=\"summary_large_image\" \/>\n<meta name=\"twitter:creator\" content=\"@MadrazaLa\" \/>\n<meta name=\"twitter:site\" content=\"@MadrazaLa\" \/>\n<meta name=\"twitter:label1\" content=\"Escrito por\" \/>\n\t<meta name=\"twitter:data1\" content=\"Esperanza\" \/>\n<script type=\"application\/ld+json\" class=\"yoast-schema-graph\">{\"@context\":\"https:\\\/\\\/schema.org\",\"@graph\":[{\"@type\":\"Article\",\"@id\":\"https:\\\/\\\/ieslamadraza.com\\\/wp\\\/programa-de-radio-la-madraza-no-315-radio-arcoiris\\\/#article\",\"isPartOf\":{\"@id\":\"https:\\\/\\\/ieslamadraza.com\\\/wp\\\/programa-de-radio-la-madraza-no-315-radio-arcoiris\\\/\"},\"author\":{\"name\":\"Esperanza\",\"@id\":\"https:\\\/\\\/ieslamadraza.com\\\/wp\\\/#\\\/schema\\\/person\\\/1660c6e0c1cdbfaeb57edd860628d718\"},\"headline\":\"Programa de Radio La Madraza n\u00ba 315: Radio Arcoiris.\",\"datePublished\":\"2025-06-06T17:11:19+00:00\",\"mainEntityOfPage\":{\"@id\":\"https:\\\/\\\/ieslamadraza.com\\\/wp\\\/programa-de-radio-la-madraza-no-315-radio-arcoiris\\\/\"},\"wordCount\":95,\"commentCount\":0,\"publisher\":{\"@id\":\"https:\\\/\\\/ieslamadraza.com\\\/wp\\\/#organization\"},\"image\":{\"@id\":\"https:\\\/\\\/ieslamadraza.com\\\/wp\\\/programa-de-radio-la-madraza-no-315-radio-arcoiris\\\/#primaryimage\"},\"thumbnailUrl\":\"https:\\\/\\\/ieslamadraza.com\\\/wp\\\/wp-content\\\/img\\\/2025\\\/06\\\/WhatsApp-Image-2025-06-06-at-12.13.48.jpeg\",\"articleSection\":[\"ACT. EXTRAESCOLARES\",\"Comunidad educativa\",\"RADIO LA MADRAZA\"],\"inLanguage\":\"es\",\"potentialAction\":[{\"@type\":\"CommentAction\",\"name\":\"Comment\",\"target\":[\"https:\\\/\\\/ieslamadraza.com\\\/wp\\\/programa-de-radio-la-madraza-no-315-radio-arcoiris\\\/#respond\"]}]},{\"@type\":\"WebPage\",\"@id\":\"https:\\\/\\\/ieslamadraza.com\\\/wp\\\/programa-de-radio-la-madraza-no-315-radio-arcoiris\\\/\",\"url\":\"https:\\\/\\\/ieslamadraza.com\\\/wp\\\/programa-de-radio-la-madraza-no-315-radio-arcoiris\\\/\",\"name\":\"Programa de Radio La Madraza n\u00ba 315: Radio Arcoiris. - IES LA MADRAZA\",\"isPartOf\":{\"@id\":\"https:\\\/\\\/ieslamadraza.com\\\/wp\\\/#website\"},\"primaryImageOfPage\":{\"@id\":\"https:\\\/\\\/ieslamadraza.com\\\/wp\\\/programa-de-radio-la-madraza-no-315-radio-arcoiris\\\/#primaryimage\"},\"image\":{\"@id\":\"https:\\\/\\\/ieslamadraza.com\\\/wp\\\/programa-de-radio-la-madraza-no-315-radio-arcoiris\\\/#primaryimage\"},\"thumbnailUrl\":\"https:\\\/\\\/ieslamadraza.com\\\/wp\\\/wp-content\\\/img\\\/2025\\\/06\\\/WhatsApp-Image-2025-06-06-at-12.13.48.jpeg\",\"datePublished\":\"2025-06-06T17:11:19+00:00\",\"description\":\"IES La Madraza\",\"breadcrumb\":{\"@id\":\"https:\\\/\\\/ieslamadraza.com\\\/wp\\\/programa-de-radio-la-madraza-no-315-radio-arcoiris\\\/#breadcrumb\"},\"inLanguage\":\"es\",\"potentialAction\":[{\"@type\":\"ReadAction\",\"target\":[\"https:\\\/\\\/ieslamadraza.com\\\/wp\\\/programa-de-radio-la-madraza-no-315-radio-arcoiris\\\/\"]}]},{\"@type\":\"ImageObject\",\"inLanguage\":\"es\",\"@id\":\"https:\\\/\\\/ieslamadraza.com\\\/wp\\\/programa-de-radio-la-madraza-no-315-radio-arcoiris\\\/#primaryimage\",\"url\":\"https:\\\/\\\/ieslamadraza.com\\\/wp\\\/wp-content\\\/img\\\/2025\\\/06\\\/WhatsApp-Image-2025-06-06-at-12.13.48.jpeg\",\"contentUrl\":\"https:\\\/\\\/ieslamadraza.com\\\/wp\\\/wp-content\\\/img\\\/2025\\\/06\\\/WhatsApp-Image-2025-06-06-at-12.13.48.jpeg\",\"width\":2000,\"height\":1125},{\"@type\":\"BreadcrumbList\",\"@id\":\"https:\\\/\\\/ieslamadraza.com\\\/wp\\\/programa-de-radio-la-madraza-no-315-radio-arcoiris\\\/#breadcrumb\",\"itemListElement\":[{\"@type\":\"ListItem\",\"position\":1,\"name\":\"Portada\",\"item\":\"https:\\\/\\\/ieslamadraza.com\\\/wp\\\/\"},{\"@type\":\"ListItem\",\"position\":2,\"name\":\"Programa de Radio La Madraza n\u00ba 315: Radio Arcoiris.\"}]},{\"@type\":\"WebSite\",\"@id\":\"https:\\\/\\\/ieslamadraza.com\\\/wp\\\/#website\",\"url\":\"https:\\\/\\\/ieslamadraza.com\\\/wp\\\/\",\"name\":\"IES LA MADRAZA\",\"description\":\"Instituto de Ense\u00f1anza Secundaria de Granada (Espa\u00f1a)\",\"publisher\":{\"@id\":\"https:\\\/\\\/ieslamadraza.com\\\/wp\\\/#organization\"},\"alternateName\":\"Inicio - IES LA MADRAZA\",\"potentialAction\":[{\"@type\":\"SearchAction\",\"target\":{\"@type\":\"EntryPoint\",\"urlTemplate\":\"https:\\\/\\\/ieslamadraza.com\\\/wp\\\/?s={search_term_string}\"},\"query-input\":{\"@type\":\"PropertyValueSpecification\",\"valueRequired\":true,\"valueName\":\"search_term_string\"}}],\"inLanguage\":\"es\"},{\"@type\":\"Organization\",\"@id\":\"https:\\\/\\\/ieslamadraza.com\\\/wp\\\/#organization\",\"name\":\"IES La Madraza -Instituto de Ense\u00f1anza Secundaria - Granada\",\"alternateName\":\"IES La Madraza -Instituto de Ense\u00f1anza Secundaria - Granada\",\"url\":\"https:\\\/\\\/ieslamadraza.com\\\/wp\\\/\",\"logo\":{\"@type\":\"ImageObject\",\"inLanguage\":\"es\",\"@id\":\"https:\\\/\\\/ieslamadraza.com\\\/wp\\\/#\\\/schema\\\/logo\\\/image\\\/\",\"url\":\"https:\\\/\\\/ieslamadraza.com\\\/wp\\\/wp-content\\\/img\\\/2025\\\/10\\\/logo.jpeg\",\"contentUrl\":\"https:\\\/\\\/ieslamadraza.com\\\/wp\\\/wp-content\\\/img\\\/2025\\\/10\\\/logo.jpeg\",\"width\":225,\"height\":225,\"caption\":\"IES La Madraza -Instituto de Ense\u00f1anza Secundaria - Granada\"},\"image\":{\"@id\":\"https:\\\/\\\/ieslamadraza.com\\\/wp\\\/#\\\/schema\\\/logo\\\/image\\\/\"},\"sameAs\":[\"https:\\\/\\\/www.facebook.com\\\/ieslamadraza\\\/\",\"https:\\\/\\\/x.com\\\/MadrazaLa\",\"https:\\\/\\\/www.instagram.com\\\/institutolamadraza\\\/\"]},{\"@type\":\"Person\",\"@id\":\"https:\\\/\\\/ieslamadraza.com\\\/wp\\\/#\\\/schema\\\/person\\\/1660c6e0c1cdbfaeb57edd860628d718\",\"name\":\"Esperanza\",\"image\":{\"@type\":\"ImageObject\",\"inLanguage\":\"es\",\"@id\":\"https:\\\/\\\/secure.gravatar.com\\\/avatar\\\/495c96955000491e516021e0a69d064dff5dd12c9312c9dca0945f7c7061fcef?s=96&d=mm&r=g\",\"url\":\"https:\\\/\\\/secure.gravatar.com\\\/avatar\\\/495c96955000491e516021e0a69d064dff5dd12c9312c9dca0945f7c7061fcef?s=96&d=mm&r=g\",\"contentUrl\":\"https:\\\/\\\/secure.gravatar.com\\\/avatar\\\/495c96955000491e516021e0a69d064dff5dd12c9312c9dca0945f7c7061fcef?s=96&d=mm&r=g\",\"caption\":\"Esperanza\"},\"url\":\"https:\\\/\\\/ieslamadraza.com\\\/wp\\\/author\\\/esperanza\\\/\"}]}<\/script>\n<!-- \/ Yoast SEO plugin. -->","yoast_head_json":{"title":"Programa de Radio La Madraza n\u00ba 315: Radio Arcoiris. - IES LA MADRAZA","description":"IES La Madraza","robots":{"index":"index","follow":"follow","max-snippet":"max-snippet:-1","max-image-preview":"max-image-preview:large","max-video-preview":"max-video-preview:-1"},"canonical":"https:\/\/ieslamadraza.com\/wp\/programa-de-radio-la-madraza-no-315-radio-arcoiris\/","og_locale":"es_ES","og_type":"article","og_title":"Programa de Radio La Madraza n\u00ba 315: Radio Arcoiris. - IES LA MADRAZA","og_description":"IES La Madraza","og_url":"https:\/\/ieslamadraza.com\/wp\/programa-de-radio-la-madraza-no-315-radio-arcoiris\/","og_site_name":"IES LA MADRAZA","article_publisher":"https:\/\/www.facebook.com\/ieslamadraza\/","article_published_time":"2025-06-06T17:11:19+00:00","og_image":[{"width":2000,"height":1125,"url":"https:\/\/ieslamadraza.com\/wp\/wp-content\/img\/2025\/06\/WhatsApp-Image-2025-06-06-at-12.13.48.jpeg","type":"image\/jpeg"}],"author":"Esperanza","twitter_card":"summary_large_image","twitter_creator":"@MadrazaLa","twitter_site":"@MadrazaLa","twitter_misc":{"Escrito por":"Esperanza"},"schema":{"@context":"https:\/\/schema.org","@graph":[{"@type":"Article","@id":"https:\/\/ieslamadraza.com\/wp\/programa-de-radio-la-madraza-no-315-radio-arcoiris\/#article","isPartOf":{"@id":"https:\/\/ieslamadraza.com\/wp\/programa-de-radio-la-madraza-no-315-radio-arcoiris\/"},"author":{"name":"Esperanza","@id":"https:\/\/ieslamadraza.com\/wp\/#\/schema\/person\/1660c6e0c1cdbfaeb57edd860628d718"},"headline":"Programa de Radio La Madraza n\u00ba 315: Radio Arcoiris.","datePublished":"2025-06-06T17:11:19+00:00","mainEntityOfPage":{"@id":"https:\/\/ieslamadraza.com\/wp\/programa-de-radio-la-madraza-no-315-radio-arcoiris\/"},"wordCount":95,"commentCount":0,"publisher":{"@id":"https:\/\/ieslamadraza.com\/wp\/#organization"},"image":{"@id":"https:\/\/ieslamadraza.com\/wp\/programa-de-radio-la-madraza-no-315-radio-arcoiris\/#primaryimage"},"thumbnailUrl":"https:\/\/ieslamadraza.com\/wp\/wp-content\/img\/2025\/06\/WhatsApp-Image-2025-06-06-at-12.13.48.jpeg","articleSection":["ACT. EXTRAESCOLARES","Comunidad educativa","RADIO LA MADRAZA"],"inLanguage":"es","potentialAction":[{"@type":"CommentAction","name":"Comment","target":["https:\/\/ieslamadraza.com\/wp\/programa-de-radio-la-madraza-no-315-radio-arcoiris\/#respond"]}]},{"@type":"WebPage","@id":"https:\/\/ieslamadraza.com\/wp\/programa-de-radio-la-madraza-no-315-radio-arcoiris\/","url":"https:\/\/ieslamadraza.com\/wp\/programa-de-radio-la-madraza-no-315-radio-arcoiris\/","name":"Programa de Radio La Madraza n\u00ba 315: Radio Arcoiris. - IES LA MADRAZA","isPartOf":{"@id":"https:\/\/ieslamadraza.com\/wp\/#website"},"primaryImageOfPage":{"@id":"https:\/\/ieslamadraza.com\/wp\/programa-de-radio-la-madraza-no-315-radio-arcoiris\/#primaryimage"},"image":{"@id":"https:\/\/ieslamadraza.com\/wp\/programa-de-radio-la-madraza-no-315-radio-arcoiris\/#primaryimage"},"thumbnailUrl":"https:\/\/ieslamadraza.com\/wp\/wp-content\/img\/2025\/06\/WhatsApp-Image-2025-06-06-at-12.13.48.jpeg","datePublished":"2025-06-06T17:11:19+00:00","description":"IES La Madraza","breadcrumb":{"@id":"https:\/\/ieslamadraza.com\/wp\/programa-de-radio-la-madraza-no-315-radio-arcoiris\/#breadcrumb"},"inLanguage":"es","potentialAction":[{"@type":"ReadAction","target":["https:\/\/ieslamadraza.com\/wp\/programa-de-radio-la-madraza-no-315-radio-arcoiris\/"]}]},{"@type":"ImageObject","inLanguage":"es","@id":"https:\/\/ieslamadraza.com\/wp\/programa-de-radio-la-madraza-no-315-radio-arcoiris\/#primaryimage","url":"https:\/\/ieslamadraza.com\/wp\/wp-content\/img\/2025\/06\/WhatsApp-Image-2025-06-06-at-12.13.48.jpeg","contentUrl":"https:\/\/ieslamadraza.com\/wp\/wp-content\/img\/2025\/06\/WhatsApp-Image-2025-06-06-at-12.13.48.jpeg","width":2000,"height":1125},{"@type":"BreadcrumbList","@id":"https:\/\/ieslamadraza.com\/wp\/programa-de-radio-la-madraza-no-315-radio-arcoiris\/#breadcrumb","itemListElement":[{"@type":"ListItem","position":1,"name":"Portada","item":"https:\/\/ieslamadraza.com\/wp\/"},{"@type":"ListItem","position":2,"name":"Programa de Radio La Madraza n\u00ba 315: Radio Arcoiris."}]},{"@type":"WebSite","@id":"https:\/\/ieslamadraza.com\/wp\/#website","url":"https:\/\/ieslamadraza.com\/wp\/","name":"IES LA MADRAZA","description":"Instituto de Ense\u00f1anza Secundaria de Granada (Espa\u00f1a)","publisher":{"@id":"https:\/\/ieslamadraza.com\/wp\/#organization"},"alternateName":"Inicio - IES LA MADRAZA","potentialAction":[{"@type":"SearchAction","target":{"@type":"EntryPoint","urlTemplate":"https:\/\/ieslamadraza.com\/wp\/?s={search_term_string}"},"query-input":{"@type":"PropertyValueSpecification","valueRequired":true,"valueName":"search_term_string"}}],"inLanguage":"es"},{"@type":"Organization","@id":"https:\/\/ieslamadraza.com\/wp\/#organization","name":"IES La Madraza -Instituto de Ense\u00f1anza Secundaria - Granada","alternateName":"IES La Madraza -Instituto de Ense\u00f1anza Secundaria - Granada","url":"https:\/\/ieslamadraza.com\/wp\/","logo":{"@type":"ImageObject","inLanguage":"es","@id":"https:\/\/ieslamadraza.com\/wp\/#\/schema\/logo\/image\/","url":"https:\/\/ieslamadraza.com\/wp\/wp-content\/img\/2025\/10\/logo.jpeg","contentUrl":"https:\/\/ieslamadraza.com\/wp\/wp-content\/img\/2025\/10\/logo.jpeg","width":225,"height":225,"caption":"IES La Madraza -Instituto de Ense\u00f1anza Secundaria - Granada"},"image":{"@id":"https:\/\/ieslamadraza.com\/wp\/#\/schema\/logo\/image\/"},"sameAs":["https:\/\/www.facebook.com\/ieslamadraza\/","https:\/\/x.com\/MadrazaLa","https:\/\/www.instagram.com\/institutolamadraza\/"]},{"@type":"Person","@id":"https:\/\/ieslamadraza.com\/wp\/#\/schema\/person\/1660c6e0c1cdbfaeb57edd860628d718","name":"Esperanza","image":{"@type":"ImageObject","inLanguage":"es","@id":"https:\/\/secure.gravatar.com\/avatar\/495c96955000491e516021e0a69d064dff5dd12c9312c9dca0945f7c7061fcef?s=96&d=mm&r=g","url":"https:\/\/secure.gravatar.com\/avatar\/495c96955000491e516021e0a69d064dff5dd12c9312c9dca0945f7c7061fcef?s=96&d=mm&r=g","contentUrl":"https:\/\/secure.gravatar.com\/avatar\/495c96955000491e516021e0a69d064dff5dd12c9312c9dca0945f7c7061fcef?s=96&d=mm&r=g","caption":"Esperanza"},"url":"https:\/\/ieslamadraza.com\/wp\/author\/esperanza\/"}]}},"_links":{"self":[{"href":"https:\/\/ieslamadraza.com\/wp\/wp-json\/wp\/v2\/posts\/22499","targetHints":{"allow":["GET"]}}],"collection":[{"href":"https:\/\/ieslamadraza.com\/wp\/wp-json\/wp\/v2\/posts"}],"about":[{"href":"https:\/\/ieslamadraza.com\/wp\/wp-json\/wp\/v2\/types\/post"}],"author":[{"embeddable":true,"href":"https:\/\/ieslamadraza.com\/wp\/wp-json\/wp\/v2\/users\/8"}],"replies":[{"embeddable":true,"href":"https:\/\/ieslamadraza.com\/wp\/wp-json\/wp\/v2\/comments?post=22499"}],"version-history":[{"count":0,"href":"https:\/\/ieslamadraza.com\/wp\/wp-json\/wp\/v2\/posts\/22499\/revisions"}],"wp:featuredmedia":[{"embeddable":true,"href":"https:\/\/ieslamadraza.com\/wp\/wp-json\/wp\/v2\/media\/22502"}],"wp:attachment":[{"href":"https:\/\/ieslamadraza.com\/wp\/wp-json\/wp\/v2\/media?parent=22499"}],"wp:term":[{"taxonomy":"category","embeddable":true,"href":"https:\/\/ieslamadraza.com\/wp\/wp-json\/wp\/v2\/categories?post=22499"},{"taxonomy":"post_tag","embeddable":true,"href":"https:\/\/ieslamadraza.com\/wp\/wp-json\/wp\/v2\/tags?post=22499"}],"curies":[{"name":"wp","href":"https:\/\/api.w.org\/{rel}","templated":true}]}}