{"id":22417,"date":"2025-05-22T16:24:24","date_gmt":"2025-05-22T14:24:24","guid":{"rendered":"https:\/\/ieslamadraza.com\/wp\/?p=22417"},"modified":"2025-05-24T18:47:57","modified_gmt":"2025-05-24T16:47:57","slug":"asociacion-de-educacion-ambiental-y-del-consumidor","status":"publish","type":"post","link":"https:\/\/ieslamadraza.com\/wp\/asociacion-de-educacion-ambiental-y-del-consumidor\/","title":{"rendered":"Asociaci\u00f3n de Educaci\u00f3n Ambiental y del Consumidor"},"content":{"rendered":"<p style=\"font-weight: 400;\"><img decoding=\"async\" class=\"aligncenter size-large wp-image-22419 lazyload\" data-src=\"https:\/\/ieslamadraza.com\/wp\/wp-content\/img\/2025\/05\/20250522-Visita-de-ADEAC-1024x771.jpg\" alt=\"\" width=\"1024\" height=\"771\" data-srcset=\"https:\/\/ieslamadraza.com\/wp\/wp-content\/img\/2025\/05\/20250522-Visita-de-ADEAC-1024x771.jpg 1024w, https:\/\/ieslamadraza.com\/wp\/wp-content\/img\/2025\/05\/20250522-Visita-de-ADEAC-300x226.jpg 300w, https:\/\/ieslamadraza.com\/wp\/wp-content\/img\/2025\/05\/20250522-Visita-de-ADEAC-768x578.jpg 768w, https:\/\/ieslamadraza.com\/wp\/wp-content\/img\/2025\/05\/20250522-Visita-de-ADEAC-1536x1157.jpg 1536w, https:\/\/ieslamadraza.com\/wp\/wp-content\/img\/2025\/05\/20250522-Visita-de-ADEAC-2048x1542.jpg 2048w, https:\/\/ieslamadraza.com\/wp\/wp-content\/img\/2025\/05\/20250522-Visita-de-ADEAC-1080x813.jpg 1080w\" data-sizes=\"(max-width: 1024px) 100vw, 1024px\" src=\"data:image\/svg+xml;base64,PHN2ZyB3aWR0aD0iMSIgaGVpZ2h0PSIxIiB4bWxucz0iaHR0cDovL3d3dy53My5vcmcvMjAwMC9zdmciPjwvc3ZnPg==\" style=\"--smush-placeholder-width: 1024px; --smush-placeholder-aspect-ratio: 1024\/771;\" \/>El 22 de mayo el IES La Madraza recibi\u00f3 la visita de Raquel Garc\u00eda, representante de la Asociaci\u00f3n de Educaci\u00f3n Ambiental y del Consumidor, que es el organismo que concede el galard\u00f3n Bandera Verde de las Ecoescuelas, tras analizar la memoria de tres cursos escolares: 2021-22, 2022-23 y 2023-24. La acompa\u00f1aron Jos\u00e9 Manuel Ruiz Reyes, responsable de programas educativos en la Delegaci\u00f3n de Granada, y Pepa Moya, de la Secretar\u00eda T\u00e9cnica del Programa Ecoescuelas.<\/p>\n<p style=\"font-weight: 400;\">En la biblioteca conversaron con parte del Comit\u00e9 Ecosocial. El profesorado estuvo representado por Octavio Mart\u00ednez, Montse L\u00f3pez, Chema S\u00e1nchez y Pablo Acosta. Tambi\u00e9n asistieron once estudiantes: Roc\u00edo Ruiz, Andrea Gonz\u00e1lez, Gabriela Fern\u00e1ndez, Sof\u00eda P\u00e9rez, Claudia Ure\u00f1a (1\u00ba ESO), Gael Valverde, Pilar Ruiz, Daniel Rabelo, M\u00aa Carmen Barranco (2\u00ba ESO), Alejandra Parra y Alejandro L\u00f3pez (3\u00ba ESO). No pudieron estar presentes las madres que suelen asistir al Comit\u00e9 Ecosocial. El di\u00e1logo se centr\u00f3 en el funcionamiento del Comit\u00e9 y en la reciente celebraci\u00f3n del D\u00eda de la Ecoescuela.<\/p>\n<p style=\"font-weight: 400;\">A continuaci\u00f3n, recorrieron las instalaciones del centro y coincidieron con Antonio Jim\u00e9nez, Miguel \u00c1ngel Bail\u00f3n y Helvia Blanco que les hablaron los proyectos que coordinan. El alumnado tambi\u00e9n explic\u00f3 algunos de los trabajos que se muestran en los pasillos, el punto limpio, el uso que se da al \u00e1gora y a la nuevas mesas del aparcamiento, la zona de comedero y vivienda para gatos, las razones que motivaron la reducci\u00f3n de la charca, etc. Se valor\u00f3 muy positivamente la actitud del alumnado: su claridad de ideas y su forma de comunicarse.<\/p>\n<p style=\"font-weight: 400;\">Proximamente el IES La Madraza recibir\u00e1 su tercera Bandera Verde de las Ecoescuelas.<\/p>\n","protected":false},"excerpt":{"rendered":"<p>El 22 de mayo el IES La Madraza recibi\u00f3 la visita de Raquel Garc\u00eda, representante de la Asociaci\u00f3n de Educaci\u00f3n Ambiental y del Consumidor, que es el organismo que concede el galard\u00f3n Bandera Verde de las Ecoescuelas, tras analizar la memoria de tres cursos escolares: 2021-22, 2022-23 y 2023-24. La acompa\u00f1aron Jos\u00e9 Manuel Ruiz Reyes, [&hellip;]<\/p>\n","protected":false},"author":3,"featured_media":22419,"comment_status":"open","ping_status":"closed","sticky":false,"template":"","format":"standard","meta":{"_et_pb_use_builder":"","_et_pb_old_content":"","_et_gb_content_width":"","_monsterinsights_skip_tracking":false,"_monsterinsights_sitenote_active":false,"_monsterinsights_sitenote_note":"","_monsterinsights_sitenote_category":0,"footnotes":""},"categories":[78],"tags":[],"class_list":["post-22417","post","type-post","status-publish","format-standard","has-post-thumbnail","hentry","category-ecoescuela-ecoescuela","et-has-post-format-content","et_post_format-et-post-format-standard"],"yoast_head":"<!-- This site is optimized with the Yoast SEO plugin v27.5 - https:\/\/yoast.com\/product\/yoast-seo-wordpress\/ -->\n<title>Asociaci\u00f3n de Educaci\u00f3n Ambiental y del Consumidor - IES LA MADRAZA<\/title>\n<meta name=\"description\" content=\"IES La Madraza\" \/>\n<meta name=\"robots\" content=\"index, follow, max-snippet:-1, max-image-preview:large, max-video-preview:-1\" \/>\n<link rel=\"canonical\" href=\"https:\/\/ieslamadraza.com\/wp\/asociacion-de-educacion-ambiental-y-del-consumidor\/\" \/>\n<meta property=\"og:locale\" content=\"es_ES\" \/>\n<meta property=\"og:type\" content=\"article\" \/>\n<meta property=\"og:title\" content=\"Asociaci\u00f3n de Educaci\u00f3n Ambiental y del Consumidor - IES LA MADRAZA\" \/>\n<meta property=\"og:description\" content=\"IES La Madraza\" \/>\n<meta property=\"og:url\" content=\"https:\/\/ieslamadraza.com\/wp\/asociacion-de-educacion-ambiental-y-del-consumidor\/\" \/>\n<meta property=\"og:site_name\" content=\"IES LA MADRAZA\" \/>\n<meta property=\"article:publisher\" content=\"https:\/\/www.facebook.com\/ieslamadraza\/\" \/>\n<meta property=\"article:published_time\" content=\"2025-05-22T14:24:24+00:00\" \/>\n<meta property=\"article:modified_time\" content=\"2025-05-24T16:47:57+00:00\" \/>\n<meta property=\"og:image\" content=\"https:\/\/ieslamadraza.com\/wp\/wp-content\/img\/2025\/05\/20250522-Visita-de-ADEAC-scaled.jpg\" \/>\n\t<meta property=\"og:image:width\" content=\"2560\" \/>\n\t<meta property=\"og:image:height\" content=\"1928\" \/>\n\t<meta property=\"og:image:type\" content=\"image\/jpeg\" \/>\n<meta name=\"author\" content=\"Pablo Acosta Robles\" \/>\n<meta name=\"twitter:card\" content=\"summary_large_image\" \/>\n<meta name=\"twitter:creator\" content=\"@MadrazaLa\" \/>\n<meta name=\"twitter:site\" content=\"@MadrazaLa\" \/>\n<meta name=\"twitter:label1\" content=\"Escrito por\" \/>\n\t<meta name=\"twitter:data1\" content=\"Pablo Acosta Robles\" \/>\n\t<meta name=\"twitter:label2\" content=\"Tiempo de lectura\" \/>\n\t<meta name=\"twitter:data2\" content=\"1 minuto\" \/>\n<script type=\"application\/ld+json\" class=\"yoast-schema-graph\">{\"@context\":\"https:\\\/\\\/schema.org\",\"@graph\":[{\"@type\":\"Article\",\"@id\":\"https:\\\/\\\/ieslamadraza.com\\\/wp\\\/asociacion-de-educacion-ambiental-y-del-consumidor\\\/#article\",\"isPartOf\":{\"@id\":\"https:\\\/\\\/ieslamadraza.com\\\/wp\\\/asociacion-de-educacion-ambiental-y-del-consumidor\\\/\"},\"author\":{\"name\":\"Pablo Acosta Robles\",\"@id\":\"https:\\\/\\\/ieslamadraza.com\\\/wp\\\/#\\\/schema\\\/person\\\/d18d75ada99363ede30eade0c7b383d0\"},\"headline\":\"Asociaci\u00f3n de Educaci\u00f3n Ambiental y del Consumidor\",\"datePublished\":\"2025-05-22T14:24:24+00:00\",\"dateModified\":\"2025-05-24T16:47:57+00:00\",\"mainEntityOfPage\":{\"@id\":\"https:\\\/\\\/ieslamadraza.com\\\/wp\\\/asociacion-de-educacion-ambiental-y-del-consumidor\\\/\"},\"wordCount\":298,\"commentCount\":0,\"publisher\":{\"@id\":\"https:\\\/\\\/ieslamadraza.com\\\/wp\\\/#organization\"},\"image\":{\"@id\":\"https:\\\/\\\/ieslamadraza.com\\\/wp\\\/asociacion-de-educacion-ambiental-y-del-consumidor\\\/#primaryimage\"},\"thumbnailUrl\":\"https:\\\/\\\/ieslamadraza.com\\\/wp\\\/wp-content\\\/img\\\/2025\\\/05\\\/20250522-Visita-de-ADEAC-scaled.jpg\",\"articleSection\":[\"ECOESCUELA\"],\"inLanguage\":\"es\",\"potentialAction\":[{\"@type\":\"CommentAction\",\"name\":\"Comment\",\"target\":[\"https:\\\/\\\/ieslamadraza.com\\\/wp\\\/asociacion-de-educacion-ambiental-y-del-consumidor\\\/#respond\"]}]},{\"@type\":\"WebPage\",\"@id\":\"https:\\\/\\\/ieslamadraza.com\\\/wp\\\/asociacion-de-educacion-ambiental-y-del-consumidor\\\/\",\"url\":\"https:\\\/\\\/ieslamadraza.com\\\/wp\\\/asociacion-de-educacion-ambiental-y-del-consumidor\\\/\",\"name\":\"Asociaci\u00f3n de Educaci\u00f3n Ambiental y del Consumidor - IES LA MADRAZA\",\"isPartOf\":{\"@id\":\"https:\\\/\\\/ieslamadraza.com\\\/wp\\\/#website\"},\"primaryImageOfPage\":{\"@id\":\"https:\\\/\\\/ieslamadraza.com\\\/wp\\\/asociacion-de-educacion-ambiental-y-del-consumidor\\\/#primaryimage\"},\"image\":{\"@id\":\"https:\\\/\\\/ieslamadraza.com\\\/wp\\\/asociacion-de-educacion-ambiental-y-del-consumidor\\\/#primaryimage\"},\"thumbnailUrl\":\"https:\\\/\\\/ieslamadraza.com\\\/wp\\\/wp-content\\\/img\\\/2025\\\/05\\\/20250522-Visita-de-ADEAC-scaled.jpg\",\"datePublished\":\"2025-05-22T14:24:24+00:00\",\"dateModified\":\"2025-05-24T16:47:57+00:00\",\"description\":\"IES La Madraza\",\"breadcrumb\":{\"@id\":\"https:\\\/\\\/ieslamadraza.com\\\/wp\\\/asociacion-de-educacion-ambiental-y-del-consumidor\\\/#breadcrumb\"},\"inLanguage\":\"es\",\"potentialAction\":[{\"@type\":\"ReadAction\",\"target\":[\"https:\\\/\\\/ieslamadraza.com\\\/wp\\\/asociacion-de-educacion-ambiental-y-del-consumidor\\\/\"]}]},{\"@type\":\"ImageObject\",\"inLanguage\":\"es\",\"@id\":\"https:\\\/\\\/ieslamadraza.com\\\/wp\\\/asociacion-de-educacion-ambiental-y-del-consumidor\\\/#primaryimage\",\"url\":\"https:\\\/\\\/ieslamadraza.com\\\/wp\\\/wp-content\\\/img\\\/2025\\\/05\\\/20250522-Visita-de-ADEAC-scaled.jpg\",\"contentUrl\":\"https:\\\/\\\/ieslamadraza.com\\\/wp\\\/wp-content\\\/img\\\/2025\\\/05\\\/20250522-Visita-de-ADEAC-scaled.jpg\",\"width\":2560,\"height\":1928},{\"@type\":\"BreadcrumbList\",\"@id\":\"https:\\\/\\\/ieslamadraza.com\\\/wp\\\/asociacion-de-educacion-ambiental-y-del-consumidor\\\/#breadcrumb\",\"itemListElement\":[{\"@type\":\"ListItem\",\"position\":1,\"name\":\"Portada\",\"item\":\"https:\\\/\\\/ieslamadraza.com\\\/wp\\\/\"},{\"@type\":\"ListItem\",\"position\":2,\"name\":\"Asociaci\u00f3n de Educaci\u00f3n Ambiental y del Consumidor\"}]},{\"@type\":\"WebSite\",\"@id\":\"https:\\\/\\\/ieslamadraza.com\\\/wp\\\/#website\",\"url\":\"https:\\\/\\\/ieslamadraza.com\\\/wp\\\/\",\"name\":\"IES LA MADRAZA\",\"description\":\"Instituto de Ense\u00f1anza Secundaria de Granada (Espa\u00f1a)\",\"publisher\":{\"@id\":\"https:\\\/\\\/ieslamadraza.com\\\/wp\\\/#organization\"},\"alternateName\":\"Inicio - IES LA MADRAZA\",\"potentialAction\":[{\"@type\":\"SearchAction\",\"target\":{\"@type\":\"EntryPoint\",\"urlTemplate\":\"https:\\\/\\\/ieslamadraza.com\\\/wp\\\/?s={search_term_string}\"},\"query-input\":{\"@type\":\"PropertyValueSpecification\",\"valueRequired\":true,\"valueName\":\"search_term_string\"}}],\"inLanguage\":\"es\"},{\"@type\":\"Organization\",\"@id\":\"https:\\\/\\\/ieslamadraza.com\\\/wp\\\/#organization\",\"name\":\"IES La Madraza -Instituto de Ense\u00f1anza Secundaria - Granada\",\"alternateName\":\"IES La Madraza -Instituto de Ense\u00f1anza Secundaria - Granada\",\"url\":\"https:\\\/\\\/ieslamadraza.com\\\/wp\\\/\",\"logo\":{\"@type\":\"ImageObject\",\"inLanguage\":\"es\",\"@id\":\"https:\\\/\\\/ieslamadraza.com\\\/wp\\\/#\\\/schema\\\/logo\\\/image\\\/\",\"url\":\"https:\\\/\\\/ieslamadraza.com\\\/wp\\\/wp-content\\\/img\\\/2025\\\/10\\\/logo.jpeg\",\"contentUrl\":\"https:\\\/\\\/ieslamadraza.com\\\/wp\\\/wp-content\\\/img\\\/2025\\\/10\\\/logo.jpeg\",\"width\":225,\"height\":225,\"caption\":\"IES La Madraza -Instituto de Ense\u00f1anza Secundaria - Granada\"},\"image\":{\"@id\":\"https:\\\/\\\/ieslamadraza.com\\\/wp\\\/#\\\/schema\\\/logo\\\/image\\\/\"},\"sameAs\":[\"https:\\\/\\\/www.facebook.com\\\/ieslamadraza\\\/\",\"https:\\\/\\\/x.com\\\/MadrazaLa\",\"https:\\\/\\\/www.instagram.com\\\/institutolamadraza\\\/\"]},{\"@type\":\"Person\",\"@id\":\"https:\\\/\\\/ieslamadraza.com\\\/wp\\\/#\\\/schema\\\/person\\\/d18d75ada99363ede30eade0c7b383d0\",\"name\":\"Pablo Acosta Robles\",\"image\":{\"@type\":\"ImageObject\",\"inLanguage\":\"es\",\"@id\":\"https:\\\/\\\/secure.gravatar.com\\\/avatar\\\/de366d44c0d2f7406ad434f0c9650ee7d0d2a7258b6f1a511aa8345445bb21b5?s=96&d=mm&r=g\",\"url\":\"https:\\\/\\\/secure.gravatar.com\\\/avatar\\\/de366d44c0d2f7406ad434f0c9650ee7d0d2a7258b6f1a511aa8345445bb21b5?s=96&d=mm&r=g\",\"contentUrl\":\"https:\\\/\\\/secure.gravatar.com\\\/avatar\\\/de366d44c0d2f7406ad434f0c9650ee7d0d2a7258b6f1a511aa8345445bb21b5?s=96&d=mm&r=g\",\"caption\":\"Pablo Acosta Robles\"},\"url\":\"https:\\\/\\\/ieslamadraza.com\\\/wp\\\/author\\\/pablo\\\/\"}]}<\/script>\n<!-- \/ Yoast SEO plugin. -->","yoast_head_json":{"title":"Asociaci\u00f3n de Educaci\u00f3n Ambiental y del Consumidor - IES LA MADRAZA","description":"IES La Madraza","robots":{"index":"index","follow":"follow","max-snippet":"max-snippet:-1","max-image-preview":"max-image-preview:large","max-video-preview":"max-video-preview:-1"},"canonical":"https:\/\/ieslamadraza.com\/wp\/asociacion-de-educacion-ambiental-y-del-consumidor\/","og_locale":"es_ES","og_type":"article","og_title":"Asociaci\u00f3n de Educaci\u00f3n Ambiental y del Consumidor - IES LA MADRAZA","og_description":"IES La Madraza","og_url":"https:\/\/ieslamadraza.com\/wp\/asociacion-de-educacion-ambiental-y-del-consumidor\/","og_site_name":"IES LA MADRAZA","article_publisher":"https:\/\/www.facebook.com\/ieslamadraza\/","article_published_time":"2025-05-22T14:24:24+00:00","article_modified_time":"2025-05-24T16:47:57+00:00","og_image":[{"width":2560,"height":1928,"url":"https:\/\/ieslamadraza.com\/wp\/wp-content\/img\/2025\/05\/20250522-Visita-de-ADEAC-scaled.jpg","type":"image\/jpeg"}],"author":"Pablo Acosta Robles","twitter_card":"summary_large_image","twitter_creator":"@MadrazaLa","twitter_site":"@MadrazaLa","twitter_misc":{"Escrito por":"Pablo Acosta Robles","Tiempo de lectura":"1 minuto"},"schema":{"@context":"https:\/\/schema.org","@graph":[{"@type":"Article","@id":"https:\/\/ieslamadraza.com\/wp\/asociacion-de-educacion-ambiental-y-del-consumidor\/#article","isPartOf":{"@id":"https:\/\/ieslamadraza.com\/wp\/asociacion-de-educacion-ambiental-y-del-consumidor\/"},"author":{"name":"Pablo Acosta Robles","@id":"https:\/\/ieslamadraza.com\/wp\/#\/schema\/person\/d18d75ada99363ede30eade0c7b383d0"},"headline":"Asociaci\u00f3n de Educaci\u00f3n Ambiental y del Consumidor","datePublished":"2025-05-22T14:24:24+00:00","dateModified":"2025-05-24T16:47:57+00:00","mainEntityOfPage":{"@id":"https:\/\/ieslamadraza.com\/wp\/asociacion-de-educacion-ambiental-y-del-consumidor\/"},"wordCount":298,"commentCount":0,"publisher":{"@id":"https:\/\/ieslamadraza.com\/wp\/#organization"},"image":{"@id":"https:\/\/ieslamadraza.com\/wp\/asociacion-de-educacion-ambiental-y-del-consumidor\/#primaryimage"},"thumbnailUrl":"https:\/\/ieslamadraza.com\/wp\/wp-content\/img\/2025\/05\/20250522-Visita-de-ADEAC-scaled.jpg","articleSection":["ECOESCUELA"],"inLanguage":"es","potentialAction":[{"@type":"CommentAction","name":"Comment","target":["https:\/\/ieslamadraza.com\/wp\/asociacion-de-educacion-ambiental-y-del-consumidor\/#respond"]}]},{"@type":"WebPage","@id":"https:\/\/ieslamadraza.com\/wp\/asociacion-de-educacion-ambiental-y-del-consumidor\/","url":"https:\/\/ieslamadraza.com\/wp\/asociacion-de-educacion-ambiental-y-del-consumidor\/","name":"Asociaci\u00f3n de Educaci\u00f3n Ambiental y del Consumidor - IES LA MADRAZA","isPartOf":{"@id":"https:\/\/ieslamadraza.com\/wp\/#website"},"primaryImageOfPage":{"@id":"https:\/\/ieslamadraza.com\/wp\/asociacion-de-educacion-ambiental-y-del-consumidor\/#primaryimage"},"image":{"@id":"https:\/\/ieslamadraza.com\/wp\/asociacion-de-educacion-ambiental-y-del-consumidor\/#primaryimage"},"thumbnailUrl":"https:\/\/ieslamadraza.com\/wp\/wp-content\/img\/2025\/05\/20250522-Visita-de-ADEAC-scaled.jpg","datePublished":"2025-05-22T14:24:24+00:00","dateModified":"2025-05-24T16:47:57+00:00","description":"IES La Madraza","breadcrumb":{"@id":"https:\/\/ieslamadraza.com\/wp\/asociacion-de-educacion-ambiental-y-del-consumidor\/#breadcrumb"},"inLanguage":"es","potentialAction":[{"@type":"ReadAction","target":["https:\/\/ieslamadraza.com\/wp\/asociacion-de-educacion-ambiental-y-del-consumidor\/"]}]},{"@type":"ImageObject","inLanguage":"es","@id":"https:\/\/ieslamadraza.com\/wp\/asociacion-de-educacion-ambiental-y-del-consumidor\/#primaryimage","url":"https:\/\/ieslamadraza.com\/wp\/wp-content\/img\/2025\/05\/20250522-Visita-de-ADEAC-scaled.jpg","contentUrl":"https:\/\/ieslamadraza.com\/wp\/wp-content\/img\/2025\/05\/20250522-Visita-de-ADEAC-scaled.jpg","width":2560,"height":1928},{"@type":"BreadcrumbList","@id":"https:\/\/ieslamadraza.com\/wp\/asociacion-de-educacion-ambiental-y-del-consumidor\/#breadcrumb","itemListElement":[{"@type":"ListItem","position":1,"name":"Portada","item":"https:\/\/ieslamadraza.com\/wp\/"},{"@type":"ListItem","position":2,"name":"Asociaci\u00f3n de Educaci\u00f3n Ambiental y del Consumidor"}]},{"@type":"WebSite","@id":"https:\/\/ieslamadraza.com\/wp\/#website","url":"https:\/\/ieslamadraza.com\/wp\/","name":"IES LA MADRAZA","description":"Instituto de Ense\u00f1anza Secundaria de Granada (Espa\u00f1a)","publisher":{"@id":"https:\/\/ieslamadraza.com\/wp\/#organization"},"alternateName":"Inicio - IES LA MADRAZA","potentialAction":[{"@type":"SearchAction","target":{"@type":"EntryPoint","urlTemplate":"https:\/\/ieslamadraza.com\/wp\/?s={search_term_string}"},"query-input":{"@type":"PropertyValueSpecification","valueRequired":true,"valueName":"search_term_string"}}],"inLanguage":"es"},{"@type":"Organization","@id":"https:\/\/ieslamadraza.com\/wp\/#organization","name":"IES La Madraza -Instituto de Ense\u00f1anza Secundaria - Granada","alternateName":"IES La Madraza -Instituto de Ense\u00f1anza Secundaria - Granada","url":"https:\/\/ieslamadraza.com\/wp\/","logo":{"@type":"ImageObject","inLanguage":"es","@id":"https:\/\/ieslamadraza.com\/wp\/#\/schema\/logo\/image\/","url":"https:\/\/ieslamadraza.com\/wp\/wp-content\/img\/2025\/10\/logo.jpeg","contentUrl":"https:\/\/ieslamadraza.com\/wp\/wp-content\/img\/2025\/10\/logo.jpeg","width":225,"height":225,"caption":"IES La Madraza -Instituto de Ense\u00f1anza Secundaria - Granada"},"image":{"@id":"https:\/\/ieslamadraza.com\/wp\/#\/schema\/logo\/image\/"},"sameAs":["https:\/\/www.facebook.com\/ieslamadraza\/","https:\/\/x.com\/MadrazaLa","https:\/\/www.instagram.com\/institutolamadraza\/"]},{"@type":"Person","@id":"https:\/\/ieslamadraza.com\/wp\/#\/schema\/person\/d18d75ada99363ede30eade0c7b383d0","name":"Pablo Acosta Robles","image":{"@type":"ImageObject","inLanguage":"es","@id":"https:\/\/secure.gravatar.com\/avatar\/de366d44c0d2f7406ad434f0c9650ee7d0d2a7258b6f1a511aa8345445bb21b5?s=96&d=mm&r=g","url":"https:\/\/secure.gravatar.com\/avatar\/de366d44c0d2f7406ad434f0c9650ee7d0d2a7258b6f1a511aa8345445bb21b5?s=96&d=mm&r=g","contentUrl":"https:\/\/secure.gravatar.com\/avatar\/de366d44c0d2f7406ad434f0c9650ee7d0d2a7258b6f1a511aa8345445bb21b5?s=96&d=mm&r=g","caption":"Pablo Acosta Robles"},"url":"https:\/\/ieslamadraza.com\/wp\/author\/pablo\/"}]}},"_links":{"self":[{"href":"https:\/\/ieslamadraza.com\/wp\/wp-json\/wp\/v2\/posts\/22417","targetHints":{"allow":["GET"]}}],"collection":[{"href":"https:\/\/ieslamadraza.com\/wp\/wp-json\/wp\/v2\/posts"}],"about":[{"href":"https:\/\/ieslamadraza.com\/wp\/wp-json\/wp\/v2\/types\/post"}],"author":[{"embeddable":true,"href":"https:\/\/ieslamadraza.com\/wp\/wp-json\/wp\/v2\/users\/3"}],"replies":[{"embeddable":true,"href":"https:\/\/ieslamadraza.com\/wp\/wp-json\/wp\/v2\/comments?post=22417"}],"version-history":[{"count":0,"href":"https:\/\/ieslamadraza.com\/wp\/wp-json\/wp\/v2\/posts\/22417\/revisions"}],"wp:featuredmedia":[{"embeddable":true,"href":"https:\/\/ieslamadraza.com\/wp\/wp-json\/wp\/v2\/media\/22419"}],"wp:attachment":[{"href":"https:\/\/ieslamadraza.com\/wp\/wp-json\/wp\/v2\/media?parent=22417"}],"wp:term":[{"taxonomy":"category","embeddable":true,"href":"https:\/\/ieslamadraza.com\/wp\/wp-json\/wp\/v2\/categories?post=22417"},{"taxonomy":"post_tag","embeddable":true,"href":"https:\/\/ieslamadraza.com\/wp\/wp-json\/wp\/v2\/tags?post=22417"}],"curies":[{"name":"wp","href":"https:\/\/api.w.org\/{rel}","templated":true}]}}