{"id":21939,"date":"2025-02-03T20:10:44","date_gmt":"2025-02-03T19:10:44","guid":{"rendered":"https:\/\/ieslamadraza.com\/wp\/?p=21939"},"modified":"2025-02-05T15:22:52","modified_gmt":"2025-02-05T14:22:52","slug":"encuentro-andaluz-de-alumnado-de-ecoescuelas-2025","status":"publish","type":"post","link":"https:\/\/ieslamadraza.com\/wp\/encuentro-andaluz-de-alumnado-de-ecoescuelas-2025\/","title":{"rendered":"Encuentro Andaluz de Alumnado de Ecoescuelas 2025"},"content":{"rendered":"<p><img decoding=\"async\" class=\"aligncenter wp-image-21956 lazyload\" data-src=\"https:\/\/ieslamadraza.com\/wp\/wp-content\/img\/2025\/02\/WhatsApp-Image-2025-01-31-at-17.22.52-1024x684.jpeg\" alt=\"\" width=\"450\" height=\"300\" data-srcset=\"https:\/\/ieslamadraza.com\/wp\/wp-content\/img\/2025\/02\/WhatsApp-Image-2025-01-31-at-17.22.52-1024x684.jpeg 1024w, https:\/\/ieslamadraza.com\/wp\/wp-content\/img\/2025\/02\/WhatsApp-Image-2025-01-31-at-17.22.52-300x200.jpeg 300w, https:\/\/ieslamadraza.com\/wp\/wp-content\/img\/2025\/02\/WhatsApp-Image-2025-01-31-at-17.22.52-768x513.jpeg 768w, https:\/\/ieslamadraza.com\/wp\/wp-content\/img\/2025\/02\/WhatsApp-Image-2025-01-31-at-17.22.52-1536x1027.jpeg 1536w, https:\/\/ieslamadraza.com\/wp\/wp-content\/img\/2025\/02\/WhatsApp-Image-2025-01-31-at-17.22.52-1080x722.jpeg 1080w, https:\/\/ieslamadraza.com\/wp\/wp-content\/img\/2025\/02\/WhatsApp-Image-2025-01-31-at-17.22.52.jpeg 1616w\" data-sizes=\"(max-width: 450px) 100vw, 450px\" src=\"data:image\/svg+xml;base64,PHN2ZyB3aWR0aD0iMSIgaGVpZ2h0PSIxIiB4bWxucz0iaHR0cDovL3d3dy53My5vcmcvMjAwMC9zdmciPjwvc3ZnPg==\" style=\"--smush-placeholder-width: 450px; --smush-placeholder-aspect-ratio: 450\/300;\" \/><\/p>\n<p style=\"font-weight: 400;\">Los d\u00edas 29, 30 y 31 de enero tuvo lugar el Encuentro Andaluz de Alumnado de Ecoescuelas en el que la provincia de Granada estuvo representada por siete estudiantes de La Madraza, concretamente las delegadas y los delegados de 1\u00ba ESO y 2\u00ba ESO: Roc\u00edo, Gabriela, Claudia, Gael, Pilar, Cheikh y Mari Carmen. \u00a0Tambi\u00e9n participaron el CEIP Miguel Zubeldia (Ser\u00f3n, Almer\u00eda), el CEIP San Ignacio (San Fernando, C\u00e1diz), el Colegio S\u00e9neca S.C.A (C\u00f3rdoba), el CEIP Manuel P\u00e9rez (Bollullos, Huelva), el CEIP San Juan de la Cruz (Baeza, Ja\u00e9n), el IES Sierra de Mijas (Mijas, M\u00e1laga) y el IES Pablo Picasso (Sevilla).<\/p>\n<p><img decoding=\"async\" class=\"aligncenter wp-image-21957 lazyload\" data-src=\"https:\/\/ieslamadraza.com\/wp\/wp-content\/img\/2025\/02\/IMG_20250129_162355-1024x771.jpg\" alt=\"\" width=\"450\" height=\"339\" data-srcset=\"https:\/\/ieslamadraza.com\/wp\/wp-content\/img\/2025\/02\/IMG_20250129_162355-1024x771.jpg 1024w, https:\/\/ieslamadraza.com\/wp\/wp-content\/img\/2025\/02\/IMG_20250129_162355-300x226.jpg 300w, https:\/\/ieslamadraza.com\/wp\/wp-content\/img\/2025\/02\/IMG_20250129_162355-768x578.jpg 768w, https:\/\/ieslamadraza.com\/wp\/wp-content\/img\/2025\/02\/IMG_20250129_162355-1536x1157.jpg 1536w, https:\/\/ieslamadraza.com\/wp\/wp-content\/img\/2025\/02\/IMG_20250129_162355-2048x1542.jpg 2048w, https:\/\/ieslamadraza.com\/wp\/wp-content\/img\/2025\/02\/IMG_20250129_162355-1080x813.jpg 1080w\" data-sizes=\"(max-width: 450px) 100vw, 450px\" src=\"data:image\/svg+xml;base64,PHN2ZyB3aWR0aD0iMSIgaGVpZ2h0PSIxIiB4bWxucz0iaHR0cDovL3d3dy53My5vcmcvMjAwMC9zdmciPjwvc3ZnPg==\" style=\"--smush-placeholder-width: 450px; --smush-placeholder-aspect-ratio: 450\/339;\" \/><\/p>\n<p style=\"font-weight: 400;\">El encuentro se desarroll\u00f3 en el Centro de Naturaleza El Remolino (Cazalla de la Sierra, Sevilla) y en \u00e9l se\u00a0debati\u00f3 sobre la participaci\u00f3n del alumnado en los centros educativos, especialmente en la toma de decisiones. Se destac\u00f3 la importancia de los objetivos del Programa Ecoescuelas y se plante\u00f3 que tienen que estar presentes en todas las asignaturas.<\/p>\n<p><img decoding=\"async\" class=\"aligncenter wp-image-21958 lazyload\" data-src=\"https:\/\/ieslamadraza.com\/wp\/wp-content\/img\/2025\/02\/IMG_20250129_164855-1024x771.jpg\" alt=\"\" width=\"451\" height=\"340\" data-srcset=\"https:\/\/ieslamadraza.com\/wp\/wp-content\/img\/2025\/02\/IMG_20250129_164855-1024x771.jpg 1024w, https:\/\/ieslamadraza.com\/wp\/wp-content\/img\/2025\/02\/IMG_20250129_164855-300x226.jpg 300w, https:\/\/ieslamadraza.com\/wp\/wp-content\/img\/2025\/02\/IMG_20250129_164855-768x578.jpg 768w, https:\/\/ieslamadraza.com\/wp\/wp-content\/img\/2025\/02\/IMG_20250129_164855-1536x1157.jpg 1536w, https:\/\/ieslamadraza.com\/wp\/wp-content\/img\/2025\/02\/IMG_20250129_164855-2048x1542.jpg 2048w, https:\/\/ieslamadraza.com\/wp\/wp-content\/img\/2025\/02\/IMG_20250129_164855-1080x813.jpg 1080w\" data-sizes=\"(max-width: 451px) 100vw, 451px\" src=\"data:image\/svg+xml;base64,PHN2ZyB3aWR0aD0iMSIgaGVpZ2h0PSIxIiB4bWxucz0iaHR0cDovL3d3dy53My5vcmcvMjAwMC9zdmciPjwvc3ZnPg==\" style=\"--smush-placeholder-width: 451px; --smush-placeholder-aspect-ratio: 451\/340;\" \/><\/p>\n<p style=\"font-weight: 400;\">El alumnado participante en el Encuentro tambi\u00e9n disfrut\u00f3 con las actividades l\u00fadicas, los paseos por el campo y haciendo nuevos amigos y amigas con los que compartir la inquietud por un mundo mejor.<\/p>\n<p>El siguiente cartel fue elaborado por uno de los grupos de trabajo y recoge c\u00f3mo la participaci\u00f3n ha de estar en cada uno de los siete pasos de la metodolog\u00eda de Ecoescuelas.<img decoding=\"async\" class=\"aligncenter wp-image-21943 lazyload\" data-src=\"https:\/\/ieslamadraza.com\/wp\/wp-content\/img\/2025\/02\/20250131-Participacion-en-los-siete-pasos-de-ecoescuelas-665x1024.jpg\" alt=\"\" width=\"450\" height=\"694\" data-srcset=\"https:\/\/ieslamadraza.com\/wp\/wp-content\/img\/2025\/02\/20250131-Participacion-en-los-siete-pasos-de-ecoescuelas-665x1024.jpg 665w, https:\/\/ieslamadraza.com\/wp\/wp-content\/img\/2025\/02\/20250131-Participacion-en-los-siete-pasos-de-ecoescuelas-195x300.jpg 195w, https:\/\/ieslamadraza.com\/wp\/wp-content\/img\/2025\/02\/20250131-Participacion-en-los-siete-pasos-de-ecoescuelas-768x1182.jpg 768w, https:\/\/ieslamadraza.com\/wp\/wp-content\/img\/2025\/02\/20250131-Participacion-en-los-siete-pasos-de-ecoescuelas-998x1536.jpg 998w, https:\/\/ieslamadraza.com\/wp\/wp-content\/img\/2025\/02\/20250131-Participacion-en-los-siete-pasos-de-ecoescuelas-1080x1662.jpg 1080w, https:\/\/ieslamadraza.com\/wp\/wp-content\/img\/2025\/02\/20250131-Participacion-en-los-siete-pasos-de-ecoescuelas-scaled.jpg 1663w\" data-sizes=\"(max-width: 450px) 100vw, 450px\" src=\"data:image\/svg+xml;base64,PHN2ZyB3aWR0aD0iMSIgaGVpZ2h0PSIxIiB4bWxucz0iaHR0cDovL3d3dy53My5vcmcvMjAwMC9zdmciPjwvc3ZnPg==\" style=\"--smush-placeholder-width: 450px; --smush-placeholder-aspect-ratio: 450\/694;\" \/><\/p>\n<p>Otro grupo elabor\u00f3 un dec\u00e1logo sobre participaci\u00f3n:<\/p>\n<p><img decoding=\"async\" class=\"aligncenter wp-image-21942 lazyload\" data-src=\"https:\/\/ieslamadraza.com\/wp\/wp-content\/img\/2025\/02\/20250131-Decalogo-final-sobre-participacion-826x1024.jpg\" alt=\"\" width=\"450\" height=\"558\" data-srcset=\"https:\/\/ieslamadraza.com\/wp\/wp-content\/img\/2025\/02\/20250131-Decalogo-final-sobre-participacion-826x1024.jpg 826w, https:\/\/ieslamadraza.com\/wp\/wp-content\/img\/2025\/02\/20250131-Decalogo-final-sobre-participacion-242x300.jpg 242w, https:\/\/ieslamadraza.com\/wp\/wp-content\/img\/2025\/02\/20250131-Decalogo-final-sobre-participacion-768x953.jpg 768w, https:\/\/ieslamadraza.com\/wp\/wp-content\/img\/2025\/02\/20250131-Decalogo-final-sobre-participacion-1238x1536.jpg 1238w, https:\/\/ieslamadraza.com\/wp\/wp-content\/img\/2025\/02\/20250131-Decalogo-final-sobre-participacion-1651x2048.jpg 1651w, https:\/\/ieslamadraza.com\/wp\/wp-content\/img\/2025\/02\/20250131-Decalogo-final-sobre-participacion-1080x1339.jpg 1080w\" data-sizes=\"(max-width: 450px) 100vw, 450px\" src=\"data:image\/svg+xml;base64,PHN2ZyB3aWR0aD0iMSIgaGVpZ2h0PSIxIiB4bWxucz0iaHR0cDovL3d3dy53My5vcmcvMjAwMC9zdmciPjwvc3ZnPg==\" style=\"--smush-placeholder-width: 450px; --smush-placeholder-aspect-ratio: 450\/558;\" \/><\/p>\n<p>El Encuentro termin\u00f3 con una actuaci\u00f3n final que se muestra en este <a href=\"https:\/\/youtu.be\/cP_6fucpyyE\">v\u00eddeo<\/a>:<\/p>\n<p><img decoding=\"async\" class=\"wp-image-21960 aligncenter lazyload\" data-src=\"https:\/\/ieslamadraza.com\/wp\/wp-content\/img\/2025\/02\/IMG_20250131_115703-1024x771.jpg\" alt=\"\" width=\"450\" height=\"339\" data-srcset=\"https:\/\/ieslamadraza.com\/wp\/wp-content\/img\/2025\/02\/IMG_20250131_115703-1024x771.jpg 1024w, https:\/\/ieslamadraza.com\/wp\/wp-content\/img\/2025\/02\/IMG_20250131_115703-300x226.jpg 300w, https:\/\/ieslamadraza.com\/wp\/wp-content\/img\/2025\/02\/IMG_20250131_115703-768x578.jpg 768w, https:\/\/ieslamadraza.com\/wp\/wp-content\/img\/2025\/02\/IMG_20250131_115703-1536x1157.jpg 1536w, https:\/\/ieslamadraza.com\/wp\/wp-content\/img\/2025\/02\/IMG_20250131_115703-2048x1542.jpg 2048w, https:\/\/ieslamadraza.com\/wp\/wp-content\/img\/2025\/02\/IMG_20250131_115703-1080x813.jpg 1080w\" data-sizes=\"(max-width: 450px) 100vw, 450px\" src=\"data:image\/svg+xml;base64,PHN2ZyB3aWR0aD0iMSIgaGVpZ2h0PSIxIiB4bWxucz0iaHR0cDovL3d3dy53My5vcmcvMjAwMC9zdmciPjwvc3ZnPg==\" style=\"--smush-placeholder-width: 450px; --smush-placeholder-aspect-ratio: 450\/339;\" \/><\/p>\n<p><img decoding=\"async\" class=\"aligncenter wp-image-21959 lazyload\" data-src=\"https:\/\/ieslamadraza.com\/wp\/wp-content\/img\/2025\/02\/IMG_20250129_192336-1024x771.jpg\" alt=\"\" width=\"450\" height=\"339\" data-srcset=\"https:\/\/ieslamadraza.com\/wp\/wp-content\/img\/2025\/02\/IMG_20250129_192336-1024x771.jpg 1024w, https:\/\/ieslamadraza.com\/wp\/wp-content\/img\/2025\/02\/IMG_20250129_192336-300x226.jpg 300w, https:\/\/ieslamadraza.com\/wp\/wp-content\/img\/2025\/02\/IMG_20250129_192336-768x578.jpg 768w, https:\/\/ieslamadraza.com\/wp\/wp-content\/img\/2025\/02\/IMG_20250129_192336-1536x1157.jpg 1536w, https:\/\/ieslamadraza.com\/wp\/wp-content\/img\/2025\/02\/IMG_20250129_192336-2048x1542.jpg 2048w, https:\/\/ieslamadraza.com\/wp\/wp-content\/img\/2025\/02\/IMG_20250129_192336-1080x813.jpg 1080w\" data-sizes=\"(max-width: 450px) 100vw, 450px\" src=\"data:image\/svg+xml;base64,PHN2ZyB3aWR0aD0iMSIgaGVpZ2h0PSIxIiB4bWxucz0iaHR0cDovL3d3dy53My5vcmcvMjAwMC9zdmciPjwvc3ZnPg==\" style=\"--smush-placeholder-width: 450px; --smush-placeholder-aspect-ratio: 450\/339;\" \/><\/p>\n","protected":false},"excerpt":{"rendered":"<p>Los d\u00edas 29, 30 y 31 de enero tuvo lugar el Encuentro Andaluz de Alumnado de Ecoescuelas en el que la provincia de Granada estuvo representada por siete estudiantes de La Madraza, concretamente las delegadas y los delegados de 1\u00ba ESO y 2\u00ba ESO: Roc\u00edo, Gabriela, Claudia, Gael, Pilar, Cheikh y Mari Carmen. \u00a0Tambi\u00e9n participaron [&hellip;]<\/p>\n","protected":false},"author":3,"featured_media":21956,"comment_status":"open","ping_status":"closed","sticky":false,"template":"","format":"standard","meta":{"_et_pb_use_builder":"","_et_pb_old_content":"","_et_gb_content_width":"","_monsterinsights_skip_tracking":false,"_monsterinsights_sitenote_active":false,"_monsterinsights_sitenote_note":"","_monsterinsights_sitenote_category":0,"footnotes":""},"categories":[78],"tags":[],"class_list":["post-21939","post","type-post","status-publish","format-standard","has-post-thumbnail","hentry","category-ecoescuela-ecoescuela","et-has-post-format-content","et_post_format-et-post-format-standard"],"yoast_head":"<!-- This site is optimized with the Yoast SEO plugin v27.5 - https:\/\/yoast.com\/product\/yoast-seo-wordpress\/ -->\n<title>Encuentro Andaluz de Alumnado de Ecoescuelas 2025 - IES LA MADRAZA<\/title>\n<meta name=\"description\" content=\"IES La Madraza\" \/>\n<meta name=\"robots\" content=\"index, follow, max-snippet:-1, max-image-preview:large, max-video-preview:-1\" \/>\n<link rel=\"canonical\" href=\"https:\/\/ieslamadraza.com\/wp\/encuentro-andaluz-de-alumnado-de-ecoescuelas-2025\/\" \/>\n<meta property=\"og:locale\" content=\"es_ES\" \/>\n<meta property=\"og:type\" content=\"article\" \/>\n<meta property=\"og:title\" content=\"Encuentro Andaluz de Alumnado de Ecoescuelas 2025 - IES LA MADRAZA\" \/>\n<meta property=\"og:description\" content=\"IES La Madraza\" \/>\n<meta property=\"og:url\" content=\"https:\/\/ieslamadraza.com\/wp\/encuentro-andaluz-de-alumnado-de-ecoescuelas-2025\/\" \/>\n<meta property=\"og:site_name\" content=\"IES LA MADRAZA\" \/>\n<meta property=\"article:publisher\" content=\"https:\/\/www.facebook.com\/ieslamadraza\/\" \/>\n<meta property=\"article:published_time\" content=\"2025-02-03T19:10:44+00:00\" \/>\n<meta property=\"article:modified_time\" content=\"2025-02-05T14:22:52+00:00\" \/>\n<meta property=\"og:image\" content=\"https:\/\/ieslamadraza.com\/wp\/wp-content\/img\/2025\/02\/WhatsApp-Image-2025-01-31-at-17.22.52.jpeg\" \/>\n\t<meta property=\"og:image:width\" content=\"1616\" \/>\n\t<meta property=\"og:image:height\" content=\"1080\" \/>\n\t<meta property=\"og:image:type\" content=\"image\/jpeg\" \/>\n<meta name=\"author\" content=\"Pablo Acosta Robles\" \/>\n<meta name=\"twitter:card\" content=\"summary_large_image\" \/>\n<meta name=\"twitter:creator\" content=\"@MadrazaLa\" \/>\n<meta name=\"twitter:site\" content=\"@MadrazaLa\" \/>\n<meta name=\"twitter:label1\" content=\"Escrito por\" \/>\n\t<meta name=\"twitter:data1\" content=\"Pablo Acosta Robles\" \/>\n\t<meta name=\"twitter:label2\" content=\"Tiempo de lectura\" \/>\n\t<meta name=\"twitter:data2\" content=\"1 minuto\" \/>\n<script type=\"application\/ld+json\" class=\"yoast-schema-graph\">{\"@context\":\"https:\\\/\\\/schema.org\",\"@graph\":[{\"@type\":\"Article\",\"@id\":\"https:\\\/\\\/ieslamadraza.com\\\/wp\\\/encuentro-andaluz-de-alumnado-de-ecoescuelas-2025\\\/#article\",\"isPartOf\":{\"@id\":\"https:\\\/\\\/ieslamadraza.com\\\/wp\\\/encuentro-andaluz-de-alumnado-de-ecoescuelas-2025\\\/\"},\"author\":{\"name\":\"Pablo Acosta Robles\",\"@id\":\"https:\\\/\\\/ieslamadraza.com\\\/wp\\\/#\\\/schema\\\/person\\\/d18d75ada99363ede30eade0c7b383d0\"},\"headline\":\"Encuentro Andaluz de Alumnado de Ecoescuelas 2025\",\"datePublished\":\"2025-02-03T19:10:44+00:00\",\"dateModified\":\"2025-02-05T14:22:52+00:00\",\"mainEntityOfPage\":{\"@id\":\"https:\\\/\\\/ieslamadraza.com\\\/wp\\\/encuentro-andaluz-de-alumnado-de-ecoescuelas-2025\\\/\"},\"wordCount\":268,\"commentCount\":0,\"publisher\":{\"@id\":\"https:\\\/\\\/ieslamadraza.com\\\/wp\\\/#organization\"},\"image\":{\"@id\":\"https:\\\/\\\/ieslamadraza.com\\\/wp\\\/encuentro-andaluz-de-alumnado-de-ecoescuelas-2025\\\/#primaryimage\"},\"thumbnailUrl\":\"https:\\\/\\\/ieslamadraza.com\\\/wp\\\/wp-content\\\/img\\\/2025\\\/02\\\/WhatsApp-Image-2025-01-31-at-17.22.52.jpeg\",\"articleSection\":[\"ECOESCUELA\"],\"inLanguage\":\"es\",\"potentialAction\":[{\"@type\":\"CommentAction\",\"name\":\"Comment\",\"target\":[\"https:\\\/\\\/ieslamadraza.com\\\/wp\\\/encuentro-andaluz-de-alumnado-de-ecoescuelas-2025\\\/#respond\"]}]},{\"@type\":\"WebPage\",\"@id\":\"https:\\\/\\\/ieslamadraza.com\\\/wp\\\/encuentro-andaluz-de-alumnado-de-ecoescuelas-2025\\\/\",\"url\":\"https:\\\/\\\/ieslamadraza.com\\\/wp\\\/encuentro-andaluz-de-alumnado-de-ecoescuelas-2025\\\/\",\"name\":\"Encuentro Andaluz de Alumnado de Ecoescuelas 2025 - IES LA MADRAZA\",\"isPartOf\":{\"@id\":\"https:\\\/\\\/ieslamadraza.com\\\/wp\\\/#website\"},\"primaryImageOfPage\":{\"@id\":\"https:\\\/\\\/ieslamadraza.com\\\/wp\\\/encuentro-andaluz-de-alumnado-de-ecoescuelas-2025\\\/#primaryimage\"},\"image\":{\"@id\":\"https:\\\/\\\/ieslamadraza.com\\\/wp\\\/encuentro-andaluz-de-alumnado-de-ecoescuelas-2025\\\/#primaryimage\"},\"thumbnailUrl\":\"https:\\\/\\\/ieslamadraza.com\\\/wp\\\/wp-content\\\/img\\\/2025\\\/02\\\/WhatsApp-Image-2025-01-31-at-17.22.52.jpeg\",\"datePublished\":\"2025-02-03T19:10:44+00:00\",\"dateModified\":\"2025-02-05T14:22:52+00:00\",\"description\":\"IES La Madraza\",\"breadcrumb\":{\"@id\":\"https:\\\/\\\/ieslamadraza.com\\\/wp\\\/encuentro-andaluz-de-alumnado-de-ecoescuelas-2025\\\/#breadcrumb\"},\"inLanguage\":\"es\",\"potentialAction\":[{\"@type\":\"ReadAction\",\"target\":[\"https:\\\/\\\/ieslamadraza.com\\\/wp\\\/encuentro-andaluz-de-alumnado-de-ecoescuelas-2025\\\/\"]}]},{\"@type\":\"ImageObject\",\"inLanguage\":\"es\",\"@id\":\"https:\\\/\\\/ieslamadraza.com\\\/wp\\\/encuentro-andaluz-de-alumnado-de-ecoescuelas-2025\\\/#primaryimage\",\"url\":\"https:\\\/\\\/ieslamadraza.com\\\/wp\\\/wp-content\\\/img\\\/2025\\\/02\\\/WhatsApp-Image-2025-01-31-at-17.22.52.jpeg\",\"contentUrl\":\"https:\\\/\\\/ieslamadraza.com\\\/wp\\\/wp-content\\\/img\\\/2025\\\/02\\\/WhatsApp-Image-2025-01-31-at-17.22.52.jpeg\",\"width\":1616,\"height\":1080},{\"@type\":\"BreadcrumbList\",\"@id\":\"https:\\\/\\\/ieslamadraza.com\\\/wp\\\/encuentro-andaluz-de-alumnado-de-ecoescuelas-2025\\\/#breadcrumb\",\"itemListElement\":[{\"@type\":\"ListItem\",\"position\":1,\"name\":\"Portada\",\"item\":\"https:\\\/\\\/ieslamadraza.com\\\/wp\\\/\"},{\"@type\":\"ListItem\",\"position\":2,\"name\":\"Encuentro Andaluz de Alumnado de Ecoescuelas 2025\"}]},{\"@type\":\"WebSite\",\"@id\":\"https:\\\/\\\/ieslamadraza.com\\\/wp\\\/#website\",\"url\":\"https:\\\/\\\/ieslamadraza.com\\\/wp\\\/\",\"name\":\"IES LA MADRAZA\",\"description\":\"Instituto de Ense\u00f1anza Secundaria de Granada (Espa\u00f1a)\",\"publisher\":{\"@id\":\"https:\\\/\\\/ieslamadraza.com\\\/wp\\\/#organization\"},\"alternateName\":\"Inicio - IES LA MADRAZA\",\"potentialAction\":[{\"@type\":\"SearchAction\",\"target\":{\"@type\":\"EntryPoint\",\"urlTemplate\":\"https:\\\/\\\/ieslamadraza.com\\\/wp\\\/?s={search_term_string}\"},\"query-input\":{\"@type\":\"PropertyValueSpecification\",\"valueRequired\":true,\"valueName\":\"search_term_string\"}}],\"inLanguage\":\"es\"},{\"@type\":\"Organization\",\"@id\":\"https:\\\/\\\/ieslamadraza.com\\\/wp\\\/#organization\",\"name\":\"IES La Madraza -Instituto de Ense\u00f1anza Secundaria - Granada\",\"alternateName\":\"IES La Madraza -Instituto de Ense\u00f1anza Secundaria - Granada\",\"url\":\"https:\\\/\\\/ieslamadraza.com\\\/wp\\\/\",\"logo\":{\"@type\":\"ImageObject\",\"inLanguage\":\"es\",\"@id\":\"https:\\\/\\\/ieslamadraza.com\\\/wp\\\/#\\\/schema\\\/logo\\\/image\\\/\",\"url\":\"https:\\\/\\\/ieslamadraza.com\\\/wp\\\/wp-content\\\/img\\\/2025\\\/10\\\/logo.jpeg\",\"contentUrl\":\"https:\\\/\\\/ieslamadraza.com\\\/wp\\\/wp-content\\\/img\\\/2025\\\/10\\\/logo.jpeg\",\"width\":225,\"height\":225,\"caption\":\"IES La Madraza -Instituto de Ense\u00f1anza Secundaria - Granada\"},\"image\":{\"@id\":\"https:\\\/\\\/ieslamadraza.com\\\/wp\\\/#\\\/schema\\\/logo\\\/image\\\/\"},\"sameAs\":[\"https:\\\/\\\/www.facebook.com\\\/ieslamadraza\\\/\",\"https:\\\/\\\/x.com\\\/MadrazaLa\",\"https:\\\/\\\/www.instagram.com\\\/institutolamadraza\\\/\"]},{\"@type\":\"Person\",\"@id\":\"https:\\\/\\\/ieslamadraza.com\\\/wp\\\/#\\\/schema\\\/person\\\/d18d75ada99363ede30eade0c7b383d0\",\"name\":\"Pablo Acosta Robles\",\"image\":{\"@type\":\"ImageObject\",\"inLanguage\":\"es\",\"@id\":\"https:\\\/\\\/secure.gravatar.com\\\/avatar\\\/de366d44c0d2f7406ad434f0c9650ee7d0d2a7258b6f1a511aa8345445bb21b5?s=96&d=mm&r=g\",\"url\":\"https:\\\/\\\/secure.gravatar.com\\\/avatar\\\/de366d44c0d2f7406ad434f0c9650ee7d0d2a7258b6f1a511aa8345445bb21b5?s=96&d=mm&r=g\",\"contentUrl\":\"https:\\\/\\\/secure.gravatar.com\\\/avatar\\\/de366d44c0d2f7406ad434f0c9650ee7d0d2a7258b6f1a511aa8345445bb21b5?s=96&d=mm&r=g\",\"caption\":\"Pablo Acosta Robles\"},\"url\":\"https:\\\/\\\/ieslamadraza.com\\\/wp\\\/author\\\/pablo\\\/\"}]}<\/script>\n<!-- \/ Yoast SEO plugin. -->","yoast_head_json":{"title":"Encuentro Andaluz de Alumnado de Ecoescuelas 2025 - IES LA MADRAZA","description":"IES La Madraza","robots":{"index":"index","follow":"follow","max-snippet":"max-snippet:-1","max-image-preview":"max-image-preview:large","max-video-preview":"max-video-preview:-1"},"canonical":"https:\/\/ieslamadraza.com\/wp\/encuentro-andaluz-de-alumnado-de-ecoescuelas-2025\/","og_locale":"es_ES","og_type":"article","og_title":"Encuentro Andaluz de Alumnado de Ecoescuelas 2025 - IES LA MADRAZA","og_description":"IES La Madraza","og_url":"https:\/\/ieslamadraza.com\/wp\/encuentro-andaluz-de-alumnado-de-ecoescuelas-2025\/","og_site_name":"IES LA MADRAZA","article_publisher":"https:\/\/www.facebook.com\/ieslamadraza\/","article_published_time":"2025-02-03T19:10:44+00:00","article_modified_time":"2025-02-05T14:22:52+00:00","og_image":[{"width":1616,"height":1080,"url":"https:\/\/ieslamadraza.com\/wp\/wp-content\/img\/2025\/02\/WhatsApp-Image-2025-01-31-at-17.22.52.jpeg","type":"image\/jpeg"}],"author":"Pablo Acosta Robles","twitter_card":"summary_large_image","twitter_creator":"@MadrazaLa","twitter_site":"@MadrazaLa","twitter_misc":{"Escrito por":"Pablo Acosta Robles","Tiempo de lectura":"1 minuto"},"schema":{"@context":"https:\/\/schema.org","@graph":[{"@type":"Article","@id":"https:\/\/ieslamadraza.com\/wp\/encuentro-andaluz-de-alumnado-de-ecoescuelas-2025\/#article","isPartOf":{"@id":"https:\/\/ieslamadraza.com\/wp\/encuentro-andaluz-de-alumnado-de-ecoescuelas-2025\/"},"author":{"name":"Pablo Acosta Robles","@id":"https:\/\/ieslamadraza.com\/wp\/#\/schema\/person\/d18d75ada99363ede30eade0c7b383d0"},"headline":"Encuentro Andaluz de Alumnado de Ecoescuelas 2025","datePublished":"2025-02-03T19:10:44+00:00","dateModified":"2025-02-05T14:22:52+00:00","mainEntityOfPage":{"@id":"https:\/\/ieslamadraza.com\/wp\/encuentro-andaluz-de-alumnado-de-ecoescuelas-2025\/"},"wordCount":268,"commentCount":0,"publisher":{"@id":"https:\/\/ieslamadraza.com\/wp\/#organization"},"image":{"@id":"https:\/\/ieslamadraza.com\/wp\/encuentro-andaluz-de-alumnado-de-ecoescuelas-2025\/#primaryimage"},"thumbnailUrl":"https:\/\/ieslamadraza.com\/wp\/wp-content\/img\/2025\/02\/WhatsApp-Image-2025-01-31-at-17.22.52.jpeg","articleSection":["ECOESCUELA"],"inLanguage":"es","potentialAction":[{"@type":"CommentAction","name":"Comment","target":["https:\/\/ieslamadraza.com\/wp\/encuentro-andaluz-de-alumnado-de-ecoescuelas-2025\/#respond"]}]},{"@type":"WebPage","@id":"https:\/\/ieslamadraza.com\/wp\/encuentro-andaluz-de-alumnado-de-ecoescuelas-2025\/","url":"https:\/\/ieslamadraza.com\/wp\/encuentro-andaluz-de-alumnado-de-ecoescuelas-2025\/","name":"Encuentro Andaluz de Alumnado de Ecoescuelas 2025 - IES LA MADRAZA","isPartOf":{"@id":"https:\/\/ieslamadraza.com\/wp\/#website"},"primaryImageOfPage":{"@id":"https:\/\/ieslamadraza.com\/wp\/encuentro-andaluz-de-alumnado-de-ecoescuelas-2025\/#primaryimage"},"image":{"@id":"https:\/\/ieslamadraza.com\/wp\/encuentro-andaluz-de-alumnado-de-ecoescuelas-2025\/#primaryimage"},"thumbnailUrl":"https:\/\/ieslamadraza.com\/wp\/wp-content\/img\/2025\/02\/WhatsApp-Image-2025-01-31-at-17.22.52.jpeg","datePublished":"2025-02-03T19:10:44+00:00","dateModified":"2025-02-05T14:22:52+00:00","description":"IES La Madraza","breadcrumb":{"@id":"https:\/\/ieslamadraza.com\/wp\/encuentro-andaluz-de-alumnado-de-ecoescuelas-2025\/#breadcrumb"},"inLanguage":"es","potentialAction":[{"@type":"ReadAction","target":["https:\/\/ieslamadraza.com\/wp\/encuentro-andaluz-de-alumnado-de-ecoescuelas-2025\/"]}]},{"@type":"ImageObject","inLanguage":"es","@id":"https:\/\/ieslamadraza.com\/wp\/encuentro-andaluz-de-alumnado-de-ecoescuelas-2025\/#primaryimage","url":"https:\/\/ieslamadraza.com\/wp\/wp-content\/img\/2025\/02\/WhatsApp-Image-2025-01-31-at-17.22.52.jpeg","contentUrl":"https:\/\/ieslamadraza.com\/wp\/wp-content\/img\/2025\/02\/WhatsApp-Image-2025-01-31-at-17.22.52.jpeg","width":1616,"height":1080},{"@type":"BreadcrumbList","@id":"https:\/\/ieslamadraza.com\/wp\/encuentro-andaluz-de-alumnado-de-ecoescuelas-2025\/#breadcrumb","itemListElement":[{"@type":"ListItem","position":1,"name":"Portada","item":"https:\/\/ieslamadraza.com\/wp\/"},{"@type":"ListItem","position":2,"name":"Encuentro Andaluz de Alumnado de Ecoescuelas 2025"}]},{"@type":"WebSite","@id":"https:\/\/ieslamadraza.com\/wp\/#website","url":"https:\/\/ieslamadraza.com\/wp\/","name":"IES LA MADRAZA","description":"Instituto de Ense\u00f1anza Secundaria de Granada (Espa\u00f1a)","publisher":{"@id":"https:\/\/ieslamadraza.com\/wp\/#organization"},"alternateName":"Inicio - IES LA MADRAZA","potentialAction":[{"@type":"SearchAction","target":{"@type":"EntryPoint","urlTemplate":"https:\/\/ieslamadraza.com\/wp\/?s={search_term_string}"},"query-input":{"@type":"PropertyValueSpecification","valueRequired":true,"valueName":"search_term_string"}}],"inLanguage":"es"},{"@type":"Organization","@id":"https:\/\/ieslamadraza.com\/wp\/#organization","name":"IES La Madraza -Instituto de Ense\u00f1anza Secundaria - Granada","alternateName":"IES La Madraza -Instituto de Ense\u00f1anza Secundaria - Granada","url":"https:\/\/ieslamadraza.com\/wp\/","logo":{"@type":"ImageObject","inLanguage":"es","@id":"https:\/\/ieslamadraza.com\/wp\/#\/schema\/logo\/image\/","url":"https:\/\/ieslamadraza.com\/wp\/wp-content\/img\/2025\/10\/logo.jpeg","contentUrl":"https:\/\/ieslamadraza.com\/wp\/wp-content\/img\/2025\/10\/logo.jpeg","width":225,"height":225,"caption":"IES La Madraza -Instituto de Ense\u00f1anza Secundaria - Granada"},"image":{"@id":"https:\/\/ieslamadraza.com\/wp\/#\/schema\/logo\/image\/"},"sameAs":["https:\/\/www.facebook.com\/ieslamadraza\/","https:\/\/x.com\/MadrazaLa","https:\/\/www.instagram.com\/institutolamadraza\/"]},{"@type":"Person","@id":"https:\/\/ieslamadraza.com\/wp\/#\/schema\/person\/d18d75ada99363ede30eade0c7b383d0","name":"Pablo Acosta Robles","image":{"@type":"ImageObject","inLanguage":"es","@id":"https:\/\/secure.gravatar.com\/avatar\/de366d44c0d2f7406ad434f0c9650ee7d0d2a7258b6f1a511aa8345445bb21b5?s=96&d=mm&r=g","url":"https:\/\/secure.gravatar.com\/avatar\/de366d44c0d2f7406ad434f0c9650ee7d0d2a7258b6f1a511aa8345445bb21b5?s=96&d=mm&r=g","contentUrl":"https:\/\/secure.gravatar.com\/avatar\/de366d44c0d2f7406ad434f0c9650ee7d0d2a7258b6f1a511aa8345445bb21b5?s=96&d=mm&r=g","caption":"Pablo Acosta Robles"},"url":"https:\/\/ieslamadraza.com\/wp\/author\/pablo\/"}]}},"_links":{"self":[{"href":"https:\/\/ieslamadraza.com\/wp\/wp-json\/wp\/v2\/posts\/21939","targetHints":{"allow":["GET"]}}],"collection":[{"href":"https:\/\/ieslamadraza.com\/wp\/wp-json\/wp\/v2\/posts"}],"about":[{"href":"https:\/\/ieslamadraza.com\/wp\/wp-json\/wp\/v2\/types\/post"}],"author":[{"embeddable":true,"href":"https:\/\/ieslamadraza.com\/wp\/wp-json\/wp\/v2\/users\/3"}],"replies":[{"embeddable":true,"href":"https:\/\/ieslamadraza.com\/wp\/wp-json\/wp\/v2\/comments?post=21939"}],"version-history":[{"count":0,"href":"https:\/\/ieslamadraza.com\/wp\/wp-json\/wp\/v2\/posts\/21939\/revisions"}],"wp:featuredmedia":[{"embeddable":true,"href":"https:\/\/ieslamadraza.com\/wp\/wp-json\/wp\/v2\/media\/21956"}],"wp:attachment":[{"href":"https:\/\/ieslamadraza.com\/wp\/wp-json\/wp\/v2\/media?parent=21939"}],"wp:term":[{"taxonomy":"category","embeddable":true,"href":"https:\/\/ieslamadraza.com\/wp\/wp-json\/wp\/v2\/categories?post=21939"},{"taxonomy":"post_tag","embeddable":true,"href":"https:\/\/ieslamadraza.com\/wp\/wp-json\/wp\/v2\/tags?post=21939"}],"curies":[{"name":"wp","href":"https:\/\/api.w.org\/{rel}","templated":true}]}}