{"id":20523,"date":"2024-01-27T08:09:26","date_gmt":"2024-01-27T07:09:26","guid":{"rendered":"https:\/\/ieslamadraza.com\/wp\/?p=20523"},"modified":"2024-01-27T08:09:26","modified_gmt":"2024-01-27T07:09:26","slug":"las-cavernas-actuales-situaciones-de-aprendizaje-sobre-el-mito-de-la-caverna-de-platon","status":"publish","type":"post","link":"https:\/\/ieslamadraza.com\/wp\/las-cavernas-actuales-situaciones-de-aprendizaje-sobre-el-mito-de-la-caverna-de-platon\/","title":{"rendered":"LAS CAVERNAS ACTUALES: Situaciones de aprendizaje sobre El Mito de la Caverna de Plat\u00f3n."},"content":{"rendered":"<p>En esta entrada pod\u00e9is ver algunos de los productos finales de la <strong>SITUACI\u00d3N DE APRENDIZAJE<\/strong> sobre <strong>El Mito de la Caverna de Plat\u00f3n<\/strong>, realizados por el <strong>alumnado de 2\u00ba de bachillerato<\/strong>, en la asignatura de Historia de la Filosof\u00eda.<\/p>\n<p>No est\u00e1n todos, por la limitaci\u00f3n de la propia web a la hora de subir v\u00eddeos. Pero ver\u00e9is que hay temas muy diversos que inciden en las situaciones de enga\u00f1o que todav\u00eda se producen hoy en d\u00eda en lugares como casinos, en la prostituci\u00f3n, las religiones extremistas, las conspiraciones (terraplanismo), en algunos pa\u00edses (Corea del Norte) o como este tema ha sido tratado en el cine, entre otros.<\/p>\n<p>Nuestra absoluta enhorabuena por el nuevo tratamiento que el alumnado ha sabido dar a esta novedosa estrategia de aprendizaje.<\/p>\n<p><a href=\"https:\/\/ieslamadraza.com\/wp\/wp-content\/img\/2024\/01\/CARLA-MEDINA-trabajo-mito-de-la-caverna.pdf\">CARLA MEDINA trabajo mito de la caverna<\/a><\/p>\n<p><a href=\"https:\/\/ieslamadraza.com\/wp\/wp-content\/img\/2024\/01\/ELENA-PEREZ-MESA-Your-Travel-Zine.pdf\">ELENA P\u00c9REZ MESA Your Travel Zine<\/a><\/p>\n<p><a href=\"https:\/\/ieslamadraza.com\/wp\/wp-content\/img\/2024\/01\/InfografA\u00ada-filosofA\u00ada-1.pdf\">Infograf\u00c3\u00ada filosof\u00c3\u00ada (1)<\/a><\/p>\n<p><a href=\"https:\/\/ieslamadraza.com\/wp\/wp-content\/img\/2024\/01\/Laura-De-leon-PresentaciA\u00b3n.pdf\">Laura De le\u00f3n Presentaci\u00c3\u00b3n<\/a><\/p>\n<p><a href=\"https:\/\/ieslamadraza.com\/wp\/wp-content\/img\/2024\/01\/El-mundo-sensible-de-los-TCA-MARTA-VERA.pdf\">El mundo sensible de los TCA MARTA VERA<\/a><\/p>\n<p><iframe class=\"wp-embedded-content lazyload\" sandbox=\"allow-scripts\" security=\"restricted\" title=\"COREA DEL NORTE, PA\u00cdS CAVERNA\" frameborder='0' width='1200' height='675' data-src='https:\/\/view.genial.ly\/65563c610f6e64001196c783#?secret=bdKqGjBRmT' data-secret='bdKqGjBRmT' scrolling='yes' src=\"data:image\/svg+xml;base64,PHN2ZyB3aWR0aD0iMSIgaGVpZ2h0PSIxIiB4bWxucz0iaHR0cDovL3d3dy53My5vcmcvMjAwMC9zdmciPjwvc3ZnPg==\" data-load-mode=\"1\"><\/iframe><\/p>\n","protected":false},"excerpt":{"rendered":"<p>En esta entrada pod\u00e9is ver algunos de los productos finales de la SITUACI\u00d3N DE APRENDIZAJE sobre El Mito de la Caverna de Plat\u00f3n, realizados por el alumnado de 2\u00ba de bachillerato, en la asignatura de Historia de la Filosof\u00eda. No est\u00e1n todos, por la limitaci\u00f3n de la propia web a la hora de subir v\u00eddeos. [&hellip;]<\/p>\n","protected":false},"author":8,"featured_media":20532,"comment_status":"open","ping_status":"closed","sticky":false,"template":"","format":"standard","meta":{"_et_pb_use_builder":"","_et_pb_old_content":"","_et_gb_content_width":"","_monsterinsights_skip_tracking":false,"_monsterinsights_sitenote_active":false,"_monsterinsights_sitenote_note":"","_monsterinsights_sitenote_category":0,"footnotes":""},"categories":[38,132],"tags":[],"class_list":["post-20523","post","type-post","status-publish","format-standard","has-post-thumbnail","hentry","category-filosofia","category-noticias","et-has-post-format-content","et_post_format-et-post-format-standard"],"yoast_head":"<!-- This site is optimized with the Yoast SEO plugin v27.5 - https:\/\/yoast.com\/product\/yoast-seo-wordpress\/ -->\n<title>LAS CAVERNAS ACTUALES: Situaciones de aprendizaje sobre El Mito de la Caverna de Plat\u00f3n. - IES LA MADRAZA<\/title>\n<meta name=\"description\" content=\"IES La Madraza\" \/>\n<meta name=\"robots\" content=\"index, follow, max-snippet:-1, max-image-preview:large, max-video-preview:-1\" \/>\n<link rel=\"canonical\" href=\"https:\/\/ieslamadraza.com\/wp\/las-cavernas-actuales-situaciones-de-aprendizaje-sobre-el-mito-de-la-caverna-de-platon\/\" \/>\n<meta property=\"og:locale\" content=\"es_ES\" \/>\n<meta property=\"og:type\" content=\"article\" \/>\n<meta property=\"og:title\" content=\"LAS CAVERNAS ACTUALES: Situaciones de aprendizaje sobre El Mito de la Caverna de Plat\u00f3n. - IES LA MADRAZA\" \/>\n<meta property=\"og:description\" content=\"IES La Madraza\" \/>\n<meta property=\"og:url\" content=\"https:\/\/ieslamadraza.com\/wp\/las-cavernas-actuales-situaciones-de-aprendizaje-sobre-el-mito-de-la-caverna-de-platon\/\" \/>\n<meta property=\"og:site_name\" content=\"IES LA MADRAZA\" \/>\n<meta property=\"article:publisher\" content=\"https:\/\/www.facebook.com\/ieslamadraza\/\" \/>\n<meta property=\"article:published_time\" content=\"2024-01-27T07:09:26+00:00\" \/>\n<meta property=\"og:image\" content=\"https:\/\/ieslamadraza.com\/wp\/wp-content\/img\/2024\/01\/CAPTURA-PARA-PORTADA-ENTRADA.jpg\" \/>\n\t<meta property=\"og:image:width\" content=\"522\" \/>\n\t<meta property=\"og:image:height\" content=\"759\" \/>\n\t<meta property=\"og:image:type\" content=\"image\/jpeg\" \/>\n<meta name=\"author\" content=\"Esperanza\" \/>\n<meta name=\"twitter:card\" content=\"summary_large_image\" \/>\n<meta name=\"twitter:creator\" content=\"@MadrazaLa\" \/>\n<meta name=\"twitter:site\" content=\"@MadrazaLa\" \/>\n<meta name=\"twitter:label1\" content=\"Escrito por\" \/>\n\t<meta name=\"twitter:data1\" content=\"Esperanza\" \/>\n\t<meta name=\"twitter:label2\" content=\"Tiempo de lectura\" \/>\n\t<meta name=\"twitter:data2\" content=\"1 minuto\" \/>\n<script type=\"application\/ld+json\" class=\"yoast-schema-graph\">{\"@context\":\"https:\\\/\\\/schema.org\",\"@graph\":[{\"@type\":\"Article\",\"@id\":\"https:\\\/\\\/ieslamadraza.com\\\/wp\\\/las-cavernas-actuales-situaciones-de-aprendizaje-sobre-el-mito-de-la-caverna-de-platon\\\/#article\",\"isPartOf\":{\"@id\":\"https:\\\/\\\/ieslamadraza.com\\\/wp\\\/las-cavernas-actuales-situaciones-de-aprendizaje-sobre-el-mito-de-la-caverna-de-platon\\\/\"},\"author\":{\"name\":\"Esperanza\",\"@id\":\"https:\\\/\\\/ieslamadraza.com\\\/wp\\\/#\\\/schema\\\/person\\\/1660c6e0c1cdbfaeb57edd860628d718\"},\"headline\":\"LAS CAVERNAS ACTUALES: Situaciones de aprendizaje sobre El Mito de la Caverna de Plat\u00f3n.\",\"datePublished\":\"2024-01-27T07:09:26+00:00\",\"mainEntityOfPage\":{\"@id\":\"https:\\\/\\\/ieslamadraza.com\\\/wp\\\/las-cavernas-actuales-situaciones-de-aprendizaje-sobre-el-mito-de-la-caverna-de-platon\\\/\"},\"wordCount\":194,\"commentCount\":0,\"publisher\":{\"@id\":\"https:\\\/\\\/ieslamadraza.com\\\/wp\\\/#organization\"},\"image\":{\"@id\":\"https:\\\/\\\/ieslamadraza.com\\\/wp\\\/las-cavernas-actuales-situaciones-de-aprendizaje-sobre-el-mito-de-la-caverna-de-platon\\\/#primaryimage\"},\"thumbnailUrl\":\"https:\\\/\\\/ieslamadraza.com\\\/wp\\\/wp-content\\\/img\\\/2024\\\/01\\\/CAPTURA-PARA-PORTADA-ENTRADA.jpg\",\"articleSection\":[\"FILOSOF\u00cdA\",\"NOTICIAS DE INTER\u00c9S\"],\"inLanguage\":\"es\",\"potentialAction\":[{\"@type\":\"CommentAction\",\"name\":\"Comment\",\"target\":[\"https:\\\/\\\/ieslamadraza.com\\\/wp\\\/las-cavernas-actuales-situaciones-de-aprendizaje-sobre-el-mito-de-la-caverna-de-platon\\\/#respond\"]}]},{\"@type\":\"WebPage\",\"@id\":\"https:\\\/\\\/ieslamadraza.com\\\/wp\\\/las-cavernas-actuales-situaciones-de-aprendizaje-sobre-el-mito-de-la-caverna-de-platon\\\/\",\"url\":\"https:\\\/\\\/ieslamadraza.com\\\/wp\\\/las-cavernas-actuales-situaciones-de-aprendizaje-sobre-el-mito-de-la-caverna-de-platon\\\/\",\"name\":\"LAS CAVERNAS ACTUALES: Situaciones de aprendizaje sobre El Mito de la Caverna de Plat\u00f3n. - IES LA MADRAZA\",\"isPartOf\":{\"@id\":\"https:\\\/\\\/ieslamadraza.com\\\/wp\\\/#website\"},\"primaryImageOfPage\":{\"@id\":\"https:\\\/\\\/ieslamadraza.com\\\/wp\\\/las-cavernas-actuales-situaciones-de-aprendizaje-sobre-el-mito-de-la-caverna-de-platon\\\/#primaryimage\"},\"image\":{\"@id\":\"https:\\\/\\\/ieslamadraza.com\\\/wp\\\/las-cavernas-actuales-situaciones-de-aprendizaje-sobre-el-mito-de-la-caverna-de-platon\\\/#primaryimage\"},\"thumbnailUrl\":\"https:\\\/\\\/ieslamadraza.com\\\/wp\\\/wp-content\\\/img\\\/2024\\\/01\\\/CAPTURA-PARA-PORTADA-ENTRADA.jpg\",\"datePublished\":\"2024-01-27T07:09:26+00:00\",\"description\":\"IES La Madraza\",\"breadcrumb\":{\"@id\":\"https:\\\/\\\/ieslamadraza.com\\\/wp\\\/las-cavernas-actuales-situaciones-de-aprendizaje-sobre-el-mito-de-la-caverna-de-platon\\\/#breadcrumb\"},\"inLanguage\":\"es\",\"potentialAction\":[{\"@type\":\"ReadAction\",\"target\":[\"https:\\\/\\\/ieslamadraza.com\\\/wp\\\/las-cavernas-actuales-situaciones-de-aprendizaje-sobre-el-mito-de-la-caverna-de-platon\\\/\"]}]},{\"@type\":\"ImageObject\",\"inLanguage\":\"es\",\"@id\":\"https:\\\/\\\/ieslamadraza.com\\\/wp\\\/las-cavernas-actuales-situaciones-de-aprendizaje-sobre-el-mito-de-la-caverna-de-platon\\\/#primaryimage\",\"url\":\"https:\\\/\\\/ieslamadraza.com\\\/wp\\\/wp-content\\\/img\\\/2024\\\/01\\\/CAPTURA-PARA-PORTADA-ENTRADA.jpg\",\"contentUrl\":\"https:\\\/\\\/ieslamadraza.com\\\/wp\\\/wp-content\\\/img\\\/2024\\\/01\\\/CAPTURA-PARA-PORTADA-ENTRADA.jpg\",\"width\":522,\"height\":759},{\"@type\":\"BreadcrumbList\",\"@id\":\"https:\\\/\\\/ieslamadraza.com\\\/wp\\\/las-cavernas-actuales-situaciones-de-aprendizaje-sobre-el-mito-de-la-caverna-de-platon\\\/#breadcrumb\",\"itemListElement\":[{\"@type\":\"ListItem\",\"position\":1,\"name\":\"Portada\",\"item\":\"https:\\\/\\\/ieslamadraza.com\\\/wp\\\/\"},{\"@type\":\"ListItem\",\"position\":2,\"name\":\"LAS CAVERNAS ACTUALES: Situaciones de aprendizaje sobre El Mito de la Caverna de Plat\u00f3n.\"}]},{\"@type\":\"WebSite\",\"@id\":\"https:\\\/\\\/ieslamadraza.com\\\/wp\\\/#website\",\"url\":\"https:\\\/\\\/ieslamadraza.com\\\/wp\\\/\",\"name\":\"IES LA MADRAZA\",\"description\":\"Instituto de Ense\u00f1anza Secundaria de Granada (Espa\u00f1a)\",\"publisher\":{\"@id\":\"https:\\\/\\\/ieslamadraza.com\\\/wp\\\/#organization\"},\"alternateName\":\"Inicio - IES LA MADRAZA\",\"potentialAction\":[{\"@type\":\"SearchAction\",\"target\":{\"@type\":\"EntryPoint\",\"urlTemplate\":\"https:\\\/\\\/ieslamadraza.com\\\/wp\\\/?s={search_term_string}\"},\"query-input\":{\"@type\":\"PropertyValueSpecification\",\"valueRequired\":true,\"valueName\":\"search_term_string\"}}],\"inLanguage\":\"es\"},{\"@type\":\"Organization\",\"@id\":\"https:\\\/\\\/ieslamadraza.com\\\/wp\\\/#organization\",\"name\":\"IES La Madraza -Instituto de Ense\u00f1anza Secundaria - Granada\",\"alternateName\":\"IES La Madraza -Instituto de Ense\u00f1anza Secundaria - Granada\",\"url\":\"https:\\\/\\\/ieslamadraza.com\\\/wp\\\/\",\"logo\":{\"@type\":\"ImageObject\",\"inLanguage\":\"es\",\"@id\":\"https:\\\/\\\/ieslamadraza.com\\\/wp\\\/#\\\/schema\\\/logo\\\/image\\\/\",\"url\":\"https:\\\/\\\/ieslamadraza.com\\\/wp\\\/wp-content\\\/img\\\/2025\\\/10\\\/logo.jpeg\",\"contentUrl\":\"https:\\\/\\\/ieslamadraza.com\\\/wp\\\/wp-content\\\/img\\\/2025\\\/10\\\/logo.jpeg\",\"width\":225,\"height\":225,\"caption\":\"IES La Madraza -Instituto de Ense\u00f1anza Secundaria - Granada\"},\"image\":{\"@id\":\"https:\\\/\\\/ieslamadraza.com\\\/wp\\\/#\\\/schema\\\/logo\\\/image\\\/\"},\"sameAs\":[\"https:\\\/\\\/www.facebook.com\\\/ieslamadraza\\\/\",\"https:\\\/\\\/x.com\\\/MadrazaLa\",\"https:\\\/\\\/www.instagram.com\\\/institutolamadraza\\\/\"]},{\"@type\":\"Person\",\"@id\":\"https:\\\/\\\/ieslamadraza.com\\\/wp\\\/#\\\/schema\\\/person\\\/1660c6e0c1cdbfaeb57edd860628d718\",\"name\":\"Esperanza\",\"image\":{\"@type\":\"ImageObject\",\"inLanguage\":\"es\",\"@id\":\"https:\\\/\\\/secure.gravatar.com\\\/avatar\\\/495c96955000491e516021e0a69d064dff5dd12c9312c9dca0945f7c7061fcef?s=96&d=mm&r=g\",\"url\":\"https:\\\/\\\/secure.gravatar.com\\\/avatar\\\/495c96955000491e516021e0a69d064dff5dd12c9312c9dca0945f7c7061fcef?s=96&d=mm&r=g\",\"contentUrl\":\"https:\\\/\\\/secure.gravatar.com\\\/avatar\\\/495c96955000491e516021e0a69d064dff5dd12c9312c9dca0945f7c7061fcef?s=96&d=mm&r=g\",\"caption\":\"Esperanza\"},\"url\":\"https:\\\/\\\/ieslamadraza.com\\\/wp\\\/author\\\/esperanza\\\/\"}]}<\/script>\n<!-- \/ Yoast SEO plugin. -->","yoast_head_json":{"title":"LAS CAVERNAS ACTUALES: Situaciones de aprendizaje sobre El Mito de la Caverna de Plat\u00f3n. - IES LA MADRAZA","description":"IES La Madraza","robots":{"index":"index","follow":"follow","max-snippet":"max-snippet:-1","max-image-preview":"max-image-preview:large","max-video-preview":"max-video-preview:-1"},"canonical":"https:\/\/ieslamadraza.com\/wp\/las-cavernas-actuales-situaciones-de-aprendizaje-sobre-el-mito-de-la-caverna-de-platon\/","og_locale":"es_ES","og_type":"article","og_title":"LAS CAVERNAS ACTUALES: Situaciones de aprendizaje sobre El Mito de la Caverna de Plat\u00f3n. - IES LA MADRAZA","og_description":"IES La Madraza","og_url":"https:\/\/ieslamadraza.com\/wp\/las-cavernas-actuales-situaciones-de-aprendizaje-sobre-el-mito-de-la-caverna-de-platon\/","og_site_name":"IES LA MADRAZA","article_publisher":"https:\/\/www.facebook.com\/ieslamadraza\/","article_published_time":"2024-01-27T07:09:26+00:00","og_image":[{"width":522,"height":759,"url":"https:\/\/ieslamadraza.com\/wp\/wp-content\/img\/2024\/01\/CAPTURA-PARA-PORTADA-ENTRADA.jpg","type":"image\/jpeg"}],"author":"Esperanza","twitter_card":"summary_large_image","twitter_creator":"@MadrazaLa","twitter_site":"@MadrazaLa","twitter_misc":{"Escrito por":"Esperanza","Tiempo de lectura":"1 minuto"},"schema":{"@context":"https:\/\/schema.org","@graph":[{"@type":"Article","@id":"https:\/\/ieslamadraza.com\/wp\/las-cavernas-actuales-situaciones-de-aprendizaje-sobre-el-mito-de-la-caverna-de-platon\/#article","isPartOf":{"@id":"https:\/\/ieslamadraza.com\/wp\/las-cavernas-actuales-situaciones-de-aprendizaje-sobre-el-mito-de-la-caverna-de-platon\/"},"author":{"name":"Esperanza","@id":"https:\/\/ieslamadraza.com\/wp\/#\/schema\/person\/1660c6e0c1cdbfaeb57edd860628d718"},"headline":"LAS CAVERNAS ACTUALES: Situaciones de aprendizaje sobre El Mito de la Caverna de Plat\u00f3n.","datePublished":"2024-01-27T07:09:26+00:00","mainEntityOfPage":{"@id":"https:\/\/ieslamadraza.com\/wp\/las-cavernas-actuales-situaciones-de-aprendizaje-sobre-el-mito-de-la-caverna-de-platon\/"},"wordCount":194,"commentCount":0,"publisher":{"@id":"https:\/\/ieslamadraza.com\/wp\/#organization"},"image":{"@id":"https:\/\/ieslamadraza.com\/wp\/las-cavernas-actuales-situaciones-de-aprendizaje-sobre-el-mito-de-la-caverna-de-platon\/#primaryimage"},"thumbnailUrl":"https:\/\/ieslamadraza.com\/wp\/wp-content\/img\/2024\/01\/CAPTURA-PARA-PORTADA-ENTRADA.jpg","articleSection":["FILOSOF\u00cdA","NOTICIAS DE INTER\u00c9S"],"inLanguage":"es","potentialAction":[{"@type":"CommentAction","name":"Comment","target":["https:\/\/ieslamadraza.com\/wp\/las-cavernas-actuales-situaciones-de-aprendizaje-sobre-el-mito-de-la-caverna-de-platon\/#respond"]}]},{"@type":"WebPage","@id":"https:\/\/ieslamadraza.com\/wp\/las-cavernas-actuales-situaciones-de-aprendizaje-sobre-el-mito-de-la-caverna-de-platon\/","url":"https:\/\/ieslamadraza.com\/wp\/las-cavernas-actuales-situaciones-de-aprendizaje-sobre-el-mito-de-la-caverna-de-platon\/","name":"LAS CAVERNAS ACTUALES: Situaciones de aprendizaje sobre El Mito de la Caverna de Plat\u00f3n. - IES LA MADRAZA","isPartOf":{"@id":"https:\/\/ieslamadraza.com\/wp\/#website"},"primaryImageOfPage":{"@id":"https:\/\/ieslamadraza.com\/wp\/las-cavernas-actuales-situaciones-de-aprendizaje-sobre-el-mito-de-la-caverna-de-platon\/#primaryimage"},"image":{"@id":"https:\/\/ieslamadraza.com\/wp\/las-cavernas-actuales-situaciones-de-aprendizaje-sobre-el-mito-de-la-caverna-de-platon\/#primaryimage"},"thumbnailUrl":"https:\/\/ieslamadraza.com\/wp\/wp-content\/img\/2024\/01\/CAPTURA-PARA-PORTADA-ENTRADA.jpg","datePublished":"2024-01-27T07:09:26+00:00","description":"IES La Madraza","breadcrumb":{"@id":"https:\/\/ieslamadraza.com\/wp\/las-cavernas-actuales-situaciones-de-aprendizaje-sobre-el-mito-de-la-caverna-de-platon\/#breadcrumb"},"inLanguage":"es","potentialAction":[{"@type":"ReadAction","target":["https:\/\/ieslamadraza.com\/wp\/las-cavernas-actuales-situaciones-de-aprendizaje-sobre-el-mito-de-la-caverna-de-platon\/"]}]},{"@type":"ImageObject","inLanguage":"es","@id":"https:\/\/ieslamadraza.com\/wp\/las-cavernas-actuales-situaciones-de-aprendizaje-sobre-el-mito-de-la-caverna-de-platon\/#primaryimage","url":"https:\/\/ieslamadraza.com\/wp\/wp-content\/img\/2024\/01\/CAPTURA-PARA-PORTADA-ENTRADA.jpg","contentUrl":"https:\/\/ieslamadraza.com\/wp\/wp-content\/img\/2024\/01\/CAPTURA-PARA-PORTADA-ENTRADA.jpg","width":522,"height":759},{"@type":"BreadcrumbList","@id":"https:\/\/ieslamadraza.com\/wp\/las-cavernas-actuales-situaciones-de-aprendizaje-sobre-el-mito-de-la-caverna-de-platon\/#breadcrumb","itemListElement":[{"@type":"ListItem","position":1,"name":"Portada","item":"https:\/\/ieslamadraza.com\/wp\/"},{"@type":"ListItem","position":2,"name":"LAS CAVERNAS ACTUALES: Situaciones de aprendizaje sobre El Mito de la Caverna de Plat\u00f3n."}]},{"@type":"WebSite","@id":"https:\/\/ieslamadraza.com\/wp\/#website","url":"https:\/\/ieslamadraza.com\/wp\/","name":"IES LA MADRAZA","description":"Instituto de Ense\u00f1anza Secundaria de Granada (Espa\u00f1a)","publisher":{"@id":"https:\/\/ieslamadraza.com\/wp\/#organization"},"alternateName":"Inicio - IES LA MADRAZA","potentialAction":[{"@type":"SearchAction","target":{"@type":"EntryPoint","urlTemplate":"https:\/\/ieslamadraza.com\/wp\/?s={search_term_string}"},"query-input":{"@type":"PropertyValueSpecification","valueRequired":true,"valueName":"search_term_string"}}],"inLanguage":"es"},{"@type":"Organization","@id":"https:\/\/ieslamadraza.com\/wp\/#organization","name":"IES La Madraza -Instituto de Ense\u00f1anza Secundaria - Granada","alternateName":"IES La Madraza -Instituto de Ense\u00f1anza Secundaria - Granada","url":"https:\/\/ieslamadraza.com\/wp\/","logo":{"@type":"ImageObject","inLanguage":"es","@id":"https:\/\/ieslamadraza.com\/wp\/#\/schema\/logo\/image\/","url":"https:\/\/ieslamadraza.com\/wp\/wp-content\/img\/2025\/10\/logo.jpeg","contentUrl":"https:\/\/ieslamadraza.com\/wp\/wp-content\/img\/2025\/10\/logo.jpeg","width":225,"height":225,"caption":"IES La Madraza -Instituto de Ense\u00f1anza Secundaria - Granada"},"image":{"@id":"https:\/\/ieslamadraza.com\/wp\/#\/schema\/logo\/image\/"},"sameAs":["https:\/\/www.facebook.com\/ieslamadraza\/","https:\/\/x.com\/MadrazaLa","https:\/\/www.instagram.com\/institutolamadraza\/"]},{"@type":"Person","@id":"https:\/\/ieslamadraza.com\/wp\/#\/schema\/person\/1660c6e0c1cdbfaeb57edd860628d718","name":"Esperanza","image":{"@type":"ImageObject","inLanguage":"es","@id":"https:\/\/secure.gravatar.com\/avatar\/495c96955000491e516021e0a69d064dff5dd12c9312c9dca0945f7c7061fcef?s=96&d=mm&r=g","url":"https:\/\/secure.gravatar.com\/avatar\/495c96955000491e516021e0a69d064dff5dd12c9312c9dca0945f7c7061fcef?s=96&d=mm&r=g","contentUrl":"https:\/\/secure.gravatar.com\/avatar\/495c96955000491e516021e0a69d064dff5dd12c9312c9dca0945f7c7061fcef?s=96&d=mm&r=g","caption":"Esperanza"},"url":"https:\/\/ieslamadraza.com\/wp\/author\/esperanza\/"}]}},"_links":{"self":[{"href":"https:\/\/ieslamadraza.com\/wp\/wp-json\/wp\/v2\/posts\/20523","targetHints":{"allow":["GET"]}}],"collection":[{"href":"https:\/\/ieslamadraza.com\/wp\/wp-json\/wp\/v2\/posts"}],"about":[{"href":"https:\/\/ieslamadraza.com\/wp\/wp-json\/wp\/v2\/types\/post"}],"author":[{"embeddable":true,"href":"https:\/\/ieslamadraza.com\/wp\/wp-json\/wp\/v2\/users\/8"}],"replies":[{"embeddable":true,"href":"https:\/\/ieslamadraza.com\/wp\/wp-json\/wp\/v2\/comments?post=20523"}],"version-history":[{"count":0,"href":"https:\/\/ieslamadraza.com\/wp\/wp-json\/wp\/v2\/posts\/20523\/revisions"}],"wp:featuredmedia":[{"embeddable":true,"href":"https:\/\/ieslamadraza.com\/wp\/wp-json\/wp\/v2\/media\/20532"}],"wp:attachment":[{"href":"https:\/\/ieslamadraza.com\/wp\/wp-json\/wp\/v2\/media?parent=20523"}],"wp:term":[{"taxonomy":"category","embeddable":true,"href":"https:\/\/ieslamadraza.com\/wp\/wp-json\/wp\/v2\/categories?post=20523"},{"taxonomy":"post_tag","embeddable":true,"href":"https:\/\/ieslamadraza.com\/wp\/wp-json\/wp\/v2\/tags?post=20523"}],"curies":[{"name":"wp","href":"https:\/\/api.w.org\/{rel}","templated":true}]}}