{"id":20418,"date":"2023-12-19T17:04:07","date_gmt":"2023-12-19T16:04:07","guid":{"rendered":"https:\/\/ieslamadraza.com\/wp\/?p=20418"},"modified":"2024-06-08T14:12:31","modified_gmt":"2024-06-08T12:12:31","slug":"comite-ecosocial-en-trasmulas-2023-12-19","status":"publish","type":"post","link":"https:\/\/ieslamadraza.com\/wp\/comite-ecosocial-en-trasmulas-2023-12-19\/","title":{"rendered":"Comit\u00e9 Ecosocial en Trasmulas (2023\/12\/19)"},"content":{"rendered":"<p><img decoding=\"async\" class=\"wp-image-20422 alignright lazyload\" data-src=\"https:\/\/ieslamadraza.com\/wp\/wp-content\/img\/2023\/12\/20231219-Trasmulas3.jpg\" alt=\"\" width=\"300\" height=\"225\" data-srcset=\"https:\/\/ieslamadraza.com\/wp\/wp-content\/img\/2023\/12\/20231219-Trasmulas3.jpg 1024w, https:\/\/ieslamadraza.com\/wp\/wp-content\/img\/2023\/12\/20231219-Trasmulas3-300x225.jpg 300w, https:\/\/ieslamadraza.com\/wp\/wp-content\/img\/2023\/12\/20231219-Trasmulas3-768x576.jpg 768w\" data-sizes=\"(max-width: 300px) 100vw, 300px\" src=\"data:image\/svg+xml;base64,PHN2ZyB3aWR0aD0iMSIgaGVpZ2h0PSIxIiB4bWxucz0iaHR0cDovL3d3dy53My5vcmcvMjAwMC9zdmciPjwvc3ZnPg==\" style=\"--smush-placeholder-width: 300px; --smush-placeholder-aspect-ratio: 300\/225;\" \/><\/p>\n<p style=\"font-weight: 400;\">El 19 de diciembre el Comit\u00e9 Ecosocial realiz\u00f3 una salida en lugar de la reuni\u00f3n que suele celebrar mensualmente. Veinticinco personas se desplazaron hasta el peque\u00f1o pueblo de Trasmulas (alrededor de 150 habitantes) para conocer el albergue rural Choza de Trasmulas y la Asociaci\u00f3n <em>Intercultural Life<\/em>, con la intenci\u00f3n de aprender de su experiencia y llevar ideas nuevas a La Madraza.<\/p>\n<p style=\"font-weight: 400;\">Regina Wedenburg (Nani) y Katrin Alban, fundadoras del proyecto, nos explicaron las peculiaridades de la <strong>Choza de Trasmulas<\/strong> que es una construcci\u00f3n ecol\u00f3gica con una estructura de vigas de madera y paredes de barro y paja. Se us\u00f3 un encofrado de rollos de ca\u00f1a y las paredes se completaron con un enlucido de cal hidr\u00e1ulica. Estos materiales proceden de los alrededores por lo que su huella ecol\u00f3gica es m\u00ednima; en general procuraron no utilizar el cemento y el hierro. Los materiales de las paredes, dada su inercia t\u00e9rmica, ayudan a mantener temperaturas confortables. Adem\u00e1s, la electricidad procede de placas fotovoltaicas propias y la calefacci\u00f3n se obtiene de una caldera de biomasa. Todo ello hace que el albergue tenga la m\u00e1xima calificaci\u00f3n energ\u00e9tica (A). La flexibilidad de la estructura le confiere una gran resistencia ante terremotos.<\/p>\n<p style=\"font-weight: 400;\">El trabajo de construcci\u00f3n fue realizado por un centenar de voluntarios y voluntarias de varios pa\u00edses de Europa que se fueron relevando a lo largo de un a\u00f1o. Se trata de una obra ecol\u00f3gica y de uso p\u00fablico pionera en un pueblo (s\u00ed hay casas as\u00ed en mitad del campo).<\/p>\n<p>Las comidas en el albergue son ecol\u00f3gicas y, siempre que es posible, se cocina con productos de proximidad (agroecolog\u00eda). El personal que trabaja en la Choza de Trasmulas es de la propia localidad con lo que se pretende favorecer a los vecinos y vecinas y ayudar a que la poblaci\u00f3n se asiente, as\u00ed que podemos considerarla una empresa de econom\u00eda social.<\/p>\n<p style=\"font-weight: 400;\">El albergue est\u00e1 disponible para todos los p\u00fablicos (por ejemplo, familias que acuden los fines de semana), pero su uso m\u00e1s t\u00edpico es como sede de <strong>encuentros de j\u00f3venes que participan en programas internacionales <\/strong>organizados por la Asociaci\u00f3n<em> Intercultural Life<\/em>. Con frecuencia se re\u00fanen grupos de 25-30 personas durante 7-10 d\u00edas para participar en programas de educaci\u00f3n no formal relacionados con el crecimiento personal, la diversidad cultural, el medio ambiente, la gesti\u00f3n de conflictos, la participaci\u00f3n ciudadana, etc.<\/p>\n<p style=\"font-weight: 400;\">Estos encuentros se subvencionan con fondos Erasmus+ o de la Oficina Francoalemana para la Juventud que permiten, por ejemplo, que los j\u00f3venes espa\u00f1oles, franceses y alemanes que se re\u00fanen en Trasmulas vuelvan a encontrarse ese mismo a\u00f1o en Francia y Alemania. A diferencia de los intercambios Erasmus realizados en La Madraza, el alojamiento no tiene lugar en familias sino en el albergue.<\/p>\n<p style=\"font-weight: 400;\">Marina Mendoza, coordinadora de voluntariado de la Asoaciaci\u00f3n <em>Intercultural Life<\/em>, gui\u00f3 al grupo de La Madraza en un recorrido por el pueblo y explic\u00f3 que, adem\u00e1s de los intercambios Erasmus+ (para mayores de 13 a\u00f1os), tambi\u00e9n gestionan el <strong>voluntariado europeo dependiente del Cuerpo Europeo de Solidaridad<\/strong>. Facilitan el que j\u00f3venes espa\u00f1oles, de 18 a 30 a\u00f1os, realicen estancias en pa\u00edses extranjeros (europeos y del norte de \u00c1frica) durante per\u00edodos que oscilan entre dos meses y un a\u00f1o, con casi todos los gastos pagados. En Trasmulas reciben j\u00f3venes extranjeros, hasta seis personas en viviendas diferentes al albergue, que realizan labores de mejora del pueblo (jardineras, carteler\u00eda, adecuaci\u00f3n de la antigua escuela, informaci\u00f3n tur\u00edstica por medio de c\u00f3digos QR), actividades culturales, deportivas, de animaci\u00f3n para el vecindario, apoyo en los encuentros juveniles en la Choza de Trasmulas, etc. Tres de estos j\u00f3venes, con edades entorno a los 19 a\u00f1os, acompa\u00f1aron al grupo de La Madraza, durante su visita a Trasmulas; su voluntariado europeo coincide con un a\u00f1o sab\u00e1tico en el que reflexionan y deciden sobre su futuro con el apoyo de tutor\u00edas para asentarse en el nuevo pa\u00eds. Los aprendizajes realizados durante las estancias se recogen y documentan en un certificado denominado <em>Youthpass.<\/em><\/p>\n<p style=\"font-weight: 400;\">El principal motivo de esta visita era conocer una organizaci\u00f3n de la que <strong>tomar ideas relacionadas con \u201cparticipaci\u00f3n\u201d,<\/strong> que es el n\u00facleo tem\u00e1tico de nuestra Ecoescuela durante el curso 2023-24. Recogemos a continuaci\u00f3n algunas caracter\u00edsticas del trabajo de <em>Intercultural Life<\/em>:<\/p>\n<ul>\n<li>Procuran que en los encuentros juveniles haya mucha diversidad humana: gente de distintos pa\u00edses, con diferentes circunstancias socioecon\u00f3micas (todo est\u00e1 subvencionado), personas con necesidades especiales, diversidad de orientaci\u00f3n e identidad sexual, etc.<\/li>\n<li>El manejo de diferentes idiomas es una cosa habitual en las actividades de la Choza de Trasmulas. Habitualmente cuentan con personas que traducen.<\/li>\n<li>Los j\u00f3venes y las j\u00f3venes que participan en las actividades tambi\u00e9n lo hacen en la preparaci\u00f3n de las actividades. Se tienen muy en cuenta sus opiniones y califican de horizontal su modelo organizativo. <em>Intercultural Life s<\/em>e encuentra en los pelda\u00f1os superiores de la escalera de la participaci\u00f3n.<\/li>\n<li>Conceden mucha importancia al manejo de los conflictos que consideran algo normal y que ayuda al crecimiento de las personas.<\/li>\n<li>Las actividades participativas suelen tener un impacto positivo en el entorno f\u00edsico y social; es una participaci\u00f3n para la transformaci\u00f3n.<\/li>\n<\/ul>\n<p style=\"font-weight: 400;\">El grupo de La Madraza hizo una <strong>balance al final de la jornada<\/strong> en el que se remarcaron las interesantes t\u00e9cnicas constructivas de la Choza de Trasmulas; la sorpresa ante las actividades geniales que desarrolla <em>Intercultural Life<\/em> en un pueblo tan peque\u00f1o; la tranquilidad de la vida en el pueblo, lejos del ritmo fren\u00e9tico del Instituto y del ruido; lo agradable que resulta salir a la naturaleza y descubrir animales, plantas y olores; la uni\u00f3n entre el profesorado y alumnado y c\u00f3mo mejoran las relaciones humanas cuando estamos en el campo. Se destacaron dos momentos entra\u00f1ables: la visita a la panader\u00eda del pueblo gracias a la acogida de la panadera Paqui, t\u00eda de Estela Almagro, y el tiempo dedicado a dibujar ante una vista magn\u00edfica de Sierra Nevada. Francisco Bazoco subray\u00f3 que en la vega que rodea a Granada existen paisajes similares a los de Trasmulas y que podemos disfrutar de ellos, por ejemplo, con un paseo en bicicleta. A algunos adultos esta salida les hizo recordar ambientes y actividades de su infancia. Por \u00faltimo, Olga Mart\u00ednez felicit\u00f3 al alumnado por su actitud atenta y de apertura a conocer a compa\u00f1eros y compa\u00f1eras de otras clases.<\/p>\n<p style=\"font-weight: 400;\"><strong>Participaron en esta actividad<\/strong> los siguientes alumnos y alumnas: Adriana Alf\u00e9rez (1\u00ba ESO A), M\u00aa Carmen Barranco (1\u00ba ESO B), Estela Almagro (1\u00ba ESO C), Rosa Ruiz (1\u00ba ESO C), Pablo Rabelo (2\u00ba ESO A), Nadia Raya (2\u00ba ESO A), Adri\u00e1n Delgado (3\u00ba ESO B), Marcos Tamayo (3\u00ba ESO C), Sara C\u00e1rdenas (4\u00ba ESO A), Lola Lupi\u00e1\u00f1ez (4\u00ba ESO B), Javier Mart\u00ednez (4\u00ba ESO C), Francisco Due\u00f1as (4\u00ba ESO Div.), Paula C\u00e1rdenas (1\u00ba Bach. A), Laura Mu\u00f1oz (1\u00ba Bach. B), Nacho Jim\u00e9nez (1\u00ba Bach. B) y Elisa Hern\u00e1ndez (1\u00ba Bach. C). Asistieron tambi\u00e9n la madre M\u00aa Carmen Puente y los siguientes docentes: Francisco Bazoco, Miguel \u00c1ngel Bail\u00f3n, Inmaculada L\u00f3pez, Montse L\u00f3pez, Nuria Rojas, Olga Mart\u00ednez C\u00e1rdenas y Pablo Acosta.<\/p>\n<p><img decoding=\"async\" class=\"aligncenter wp-image-20427 lazyload\" data-src=\"https:\/\/ieslamadraza.com\/wp\/wp-content\/img\/2023\/12\/20231219Trasmulas8-1024x768.jpeg\" alt=\"\" width=\"399\" height=\"300\" data-srcset=\"https:\/\/ieslamadraza.com\/wp\/wp-content\/img\/2023\/12\/20231219Trasmulas8-1024x768.jpeg 1024w, https:\/\/ieslamadraza.com\/wp\/wp-content\/img\/2023\/12\/20231219Trasmulas8-300x225.jpeg 300w, https:\/\/ieslamadraza.com\/wp\/wp-content\/img\/2023\/12\/20231219Trasmulas8-768x576.jpeg 768w, https:\/\/ieslamadraza.com\/wp\/wp-content\/img\/2023\/12\/20231219Trasmulas8-1536x1152.jpeg 1536w, https:\/\/ieslamadraza.com\/wp\/wp-content\/img\/2023\/12\/20231219Trasmulas8-1080x810.jpeg 1080w, https:\/\/ieslamadraza.com\/wp\/wp-content\/img\/2023\/12\/20231219Trasmulas8.jpeg 2016w\" data-sizes=\"(max-width: 399px) 100vw, 399px\" src=\"data:image\/svg+xml;base64,PHN2ZyB3aWR0aD0iMSIgaGVpZ2h0PSIxIiB4bWxucz0iaHR0cDovL3d3dy53My5vcmcvMjAwMC9zdmciPjwvc3ZnPg==\" style=\"--smush-placeholder-width: 399px; --smush-placeholder-aspect-ratio: 399\/300;\" \/><\/p>\n<p style=\"text-align: center;\">Reuni\u00f3n en la sala principal de la Choza de Trasmulas<\/p>\n<p style=\"text-align: center;\"><img decoding=\"async\" class=\"aligncenter wp-image-20420 lazyload\" data-src=\"https:\/\/ieslamadraza.com\/wp\/wp-content\/img\/2023\/12\/20231219-Trasmulas1-1024x771.jpg\" alt=\"\" width=\"401\" height=\"302\" data-srcset=\"https:\/\/ieslamadraza.com\/wp\/wp-content\/img\/2023\/12\/20231219-Trasmulas1-1024x771.jpg 1024w, https:\/\/ieslamadraza.com\/wp\/wp-content\/img\/2023\/12\/20231219-Trasmulas1-300x226.jpg 300w, https:\/\/ieslamadraza.com\/wp\/wp-content\/img\/2023\/12\/20231219-Trasmulas1-768x578.jpg 768w, https:\/\/ieslamadraza.com\/wp\/wp-content\/img\/2023\/12\/20231219-Trasmulas1-1536x1157.jpg 1536w, https:\/\/ieslamadraza.com\/wp\/wp-content\/img\/2023\/12\/20231219-Trasmulas1-2048x1542.jpg 2048w, https:\/\/ieslamadraza.com\/wp\/wp-content\/img\/2023\/12\/20231219-Trasmulas1-1080x813.jpg 1080w\" data-sizes=\"(max-width: 401px) 100vw, 401px\" src=\"data:image\/svg+xml;base64,PHN2ZyB3aWR0aD0iMSIgaGVpZ2h0PSIxIiB4bWxucz0iaHR0cDovL3d3dy53My5vcmcvMjAwMC9zdmciPjwvc3ZnPg==\" style=\"--smush-placeholder-width: 401px; --smush-placeholder-aspect-ratio: 401\/302;\" \/><\/p>\n<p style=\"text-align: center;\">Alumnas de 1\u00ba Bachillerato y alumnos de 2\u00ba-3\u00ba ESO<\/p>\n<p style=\"text-align: center;\"><img decoding=\"async\" class=\"aligncenter wp-image-20421 lazyload\" data-src=\"https:\/\/ieslamadraza.com\/wp\/wp-content\/img\/2023\/12\/20231219-Trasmulas2-1024x771.jpg\" alt=\"\" width=\"400\" height=\"301\" data-srcset=\"https:\/\/ieslamadraza.com\/wp\/wp-content\/img\/2023\/12\/20231219-Trasmulas2-1024x771.jpg 1024w, https:\/\/ieslamadraza.com\/wp\/wp-content\/img\/2023\/12\/20231219-Trasmulas2-300x226.jpg 300w, https:\/\/ieslamadraza.com\/wp\/wp-content\/img\/2023\/12\/20231219-Trasmulas2-768x578.jpg 768w, https:\/\/ieslamadraza.com\/wp\/wp-content\/img\/2023\/12\/20231219-Trasmulas2-1536x1157.jpg 1536w, https:\/\/ieslamadraza.com\/wp\/wp-content\/img\/2023\/12\/20231219-Trasmulas2-2048x1542.jpg 2048w, https:\/\/ieslamadraza.com\/wp\/wp-content\/img\/2023\/12\/20231219-Trasmulas2-1080x813.jpg 1080w\" data-sizes=\"(max-width: 400px) 100vw, 400px\" src=\"data:image\/svg+xml;base64,PHN2ZyB3aWR0aD0iMSIgaGVpZ2h0PSIxIiB4bWxucz0iaHR0cDovL3d3dy53My5vcmcvMjAwMC9zdmciPjwvc3ZnPg==\" style=\"--smush-placeholder-width: 400px; --smush-placeholder-aspect-ratio: 400\/301;\" \/><\/p>\n<p style=\"text-align: center;\">Alumnas de 1\u00ba y 2\u00ba ESO<\/p>\n<p style=\"text-align: center;\"><img decoding=\"async\" class=\"aligncenter wp-image-20423 lazyload\" data-src=\"https:\/\/ieslamadraza.com\/wp\/wp-content\/img\/2023\/12\/20231219-Trasmulas4.jpeg\" alt=\"\" width=\"403\" height=\"302\" data-srcset=\"https:\/\/ieslamadraza.com\/wp\/wp-content\/img\/2023\/12\/20231219-Trasmulas4.jpeg 1024w, https:\/\/ieslamadraza.com\/wp\/wp-content\/img\/2023\/12\/20231219-Trasmulas4-300x225.jpeg 300w, https:\/\/ieslamadraza.com\/wp\/wp-content\/img\/2023\/12\/20231219-Trasmulas4-768x576.jpeg 768w\" data-sizes=\"(max-width: 403px) 100vw, 403px\" src=\"data:image\/svg+xml;base64,PHN2ZyB3aWR0aD0iMSIgaGVpZ2h0PSIxIiB4bWxucz0iaHR0cDovL3d3dy53My5vcmcvMjAwMC9zdmciPjwvc3ZnPg==\" style=\"--smush-placeholder-width: 403px; --smush-placeholder-aspect-ratio: 403\/302;\" \/><\/p>\n<p style=\"text-align: center;\">Anfitrionas, madre y profesorado<\/p>\n<p style=\"text-align: center;\"><img decoding=\"async\" class=\"aligncenter wp-image-20426 lazyload\" data-src=\"https:\/\/ieslamadraza.com\/wp\/wp-content\/img\/2023\/12\/20231219Trasmulas7-1024x768.jpeg\" alt=\"\" width=\"402\" height=\"301\" data-srcset=\"https:\/\/ieslamadraza.com\/wp\/wp-content\/img\/2023\/12\/20231219Trasmulas7-1024x768.jpeg 1024w, https:\/\/ieslamadraza.com\/wp\/wp-content\/img\/2023\/12\/20231219Trasmulas7-300x225.jpeg 300w, https:\/\/ieslamadraza.com\/wp\/wp-content\/img\/2023\/12\/20231219Trasmulas7-768x576.jpeg 768w, https:\/\/ieslamadraza.com\/wp\/wp-content\/img\/2023\/12\/20231219Trasmulas7-1536x1152.jpeg 1536w, https:\/\/ieslamadraza.com\/wp\/wp-content\/img\/2023\/12\/20231219Trasmulas7-1080x810.jpeg 1080w, https:\/\/ieslamadraza.com\/wp\/wp-content\/img\/2023\/12\/20231219Trasmulas7.jpeg 2016w\" data-sizes=\"(max-width: 402px) 100vw, 402px\" src=\"data:image\/svg+xml;base64,PHN2ZyB3aWR0aD0iMSIgaGVpZ2h0PSIxIiB4bWxucz0iaHR0cDovL3d3dy53My5vcmcvMjAwMC9zdmciPjwvc3ZnPg==\" style=\"--smush-placeholder-width: 402px; --smush-placeholder-aspect-ratio: 402\/301;\" \/><\/p>\n<p style=\"text-align: center;\">Degustando las tortas de Miguel \u00c1ngel en la terraza del albergue<\/p>\n<p style=\"text-align: center;\"><img decoding=\"async\" class=\"aligncenter wp-image-20425 lazyload\" data-src=\"https:\/\/ieslamadraza.com\/wp\/wp-content\/img\/2023\/12\/20231219Trasmulas6-768x1024.jpeg\" alt=\"\" width=\"305\" height=\"407\" data-srcset=\"https:\/\/ieslamadraza.com\/wp\/wp-content\/img\/2023\/12\/20231219Trasmulas6-768x1024.jpeg 768w, https:\/\/ieslamadraza.com\/wp\/wp-content\/img\/2023\/12\/20231219Trasmulas6-225x300.jpeg 225w, https:\/\/ieslamadraza.com\/wp\/wp-content\/img\/2023\/12\/20231219Trasmulas6-1152x1536.jpeg 1152w, https:\/\/ieslamadraza.com\/wp\/wp-content\/img\/2023\/12\/20231219Trasmulas6-1080x1440.jpeg 1080w, https:\/\/ieslamadraza.com\/wp\/wp-content\/img\/2023\/12\/20231219Trasmulas6.jpeg 1512w\" data-sizes=\"(max-width: 305px) 100vw, 305px\" src=\"data:image\/svg+xml;base64,PHN2ZyB3aWR0aD0iMSIgaGVpZ2h0PSIxIiB4bWxucz0iaHR0cDovL3d3dy53My5vcmcvMjAwMC9zdmciPjwvc3ZnPg==\" style=\"--smush-placeholder-width: 305px; --smush-placeholder-aspect-ratio: 305\/407;\" \/>Katrin y Nani con Marcos<\/p>\n<p><img decoding=\"async\" class=\"aligncenter wp-image-20428 lazyload\" data-src=\"https:\/\/ieslamadraza.com\/wp\/wp-content\/img\/2023\/12\/20231219Trasmulas9-768x1024.jpeg\" alt=\"\" width=\"306\" height=\"408\" data-srcset=\"https:\/\/ieslamadraza.com\/wp\/wp-content\/img\/2023\/12\/20231219Trasmulas9-768x1024.jpeg 768w, https:\/\/ieslamadraza.com\/wp\/wp-content\/img\/2023\/12\/20231219Trasmulas9-225x300.jpeg 225w, https:\/\/ieslamadraza.com\/wp\/wp-content\/img\/2023\/12\/20231219Trasmulas9-1152x1536.jpeg 1152w, https:\/\/ieslamadraza.com\/wp\/wp-content\/img\/2023\/12\/20231219Trasmulas9-1080x1440.jpeg 1080w, https:\/\/ieslamadraza.com\/wp\/wp-content\/img\/2023\/12\/20231219Trasmulas9.jpeg 1512w\" data-sizes=\"(max-width: 306px) 100vw, 306px\" src=\"data:image\/svg+xml;base64,PHN2ZyB3aWR0aD0iMSIgaGVpZ2h0PSIxIiB4bWxucz0iaHR0cDovL3d3dy53My5vcmcvMjAwMC9zdmciPjwvc3ZnPg==\" style=\"--smush-placeholder-width: 306px; --smush-placeholder-aspect-ratio: 306\/408;\" \/><\/p>\n<p style=\"text-align: center;\">Marina Mendoza (derecha) con tres j\u00f3venes del voluntariado europeo<\/p>\n<p><img decoding=\"async\" class=\"aligncenter wp-image-20424 lazyload\" data-src=\"https:\/\/ieslamadraza.com\/wp\/wp-content\/img\/2023\/12\/20231219-Trasmulas5-1024x768.jpeg\" alt=\"\" width=\"400\" height=\"300\" data-srcset=\"https:\/\/ieslamadraza.com\/wp\/wp-content\/img\/2023\/12\/20231219-Trasmulas5-1024x768.jpeg 1024w, https:\/\/ieslamadraza.com\/wp\/wp-content\/img\/2023\/12\/20231219-Trasmulas5-300x225.jpeg 300w, https:\/\/ieslamadraza.com\/wp\/wp-content\/img\/2023\/12\/20231219-Trasmulas5-768x576.jpeg 768w, https:\/\/ieslamadraza.com\/wp\/wp-content\/img\/2023\/12\/20231219-Trasmulas5-1536x1152.jpeg 1536w, https:\/\/ieslamadraza.com\/wp\/wp-content\/img\/2023\/12\/20231219-Trasmulas5-1080x810.jpeg 1080w, https:\/\/ieslamadraza.com\/wp\/wp-content\/img\/2023\/12\/20231219-Trasmulas5.jpeg 2016w\" data-sizes=\"(max-width: 400px) 100vw, 400px\" src=\"data:image\/svg+xml;base64,PHN2ZyB3aWR0aD0iMSIgaGVpZ2h0PSIxIiB4bWxucz0iaHR0cDovL3d3dy53My5vcmcvMjAwMC9zdmciPjwvc3ZnPg==\" style=\"--smush-placeholder-width: 400px; --smush-placeholder-aspect-ratio: 400\/300;\" \/><\/p>\n<p style=\"text-align: center;\">Panader\u00eda de Paqui<\/p>\n<p>&nbsp;<\/p>\n<p style=\"font-weight: 400;\">\n","protected":false},"excerpt":{"rendered":"<p>El 19 de diciembre el Comit\u00e9 Ecosocial realiz\u00f3 una salida en lugar de la reuni\u00f3n que suele celebrar mensualmente. Veinticinco personas se desplazaron hasta el peque\u00f1o pueblo de Trasmulas (alrededor de 150 habitantes) para conocer el albergue rural Choza de Trasmulas y la Asociaci\u00f3n Intercultural Life, con la intenci\u00f3n de aprender de su experiencia y [&hellip;]<\/p>\n","protected":false},"author":3,"featured_media":20422,"comment_status":"open","ping_status":"closed","sticky":false,"template":"","format":"standard","meta":{"_et_pb_use_builder":"","_et_pb_old_content":"","_et_gb_content_width":"","_monsterinsights_skip_tracking":false,"_monsterinsights_sitenote_active":false,"_monsterinsights_sitenote_note":"","_monsterinsights_sitenote_category":0,"footnotes":""},"categories":[78],"tags":[],"class_list":["post-20418","post","type-post","status-publish","format-standard","has-post-thumbnail","hentry","category-ecoescuela-ecoescuela","et-has-post-format-content","et_post_format-et-post-format-standard"],"yoast_head":"<!-- This site is optimized with the Yoast SEO plugin v27.5 - https:\/\/yoast.com\/product\/yoast-seo-wordpress\/ -->\n<title>Comit\u00e9 Ecosocial en Trasmulas (2023\/12\/19) - IES LA MADRAZA<\/title>\n<meta name=\"description\" content=\"IES La Madraza\" \/>\n<meta name=\"robots\" content=\"index, follow, max-snippet:-1, max-image-preview:large, max-video-preview:-1\" \/>\n<link rel=\"canonical\" href=\"https:\/\/ieslamadraza.com\/wp\/comite-ecosocial-en-trasmulas-2023-12-19\/\" \/>\n<meta property=\"og:locale\" content=\"es_ES\" \/>\n<meta property=\"og:type\" content=\"article\" \/>\n<meta property=\"og:title\" content=\"Comit\u00e9 Ecosocial en Trasmulas (2023\/12\/19) - IES LA MADRAZA\" \/>\n<meta property=\"og:description\" content=\"IES La Madraza\" \/>\n<meta property=\"og:url\" content=\"https:\/\/ieslamadraza.com\/wp\/comite-ecosocial-en-trasmulas-2023-12-19\/\" \/>\n<meta property=\"og:site_name\" content=\"IES LA MADRAZA\" \/>\n<meta property=\"article:publisher\" content=\"https:\/\/www.facebook.com\/ieslamadraza\/\" \/>\n<meta property=\"article:published_time\" content=\"2023-12-19T16:04:07+00:00\" \/>\n<meta property=\"article:modified_time\" content=\"2024-06-08T12:12:31+00:00\" \/>\n<meta property=\"og:image\" content=\"https:\/\/ieslamadraza.com\/wp\/wp-content\/img\/2023\/12\/20231219-Trasmulas3.jpg\" \/>\n\t<meta property=\"og:image:width\" content=\"1024\" \/>\n\t<meta property=\"og:image:height\" content=\"768\" \/>\n\t<meta property=\"og:image:type\" content=\"image\/jpeg\" \/>\n<meta name=\"author\" content=\"Pablo Acosta Robles\" \/>\n<meta name=\"twitter:card\" content=\"summary_large_image\" \/>\n<meta name=\"twitter:creator\" content=\"@MadrazaLa\" \/>\n<meta name=\"twitter:site\" content=\"@MadrazaLa\" \/>\n<meta name=\"twitter:label1\" content=\"Escrito por\" \/>\n\t<meta name=\"twitter:data1\" content=\"Pablo Acosta Robles\" \/>\n\t<meta name=\"twitter:label2\" content=\"Tiempo de lectura\" \/>\n\t<meta name=\"twitter:data2\" content=\"6 minutos\" \/>\n<script type=\"application\/ld+json\" class=\"yoast-schema-graph\">{\"@context\":\"https:\\\/\\\/schema.org\",\"@graph\":[{\"@type\":\"Article\",\"@id\":\"https:\\\/\\\/ieslamadraza.com\\\/wp\\\/comite-ecosocial-en-trasmulas-2023-12-19\\\/#article\",\"isPartOf\":{\"@id\":\"https:\\\/\\\/ieslamadraza.com\\\/wp\\\/comite-ecosocial-en-trasmulas-2023-12-19\\\/\"},\"author\":{\"name\":\"Pablo Acosta Robles\",\"@id\":\"https:\\\/\\\/ieslamadraza.com\\\/wp\\\/#\\\/schema\\\/person\\\/d18d75ada99363ede30eade0c7b383d0\"},\"headline\":\"Comit\u00e9 Ecosocial en Trasmulas (2023\\\/12\\\/19)\",\"datePublished\":\"2023-12-19T16:04:07+00:00\",\"dateModified\":\"2024-06-08T12:12:31+00:00\",\"mainEntityOfPage\":{\"@id\":\"https:\\\/\\\/ieslamadraza.com\\\/wp\\\/comite-ecosocial-en-trasmulas-2023-12-19\\\/\"},\"wordCount\":1294,\"commentCount\":0,\"publisher\":{\"@id\":\"https:\\\/\\\/ieslamadraza.com\\\/wp\\\/#organization\"},\"image\":{\"@id\":\"https:\\\/\\\/ieslamadraza.com\\\/wp\\\/comite-ecosocial-en-trasmulas-2023-12-19\\\/#primaryimage\"},\"thumbnailUrl\":\"https:\\\/\\\/ieslamadraza.com\\\/wp\\\/wp-content\\\/img\\\/2023\\\/12\\\/20231219-Trasmulas3.jpg\",\"articleSection\":[\"ECOESCUELA\"],\"inLanguage\":\"es\",\"potentialAction\":[{\"@type\":\"CommentAction\",\"name\":\"Comment\",\"target\":[\"https:\\\/\\\/ieslamadraza.com\\\/wp\\\/comite-ecosocial-en-trasmulas-2023-12-19\\\/#respond\"]}]},{\"@type\":\"WebPage\",\"@id\":\"https:\\\/\\\/ieslamadraza.com\\\/wp\\\/comite-ecosocial-en-trasmulas-2023-12-19\\\/\",\"url\":\"https:\\\/\\\/ieslamadraza.com\\\/wp\\\/comite-ecosocial-en-trasmulas-2023-12-19\\\/\",\"name\":\"Comit\u00e9 Ecosocial en Trasmulas (2023\\\/12\\\/19) - IES LA MADRAZA\",\"isPartOf\":{\"@id\":\"https:\\\/\\\/ieslamadraza.com\\\/wp\\\/#website\"},\"primaryImageOfPage\":{\"@id\":\"https:\\\/\\\/ieslamadraza.com\\\/wp\\\/comite-ecosocial-en-trasmulas-2023-12-19\\\/#primaryimage\"},\"image\":{\"@id\":\"https:\\\/\\\/ieslamadraza.com\\\/wp\\\/comite-ecosocial-en-trasmulas-2023-12-19\\\/#primaryimage\"},\"thumbnailUrl\":\"https:\\\/\\\/ieslamadraza.com\\\/wp\\\/wp-content\\\/img\\\/2023\\\/12\\\/20231219-Trasmulas3.jpg\",\"datePublished\":\"2023-12-19T16:04:07+00:00\",\"dateModified\":\"2024-06-08T12:12:31+00:00\",\"description\":\"IES La Madraza\",\"breadcrumb\":{\"@id\":\"https:\\\/\\\/ieslamadraza.com\\\/wp\\\/comite-ecosocial-en-trasmulas-2023-12-19\\\/#breadcrumb\"},\"inLanguage\":\"es\",\"potentialAction\":[{\"@type\":\"ReadAction\",\"target\":[\"https:\\\/\\\/ieslamadraza.com\\\/wp\\\/comite-ecosocial-en-trasmulas-2023-12-19\\\/\"]}]},{\"@type\":\"ImageObject\",\"inLanguage\":\"es\",\"@id\":\"https:\\\/\\\/ieslamadraza.com\\\/wp\\\/comite-ecosocial-en-trasmulas-2023-12-19\\\/#primaryimage\",\"url\":\"https:\\\/\\\/ieslamadraza.com\\\/wp\\\/wp-content\\\/img\\\/2023\\\/12\\\/20231219-Trasmulas3.jpg\",\"contentUrl\":\"https:\\\/\\\/ieslamadraza.com\\\/wp\\\/wp-content\\\/img\\\/2023\\\/12\\\/20231219-Trasmulas3.jpg\",\"width\":1024,\"height\":768},{\"@type\":\"BreadcrumbList\",\"@id\":\"https:\\\/\\\/ieslamadraza.com\\\/wp\\\/comite-ecosocial-en-trasmulas-2023-12-19\\\/#breadcrumb\",\"itemListElement\":[{\"@type\":\"ListItem\",\"position\":1,\"name\":\"Portada\",\"item\":\"https:\\\/\\\/ieslamadraza.com\\\/wp\\\/\"},{\"@type\":\"ListItem\",\"position\":2,\"name\":\"Comit\u00e9 Ecosocial en Trasmulas (2023\\\/12\\\/19)\"}]},{\"@type\":\"WebSite\",\"@id\":\"https:\\\/\\\/ieslamadraza.com\\\/wp\\\/#website\",\"url\":\"https:\\\/\\\/ieslamadraza.com\\\/wp\\\/\",\"name\":\"IES LA MADRAZA\",\"description\":\"Instituto de Ense\u00f1anza Secundaria de Granada (Espa\u00f1a)\",\"publisher\":{\"@id\":\"https:\\\/\\\/ieslamadraza.com\\\/wp\\\/#organization\"},\"alternateName\":\"Inicio - IES LA MADRAZA\",\"potentialAction\":[{\"@type\":\"SearchAction\",\"target\":{\"@type\":\"EntryPoint\",\"urlTemplate\":\"https:\\\/\\\/ieslamadraza.com\\\/wp\\\/?s={search_term_string}\"},\"query-input\":{\"@type\":\"PropertyValueSpecification\",\"valueRequired\":true,\"valueName\":\"search_term_string\"}}],\"inLanguage\":\"es\"},{\"@type\":\"Organization\",\"@id\":\"https:\\\/\\\/ieslamadraza.com\\\/wp\\\/#organization\",\"name\":\"IES La Madraza -Instituto de Ense\u00f1anza Secundaria - Granada\",\"alternateName\":\"IES La Madraza -Instituto de Ense\u00f1anza Secundaria - Granada\",\"url\":\"https:\\\/\\\/ieslamadraza.com\\\/wp\\\/\",\"logo\":{\"@type\":\"ImageObject\",\"inLanguage\":\"es\",\"@id\":\"https:\\\/\\\/ieslamadraza.com\\\/wp\\\/#\\\/schema\\\/logo\\\/image\\\/\",\"url\":\"https:\\\/\\\/ieslamadraza.com\\\/wp\\\/wp-content\\\/img\\\/2025\\\/10\\\/logo.jpeg\",\"contentUrl\":\"https:\\\/\\\/ieslamadraza.com\\\/wp\\\/wp-content\\\/img\\\/2025\\\/10\\\/logo.jpeg\",\"width\":225,\"height\":225,\"caption\":\"IES La Madraza -Instituto de Ense\u00f1anza Secundaria - Granada\"},\"image\":{\"@id\":\"https:\\\/\\\/ieslamadraza.com\\\/wp\\\/#\\\/schema\\\/logo\\\/image\\\/\"},\"sameAs\":[\"https:\\\/\\\/www.facebook.com\\\/ieslamadraza\\\/\",\"https:\\\/\\\/x.com\\\/MadrazaLa\",\"https:\\\/\\\/www.instagram.com\\\/institutolamadraza\\\/\"]},{\"@type\":\"Person\",\"@id\":\"https:\\\/\\\/ieslamadraza.com\\\/wp\\\/#\\\/schema\\\/person\\\/d18d75ada99363ede30eade0c7b383d0\",\"name\":\"Pablo Acosta Robles\",\"image\":{\"@type\":\"ImageObject\",\"inLanguage\":\"es\",\"@id\":\"https:\\\/\\\/secure.gravatar.com\\\/avatar\\\/de366d44c0d2f7406ad434f0c9650ee7d0d2a7258b6f1a511aa8345445bb21b5?s=96&d=mm&r=g\",\"url\":\"https:\\\/\\\/secure.gravatar.com\\\/avatar\\\/de366d44c0d2f7406ad434f0c9650ee7d0d2a7258b6f1a511aa8345445bb21b5?s=96&d=mm&r=g\",\"contentUrl\":\"https:\\\/\\\/secure.gravatar.com\\\/avatar\\\/de366d44c0d2f7406ad434f0c9650ee7d0d2a7258b6f1a511aa8345445bb21b5?s=96&d=mm&r=g\",\"caption\":\"Pablo Acosta Robles\"},\"url\":\"https:\\\/\\\/ieslamadraza.com\\\/wp\\\/author\\\/pablo\\\/\"}]}<\/script>\n<!-- \/ Yoast SEO plugin. -->","yoast_head_json":{"title":"Comit\u00e9 Ecosocial en Trasmulas (2023\/12\/19) - IES LA MADRAZA","description":"IES La Madraza","robots":{"index":"index","follow":"follow","max-snippet":"max-snippet:-1","max-image-preview":"max-image-preview:large","max-video-preview":"max-video-preview:-1"},"canonical":"https:\/\/ieslamadraza.com\/wp\/comite-ecosocial-en-trasmulas-2023-12-19\/","og_locale":"es_ES","og_type":"article","og_title":"Comit\u00e9 Ecosocial en Trasmulas (2023\/12\/19) - IES LA MADRAZA","og_description":"IES La Madraza","og_url":"https:\/\/ieslamadraza.com\/wp\/comite-ecosocial-en-trasmulas-2023-12-19\/","og_site_name":"IES LA MADRAZA","article_publisher":"https:\/\/www.facebook.com\/ieslamadraza\/","article_published_time":"2023-12-19T16:04:07+00:00","article_modified_time":"2024-06-08T12:12:31+00:00","og_image":[{"width":1024,"height":768,"url":"https:\/\/ieslamadraza.com\/wp\/wp-content\/img\/2023\/12\/20231219-Trasmulas3.jpg","type":"image\/jpeg"}],"author":"Pablo Acosta Robles","twitter_card":"summary_large_image","twitter_creator":"@MadrazaLa","twitter_site":"@MadrazaLa","twitter_misc":{"Escrito por":"Pablo Acosta Robles","Tiempo de lectura":"6 minutos"},"schema":{"@context":"https:\/\/schema.org","@graph":[{"@type":"Article","@id":"https:\/\/ieslamadraza.com\/wp\/comite-ecosocial-en-trasmulas-2023-12-19\/#article","isPartOf":{"@id":"https:\/\/ieslamadraza.com\/wp\/comite-ecosocial-en-trasmulas-2023-12-19\/"},"author":{"name":"Pablo Acosta Robles","@id":"https:\/\/ieslamadraza.com\/wp\/#\/schema\/person\/d18d75ada99363ede30eade0c7b383d0"},"headline":"Comit\u00e9 Ecosocial en Trasmulas (2023\/12\/19)","datePublished":"2023-12-19T16:04:07+00:00","dateModified":"2024-06-08T12:12:31+00:00","mainEntityOfPage":{"@id":"https:\/\/ieslamadraza.com\/wp\/comite-ecosocial-en-trasmulas-2023-12-19\/"},"wordCount":1294,"commentCount":0,"publisher":{"@id":"https:\/\/ieslamadraza.com\/wp\/#organization"},"image":{"@id":"https:\/\/ieslamadraza.com\/wp\/comite-ecosocial-en-trasmulas-2023-12-19\/#primaryimage"},"thumbnailUrl":"https:\/\/ieslamadraza.com\/wp\/wp-content\/img\/2023\/12\/20231219-Trasmulas3.jpg","articleSection":["ECOESCUELA"],"inLanguage":"es","potentialAction":[{"@type":"CommentAction","name":"Comment","target":["https:\/\/ieslamadraza.com\/wp\/comite-ecosocial-en-trasmulas-2023-12-19\/#respond"]}]},{"@type":"WebPage","@id":"https:\/\/ieslamadraza.com\/wp\/comite-ecosocial-en-trasmulas-2023-12-19\/","url":"https:\/\/ieslamadraza.com\/wp\/comite-ecosocial-en-trasmulas-2023-12-19\/","name":"Comit\u00e9 Ecosocial en Trasmulas (2023\/12\/19) - IES LA MADRAZA","isPartOf":{"@id":"https:\/\/ieslamadraza.com\/wp\/#website"},"primaryImageOfPage":{"@id":"https:\/\/ieslamadraza.com\/wp\/comite-ecosocial-en-trasmulas-2023-12-19\/#primaryimage"},"image":{"@id":"https:\/\/ieslamadraza.com\/wp\/comite-ecosocial-en-trasmulas-2023-12-19\/#primaryimage"},"thumbnailUrl":"https:\/\/ieslamadraza.com\/wp\/wp-content\/img\/2023\/12\/20231219-Trasmulas3.jpg","datePublished":"2023-12-19T16:04:07+00:00","dateModified":"2024-06-08T12:12:31+00:00","description":"IES La Madraza","breadcrumb":{"@id":"https:\/\/ieslamadraza.com\/wp\/comite-ecosocial-en-trasmulas-2023-12-19\/#breadcrumb"},"inLanguage":"es","potentialAction":[{"@type":"ReadAction","target":["https:\/\/ieslamadraza.com\/wp\/comite-ecosocial-en-trasmulas-2023-12-19\/"]}]},{"@type":"ImageObject","inLanguage":"es","@id":"https:\/\/ieslamadraza.com\/wp\/comite-ecosocial-en-trasmulas-2023-12-19\/#primaryimage","url":"https:\/\/ieslamadraza.com\/wp\/wp-content\/img\/2023\/12\/20231219-Trasmulas3.jpg","contentUrl":"https:\/\/ieslamadraza.com\/wp\/wp-content\/img\/2023\/12\/20231219-Trasmulas3.jpg","width":1024,"height":768},{"@type":"BreadcrumbList","@id":"https:\/\/ieslamadraza.com\/wp\/comite-ecosocial-en-trasmulas-2023-12-19\/#breadcrumb","itemListElement":[{"@type":"ListItem","position":1,"name":"Portada","item":"https:\/\/ieslamadraza.com\/wp\/"},{"@type":"ListItem","position":2,"name":"Comit\u00e9 Ecosocial en Trasmulas (2023\/12\/19)"}]},{"@type":"WebSite","@id":"https:\/\/ieslamadraza.com\/wp\/#website","url":"https:\/\/ieslamadraza.com\/wp\/","name":"IES LA MADRAZA","description":"Instituto de Ense\u00f1anza Secundaria de Granada (Espa\u00f1a)","publisher":{"@id":"https:\/\/ieslamadraza.com\/wp\/#organization"},"alternateName":"Inicio - IES LA MADRAZA","potentialAction":[{"@type":"SearchAction","target":{"@type":"EntryPoint","urlTemplate":"https:\/\/ieslamadraza.com\/wp\/?s={search_term_string}"},"query-input":{"@type":"PropertyValueSpecification","valueRequired":true,"valueName":"search_term_string"}}],"inLanguage":"es"},{"@type":"Organization","@id":"https:\/\/ieslamadraza.com\/wp\/#organization","name":"IES La Madraza -Instituto de Ense\u00f1anza Secundaria - Granada","alternateName":"IES La Madraza -Instituto de Ense\u00f1anza Secundaria - Granada","url":"https:\/\/ieslamadraza.com\/wp\/","logo":{"@type":"ImageObject","inLanguage":"es","@id":"https:\/\/ieslamadraza.com\/wp\/#\/schema\/logo\/image\/","url":"https:\/\/ieslamadraza.com\/wp\/wp-content\/img\/2025\/10\/logo.jpeg","contentUrl":"https:\/\/ieslamadraza.com\/wp\/wp-content\/img\/2025\/10\/logo.jpeg","width":225,"height":225,"caption":"IES La Madraza -Instituto de Ense\u00f1anza Secundaria - Granada"},"image":{"@id":"https:\/\/ieslamadraza.com\/wp\/#\/schema\/logo\/image\/"},"sameAs":["https:\/\/www.facebook.com\/ieslamadraza\/","https:\/\/x.com\/MadrazaLa","https:\/\/www.instagram.com\/institutolamadraza\/"]},{"@type":"Person","@id":"https:\/\/ieslamadraza.com\/wp\/#\/schema\/person\/d18d75ada99363ede30eade0c7b383d0","name":"Pablo Acosta Robles","image":{"@type":"ImageObject","inLanguage":"es","@id":"https:\/\/secure.gravatar.com\/avatar\/de366d44c0d2f7406ad434f0c9650ee7d0d2a7258b6f1a511aa8345445bb21b5?s=96&d=mm&r=g","url":"https:\/\/secure.gravatar.com\/avatar\/de366d44c0d2f7406ad434f0c9650ee7d0d2a7258b6f1a511aa8345445bb21b5?s=96&d=mm&r=g","contentUrl":"https:\/\/secure.gravatar.com\/avatar\/de366d44c0d2f7406ad434f0c9650ee7d0d2a7258b6f1a511aa8345445bb21b5?s=96&d=mm&r=g","caption":"Pablo Acosta Robles"},"url":"https:\/\/ieslamadraza.com\/wp\/author\/pablo\/"}]}},"_links":{"self":[{"href":"https:\/\/ieslamadraza.com\/wp\/wp-json\/wp\/v2\/posts\/20418","targetHints":{"allow":["GET"]}}],"collection":[{"href":"https:\/\/ieslamadraza.com\/wp\/wp-json\/wp\/v2\/posts"}],"about":[{"href":"https:\/\/ieslamadraza.com\/wp\/wp-json\/wp\/v2\/types\/post"}],"author":[{"embeddable":true,"href":"https:\/\/ieslamadraza.com\/wp\/wp-json\/wp\/v2\/users\/3"}],"replies":[{"embeddable":true,"href":"https:\/\/ieslamadraza.com\/wp\/wp-json\/wp\/v2\/comments?post=20418"}],"version-history":[{"count":0,"href":"https:\/\/ieslamadraza.com\/wp\/wp-json\/wp\/v2\/posts\/20418\/revisions"}],"wp:featuredmedia":[{"embeddable":true,"href":"https:\/\/ieslamadraza.com\/wp\/wp-json\/wp\/v2\/media\/20422"}],"wp:attachment":[{"href":"https:\/\/ieslamadraza.com\/wp\/wp-json\/wp\/v2\/media?parent=20418"}],"wp:term":[{"taxonomy":"category","embeddable":true,"href":"https:\/\/ieslamadraza.com\/wp\/wp-json\/wp\/v2\/categories?post=20418"},{"taxonomy":"post_tag","embeddable":true,"href":"https:\/\/ieslamadraza.com\/wp\/wp-json\/wp\/v2\/tags?post=20418"}],"curies":[{"name":"wp","href":"https:\/\/api.w.org\/{rel}","templated":true}]}}