{"id":20348,"date":"2023-11-25T18:34:04","date_gmt":"2023-11-25T17:34:04","guid":{"rendered":"https:\/\/ieslamadraza.com\/wp\/?p=20348"},"modified":"2023-12-02T16:59:22","modified_gmt":"2023-12-02T15:59:22","slug":"conmemoracion-del-25n","status":"publish","type":"post","link":"https:\/\/ieslamadraza.com\/wp\/conmemoracion-del-25n\/","title":{"rendered":"Conmemoraci\u00f3n del 25N"},"content":{"rendered":"<p>A lo largo de la semana del 25 de noviembre los pasillos del Instituto se fueron llenando, sorprendentemente, de siluetas de gatos y ratones. Hasta el mismo 25N no se desvel\u00f3 el significado de estos s\u00edmbolos que eran una alusi\u00f3n al cuento de \u00abLa gatita presumida\u00bb en el que la protagonista es devorada por su esposo, el gato.<\/p>\n<p><img decoding=\"async\" class=\"aligncenter wp-image-20356 lazyload\" data-src=\"https:\/\/ieslamadraza.com\/wp\/wp-content\/img\/2023\/12\/IMG_20231123_124438-1024x771.jpg\" alt=\"\" width=\"600\" height=\"452\" data-srcset=\"https:\/\/ieslamadraza.com\/wp\/wp-content\/img\/2023\/12\/IMG_20231123_124438-1024x771.jpg 1024w, https:\/\/ieslamadraza.com\/wp\/wp-content\/img\/2023\/12\/IMG_20231123_124438-300x226.jpg 300w, https:\/\/ieslamadraza.com\/wp\/wp-content\/img\/2023\/12\/IMG_20231123_124438-768x578.jpg 768w, https:\/\/ieslamadraza.com\/wp\/wp-content\/img\/2023\/12\/IMG_20231123_124438-1536x1157.jpg 1536w, https:\/\/ieslamadraza.com\/wp\/wp-content\/img\/2023\/12\/IMG_20231123_124438-2048x1542.jpg 2048w, https:\/\/ieslamadraza.com\/wp\/wp-content\/img\/2023\/12\/IMG_20231123_124438-1080x813.jpg 1080w\" data-sizes=\"(max-width: 600px) 100vw, 600px\" src=\"data:image\/svg+xml;base64,PHN2ZyB3aWR0aD0iMSIgaGVpZ2h0PSIxIiB4bWxucz0iaHR0cDovL3d3dy53My5vcmcvMjAwMC9zdmciPjwvc3ZnPg==\" style=\"--smush-placeholder-width: 600px; --smush-placeholder-aspect-ratio: 600\/452;\" \/><\/p>\n<p>Adem\u00e1s de las siluetas de estos animales, aparecieron en los pasillos una mochilas, muy grandes y muy pesadas, con la frase \u00ab\u00bfQui\u00e9n carga con esto?\u00bb. Tambi\u00e9n este misterio se desvel\u00f3 en la jornada del 25N: las mochilas representan la carga que soportan las mujeres maltratadas, una carga insoportable que nos interpela: y yo, \u00bfqu\u00e9 puedo hacer?<\/p>\n<p><img decoding=\"async\" class=\"wp-image-20288 alignleft lazyload\" data-src=\"https:\/\/ieslamadraza.com\/wp\/wp-content\/img\/2023\/11\/2023_11_25-Cartel-25N-por-Pablo-Romero-805x1024.jpg\" alt=\"\" width=\"196\" height=\"249\" src=\"data:image\/svg+xml;base64,PHN2ZyB3aWR0aD0iMSIgaGVpZ2h0PSIxIiB4bWxucz0iaHR0cDovL3d3dy53My5vcmcvMjAwMC9zdmciPjwvc3ZnPg==\" style=\"--smush-placeholder-width: 196px; --smush-placeholder-aspect-ratio: 196\/249;\" \/><\/p>\n<p style=\"text-align: left;\"><img decoding=\"async\" class=\"wp-image-20355 alignleft lazyload\" data-src=\"https:\/\/ieslamadraza.com\/wp\/wp-content\/img\/2023\/12\/IMG_20231120_131805-1024x771.jpg\" alt=\"\" width=\"327\" height=\"246\" data-srcset=\"https:\/\/ieslamadraza.com\/wp\/wp-content\/img\/2023\/12\/IMG_20231120_131805-1024x771.jpg 1024w, https:\/\/ieslamadraza.com\/wp\/wp-content\/img\/2023\/12\/IMG_20231120_131805-300x226.jpg 300w, https:\/\/ieslamadraza.com\/wp\/wp-content\/img\/2023\/12\/IMG_20231120_131805-768x578.jpg 768w, https:\/\/ieslamadraza.com\/wp\/wp-content\/img\/2023\/12\/IMG_20231120_131805-1536x1157.jpg 1536w, https:\/\/ieslamadraza.com\/wp\/wp-content\/img\/2023\/12\/IMG_20231120_131805-2048x1542.jpg 2048w, https:\/\/ieslamadraza.com\/wp\/wp-content\/img\/2023\/12\/IMG_20231120_131805-1080x813.jpg 1080w\" data-sizes=\"(max-width: 327px) 100vw, 327px\" src=\"data:image\/svg+xml;base64,PHN2ZyB3aWR0aD0iMSIgaGVpZ2h0PSIxIiB4bWxucz0iaHR0cDovL3d3dy53My5vcmcvMjAwMC9zdmciPjwvc3ZnPg==\" style=\"--smush-placeholder-width: 327px; --smush-placeholder-aspect-ratio: 327\/246;\" \/><\/p>\n<p>&nbsp;<\/p>\n<p>&nbsp;<\/p>\n<p>&nbsp;<\/p>\n<p>&nbsp;<\/p>\n<p>&nbsp;<\/p>\n<p>&nbsp;<\/p>\n<p>Los pasillos mostraron tambi\u00e9n preciosos carteles, realizados por el alumnado de Pl\u00e1stica con Mercedes Gonz\u00e1lez y Pablo Romero. El profesorado acudi\u00f3 a clase con un dorsal personalizado con el n\u00famero 52, en referencia al n\u00famero de mujeres asesinadas por violencia de g\u00e9nero durante el \u00faltimo a\u00f1o.<\/p>\n<p><img decoding=\"async\" class=\"aligncenter wp-image-20354 lazyload\" data-src=\"https:\/\/ieslamadraza.com\/wp\/wp-content\/img\/2023\/12\/1701191648368-1024x768.jpg\" alt=\"\" width=\"600\" height=\"450\" data-srcset=\"https:\/\/ieslamadraza.com\/wp\/wp-content\/img\/2023\/12\/1701191648368-1024x768.jpg 1024w, https:\/\/ieslamadraza.com\/wp\/wp-content\/img\/2023\/12\/1701191648368-300x225.jpg 300w, https:\/\/ieslamadraza.com\/wp\/wp-content\/img\/2023\/12\/1701191648368-768x576.jpg 768w, https:\/\/ieslamadraza.com\/wp\/wp-content\/img\/2023\/12\/1701191648368-1536x1152.jpg 1536w, https:\/\/ieslamadraza.com\/wp\/wp-content\/img\/2023\/12\/1701191648368-1080x810.jpg 1080w, https:\/\/ieslamadraza.com\/wp\/wp-content\/img\/2023\/12\/1701191648368.jpg 1600w\" data-sizes=\"(max-width: 600px) 100vw, 600px\" src=\"data:image\/svg+xml;base64,PHN2ZyB3aWR0aD0iMSIgaGVpZ2h0PSIxIiB4bWxucz0iaHR0cDovL3d3dy53My5vcmcvMjAwMC9zdmciPjwvc3ZnPg==\" style=\"--smush-placeholder-width: 600px; --smush-placeholder-aspect-ratio: 600\/450;\" \/><\/p>\n<p><img decoding=\"async\" class=\"aligncenter wp-image-20359 lazyload\" data-src=\"https:\/\/ieslamadraza.com\/wp\/wp-content\/img\/2023\/12\/1701191648284-1024x768.jpg\" alt=\"\" width=\"600\" height=\"450\" data-srcset=\"https:\/\/ieslamadraza.com\/wp\/wp-content\/img\/2023\/12\/1701191648284-1024x768.jpg 1024w, https:\/\/ieslamadraza.com\/wp\/wp-content\/img\/2023\/12\/1701191648284-300x225.jpg 300w, https:\/\/ieslamadraza.com\/wp\/wp-content\/img\/2023\/12\/1701191648284-768x576.jpg 768w, https:\/\/ieslamadraza.com\/wp\/wp-content\/img\/2023\/12\/1701191648284-1536x1152.jpg 1536w, https:\/\/ieslamadraza.com\/wp\/wp-content\/img\/2023\/12\/1701191648284-1080x810.jpg 1080w, https:\/\/ieslamadraza.com\/wp\/wp-content\/img\/2023\/12\/1701191648284.jpg 1600w\" data-sizes=\"(max-width: 600px) 100vw, 600px\" src=\"data:image\/svg+xml;base64,PHN2ZyB3aWR0aD0iMSIgaGVpZ2h0PSIxIiB4bWxucz0iaHR0cDovL3d3dy53My5vcmcvMjAwMC9zdmciPjwvc3ZnPg==\" style=\"--smush-placeholder-width: 600px; --smush-placeholder-aspect-ratio: 600\/450;\" \/><\/p>\n<p>El viernes 24 el alumnado de 1\u00ba Bachillerato asisti\u00f3 a la representaci\u00f3n teatral \u00abCegadas de am@r, en el Teatro Jos\u00e9 Tamayo de La Chana, con sus profesoras Elena Garc\u00eda, Aurora Rosas y Carmelina Camacho. Por otra parte, todas las clases de la ESO recibieron la visita de grupos de alumnado, madres y docentes que dinamizaron una reflexi\u00f3n sobre la violencia de g\u00e9nero utilizando los s\u00edmbolos antes mencionados: gatos, ratones, \u00a0mochilas y dorsales. Se instal\u00f3 una gran pancarta con el lema \u00abHay que salir de la ratonera\u00bb y en las aulas se reflexion\u00f3 sobre el significado de esta frase y se plantearon otros lemas posibles cambiando el verbo \u00absalir\u00bb. Quiz\u00e1s sea posible evitar m\u00e1s muertes si no dejamos solas a las mujeres que a\u00f1o tras a\u00f1o sufren este tipo de violencia.<\/p>\n<p><img decoding=\"async\" class=\"aligncenter wp-image-20358 lazyload\" data-src=\"https:\/\/ieslamadraza.com\/wp\/wp-content\/img\/2023\/12\/IMG_20231124_115947-1024x771.jpg\" alt=\"\" width=\"600\" height=\"452\" data-srcset=\"https:\/\/ieslamadraza.com\/wp\/wp-content\/img\/2023\/12\/IMG_20231124_115947-1024x771.jpg 1024w, https:\/\/ieslamadraza.com\/wp\/wp-content\/img\/2023\/12\/IMG_20231124_115947-300x226.jpg 300w, https:\/\/ieslamadraza.com\/wp\/wp-content\/img\/2023\/12\/IMG_20231124_115947-768x578.jpg 768w, https:\/\/ieslamadraza.com\/wp\/wp-content\/img\/2023\/12\/IMG_20231124_115947-1536x1157.jpg 1536w, https:\/\/ieslamadraza.com\/wp\/wp-content\/img\/2023\/12\/IMG_20231124_115947-2048x1542.jpg 2048w, https:\/\/ieslamadraza.com\/wp\/wp-content\/img\/2023\/12\/IMG_20231124_115947-1080x813.jpg 1080w\" data-sizes=\"(max-width: 600px) 100vw, 600px\" src=\"data:image\/svg+xml;base64,PHN2ZyB3aWR0aD0iMSIgaGVpZ2h0PSIxIiB4bWxucz0iaHR0cDovL3d3dy53My5vcmcvMjAwMC9zdmciPjwvc3ZnPg==\" style=\"--smush-placeholder-width: 600px; --smush-placeholder-aspect-ratio: 600\/452;\" \/><\/p>\n<p><img decoding=\"async\" class=\"aligncenter wp-image-20353 lazyload\" data-src=\"https:\/\/ieslamadraza.com\/wp\/wp-content\/img\/2023\/12\/1701191648312-1024x768.jpg\" alt=\"\" width=\"601\" height=\"451\" data-srcset=\"https:\/\/ieslamadraza.com\/wp\/wp-content\/img\/2023\/12\/1701191648312-1024x768.jpg 1024w, https:\/\/ieslamadraza.com\/wp\/wp-content\/img\/2023\/12\/1701191648312-300x225.jpg 300w, https:\/\/ieslamadraza.com\/wp\/wp-content\/img\/2023\/12\/1701191648312-768x576.jpg 768w, https:\/\/ieslamadraza.com\/wp\/wp-content\/img\/2023\/12\/1701191648312-1536x1152.jpg 1536w, https:\/\/ieslamadraza.com\/wp\/wp-content\/img\/2023\/12\/1701191648312-1080x810.jpg 1080w, https:\/\/ieslamadraza.com\/wp\/wp-content\/img\/2023\/12\/1701191648312.jpg 1600w\" data-sizes=\"(max-width: 601px) 100vw, 601px\" src=\"data:image\/svg+xml;base64,PHN2ZyB3aWR0aD0iMSIgaGVpZ2h0PSIxIiB4bWxucz0iaHR0cDovL3d3dy53My5vcmcvMjAwMC9zdmciPjwvc3ZnPg==\" style=\"--smush-placeholder-width: 601px; --smush-placeholder-aspect-ratio: 601\/451;\" \/><\/p>\n<p><img decoding=\"async\" class=\"aligncenter wp-image-20352 lazyload\" data-src=\"https:\/\/ieslamadraza.com\/wp\/wp-content\/img\/2023\/12\/1701191648298-1024x768.jpg\" alt=\"\" width=\"600\" height=\"450\" data-srcset=\"https:\/\/ieslamadraza.com\/wp\/wp-content\/img\/2023\/12\/1701191648298-1024x768.jpg 1024w, https:\/\/ieslamadraza.com\/wp\/wp-content\/img\/2023\/12\/1701191648298-300x225.jpg 300w, https:\/\/ieslamadraza.com\/wp\/wp-content\/img\/2023\/12\/1701191648298-768x576.jpg 768w, https:\/\/ieslamadraza.com\/wp\/wp-content\/img\/2023\/12\/1701191648298-1536x1152.jpg 1536w, https:\/\/ieslamadraza.com\/wp\/wp-content\/img\/2023\/12\/1701191648298-1080x810.jpg 1080w, https:\/\/ieslamadraza.com\/wp\/wp-content\/img\/2023\/12\/1701191648298.jpg 1600w\" data-sizes=\"(max-width: 600px) 100vw, 600px\" src=\"data:image\/svg+xml;base64,PHN2ZyB3aWR0aD0iMSIgaGVpZ2h0PSIxIiB4bWxucz0iaHR0cDovL3d3dy53My5vcmcvMjAwMC9zdmciPjwvc3ZnPg==\" style=\"--smush-placeholder-width: 600px; --smush-placeholder-aspect-ratio: 600\/450;\" \/><\/p>\n<p>Agradecemos a la profesora Cristina Mart\u00ednez su trabajo de coordinaci\u00f3n de todas estas actividades; tambi\u00e9n a todo el equipo amplio de docentes, alumnado y madres que colaboraron en esta jornada. Por \u00faltimo, recomendamos escuchar el <a href=\"https:\/\/ieslamadraza.com\/wp\/programa-de-radio-204\/\">programa de radio<\/a> dedicado a esta conmemoraci\u00f3n.<\/p>\n<p><img decoding=\"async\" class=\"aligncenter wp-image-20326 lazyload\" data-src=\"https:\/\/ieslamadraza.com\/wp\/wp-content\/img\/2023\/11\/WhatsApp-Image-2023-11-30-at-19.00.16-1024x768.jpeg\" alt=\"\" width=\"601\" height=\"451\" data-srcset=\"https:\/\/ieslamadraza.com\/wp\/wp-content\/img\/2023\/11\/WhatsApp-Image-2023-11-30-at-19.00.16-1024x768.jpeg 1024w, https:\/\/ieslamadraza.com\/wp\/wp-content\/img\/2023\/11\/WhatsApp-Image-2023-11-30-at-19.00.16-300x225.jpeg 300w, https:\/\/ieslamadraza.com\/wp\/wp-content\/img\/2023\/11\/WhatsApp-Image-2023-11-30-at-19.00.16-768x576.jpeg 768w, https:\/\/ieslamadraza.com\/wp\/wp-content\/img\/2023\/11\/WhatsApp-Image-2023-11-30-at-19.00.16-1536x1152.jpeg 1536w, https:\/\/ieslamadraza.com\/wp\/wp-content\/img\/2023\/11\/WhatsApp-Image-2023-11-30-at-19.00.16-1080x810.jpeg 1080w, https:\/\/ieslamadraza.com\/wp\/wp-content\/img\/2023\/11\/WhatsApp-Image-2023-11-30-at-19.00.16.jpeg 2048w\" data-sizes=\"(max-width: 601px) 100vw, 601px\" src=\"data:image\/svg+xml;base64,PHN2ZyB3aWR0aD0iMSIgaGVpZ2h0PSIxIiB4bWxucz0iaHR0cDovL3d3dy53My5vcmcvMjAwMC9zdmciPjwvc3ZnPg==\" style=\"--smush-placeholder-width: 601px; --smush-placeholder-aspect-ratio: 601\/451;\" \/><\/p>\n","protected":false},"excerpt":{"rendered":"<p>A lo largo de la semana del 25 de noviembre los pasillos del Instituto se fueron llenando, sorprendentemente, de siluetas de gatos y ratones. Hasta el mismo 25N no se desvel\u00f3 el significado de estos s\u00edmbolos que eran una alusi\u00f3n al cuento de \u00abLa gatita presumida\u00bb en el que la protagonista es devorada por su [&hellip;]<\/p>\n","protected":false},"author":3,"featured_media":20356,"comment_status":"open","ping_status":"closed","sticky":false,"template":"","format":"standard","meta":{"_et_pb_use_builder":"","_et_pb_old_content":"","_et_gb_content_width":"","_monsterinsights_skip_tracking":false,"_monsterinsights_sitenote_active":false,"_monsterinsights_sitenote_note":"","_monsterinsights_sitenote_category":0,"footnotes":""},"categories":[1],"tags":[],"class_list":["post-20348","post","type-post","status-publish","format-standard","has-post-thumbnail","hentry","category-sin-categoria","et-has-post-format-content","et_post_format-et-post-format-standard"],"yoast_head":"<!-- This site is optimized with the Yoast SEO plugin v27.5 - https:\/\/yoast.com\/product\/yoast-seo-wordpress\/ -->\n<title>Conmemoraci\u00f3n del 25N - IES LA MADRAZA<\/title>\n<meta name=\"description\" content=\"IES La Madraza\" \/>\n<meta name=\"robots\" content=\"index, follow, max-snippet:-1, max-image-preview:large, max-video-preview:-1\" \/>\n<link rel=\"canonical\" href=\"https:\/\/ieslamadraza.com\/wp\/conmemoracion-del-25n\/\" \/>\n<meta property=\"og:locale\" content=\"es_ES\" \/>\n<meta property=\"og:type\" content=\"article\" \/>\n<meta property=\"og:title\" content=\"Conmemoraci\u00f3n del 25N - IES LA MADRAZA\" \/>\n<meta property=\"og:description\" content=\"IES La Madraza\" \/>\n<meta property=\"og:url\" content=\"https:\/\/ieslamadraza.com\/wp\/conmemoracion-del-25n\/\" \/>\n<meta property=\"og:site_name\" content=\"IES LA MADRAZA\" \/>\n<meta property=\"article:publisher\" content=\"https:\/\/www.facebook.com\/ieslamadraza\/\" \/>\n<meta property=\"article:published_time\" content=\"2023-11-25T17:34:04+00:00\" \/>\n<meta property=\"article:modified_time\" content=\"2023-12-02T15:59:22+00:00\" \/>\n<meta property=\"og:image\" content=\"https:\/\/ieslamadraza.com\/wp\/wp-content\/img\/2023\/12\/IMG_20231123_124438-scaled.jpg\" \/>\n\t<meta property=\"og:image:width\" content=\"2560\" \/>\n\t<meta property=\"og:image:height\" content=\"1928\" \/>\n\t<meta property=\"og:image:type\" content=\"image\/jpeg\" \/>\n<meta name=\"author\" content=\"Pablo Acosta Robles\" \/>\n<meta name=\"twitter:card\" content=\"summary_large_image\" \/>\n<meta name=\"twitter:creator\" content=\"@MadrazaLa\" \/>\n<meta name=\"twitter:site\" content=\"@MadrazaLa\" \/>\n<meta name=\"twitter:label1\" content=\"Escrito por\" \/>\n\t<meta name=\"twitter:data1\" content=\"Pablo Acosta Robles\" \/>\n\t<meta name=\"twitter:label2\" content=\"Tiempo de lectura\" \/>\n\t<meta name=\"twitter:data2\" content=\"2 minutos\" \/>\n<script type=\"application\/ld+json\" class=\"yoast-schema-graph\">{\"@context\":\"https:\\\/\\\/schema.org\",\"@graph\":[{\"@type\":\"Article\",\"@id\":\"https:\\\/\\\/ieslamadraza.com\\\/wp\\\/conmemoracion-del-25n\\\/#article\",\"isPartOf\":{\"@id\":\"https:\\\/\\\/ieslamadraza.com\\\/wp\\\/conmemoracion-del-25n\\\/\"},\"author\":{\"name\":\"Pablo Acosta Robles\",\"@id\":\"https:\\\/\\\/ieslamadraza.com\\\/wp\\\/#\\\/schema\\\/person\\\/d18d75ada99363ede30eade0c7b383d0\"},\"headline\":\"Conmemoraci\u00f3n del 25N\",\"datePublished\":\"2023-11-25T17:34:04+00:00\",\"dateModified\":\"2023-12-02T15:59:22+00:00\",\"mainEntityOfPage\":{\"@id\":\"https:\\\/\\\/ieslamadraza.com\\\/wp\\\/conmemoracion-del-25n\\\/\"},\"wordCount\":364,\"commentCount\":0,\"publisher\":{\"@id\":\"https:\\\/\\\/ieslamadraza.com\\\/wp\\\/#organization\"},\"image\":{\"@id\":\"https:\\\/\\\/ieslamadraza.com\\\/wp\\\/conmemoracion-del-25n\\\/#primaryimage\"},\"thumbnailUrl\":\"https:\\\/\\\/ieslamadraza.com\\\/wp\\\/wp-content\\\/img\\\/2023\\\/12\\\/IMG_20231123_124438-scaled.jpg\",\"inLanguage\":\"es\",\"potentialAction\":[{\"@type\":\"CommentAction\",\"name\":\"Comment\",\"target\":[\"https:\\\/\\\/ieslamadraza.com\\\/wp\\\/conmemoracion-del-25n\\\/#respond\"]}]},{\"@type\":\"WebPage\",\"@id\":\"https:\\\/\\\/ieslamadraza.com\\\/wp\\\/conmemoracion-del-25n\\\/\",\"url\":\"https:\\\/\\\/ieslamadraza.com\\\/wp\\\/conmemoracion-del-25n\\\/\",\"name\":\"Conmemoraci\u00f3n del 25N - IES LA MADRAZA\",\"isPartOf\":{\"@id\":\"https:\\\/\\\/ieslamadraza.com\\\/wp\\\/#website\"},\"primaryImageOfPage\":{\"@id\":\"https:\\\/\\\/ieslamadraza.com\\\/wp\\\/conmemoracion-del-25n\\\/#primaryimage\"},\"image\":{\"@id\":\"https:\\\/\\\/ieslamadraza.com\\\/wp\\\/conmemoracion-del-25n\\\/#primaryimage\"},\"thumbnailUrl\":\"https:\\\/\\\/ieslamadraza.com\\\/wp\\\/wp-content\\\/img\\\/2023\\\/12\\\/IMG_20231123_124438-scaled.jpg\",\"datePublished\":\"2023-11-25T17:34:04+00:00\",\"dateModified\":\"2023-12-02T15:59:22+00:00\",\"description\":\"IES La Madraza\",\"breadcrumb\":{\"@id\":\"https:\\\/\\\/ieslamadraza.com\\\/wp\\\/conmemoracion-del-25n\\\/#breadcrumb\"},\"inLanguage\":\"es\",\"potentialAction\":[{\"@type\":\"ReadAction\",\"target\":[\"https:\\\/\\\/ieslamadraza.com\\\/wp\\\/conmemoracion-del-25n\\\/\"]}]},{\"@type\":\"ImageObject\",\"inLanguage\":\"es\",\"@id\":\"https:\\\/\\\/ieslamadraza.com\\\/wp\\\/conmemoracion-del-25n\\\/#primaryimage\",\"url\":\"https:\\\/\\\/ieslamadraza.com\\\/wp\\\/wp-content\\\/img\\\/2023\\\/12\\\/IMG_20231123_124438-scaled.jpg\",\"contentUrl\":\"https:\\\/\\\/ieslamadraza.com\\\/wp\\\/wp-content\\\/img\\\/2023\\\/12\\\/IMG_20231123_124438-scaled.jpg\",\"width\":2560,\"height\":1928},{\"@type\":\"BreadcrumbList\",\"@id\":\"https:\\\/\\\/ieslamadraza.com\\\/wp\\\/conmemoracion-del-25n\\\/#breadcrumb\",\"itemListElement\":[{\"@type\":\"ListItem\",\"position\":1,\"name\":\"Portada\",\"item\":\"https:\\\/\\\/ieslamadraza.com\\\/wp\\\/\"},{\"@type\":\"ListItem\",\"position\":2,\"name\":\"Conmemoraci\u00f3n del 25N\"}]},{\"@type\":\"WebSite\",\"@id\":\"https:\\\/\\\/ieslamadraza.com\\\/wp\\\/#website\",\"url\":\"https:\\\/\\\/ieslamadraza.com\\\/wp\\\/\",\"name\":\"IES LA MADRAZA\",\"description\":\"Instituto de Ense\u00f1anza Secundaria de Granada (Espa\u00f1a)\",\"publisher\":{\"@id\":\"https:\\\/\\\/ieslamadraza.com\\\/wp\\\/#organization\"},\"alternateName\":\"Inicio - IES LA MADRAZA\",\"potentialAction\":[{\"@type\":\"SearchAction\",\"target\":{\"@type\":\"EntryPoint\",\"urlTemplate\":\"https:\\\/\\\/ieslamadraza.com\\\/wp\\\/?s={search_term_string}\"},\"query-input\":{\"@type\":\"PropertyValueSpecification\",\"valueRequired\":true,\"valueName\":\"search_term_string\"}}],\"inLanguage\":\"es\"},{\"@type\":\"Organization\",\"@id\":\"https:\\\/\\\/ieslamadraza.com\\\/wp\\\/#organization\",\"name\":\"IES La Madraza -Instituto de Ense\u00f1anza Secundaria - Granada\",\"alternateName\":\"IES La Madraza -Instituto de Ense\u00f1anza Secundaria - Granada\",\"url\":\"https:\\\/\\\/ieslamadraza.com\\\/wp\\\/\",\"logo\":{\"@type\":\"ImageObject\",\"inLanguage\":\"es\",\"@id\":\"https:\\\/\\\/ieslamadraza.com\\\/wp\\\/#\\\/schema\\\/logo\\\/image\\\/\",\"url\":\"https:\\\/\\\/ieslamadraza.com\\\/wp\\\/wp-content\\\/img\\\/2025\\\/10\\\/logo.jpeg\",\"contentUrl\":\"https:\\\/\\\/ieslamadraza.com\\\/wp\\\/wp-content\\\/img\\\/2025\\\/10\\\/logo.jpeg\",\"width\":225,\"height\":225,\"caption\":\"IES La Madraza -Instituto de Ense\u00f1anza Secundaria - Granada\"},\"image\":{\"@id\":\"https:\\\/\\\/ieslamadraza.com\\\/wp\\\/#\\\/schema\\\/logo\\\/image\\\/\"},\"sameAs\":[\"https:\\\/\\\/www.facebook.com\\\/ieslamadraza\\\/\",\"https:\\\/\\\/x.com\\\/MadrazaLa\",\"https:\\\/\\\/www.instagram.com\\\/institutolamadraza\\\/\"]},{\"@type\":\"Person\",\"@id\":\"https:\\\/\\\/ieslamadraza.com\\\/wp\\\/#\\\/schema\\\/person\\\/d18d75ada99363ede30eade0c7b383d0\",\"name\":\"Pablo Acosta Robles\",\"image\":{\"@type\":\"ImageObject\",\"inLanguage\":\"es\",\"@id\":\"https:\\\/\\\/secure.gravatar.com\\\/avatar\\\/de366d44c0d2f7406ad434f0c9650ee7d0d2a7258b6f1a511aa8345445bb21b5?s=96&d=mm&r=g\",\"url\":\"https:\\\/\\\/secure.gravatar.com\\\/avatar\\\/de366d44c0d2f7406ad434f0c9650ee7d0d2a7258b6f1a511aa8345445bb21b5?s=96&d=mm&r=g\",\"contentUrl\":\"https:\\\/\\\/secure.gravatar.com\\\/avatar\\\/de366d44c0d2f7406ad434f0c9650ee7d0d2a7258b6f1a511aa8345445bb21b5?s=96&d=mm&r=g\",\"caption\":\"Pablo Acosta Robles\"},\"url\":\"https:\\\/\\\/ieslamadraza.com\\\/wp\\\/author\\\/pablo\\\/\"}]}<\/script>\n<!-- \/ Yoast SEO plugin. -->","yoast_head_json":{"title":"Conmemoraci\u00f3n del 25N - IES LA MADRAZA","description":"IES La Madraza","robots":{"index":"index","follow":"follow","max-snippet":"max-snippet:-1","max-image-preview":"max-image-preview:large","max-video-preview":"max-video-preview:-1"},"canonical":"https:\/\/ieslamadraza.com\/wp\/conmemoracion-del-25n\/","og_locale":"es_ES","og_type":"article","og_title":"Conmemoraci\u00f3n del 25N - IES LA MADRAZA","og_description":"IES La Madraza","og_url":"https:\/\/ieslamadraza.com\/wp\/conmemoracion-del-25n\/","og_site_name":"IES LA MADRAZA","article_publisher":"https:\/\/www.facebook.com\/ieslamadraza\/","article_published_time":"2023-11-25T17:34:04+00:00","article_modified_time":"2023-12-02T15:59:22+00:00","og_image":[{"width":2560,"height":1928,"url":"https:\/\/ieslamadraza.com\/wp\/wp-content\/img\/2023\/12\/IMG_20231123_124438-scaled.jpg","type":"image\/jpeg"}],"author":"Pablo Acosta Robles","twitter_card":"summary_large_image","twitter_creator":"@MadrazaLa","twitter_site":"@MadrazaLa","twitter_misc":{"Escrito por":"Pablo Acosta Robles","Tiempo de lectura":"2 minutos"},"schema":{"@context":"https:\/\/schema.org","@graph":[{"@type":"Article","@id":"https:\/\/ieslamadraza.com\/wp\/conmemoracion-del-25n\/#article","isPartOf":{"@id":"https:\/\/ieslamadraza.com\/wp\/conmemoracion-del-25n\/"},"author":{"name":"Pablo Acosta Robles","@id":"https:\/\/ieslamadraza.com\/wp\/#\/schema\/person\/d18d75ada99363ede30eade0c7b383d0"},"headline":"Conmemoraci\u00f3n del 25N","datePublished":"2023-11-25T17:34:04+00:00","dateModified":"2023-12-02T15:59:22+00:00","mainEntityOfPage":{"@id":"https:\/\/ieslamadraza.com\/wp\/conmemoracion-del-25n\/"},"wordCount":364,"commentCount":0,"publisher":{"@id":"https:\/\/ieslamadraza.com\/wp\/#organization"},"image":{"@id":"https:\/\/ieslamadraza.com\/wp\/conmemoracion-del-25n\/#primaryimage"},"thumbnailUrl":"https:\/\/ieslamadraza.com\/wp\/wp-content\/img\/2023\/12\/IMG_20231123_124438-scaled.jpg","inLanguage":"es","potentialAction":[{"@type":"CommentAction","name":"Comment","target":["https:\/\/ieslamadraza.com\/wp\/conmemoracion-del-25n\/#respond"]}]},{"@type":"WebPage","@id":"https:\/\/ieslamadraza.com\/wp\/conmemoracion-del-25n\/","url":"https:\/\/ieslamadraza.com\/wp\/conmemoracion-del-25n\/","name":"Conmemoraci\u00f3n del 25N - IES LA MADRAZA","isPartOf":{"@id":"https:\/\/ieslamadraza.com\/wp\/#website"},"primaryImageOfPage":{"@id":"https:\/\/ieslamadraza.com\/wp\/conmemoracion-del-25n\/#primaryimage"},"image":{"@id":"https:\/\/ieslamadraza.com\/wp\/conmemoracion-del-25n\/#primaryimage"},"thumbnailUrl":"https:\/\/ieslamadraza.com\/wp\/wp-content\/img\/2023\/12\/IMG_20231123_124438-scaled.jpg","datePublished":"2023-11-25T17:34:04+00:00","dateModified":"2023-12-02T15:59:22+00:00","description":"IES La Madraza","breadcrumb":{"@id":"https:\/\/ieslamadraza.com\/wp\/conmemoracion-del-25n\/#breadcrumb"},"inLanguage":"es","potentialAction":[{"@type":"ReadAction","target":["https:\/\/ieslamadraza.com\/wp\/conmemoracion-del-25n\/"]}]},{"@type":"ImageObject","inLanguage":"es","@id":"https:\/\/ieslamadraza.com\/wp\/conmemoracion-del-25n\/#primaryimage","url":"https:\/\/ieslamadraza.com\/wp\/wp-content\/img\/2023\/12\/IMG_20231123_124438-scaled.jpg","contentUrl":"https:\/\/ieslamadraza.com\/wp\/wp-content\/img\/2023\/12\/IMG_20231123_124438-scaled.jpg","width":2560,"height":1928},{"@type":"BreadcrumbList","@id":"https:\/\/ieslamadraza.com\/wp\/conmemoracion-del-25n\/#breadcrumb","itemListElement":[{"@type":"ListItem","position":1,"name":"Portada","item":"https:\/\/ieslamadraza.com\/wp\/"},{"@type":"ListItem","position":2,"name":"Conmemoraci\u00f3n del 25N"}]},{"@type":"WebSite","@id":"https:\/\/ieslamadraza.com\/wp\/#website","url":"https:\/\/ieslamadraza.com\/wp\/","name":"IES LA MADRAZA","description":"Instituto de Ense\u00f1anza Secundaria de Granada (Espa\u00f1a)","publisher":{"@id":"https:\/\/ieslamadraza.com\/wp\/#organization"},"alternateName":"Inicio - IES LA MADRAZA","potentialAction":[{"@type":"SearchAction","target":{"@type":"EntryPoint","urlTemplate":"https:\/\/ieslamadraza.com\/wp\/?s={search_term_string}"},"query-input":{"@type":"PropertyValueSpecification","valueRequired":true,"valueName":"search_term_string"}}],"inLanguage":"es"},{"@type":"Organization","@id":"https:\/\/ieslamadraza.com\/wp\/#organization","name":"IES La Madraza -Instituto de Ense\u00f1anza Secundaria - Granada","alternateName":"IES La Madraza -Instituto de Ense\u00f1anza Secundaria - Granada","url":"https:\/\/ieslamadraza.com\/wp\/","logo":{"@type":"ImageObject","inLanguage":"es","@id":"https:\/\/ieslamadraza.com\/wp\/#\/schema\/logo\/image\/","url":"https:\/\/ieslamadraza.com\/wp\/wp-content\/img\/2025\/10\/logo.jpeg","contentUrl":"https:\/\/ieslamadraza.com\/wp\/wp-content\/img\/2025\/10\/logo.jpeg","width":225,"height":225,"caption":"IES La Madraza -Instituto de Ense\u00f1anza Secundaria - Granada"},"image":{"@id":"https:\/\/ieslamadraza.com\/wp\/#\/schema\/logo\/image\/"},"sameAs":["https:\/\/www.facebook.com\/ieslamadraza\/","https:\/\/x.com\/MadrazaLa","https:\/\/www.instagram.com\/institutolamadraza\/"]},{"@type":"Person","@id":"https:\/\/ieslamadraza.com\/wp\/#\/schema\/person\/d18d75ada99363ede30eade0c7b383d0","name":"Pablo Acosta Robles","image":{"@type":"ImageObject","inLanguage":"es","@id":"https:\/\/secure.gravatar.com\/avatar\/de366d44c0d2f7406ad434f0c9650ee7d0d2a7258b6f1a511aa8345445bb21b5?s=96&d=mm&r=g","url":"https:\/\/secure.gravatar.com\/avatar\/de366d44c0d2f7406ad434f0c9650ee7d0d2a7258b6f1a511aa8345445bb21b5?s=96&d=mm&r=g","contentUrl":"https:\/\/secure.gravatar.com\/avatar\/de366d44c0d2f7406ad434f0c9650ee7d0d2a7258b6f1a511aa8345445bb21b5?s=96&d=mm&r=g","caption":"Pablo Acosta Robles"},"url":"https:\/\/ieslamadraza.com\/wp\/author\/pablo\/"}]}},"_links":{"self":[{"href":"https:\/\/ieslamadraza.com\/wp\/wp-json\/wp\/v2\/posts\/20348","targetHints":{"allow":["GET"]}}],"collection":[{"href":"https:\/\/ieslamadraza.com\/wp\/wp-json\/wp\/v2\/posts"}],"about":[{"href":"https:\/\/ieslamadraza.com\/wp\/wp-json\/wp\/v2\/types\/post"}],"author":[{"embeddable":true,"href":"https:\/\/ieslamadraza.com\/wp\/wp-json\/wp\/v2\/users\/3"}],"replies":[{"embeddable":true,"href":"https:\/\/ieslamadraza.com\/wp\/wp-json\/wp\/v2\/comments?post=20348"}],"version-history":[{"count":0,"href":"https:\/\/ieslamadraza.com\/wp\/wp-json\/wp\/v2\/posts\/20348\/revisions"}],"wp:featuredmedia":[{"embeddable":true,"href":"https:\/\/ieslamadraza.com\/wp\/wp-json\/wp\/v2\/media\/20356"}],"wp:attachment":[{"href":"https:\/\/ieslamadraza.com\/wp\/wp-json\/wp\/v2\/media?parent=20348"}],"wp:term":[{"taxonomy":"category","embeddable":true,"href":"https:\/\/ieslamadraza.com\/wp\/wp-json\/wp\/v2\/categories?post=20348"},{"taxonomy":"post_tag","embeddable":true,"href":"https:\/\/ieslamadraza.com\/wp\/wp-json\/wp\/v2\/tags?post=20348"}],"curies":[{"name":"wp","href":"https:\/\/api.w.org\/{rel}","templated":true}]}}