{"id":2008,"date":"2017-01-31T15:43:19","date_gmt":"2017-01-31T14:43:19","guid":{"rendered":"http:\/\/ieslamadraza.com\/wp\/comite-ambiental-20170131\/"},"modified":"2017-01-31T15:43:19","modified_gmt":"2017-01-31T14:43:19","slug":"comite-ambiental-20170131","status":"publish","type":"post","link":"https:\/\/ieslamadraza.com\/wp\/comite-ambiental-20170131\/","title":{"rendered":"Comit\u00e9 Ambiental (2017\/01\/31)"},"content":{"rendered":"<div style=\"text-align: justify;\">El 31 de noviembre se celebr\u00f3 una reuni\u00f3n del Comit\u00e9 Ambiental en la que se revisaron las <a href=\"images\/stories\/2017_01_23%20Aportaciones%20del%20alumnado%20sobre%20el%20agua.pdf\">aportaciones de las clases<\/a> con respecto al uso y consumo de agua en el Instituto. Se hizo una s\u00edntesis de las ideas que se incluir\u00e1n en el C\u00f3digo de Conducta y el Plan de Acci\u00f3n a elaborar en pr\u00f3ximas reuniones.<\/div>\n<div style=\"text-align: center;\"><\/div>\n<div style=\"text-align: justify;\"><\/div>\n<div style=\"text-align: justify;\">Parte de las propuestas recogidas se refieren a <strong><span style=\"text-decoration: underline;\">conductas y comportamientos<\/span><\/strong> que todos debemos respetar:&nbsp; <\/p>\n<div style=\"text-align: justify;\">\n<ul>\n<li>Usar bien los grifos y los pulsadores.<\/li>\n<li>Usar bien las cisternas.<\/li>\n<li>No tirar basura ni objetos al lavabo ni al v\u00e1ter.<\/li>\n<li>Evitar el uso innecesario del jab\u00f3n. Usar bien el jab\u00f3n y el papel.<\/li>\n<li>Cuidar las fuentes. No jugar con ellas, ni forzarlas ni introducir objetos en ellas.<\/li>\n<li>Mantener limpio el v\u00e1ter.<\/li>\n<li>Mantener limpios los lavabos y los servicios en general.<\/li>\n<li>No utilizar los servicios como lugar de reuni\u00f3n ni para comer.<\/li>\n<li>Llamar la atenci\u00f3n a compa\u00f1eros y compa\u00f1eras que no usen bien las instalaciones.<\/li>\n<li>Informar de las malas conductas la persona responsable.<\/li>\n<li>Infomar de goteos, desperfectos y aver\u00edas a la persona responsable.<\/li>\n<\/ul><\/div>\n<p>Los padres y madres presentes en la reuni\u00f3n asumieron la tarea de darle una forma atractiva a estas ideas (dec\u00e1logo, pareados o lo que estimen conveniente) y presentar un borrador de C\u00f3digo de Conducta en la siguiente reuni\u00f3n del Comit\u00e9.<\/p>\n<p>Otro conjunto de propuestas se refieren a <strong><span style=\"text-decoration: underline;\">actuaciones que hay que llevar a cabo en el Instituto<\/span><\/strong>:<\/p>\n<ul>\n<li>Regular bien la presi\u00f3n de grifos limitando la salida de agua a unos cinco segundos (si fuese posible colocar aireadores en los grifos y sensores para las manos; si no hay dinero para esto colocar bridas).<\/li>\n<li>Regular bien las cisternas (si es posible colocar doble pulsador y si no introducir botellas para gastar menos agua).<\/li>\n<li>Arreglar las fuentes y limitar el tiempo de salida de agua a unos cinco segundos. Colocar un pulsador en el suelo.<\/li>\n<li>Concienciaci\u00f3n mediente letreros en los servicios pidiendo que se usen bien y que se avise de los desperfectos. Tambi\u00e9n charlas y v\u00eddeos.<\/li>\n<li>Concienciaci\u00f3n sobre el uso del agua de las fuentes.<\/li>\n<li>Controlar el riego del jard\u00edn. Regar por la noche.<\/li>\n<li>Colocar papel y jab\u00f3n en los servicios.<\/li>\n<li>Prever la sanci\u00f3n para quien incumpla las normas.<\/li>\n<\/ul>\n<p>Para que estas ideas se conviertan en un verdadero plan de acci\u00f3n habr\u00e1 que precisar mejor cada una de las actuaciones: \u00bfqui\u00e9n?, \u00bfcu\u00e1ndo?, \u00bfc\u00f3mo?, etc. Intentaremos contestar a estas cuestiones en la pr\u00f3xima reuni\u00f3n del Comit\u00e9 Ambiental que tendr\u00e1 lugar el 21 de febrero. Se pidi\u00f3 a los asistentes que vayan pensando c\u00f3mo organizar el D\u00eda de la Ecoescuela que ya tiene fecha, el 28 de abril.<\/p>\n<\/p><\/div>\n<div style=\"text-align: justify;\"><\/div>\n<div style=\"text-align: justify;\">Asistieron a esta reuni\u00f3n los siguientes representantes del alumnado: Mois\u00e9s Mart\u00ednez y Mar\u00eda Remacho (1\u00baESO), Andrea Cervera y Antonio P\u00ed\u00f1ar (2\u00baESO), Juan Mar\u00eda L\u00f3pez P\u00e9rez (3\u00baESO), Marco Arellano (4\u00baESO) y \u00c1lvaro Figueroa (1\u00baBachillerato). Las familias estuvieron representadas por M\u00aa Carmen Arellano, Gabriela Rodr\u00edguez, Manuel Lucena y Emilio G\u00f3mez. Por parte del profesorado asistieron M\u00aa Dolores Corral, M\u00aa \u00c1ngeles Mar\u00edn, Rosario Servillera, Mar\u00eda Castillo, Ignacio Mendiguch\u00eda, Agust\u00edn Palomar, Francisco J. Garc\u00eda, Octavio Mart\u00ednez &nbsp;y Pablo Acosta.<\/div>\n","protected":false},"excerpt":{"rendered":"<div style=\"text-align: justify;\">El 31 de noviembre se celebr\u00f3 una reuni\u00f3n del Comit\u00e9 Ambiental en la que se revisaron las <a href=\"images\/stories\/2017_01_23%20Aportaciones%20del%20alumnado%20sobre%20el%20agua.pdf\">aportaciones de las clases<\/a> con respecto al uso y consumo de agua en el Instituto. Se hizo una s\u00edntesis de las ideas que se incluir\u00e1n en el C\u00f3digo de Conducta y el Plan de Acci\u00f3n a elaborar en pr\u00f3ximas reuniones.<\/div>\n<div style=\"text-align: center;\"><\/div>\n","protected":false},"author":3,"featured_media":0,"comment_status":"open","ping_status":"closed","sticky":false,"template":"","format":"standard","meta":{"_et_pb_use_builder":"","_et_pb_old_content":"","_et_gb_content_width":"","_monsterinsights_skip_tracking":false,"_monsterinsights_sitenote_active":false,"_monsterinsights_sitenote_note":"","_monsterinsights_sitenote_category":0,"footnotes":""},"categories":[78],"tags":[],"class_list":["post-2008","post","type-post","status-publish","format-standard","hentry","category-ecoescuela-ecoescuela","et-doesnt-have-format-content","et_post_format-et-post-format-standard"],"yoast_head":"<!-- This site is optimized with the Yoast SEO plugin v27.5 - https:\/\/yoast.com\/product\/yoast-seo-wordpress\/ -->\n<title>Comit\u00e9 Ambiental (2017\/01\/31) - IES LA MADRAZA<\/title>\n<meta name=\"description\" content=\"IES La Madraza\" \/>\n<meta name=\"robots\" content=\"index, follow, max-snippet:-1, max-image-preview:large, max-video-preview:-1\" \/>\n<link rel=\"canonical\" href=\"https:\/\/ieslamadraza.com\/wp\/comite-ambiental-20170131\/\" \/>\n<meta property=\"og:locale\" content=\"es_ES\" \/>\n<meta property=\"og:type\" content=\"article\" \/>\n<meta property=\"og:title\" content=\"Comit\u00e9 Ambiental (2017\/01\/31) - IES LA MADRAZA\" \/>\n<meta property=\"og:description\" content=\"IES La Madraza\" \/>\n<meta property=\"og:url\" content=\"https:\/\/ieslamadraza.com\/wp\/comite-ambiental-20170131\/\" \/>\n<meta property=\"og:site_name\" content=\"IES LA MADRAZA\" \/>\n<meta property=\"article:publisher\" content=\"https:\/\/www.facebook.com\/ieslamadraza\/\" \/>\n<meta property=\"article:published_time\" content=\"2017-01-31T14:43:19+00:00\" \/>\n<meta property=\"og:image\" content=\"https:\/\/ieslamadraza.com\/wp\/wp-content\/img\/2020\/09\/logopequeno-.png\" \/>\n\t<meta property=\"og:image:width\" content=\"150\" \/>\n\t<meta property=\"og:image:height\" content=\"150\" \/>\n\t<meta property=\"og:image:type\" content=\"image\/png\" \/>\n<meta name=\"author\" content=\"Pablo Acosta Robles\" \/>\n<meta name=\"twitter:card\" content=\"summary_large_image\" \/>\n<meta name=\"twitter:creator\" content=\"@MadrazaLa\" \/>\n<meta name=\"twitter:site\" content=\"@MadrazaLa\" \/>\n<meta name=\"twitter:label1\" content=\"Escrito por\" \/>\n\t<meta name=\"twitter:data1\" content=\"Pablo Acosta Robles\" \/>\n\t<meta name=\"twitter:label2\" content=\"Tiempo de lectura\" \/>\n\t<meta name=\"twitter:data2\" content=\"3 minutos\" \/>\n<script type=\"application\/ld+json\" class=\"yoast-schema-graph\">{\"@context\":\"https:\\\/\\\/schema.org\",\"@graph\":[{\"@type\":\"Article\",\"@id\":\"https:\\\/\\\/ieslamadraza.com\\\/wp\\\/comite-ambiental-20170131\\\/#article\",\"isPartOf\":{\"@id\":\"https:\\\/\\\/ieslamadraza.com\\\/wp\\\/comite-ambiental-20170131\\\/\"},\"author\":{\"name\":\"Pablo Acosta Robles\",\"@id\":\"https:\\\/\\\/ieslamadraza.com\\\/wp\\\/#\\\/schema\\\/person\\\/d18d75ada99363ede30eade0c7b383d0\"},\"headline\":\"Comit\u00e9 Ambiental (2017\\\/01\\\/31)\",\"datePublished\":\"2017-01-31T14:43:19+00:00\",\"mainEntityOfPage\":{\"@id\":\"https:\\\/\\\/ieslamadraza.com\\\/wp\\\/comite-ambiental-20170131\\\/\"},\"wordCount\":557,\"commentCount\":0,\"publisher\":{\"@id\":\"https:\\\/\\\/ieslamadraza.com\\\/wp\\\/#organization\"},\"articleSection\":[\"ECOESCUELA\"],\"inLanguage\":\"es\",\"potentialAction\":[{\"@type\":\"CommentAction\",\"name\":\"Comment\",\"target\":[\"https:\\\/\\\/ieslamadraza.com\\\/wp\\\/comite-ambiental-20170131\\\/#respond\"]}]},{\"@type\":\"WebPage\",\"@id\":\"https:\\\/\\\/ieslamadraza.com\\\/wp\\\/comite-ambiental-20170131\\\/\",\"url\":\"https:\\\/\\\/ieslamadraza.com\\\/wp\\\/comite-ambiental-20170131\\\/\",\"name\":\"Comit\u00e9 Ambiental (2017\\\/01\\\/31) - IES LA MADRAZA\",\"isPartOf\":{\"@id\":\"https:\\\/\\\/ieslamadraza.com\\\/wp\\\/#website\"},\"datePublished\":\"2017-01-31T14:43:19+00:00\",\"description\":\"IES La Madraza\",\"breadcrumb\":{\"@id\":\"https:\\\/\\\/ieslamadraza.com\\\/wp\\\/comite-ambiental-20170131\\\/#breadcrumb\"},\"inLanguage\":\"es\",\"potentialAction\":[{\"@type\":\"ReadAction\",\"target\":[\"https:\\\/\\\/ieslamadraza.com\\\/wp\\\/comite-ambiental-20170131\\\/\"]}]},{\"@type\":\"BreadcrumbList\",\"@id\":\"https:\\\/\\\/ieslamadraza.com\\\/wp\\\/comite-ambiental-20170131\\\/#breadcrumb\",\"itemListElement\":[{\"@type\":\"ListItem\",\"position\":1,\"name\":\"Portada\",\"item\":\"https:\\\/\\\/ieslamadraza.com\\\/wp\\\/\"},{\"@type\":\"ListItem\",\"position\":2,\"name\":\"Comit\u00e9 Ambiental (2017\\\/01\\\/31)\"}]},{\"@type\":\"WebSite\",\"@id\":\"https:\\\/\\\/ieslamadraza.com\\\/wp\\\/#website\",\"url\":\"https:\\\/\\\/ieslamadraza.com\\\/wp\\\/\",\"name\":\"IES LA MADRAZA\",\"description\":\"Instituto de Ense\u00f1anza Secundaria de Granada (Espa\u00f1a)\",\"publisher\":{\"@id\":\"https:\\\/\\\/ieslamadraza.com\\\/wp\\\/#organization\"},\"alternateName\":\"Inicio - IES LA MADRAZA\",\"potentialAction\":[{\"@type\":\"SearchAction\",\"target\":{\"@type\":\"EntryPoint\",\"urlTemplate\":\"https:\\\/\\\/ieslamadraza.com\\\/wp\\\/?s={search_term_string}\"},\"query-input\":{\"@type\":\"PropertyValueSpecification\",\"valueRequired\":true,\"valueName\":\"search_term_string\"}}],\"inLanguage\":\"es\"},{\"@type\":\"Organization\",\"@id\":\"https:\\\/\\\/ieslamadraza.com\\\/wp\\\/#organization\",\"name\":\"IES La Madraza -Instituto de Ense\u00f1anza Secundaria - Granada\",\"alternateName\":\"IES La Madraza -Instituto de Ense\u00f1anza Secundaria - Granada\",\"url\":\"https:\\\/\\\/ieslamadraza.com\\\/wp\\\/\",\"logo\":{\"@type\":\"ImageObject\",\"inLanguage\":\"es\",\"@id\":\"https:\\\/\\\/ieslamadraza.com\\\/wp\\\/#\\\/schema\\\/logo\\\/image\\\/\",\"url\":\"https:\\\/\\\/ieslamadraza.com\\\/wp\\\/wp-content\\\/img\\\/2025\\\/10\\\/logo.jpeg\",\"contentUrl\":\"https:\\\/\\\/ieslamadraza.com\\\/wp\\\/wp-content\\\/img\\\/2025\\\/10\\\/logo.jpeg\",\"width\":225,\"height\":225,\"caption\":\"IES La Madraza -Instituto de Ense\u00f1anza Secundaria - Granada\"},\"image\":{\"@id\":\"https:\\\/\\\/ieslamadraza.com\\\/wp\\\/#\\\/schema\\\/logo\\\/image\\\/\"},\"sameAs\":[\"https:\\\/\\\/www.facebook.com\\\/ieslamadraza\\\/\",\"https:\\\/\\\/x.com\\\/MadrazaLa\",\"https:\\\/\\\/www.instagram.com\\\/institutolamadraza\\\/\"]},{\"@type\":\"Person\",\"@id\":\"https:\\\/\\\/ieslamadraza.com\\\/wp\\\/#\\\/schema\\\/person\\\/d18d75ada99363ede30eade0c7b383d0\",\"name\":\"Pablo Acosta Robles\",\"image\":{\"@type\":\"ImageObject\",\"inLanguage\":\"es\",\"@id\":\"https:\\\/\\\/secure.gravatar.com\\\/avatar\\\/de366d44c0d2f7406ad434f0c9650ee7d0d2a7258b6f1a511aa8345445bb21b5?s=96&d=mm&r=g\",\"url\":\"https:\\\/\\\/secure.gravatar.com\\\/avatar\\\/de366d44c0d2f7406ad434f0c9650ee7d0d2a7258b6f1a511aa8345445bb21b5?s=96&d=mm&r=g\",\"contentUrl\":\"https:\\\/\\\/secure.gravatar.com\\\/avatar\\\/de366d44c0d2f7406ad434f0c9650ee7d0d2a7258b6f1a511aa8345445bb21b5?s=96&d=mm&r=g\",\"caption\":\"Pablo Acosta Robles\"},\"url\":\"https:\\\/\\\/ieslamadraza.com\\\/wp\\\/author\\\/pablo\\\/\"}]}<\/script>\n<!-- \/ Yoast SEO plugin. -->","yoast_head_json":{"title":"Comit\u00e9 Ambiental (2017\/01\/31) - IES LA MADRAZA","description":"IES La Madraza","robots":{"index":"index","follow":"follow","max-snippet":"max-snippet:-1","max-image-preview":"max-image-preview:large","max-video-preview":"max-video-preview:-1"},"canonical":"https:\/\/ieslamadraza.com\/wp\/comite-ambiental-20170131\/","og_locale":"es_ES","og_type":"article","og_title":"Comit\u00e9 Ambiental (2017\/01\/31) - IES LA MADRAZA","og_description":"IES La Madraza","og_url":"https:\/\/ieslamadraza.com\/wp\/comite-ambiental-20170131\/","og_site_name":"IES LA MADRAZA","article_publisher":"https:\/\/www.facebook.com\/ieslamadraza\/","article_published_time":"2017-01-31T14:43:19+00:00","og_image":[{"width":150,"height":150,"url":"https:\/\/ieslamadraza.com\/wp\/wp-content\/img\/2020\/09\/logopequeno-.png","type":"image\/png"}],"author":"Pablo Acosta Robles","twitter_card":"summary_large_image","twitter_creator":"@MadrazaLa","twitter_site":"@MadrazaLa","twitter_misc":{"Escrito por":"Pablo Acosta Robles","Tiempo de lectura":"3 minutos"},"schema":{"@context":"https:\/\/schema.org","@graph":[{"@type":"Article","@id":"https:\/\/ieslamadraza.com\/wp\/comite-ambiental-20170131\/#article","isPartOf":{"@id":"https:\/\/ieslamadraza.com\/wp\/comite-ambiental-20170131\/"},"author":{"name":"Pablo Acosta Robles","@id":"https:\/\/ieslamadraza.com\/wp\/#\/schema\/person\/d18d75ada99363ede30eade0c7b383d0"},"headline":"Comit\u00e9 Ambiental (2017\/01\/31)","datePublished":"2017-01-31T14:43:19+00:00","mainEntityOfPage":{"@id":"https:\/\/ieslamadraza.com\/wp\/comite-ambiental-20170131\/"},"wordCount":557,"commentCount":0,"publisher":{"@id":"https:\/\/ieslamadraza.com\/wp\/#organization"},"articleSection":["ECOESCUELA"],"inLanguage":"es","potentialAction":[{"@type":"CommentAction","name":"Comment","target":["https:\/\/ieslamadraza.com\/wp\/comite-ambiental-20170131\/#respond"]}]},{"@type":"WebPage","@id":"https:\/\/ieslamadraza.com\/wp\/comite-ambiental-20170131\/","url":"https:\/\/ieslamadraza.com\/wp\/comite-ambiental-20170131\/","name":"Comit\u00e9 Ambiental (2017\/01\/31) - IES LA MADRAZA","isPartOf":{"@id":"https:\/\/ieslamadraza.com\/wp\/#website"},"datePublished":"2017-01-31T14:43:19+00:00","description":"IES La Madraza","breadcrumb":{"@id":"https:\/\/ieslamadraza.com\/wp\/comite-ambiental-20170131\/#breadcrumb"},"inLanguage":"es","potentialAction":[{"@type":"ReadAction","target":["https:\/\/ieslamadraza.com\/wp\/comite-ambiental-20170131\/"]}]},{"@type":"BreadcrumbList","@id":"https:\/\/ieslamadraza.com\/wp\/comite-ambiental-20170131\/#breadcrumb","itemListElement":[{"@type":"ListItem","position":1,"name":"Portada","item":"https:\/\/ieslamadraza.com\/wp\/"},{"@type":"ListItem","position":2,"name":"Comit\u00e9 Ambiental (2017\/01\/31)"}]},{"@type":"WebSite","@id":"https:\/\/ieslamadraza.com\/wp\/#website","url":"https:\/\/ieslamadraza.com\/wp\/","name":"IES LA MADRAZA","description":"Instituto de Ense\u00f1anza Secundaria de Granada (Espa\u00f1a)","publisher":{"@id":"https:\/\/ieslamadraza.com\/wp\/#organization"},"alternateName":"Inicio - IES LA MADRAZA","potentialAction":[{"@type":"SearchAction","target":{"@type":"EntryPoint","urlTemplate":"https:\/\/ieslamadraza.com\/wp\/?s={search_term_string}"},"query-input":{"@type":"PropertyValueSpecification","valueRequired":true,"valueName":"search_term_string"}}],"inLanguage":"es"},{"@type":"Organization","@id":"https:\/\/ieslamadraza.com\/wp\/#organization","name":"IES La Madraza -Instituto de Ense\u00f1anza Secundaria - Granada","alternateName":"IES La Madraza -Instituto de Ense\u00f1anza Secundaria - Granada","url":"https:\/\/ieslamadraza.com\/wp\/","logo":{"@type":"ImageObject","inLanguage":"es","@id":"https:\/\/ieslamadraza.com\/wp\/#\/schema\/logo\/image\/","url":"https:\/\/ieslamadraza.com\/wp\/wp-content\/img\/2025\/10\/logo.jpeg","contentUrl":"https:\/\/ieslamadraza.com\/wp\/wp-content\/img\/2025\/10\/logo.jpeg","width":225,"height":225,"caption":"IES La Madraza -Instituto de Ense\u00f1anza Secundaria - Granada"},"image":{"@id":"https:\/\/ieslamadraza.com\/wp\/#\/schema\/logo\/image\/"},"sameAs":["https:\/\/www.facebook.com\/ieslamadraza\/","https:\/\/x.com\/MadrazaLa","https:\/\/www.instagram.com\/institutolamadraza\/"]},{"@type":"Person","@id":"https:\/\/ieslamadraza.com\/wp\/#\/schema\/person\/d18d75ada99363ede30eade0c7b383d0","name":"Pablo Acosta Robles","image":{"@type":"ImageObject","inLanguage":"es","@id":"https:\/\/secure.gravatar.com\/avatar\/de366d44c0d2f7406ad434f0c9650ee7d0d2a7258b6f1a511aa8345445bb21b5?s=96&d=mm&r=g","url":"https:\/\/secure.gravatar.com\/avatar\/de366d44c0d2f7406ad434f0c9650ee7d0d2a7258b6f1a511aa8345445bb21b5?s=96&d=mm&r=g","contentUrl":"https:\/\/secure.gravatar.com\/avatar\/de366d44c0d2f7406ad434f0c9650ee7d0d2a7258b6f1a511aa8345445bb21b5?s=96&d=mm&r=g","caption":"Pablo Acosta Robles"},"url":"https:\/\/ieslamadraza.com\/wp\/author\/pablo\/"}]}},"_links":{"self":[{"href":"https:\/\/ieslamadraza.com\/wp\/wp-json\/wp\/v2\/posts\/2008","targetHints":{"allow":["GET"]}}],"collection":[{"href":"https:\/\/ieslamadraza.com\/wp\/wp-json\/wp\/v2\/posts"}],"about":[{"href":"https:\/\/ieslamadraza.com\/wp\/wp-json\/wp\/v2\/types\/post"}],"author":[{"embeddable":true,"href":"https:\/\/ieslamadraza.com\/wp\/wp-json\/wp\/v2\/users\/3"}],"replies":[{"embeddable":true,"href":"https:\/\/ieslamadraza.com\/wp\/wp-json\/wp\/v2\/comments?post=2008"}],"version-history":[{"count":0,"href":"https:\/\/ieslamadraza.com\/wp\/wp-json\/wp\/v2\/posts\/2008\/revisions"}],"wp:attachment":[{"href":"https:\/\/ieslamadraza.com\/wp\/wp-json\/wp\/v2\/media?parent=2008"}],"wp:term":[{"taxonomy":"category","embeddable":true,"href":"https:\/\/ieslamadraza.com\/wp\/wp-json\/wp\/v2\/categories?post=2008"},{"taxonomy":"post_tag","embeddable":true,"href":"https:\/\/ieslamadraza.com\/wp\/wp-json\/wp\/v2\/tags?post=2008"}],"curies":[{"name":"wp","href":"https:\/\/api.w.org\/{rel}","templated":true}]}}