{"id":19654,"date":"2023-06-16T18:33:31","date_gmt":"2023-06-16T16:33:31","guid":{"rendered":"https:\/\/ieslamadraza.com\/wp\/?p=19654"},"modified":"2023-06-19T08:18:49","modified_gmt":"2023-06-19T06:18:49","slug":"premio-de-poesia-para-xiomara-pena","status":"publish","type":"post","link":"https:\/\/ieslamadraza.com\/wp\/premio-de-poesia-para-xiomara-pena\/","title":{"rendered":"Premio de poes\u00eda para Xiomara Pe\u00f1a"},"content":{"rendered":"<p><img decoding=\"async\" class=\"aligncenter wp-image-19679 lazyload\" data-src=\"https:\/\/ieslamadraza.com\/wp\/wp-content\/img\/2023\/06\/2023_06_16-Premio-de-poesia-para-Xiomara-Pena.jpg\" alt=\"\" width=\"400\" height=\"534\" data-srcset=\"https:\/\/ieslamadraza.com\/wp\/wp-content\/img\/2023\/06\/2023_06_16-Premio-de-poesia-para-Xiomara-Pena.jpg 640w, https:\/\/ieslamadraza.com\/wp\/wp-content\/img\/2023\/06\/2023_06_16-Premio-de-poesia-para-Xiomara-Pena-225x300.jpg 225w\" data-sizes=\"(max-width: 400px) 100vw, 400px\" src=\"data:image\/svg+xml;base64,PHN2ZyB3aWR0aD0iMSIgaGVpZ2h0PSIxIiB4bWxucz0iaHR0cDovL3d3dy53My5vcmcvMjAwMC9zdmciPjwvc3ZnPg==\" style=\"--smush-placeholder-width: 400px; --smush-placeholder-aspect-ratio: 400\/534;\" \/><\/p>\n<p>La alumna de 1\u00ba ESO Xiomara Pe\u00f1a ha obtenido el segundo premio del concurso de poes\u00eda organizado por la Fundaci\u00f3n AguaGranada que, en esta edici\u00f3n, ha estado dedicado al patrimonio del agua en Granada. La entrega de premios tuvo lugar el 16 de junio en el Carmen Aljibe del Rey. Felicitamos a Xiomara y reproducimos aqu\u00ed su texto, tambi\u00e9n publicado en la \u00faltima revista del Instituto junto a poemas de otras alumnas.<\/p>\n<p><strong><em>Susurra el agua en mi ciudad<\/em><\/strong><\/p>\n<p><strong><em>Es un clamor que discurre tranquilo<\/em><\/strong><\/p>\n<p><strong><em>Desde la Alhambra se difunde el sonido<\/em><\/strong><\/p>\n<p>&nbsp;<\/p>\n<p><strong><em>Susurra el agua en mi ciudad<\/em><\/strong><\/p>\n<p><strong><em>Mi Pilar del Toro hace sonar su bramido<\/em><\/strong><\/p>\n<p><strong><em>Hogar de duendes, lugar tranquilo<\/em><\/strong><\/p>\n<p>&nbsp;<\/p>\n<p><strong><em>Susurra el agua en mi ciudad<\/em><\/strong><\/p>\n<p><strong><em>El pr\u00edncipe observa desde su castillo<\/em><\/strong><\/p>\n<p><strong><em>Fuentes con mil a\u00f1os donde oyes su fluido<\/em><\/strong><\/p>\n<p>&nbsp;<\/p>\n<p><strong><em>Susurra el agua en mi ciudad<\/em><\/strong><\/p>\n<p><strong><em>Palpitan las acequias, corazones, latidos<\/em><\/strong><\/p>\n<p><strong><em>Carceleros silenciosos que no hacen ruido<\/em><\/strong><\/p>\n<p>&nbsp;<\/p>\n<p><strong><em>Susurra el agua en mi ciudad<\/em><\/strong><\/p>\n<p><strong><em>Baja escaleras entre jardines tupidos<\/em><\/strong><\/p>\n<p><strong><em>La Torre de la Vela vigila a los perdidos<\/em><\/strong><\/p>\n<p>&nbsp;<\/p>\n<p><strong><em>Susurra el agua en mi ciudad<\/em><\/strong><\/p>\n<p><strong><em>Granada, jardines, torres, fuentes, agua escandalosa<\/em><\/strong><\/p>\n<p><strong><em>Tranquilo sonido, hermosa agua, hermosa Granada.<\/em><\/strong><\/p>\n","protected":false},"excerpt":{"rendered":"<p>La alumna de 1\u00ba ESO Xiomara Pe\u00f1a ha obtenido el segundo premio del concurso de poes\u00eda organizado por la Fundaci\u00f3n AguaGranada que, en esta edici\u00f3n, ha estado dedicado al patrimonio del agua en Granada. La entrega de premios tuvo lugar el 16 de junio en el Carmen Aljibe del Rey. Felicitamos a Xiomara y reproducimos [&hellip;]<\/p>\n","protected":false},"author":3,"featured_media":19679,"comment_status":"open","ping_status":"closed","sticky":false,"template":"","format":"standard","meta":{"_et_pb_use_builder":"","_et_pb_old_content":"","_et_gb_content_width":"","_monsterinsights_skip_tracking":false,"_monsterinsights_sitenote_active":false,"_monsterinsights_sitenote_note":"","_monsterinsights_sitenote_category":0,"footnotes":""},"categories":[36,107],"tags":[],"class_list":["post-19654","post","type-post","status-publish","format-standard","has-post-thumbnail","hentry","category-bioygeo","category-concursos","et-has-post-format-content","et_post_format-et-post-format-standard"],"yoast_head":"<!-- This site is optimized with the Yoast SEO plugin v27.5 - https:\/\/yoast.com\/product\/yoast-seo-wordpress\/ -->\n<title>Premio de poes\u00eda para Xiomara Pe\u00f1a - IES LA MADRAZA<\/title>\n<meta name=\"description\" content=\"IES La Madraza\" \/>\n<meta name=\"robots\" content=\"index, follow, max-snippet:-1, max-image-preview:large, max-video-preview:-1\" \/>\n<link rel=\"canonical\" href=\"https:\/\/ieslamadraza.com\/wp\/premio-de-poesia-para-xiomara-pena\/\" \/>\n<meta property=\"og:locale\" content=\"es_ES\" \/>\n<meta property=\"og:type\" content=\"article\" \/>\n<meta property=\"og:title\" content=\"Premio de poes\u00eda para Xiomara Pe\u00f1a - IES LA MADRAZA\" \/>\n<meta property=\"og:description\" content=\"IES La Madraza\" \/>\n<meta property=\"og:url\" content=\"https:\/\/ieslamadraza.com\/wp\/premio-de-poesia-para-xiomara-pena\/\" \/>\n<meta property=\"og:site_name\" content=\"IES LA MADRAZA\" \/>\n<meta property=\"article:publisher\" content=\"https:\/\/www.facebook.com\/ieslamadraza\/\" \/>\n<meta property=\"article:published_time\" content=\"2023-06-16T16:33:31+00:00\" \/>\n<meta property=\"article:modified_time\" content=\"2023-06-19T06:18:49+00:00\" \/>\n<meta property=\"og:image\" content=\"https:\/\/ieslamadraza.com\/wp\/wp-content\/img\/2023\/06\/2023_06_16-Premio-de-poesia-para-Xiomara-Pena.jpg\" \/>\n\t<meta property=\"og:image:width\" content=\"640\" \/>\n\t<meta property=\"og:image:height\" content=\"853\" \/>\n\t<meta property=\"og:image:type\" content=\"image\/jpeg\" \/>\n<meta name=\"author\" content=\"Pablo Acosta Robles\" \/>\n<meta name=\"twitter:card\" content=\"summary_large_image\" \/>\n<meta name=\"twitter:creator\" content=\"@MadrazaLa\" \/>\n<meta name=\"twitter:site\" content=\"@MadrazaLa\" \/>\n<meta name=\"twitter:label1\" content=\"Escrito por\" \/>\n\t<meta name=\"twitter:data1\" content=\"Pablo Acosta Robles\" \/>\n\t<meta name=\"twitter:label2\" content=\"Tiempo de lectura\" \/>\n\t<meta name=\"twitter:data2\" content=\"1 minuto\" \/>\n<script type=\"application\/ld+json\" class=\"yoast-schema-graph\">{\"@context\":\"https:\\\/\\\/schema.org\",\"@graph\":[{\"@type\":\"Article\",\"@id\":\"https:\\\/\\\/ieslamadraza.com\\\/wp\\\/premio-de-poesia-para-xiomara-pena\\\/#article\",\"isPartOf\":{\"@id\":\"https:\\\/\\\/ieslamadraza.com\\\/wp\\\/premio-de-poesia-para-xiomara-pena\\\/\"},\"author\":{\"name\":\"Pablo Acosta Robles\",\"@id\":\"https:\\\/\\\/ieslamadraza.com\\\/wp\\\/#\\\/schema\\\/person\\\/d18d75ada99363ede30eade0c7b383d0\"},\"headline\":\"Premio de poes\u00eda para Xiomara Pe\u00f1a\",\"datePublished\":\"2023-06-16T16:33:31+00:00\",\"dateModified\":\"2023-06-19T06:18:49+00:00\",\"mainEntityOfPage\":{\"@id\":\"https:\\\/\\\/ieslamadraza.com\\\/wp\\\/premio-de-poesia-para-xiomara-pena\\\/\"},\"wordCount\":203,\"commentCount\":0,\"publisher\":{\"@id\":\"https:\\\/\\\/ieslamadraza.com\\\/wp\\\/#organization\"},\"image\":{\"@id\":\"https:\\\/\\\/ieslamadraza.com\\\/wp\\\/premio-de-poesia-para-xiomara-pena\\\/#primaryimage\"},\"thumbnailUrl\":\"https:\\\/\\\/ieslamadraza.com\\\/wp\\\/wp-content\\\/img\\\/2023\\\/06\\\/2023_06_16-Premio-de-poesia-para-Xiomara-Pena.jpg\",\"articleSection\":[\"BIOLOG\u00cdA Y GEOLOG\u00cdA\",\"PREMIOS Y CONCURSOS\"],\"inLanguage\":\"es\",\"potentialAction\":[{\"@type\":\"CommentAction\",\"name\":\"Comment\",\"target\":[\"https:\\\/\\\/ieslamadraza.com\\\/wp\\\/premio-de-poesia-para-xiomara-pena\\\/#respond\"]}]},{\"@type\":\"WebPage\",\"@id\":\"https:\\\/\\\/ieslamadraza.com\\\/wp\\\/premio-de-poesia-para-xiomara-pena\\\/\",\"url\":\"https:\\\/\\\/ieslamadraza.com\\\/wp\\\/premio-de-poesia-para-xiomara-pena\\\/\",\"name\":\"Premio de poes\u00eda para Xiomara Pe\u00f1a - IES LA MADRAZA\",\"isPartOf\":{\"@id\":\"https:\\\/\\\/ieslamadraza.com\\\/wp\\\/#website\"},\"primaryImageOfPage\":{\"@id\":\"https:\\\/\\\/ieslamadraza.com\\\/wp\\\/premio-de-poesia-para-xiomara-pena\\\/#primaryimage\"},\"image\":{\"@id\":\"https:\\\/\\\/ieslamadraza.com\\\/wp\\\/premio-de-poesia-para-xiomara-pena\\\/#primaryimage\"},\"thumbnailUrl\":\"https:\\\/\\\/ieslamadraza.com\\\/wp\\\/wp-content\\\/img\\\/2023\\\/06\\\/2023_06_16-Premio-de-poesia-para-Xiomara-Pena.jpg\",\"datePublished\":\"2023-06-16T16:33:31+00:00\",\"dateModified\":\"2023-06-19T06:18:49+00:00\",\"description\":\"IES La Madraza\",\"breadcrumb\":{\"@id\":\"https:\\\/\\\/ieslamadraza.com\\\/wp\\\/premio-de-poesia-para-xiomara-pena\\\/#breadcrumb\"},\"inLanguage\":\"es\",\"potentialAction\":[{\"@type\":\"ReadAction\",\"target\":[\"https:\\\/\\\/ieslamadraza.com\\\/wp\\\/premio-de-poesia-para-xiomara-pena\\\/\"]}]},{\"@type\":\"ImageObject\",\"inLanguage\":\"es\",\"@id\":\"https:\\\/\\\/ieslamadraza.com\\\/wp\\\/premio-de-poesia-para-xiomara-pena\\\/#primaryimage\",\"url\":\"https:\\\/\\\/ieslamadraza.com\\\/wp\\\/wp-content\\\/img\\\/2023\\\/06\\\/2023_06_16-Premio-de-poesia-para-Xiomara-Pena.jpg\",\"contentUrl\":\"https:\\\/\\\/ieslamadraza.com\\\/wp\\\/wp-content\\\/img\\\/2023\\\/06\\\/2023_06_16-Premio-de-poesia-para-Xiomara-Pena.jpg\",\"width\":640,\"height\":853},{\"@type\":\"BreadcrumbList\",\"@id\":\"https:\\\/\\\/ieslamadraza.com\\\/wp\\\/premio-de-poesia-para-xiomara-pena\\\/#breadcrumb\",\"itemListElement\":[{\"@type\":\"ListItem\",\"position\":1,\"name\":\"Portada\",\"item\":\"https:\\\/\\\/ieslamadraza.com\\\/wp\\\/\"},{\"@type\":\"ListItem\",\"position\":2,\"name\":\"Premio de poes\u00eda para Xiomara Pe\u00f1a\"}]},{\"@type\":\"WebSite\",\"@id\":\"https:\\\/\\\/ieslamadraza.com\\\/wp\\\/#website\",\"url\":\"https:\\\/\\\/ieslamadraza.com\\\/wp\\\/\",\"name\":\"IES LA MADRAZA\",\"description\":\"Instituto de Ense\u00f1anza Secundaria de Granada (Espa\u00f1a)\",\"publisher\":{\"@id\":\"https:\\\/\\\/ieslamadraza.com\\\/wp\\\/#organization\"},\"alternateName\":\"Inicio - IES LA MADRAZA\",\"potentialAction\":[{\"@type\":\"SearchAction\",\"target\":{\"@type\":\"EntryPoint\",\"urlTemplate\":\"https:\\\/\\\/ieslamadraza.com\\\/wp\\\/?s={search_term_string}\"},\"query-input\":{\"@type\":\"PropertyValueSpecification\",\"valueRequired\":true,\"valueName\":\"search_term_string\"}}],\"inLanguage\":\"es\"},{\"@type\":\"Organization\",\"@id\":\"https:\\\/\\\/ieslamadraza.com\\\/wp\\\/#organization\",\"name\":\"IES La Madraza -Instituto de Ense\u00f1anza Secundaria - Granada\",\"alternateName\":\"IES La Madraza -Instituto de Ense\u00f1anza Secundaria - Granada\",\"url\":\"https:\\\/\\\/ieslamadraza.com\\\/wp\\\/\",\"logo\":{\"@type\":\"ImageObject\",\"inLanguage\":\"es\",\"@id\":\"https:\\\/\\\/ieslamadraza.com\\\/wp\\\/#\\\/schema\\\/logo\\\/image\\\/\",\"url\":\"https:\\\/\\\/ieslamadraza.com\\\/wp\\\/wp-content\\\/img\\\/2025\\\/10\\\/logo.jpeg\",\"contentUrl\":\"https:\\\/\\\/ieslamadraza.com\\\/wp\\\/wp-content\\\/img\\\/2025\\\/10\\\/logo.jpeg\",\"width\":225,\"height\":225,\"caption\":\"IES La Madraza -Instituto de Ense\u00f1anza Secundaria - Granada\"},\"image\":{\"@id\":\"https:\\\/\\\/ieslamadraza.com\\\/wp\\\/#\\\/schema\\\/logo\\\/image\\\/\"},\"sameAs\":[\"https:\\\/\\\/www.facebook.com\\\/ieslamadraza\\\/\",\"https:\\\/\\\/x.com\\\/MadrazaLa\",\"https:\\\/\\\/www.instagram.com\\\/institutolamadraza\\\/\"]},{\"@type\":\"Person\",\"@id\":\"https:\\\/\\\/ieslamadraza.com\\\/wp\\\/#\\\/schema\\\/person\\\/d18d75ada99363ede30eade0c7b383d0\",\"name\":\"Pablo Acosta Robles\",\"image\":{\"@type\":\"ImageObject\",\"inLanguage\":\"es\",\"@id\":\"https:\\\/\\\/secure.gravatar.com\\\/avatar\\\/de366d44c0d2f7406ad434f0c9650ee7d0d2a7258b6f1a511aa8345445bb21b5?s=96&d=mm&r=g\",\"url\":\"https:\\\/\\\/secure.gravatar.com\\\/avatar\\\/de366d44c0d2f7406ad434f0c9650ee7d0d2a7258b6f1a511aa8345445bb21b5?s=96&d=mm&r=g\",\"contentUrl\":\"https:\\\/\\\/secure.gravatar.com\\\/avatar\\\/de366d44c0d2f7406ad434f0c9650ee7d0d2a7258b6f1a511aa8345445bb21b5?s=96&d=mm&r=g\",\"caption\":\"Pablo Acosta Robles\"},\"url\":\"https:\\\/\\\/ieslamadraza.com\\\/wp\\\/author\\\/pablo\\\/\"}]}<\/script>\n<!-- \/ Yoast SEO plugin. -->","yoast_head_json":{"title":"Premio de poes\u00eda para Xiomara Pe\u00f1a - IES LA MADRAZA","description":"IES La Madraza","robots":{"index":"index","follow":"follow","max-snippet":"max-snippet:-1","max-image-preview":"max-image-preview:large","max-video-preview":"max-video-preview:-1"},"canonical":"https:\/\/ieslamadraza.com\/wp\/premio-de-poesia-para-xiomara-pena\/","og_locale":"es_ES","og_type":"article","og_title":"Premio de poes\u00eda para Xiomara Pe\u00f1a - IES LA MADRAZA","og_description":"IES La Madraza","og_url":"https:\/\/ieslamadraza.com\/wp\/premio-de-poesia-para-xiomara-pena\/","og_site_name":"IES LA MADRAZA","article_publisher":"https:\/\/www.facebook.com\/ieslamadraza\/","article_published_time":"2023-06-16T16:33:31+00:00","article_modified_time":"2023-06-19T06:18:49+00:00","og_image":[{"width":640,"height":853,"url":"https:\/\/ieslamadraza.com\/wp\/wp-content\/img\/2023\/06\/2023_06_16-Premio-de-poesia-para-Xiomara-Pena.jpg","type":"image\/jpeg"}],"author":"Pablo Acosta Robles","twitter_card":"summary_large_image","twitter_creator":"@MadrazaLa","twitter_site":"@MadrazaLa","twitter_misc":{"Escrito por":"Pablo Acosta Robles","Tiempo de lectura":"1 minuto"},"schema":{"@context":"https:\/\/schema.org","@graph":[{"@type":"Article","@id":"https:\/\/ieslamadraza.com\/wp\/premio-de-poesia-para-xiomara-pena\/#article","isPartOf":{"@id":"https:\/\/ieslamadraza.com\/wp\/premio-de-poesia-para-xiomara-pena\/"},"author":{"name":"Pablo Acosta Robles","@id":"https:\/\/ieslamadraza.com\/wp\/#\/schema\/person\/d18d75ada99363ede30eade0c7b383d0"},"headline":"Premio de poes\u00eda para Xiomara Pe\u00f1a","datePublished":"2023-06-16T16:33:31+00:00","dateModified":"2023-06-19T06:18:49+00:00","mainEntityOfPage":{"@id":"https:\/\/ieslamadraza.com\/wp\/premio-de-poesia-para-xiomara-pena\/"},"wordCount":203,"commentCount":0,"publisher":{"@id":"https:\/\/ieslamadraza.com\/wp\/#organization"},"image":{"@id":"https:\/\/ieslamadraza.com\/wp\/premio-de-poesia-para-xiomara-pena\/#primaryimage"},"thumbnailUrl":"https:\/\/ieslamadraza.com\/wp\/wp-content\/img\/2023\/06\/2023_06_16-Premio-de-poesia-para-Xiomara-Pena.jpg","articleSection":["BIOLOG\u00cdA Y GEOLOG\u00cdA","PREMIOS Y CONCURSOS"],"inLanguage":"es","potentialAction":[{"@type":"CommentAction","name":"Comment","target":["https:\/\/ieslamadraza.com\/wp\/premio-de-poesia-para-xiomara-pena\/#respond"]}]},{"@type":"WebPage","@id":"https:\/\/ieslamadraza.com\/wp\/premio-de-poesia-para-xiomara-pena\/","url":"https:\/\/ieslamadraza.com\/wp\/premio-de-poesia-para-xiomara-pena\/","name":"Premio de poes\u00eda para Xiomara Pe\u00f1a - IES LA MADRAZA","isPartOf":{"@id":"https:\/\/ieslamadraza.com\/wp\/#website"},"primaryImageOfPage":{"@id":"https:\/\/ieslamadraza.com\/wp\/premio-de-poesia-para-xiomara-pena\/#primaryimage"},"image":{"@id":"https:\/\/ieslamadraza.com\/wp\/premio-de-poesia-para-xiomara-pena\/#primaryimage"},"thumbnailUrl":"https:\/\/ieslamadraza.com\/wp\/wp-content\/img\/2023\/06\/2023_06_16-Premio-de-poesia-para-Xiomara-Pena.jpg","datePublished":"2023-06-16T16:33:31+00:00","dateModified":"2023-06-19T06:18:49+00:00","description":"IES La Madraza","breadcrumb":{"@id":"https:\/\/ieslamadraza.com\/wp\/premio-de-poesia-para-xiomara-pena\/#breadcrumb"},"inLanguage":"es","potentialAction":[{"@type":"ReadAction","target":["https:\/\/ieslamadraza.com\/wp\/premio-de-poesia-para-xiomara-pena\/"]}]},{"@type":"ImageObject","inLanguage":"es","@id":"https:\/\/ieslamadraza.com\/wp\/premio-de-poesia-para-xiomara-pena\/#primaryimage","url":"https:\/\/ieslamadraza.com\/wp\/wp-content\/img\/2023\/06\/2023_06_16-Premio-de-poesia-para-Xiomara-Pena.jpg","contentUrl":"https:\/\/ieslamadraza.com\/wp\/wp-content\/img\/2023\/06\/2023_06_16-Premio-de-poesia-para-Xiomara-Pena.jpg","width":640,"height":853},{"@type":"BreadcrumbList","@id":"https:\/\/ieslamadraza.com\/wp\/premio-de-poesia-para-xiomara-pena\/#breadcrumb","itemListElement":[{"@type":"ListItem","position":1,"name":"Portada","item":"https:\/\/ieslamadraza.com\/wp\/"},{"@type":"ListItem","position":2,"name":"Premio de poes\u00eda para Xiomara Pe\u00f1a"}]},{"@type":"WebSite","@id":"https:\/\/ieslamadraza.com\/wp\/#website","url":"https:\/\/ieslamadraza.com\/wp\/","name":"IES LA MADRAZA","description":"Instituto de Ense\u00f1anza Secundaria de Granada (Espa\u00f1a)","publisher":{"@id":"https:\/\/ieslamadraza.com\/wp\/#organization"},"alternateName":"Inicio - IES LA MADRAZA","potentialAction":[{"@type":"SearchAction","target":{"@type":"EntryPoint","urlTemplate":"https:\/\/ieslamadraza.com\/wp\/?s={search_term_string}"},"query-input":{"@type":"PropertyValueSpecification","valueRequired":true,"valueName":"search_term_string"}}],"inLanguage":"es"},{"@type":"Organization","@id":"https:\/\/ieslamadraza.com\/wp\/#organization","name":"IES La Madraza -Instituto de Ense\u00f1anza Secundaria - Granada","alternateName":"IES La Madraza -Instituto de Ense\u00f1anza Secundaria - Granada","url":"https:\/\/ieslamadraza.com\/wp\/","logo":{"@type":"ImageObject","inLanguage":"es","@id":"https:\/\/ieslamadraza.com\/wp\/#\/schema\/logo\/image\/","url":"https:\/\/ieslamadraza.com\/wp\/wp-content\/img\/2025\/10\/logo.jpeg","contentUrl":"https:\/\/ieslamadraza.com\/wp\/wp-content\/img\/2025\/10\/logo.jpeg","width":225,"height":225,"caption":"IES La Madraza -Instituto de Ense\u00f1anza Secundaria - Granada"},"image":{"@id":"https:\/\/ieslamadraza.com\/wp\/#\/schema\/logo\/image\/"},"sameAs":["https:\/\/www.facebook.com\/ieslamadraza\/","https:\/\/x.com\/MadrazaLa","https:\/\/www.instagram.com\/institutolamadraza\/"]},{"@type":"Person","@id":"https:\/\/ieslamadraza.com\/wp\/#\/schema\/person\/d18d75ada99363ede30eade0c7b383d0","name":"Pablo Acosta Robles","image":{"@type":"ImageObject","inLanguage":"es","@id":"https:\/\/secure.gravatar.com\/avatar\/de366d44c0d2f7406ad434f0c9650ee7d0d2a7258b6f1a511aa8345445bb21b5?s=96&d=mm&r=g","url":"https:\/\/secure.gravatar.com\/avatar\/de366d44c0d2f7406ad434f0c9650ee7d0d2a7258b6f1a511aa8345445bb21b5?s=96&d=mm&r=g","contentUrl":"https:\/\/secure.gravatar.com\/avatar\/de366d44c0d2f7406ad434f0c9650ee7d0d2a7258b6f1a511aa8345445bb21b5?s=96&d=mm&r=g","caption":"Pablo Acosta Robles"},"url":"https:\/\/ieslamadraza.com\/wp\/author\/pablo\/"}]}},"_links":{"self":[{"href":"https:\/\/ieslamadraza.com\/wp\/wp-json\/wp\/v2\/posts\/19654","targetHints":{"allow":["GET"]}}],"collection":[{"href":"https:\/\/ieslamadraza.com\/wp\/wp-json\/wp\/v2\/posts"}],"about":[{"href":"https:\/\/ieslamadraza.com\/wp\/wp-json\/wp\/v2\/types\/post"}],"author":[{"embeddable":true,"href":"https:\/\/ieslamadraza.com\/wp\/wp-json\/wp\/v2\/users\/3"}],"replies":[{"embeddable":true,"href":"https:\/\/ieslamadraza.com\/wp\/wp-json\/wp\/v2\/comments?post=19654"}],"version-history":[{"count":0,"href":"https:\/\/ieslamadraza.com\/wp\/wp-json\/wp\/v2\/posts\/19654\/revisions"}],"wp:featuredmedia":[{"embeddable":true,"href":"https:\/\/ieslamadraza.com\/wp\/wp-json\/wp\/v2\/media\/19679"}],"wp:attachment":[{"href":"https:\/\/ieslamadraza.com\/wp\/wp-json\/wp\/v2\/media?parent=19654"}],"wp:term":[{"taxonomy":"category","embeddable":true,"href":"https:\/\/ieslamadraza.com\/wp\/wp-json\/wp\/v2\/categories?post=19654"},{"taxonomy":"post_tag","embeddable":true,"href":"https:\/\/ieslamadraza.com\/wp\/wp-json\/wp\/v2\/tags?post=19654"}],"curies":[{"name":"wp","href":"https:\/\/api.w.org\/{rel}","templated":true}]}}