{"id":1859,"date":"2016-07-07T16:41:07","date_gmt":"2016-07-07T14:41:07","guid":{"rendered":"http:\/\/ieslamadraza.com\/wp\/aportacion-de-contenedores-por-parte-del-ayuntamiento\/"},"modified":"2016-07-07T16:41:07","modified_gmt":"2016-07-07T14:41:07","slug":"aportacion-de-contenedores-por-parte-del-ayuntamiento","status":"publish","type":"post","link":"https:\/\/ieslamadraza.com\/wp\/aportacion-de-contenedores-por-parte-del-ayuntamiento\/","title":{"rendered":"Aportaci\u00f3n de contenedores por parte del Ayuntamiento"},"content":{"rendered":"<p style=\"text-align: justify;\">El 7 de julio nuestro coordinador del Programa Ecoescuelas se entrevist\u00f3 con los responsables del \u00c1rea de Medio Ambiente del Ayuntamiento de Granada a los que traslad\u00f3 las siguientes peticiones que fueron muy bien acogidas:<\/p>\n<div style=\"text-align: justify;\">\n<ul>\n<li>Tres contenedores amarillos grandes (240 litros) para hacer el vaciado de envases ligeros no diariamente sino semalmente igual que hacemos con el papel. Confiamos en que esta medida haga menos engorrosa la gesti\u00f3n de los residuos de los contenedores amarillos.<\/li>\n<li>Un gran contenedor amarillo en la v\u00eda p\u00fablica, en la puerta del Instituto donde ya est\u00e1n el gris y el azul. Lo ideal ser\u00eda un contenedor cuya tapa se abra completamente ya que es muy inc\u00f3modo vaciar envases poco a poco a trav\u00e9s de los dos peque\u00f1os agujeros habituales. Esta petici\u00f3n no es seguro que se pueda atender.<\/li>\n<li>M\u00e1s contenedores de cart\u00f3n de los que hay en las aulas para sustituir a los que se han roto a lo largo del a\u00f1o. <\/li>\n<li>Carteles y material de divulgaci\u00f3n para realizar campa\u00f1as de concienciaci\u00f3n y decorar el punto limpio de nuestro centro escolar.<\/li>\n<\/ul><\/div>\n","protected":false},"excerpt":{"rendered":"<p>El 7 de julio nuestro coordinador del Programa Ecoescuelas se entrevist\u00f3 con los responsables del \u00c1rea de Medio Ambiente del Ayuntamiento de Granada a los que traslad\u00f3 las siguientes peticiones que fueron muy bien acogidas: Tres contenedores amarillos grandes (240 litros) para hacer el vaciado de envases ligeros no diariamente sino semalmente igual que hacemos [&hellip;]<\/p>\n","protected":false},"author":3,"featured_media":0,"comment_status":"open","ping_status":"closed","sticky":false,"template":"","format":"standard","meta":{"_et_pb_use_builder":"","_et_pb_old_content":"","_et_gb_content_width":"","_monsterinsights_skip_tracking":false,"_monsterinsights_sitenote_active":false,"_monsterinsights_sitenote_note":"","_monsterinsights_sitenote_category":0,"footnotes":""},"categories":[78],"tags":[],"class_list":["post-1859","post","type-post","status-publish","format-standard","hentry","category-ecoescuela-ecoescuela","et-doesnt-have-format-content","et_post_format-et-post-format-standard"],"yoast_head":"<!-- This site is optimized with the Yoast SEO plugin v27.5 - https:\/\/yoast.com\/product\/yoast-seo-wordpress\/ -->\n<title>Aportaci\u00f3n de contenedores por parte del Ayuntamiento - IES LA MADRAZA<\/title>\n<meta name=\"description\" content=\"IES La Madraza\" \/>\n<meta name=\"robots\" content=\"index, follow, max-snippet:-1, max-image-preview:large, max-video-preview:-1\" \/>\n<link rel=\"canonical\" href=\"https:\/\/ieslamadraza.com\/wp\/aportacion-de-contenedores-por-parte-del-ayuntamiento\/\" \/>\n<meta property=\"og:locale\" content=\"es_ES\" \/>\n<meta property=\"og:type\" content=\"article\" \/>\n<meta property=\"og:title\" content=\"Aportaci\u00f3n de contenedores por parte del Ayuntamiento - IES LA MADRAZA\" \/>\n<meta property=\"og:description\" content=\"IES La Madraza\" \/>\n<meta property=\"og:url\" content=\"https:\/\/ieslamadraza.com\/wp\/aportacion-de-contenedores-por-parte-del-ayuntamiento\/\" \/>\n<meta property=\"og:site_name\" content=\"IES LA MADRAZA\" \/>\n<meta property=\"article:publisher\" content=\"https:\/\/www.facebook.com\/ieslamadraza\/\" \/>\n<meta property=\"article:published_time\" content=\"2016-07-07T14:41:07+00:00\" \/>\n<meta property=\"og:image\" content=\"https:\/\/ieslamadraza.com\/wp\/wp-content\/img\/2020\/09\/logopequeno-.png\" \/>\n\t<meta property=\"og:image:width\" content=\"150\" \/>\n\t<meta property=\"og:image:height\" content=\"150\" \/>\n\t<meta property=\"og:image:type\" content=\"image\/png\" \/>\n<meta name=\"author\" content=\"Pablo Acosta Robles\" \/>\n<meta name=\"twitter:card\" content=\"summary_large_image\" \/>\n<meta name=\"twitter:creator\" content=\"@MadrazaLa\" \/>\n<meta name=\"twitter:site\" content=\"@MadrazaLa\" \/>\n<meta name=\"twitter:label1\" content=\"Escrito por\" \/>\n\t<meta name=\"twitter:data1\" content=\"Pablo Acosta Robles\" \/>\n\t<meta name=\"twitter:label2\" content=\"Tiempo de lectura\" \/>\n\t<meta name=\"twitter:data2\" content=\"1 minuto\" \/>\n<script type=\"application\/ld+json\" class=\"yoast-schema-graph\">{\"@context\":\"https:\\\/\\\/schema.org\",\"@graph\":[{\"@type\":\"Article\",\"@id\":\"https:\\\/\\\/ieslamadraza.com\\\/wp\\\/aportacion-de-contenedores-por-parte-del-ayuntamiento\\\/#article\",\"isPartOf\":{\"@id\":\"https:\\\/\\\/ieslamadraza.com\\\/wp\\\/aportacion-de-contenedores-por-parte-del-ayuntamiento\\\/\"},\"author\":{\"name\":\"Pablo Acosta Robles\",\"@id\":\"https:\\\/\\\/ieslamadraza.com\\\/wp\\\/#\\\/schema\\\/person\\\/d18d75ada99363ede30eade0c7b383d0\"},\"headline\":\"Aportaci\u00f3n de contenedores por parte del Ayuntamiento\",\"datePublished\":\"2016-07-07T14:41:07+00:00\",\"mainEntityOfPage\":{\"@id\":\"https:\\\/\\\/ieslamadraza.com\\\/wp\\\/aportacion-de-contenedores-por-parte-del-ayuntamiento\\\/\"},\"wordCount\":197,\"commentCount\":0,\"publisher\":{\"@id\":\"https:\\\/\\\/ieslamadraza.com\\\/wp\\\/#organization\"},\"articleSection\":[\"ECOESCUELA\"],\"inLanguage\":\"es\",\"potentialAction\":[{\"@type\":\"CommentAction\",\"name\":\"Comment\",\"target\":[\"https:\\\/\\\/ieslamadraza.com\\\/wp\\\/aportacion-de-contenedores-por-parte-del-ayuntamiento\\\/#respond\"]}]},{\"@type\":\"WebPage\",\"@id\":\"https:\\\/\\\/ieslamadraza.com\\\/wp\\\/aportacion-de-contenedores-por-parte-del-ayuntamiento\\\/\",\"url\":\"https:\\\/\\\/ieslamadraza.com\\\/wp\\\/aportacion-de-contenedores-por-parte-del-ayuntamiento\\\/\",\"name\":\"Aportaci\u00f3n de contenedores por parte del Ayuntamiento - IES LA MADRAZA\",\"isPartOf\":{\"@id\":\"https:\\\/\\\/ieslamadraza.com\\\/wp\\\/#website\"},\"datePublished\":\"2016-07-07T14:41:07+00:00\",\"description\":\"IES La Madraza\",\"breadcrumb\":{\"@id\":\"https:\\\/\\\/ieslamadraza.com\\\/wp\\\/aportacion-de-contenedores-por-parte-del-ayuntamiento\\\/#breadcrumb\"},\"inLanguage\":\"es\",\"potentialAction\":[{\"@type\":\"ReadAction\",\"target\":[\"https:\\\/\\\/ieslamadraza.com\\\/wp\\\/aportacion-de-contenedores-por-parte-del-ayuntamiento\\\/\"]}]},{\"@type\":\"BreadcrumbList\",\"@id\":\"https:\\\/\\\/ieslamadraza.com\\\/wp\\\/aportacion-de-contenedores-por-parte-del-ayuntamiento\\\/#breadcrumb\",\"itemListElement\":[{\"@type\":\"ListItem\",\"position\":1,\"name\":\"Portada\",\"item\":\"https:\\\/\\\/ieslamadraza.com\\\/wp\\\/\"},{\"@type\":\"ListItem\",\"position\":2,\"name\":\"Aportaci\u00f3n de contenedores por parte del Ayuntamiento\"}]},{\"@type\":\"WebSite\",\"@id\":\"https:\\\/\\\/ieslamadraza.com\\\/wp\\\/#website\",\"url\":\"https:\\\/\\\/ieslamadraza.com\\\/wp\\\/\",\"name\":\"IES LA MADRAZA\",\"description\":\"Instituto de Ense\u00f1anza Secundaria de Granada (Espa\u00f1a)\",\"publisher\":{\"@id\":\"https:\\\/\\\/ieslamadraza.com\\\/wp\\\/#organization\"},\"alternateName\":\"Inicio - IES LA MADRAZA\",\"potentialAction\":[{\"@type\":\"SearchAction\",\"target\":{\"@type\":\"EntryPoint\",\"urlTemplate\":\"https:\\\/\\\/ieslamadraza.com\\\/wp\\\/?s={search_term_string}\"},\"query-input\":{\"@type\":\"PropertyValueSpecification\",\"valueRequired\":true,\"valueName\":\"search_term_string\"}}],\"inLanguage\":\"es\"},{\"@type\":\"Organization\",\"@id\":\"https:\\\/\\\/ieslamadraza.com\\\/wp\\\/#organization\",\"name\":\"IES La Madraza -Instituto de Ense\u00f1anza Secundaria - Granada\",\"alternateName\":\"IES La Madraza -Instituto de Ense\u00f1anza Secundaria - Granada\",\"url\":\"https:\\\/\\\/ieslamadraza.com\\\/wp\\\/\",\"logo\":{\"@type\":\"ImageObject\",\"inLanguage\":\"es\",\"@id\":\"https:\\\/\\\/ieslamadraza.com\\\/wp\\\/#\\\/schema\\\/logo\\\/image\\\/\",\"url\":\"https:\\\/\\\/ieslamadraza.com\\\/wp\\\/wp-content\\\/img\\\/2025\\\/10\\\/logo.jpeg\",\"contentUrl\":\"https:\\\/\\\/ieslamadraza.com\\\/wp\\\/wp-content\\\/img\\\/2025\\\/10\\\/logo.jpeg\",\"width\":225,\"height\":225,\"caption\":\"IES La Madraza -Instituto de Ense\u00f1anza Secundaria - Granada\"},\"image\":{\"@id\":\"https:\\\/\\\/ieslamadraza.com\\\/wp\\\/#\\\/schema\\\/logo\\\/image\\\/\"},\"sameAs\":[\"https:\\\/\\\/www.facebook.com\\\/ieslamadraza\\\/\",\"https:\\\/\\\/x.com\\\/MadrazaLa\",\"https:\\\/\\\/www.instagram.com\\\/institutolamadraza\\\/\"]},{\"@type\":\"Person\",\"@id\":\"https:\\\/\\\/ieslamadraza.com\\\/wp\\\/#\\\/schema\\\/person\\\/d18d75ada99363ede30eade0c7b383d0\",\"name\":\"Pablo Acosta Robles\",\"image\":{\"@type\":\"ImageObject\",\"inLanguage\":\"es\",\"@id\":\"https:\\\/\\\/secure.gravatar.com\\\/avatar\\\/de366d44c0d2f7406ad434f0c9650ee7d0d2a7258b6f1a511aa8345445bb21b5?s=96&d=mm&r=g\",\"url\":\"https:\\\/\\\/secure.gravatar.com\\\/avatar\\\/de366d44c0d2f7406ad434f0c9650ee7d0d2a7258b6f1a511aa8345445bb21b5?s=96&d=mm&r=g\",\"contentUrl\":\"https:\\\/\\\/secure.gravatar.com\\\/avatar\\\/de366d44c0d2f7406ad434f0c9650ee7d0d2a7258b6f1a511aa8345445bb21b5?s=96&d=mm&r=g\",\"caption\":\"Pablo Acosta Robles\"},\"url\":\"https:\\\/\\\/ieslamadraza.com\\\/wp\\\/author\\\/pablo\\\/\"}]}<\/script>\n<!-- \/ Yoast SEO plugin. -->","yoast_head_json":{"title":"Aportaci\u00f3n de contenedores por parte del Ayuntamiento - IES LA MADRAZA","description":"IES La Madraza","robots":{"index":"index","follow":"follow","max-snippet":"max-snippet:-1","max-image-preview":"max-image-preview:large","max-video-preview":"max-video-preview:-1"},"canonical":"https:\/\/ieslamadraza.com\/wp\/aportacion-de-contenedores-por-parte-del-ayuntamiento\/","og_locale":"es_ES","og_type":"article","og_title":"Aportaci\u00f3n de contenedores por parte del Ayuntamiento - IES LA MADRAZA","og_description":"IES La Madraza","og_url":"https:\/\/ieslamadraza.com\/wp\/aportacion-de-contenedores-por-parte-del-ayuntamiento\/","og_site_name":"IES LA MADRAZA","article_publisher":"https:\/\/www.facebook.com\/ieslamadraza\/","article_published_time":"2016-07-07T14:41:07+00:00","og_image":[{"width":150,"height":150,"url":"https:\/\/ieslamadraza.com\/wp\/wp-content\/img\/2020\/09\/logopequeno-.png","type":"image\/png"}],"author":"Pablo Acosta Robles","twitter_card":"summary_large_image","twitter_creator":"@MadrazaLa","twitter_site":"@MadrazaLa","twitter_misc":{"Escrito por":"Pablo Acosta Robles","Tiempo de lectura":"1 minuto"},"schema":{"@context":"https:\/\/schema.org","@graph":[{"@type":"Article","@id":"https:\/\/ieslamadraza.com\/wp\/aportacion-de-contenedores-por-parte-del-ayuntamiento\/#article","isPartOf":{"@id":"https:\/\/ieslamadraza.com\/wp\/aportacion-de-contenedores-por-parte-del-ayuntamiento\/"},"author":{"name":"Pablo Acosta Robles","@id":"https:\/\/ieslamadraza.com\/wp\/#\/schema\/person\/d18d75ada99363ede30eade0c7b383d0"},"headline":"Aportaci\u00f3n de contenedores por parte del Ayuntamiento","datePublished":"2016-07-07T14:41:07+00:00","mainEntityOfPage":{"@id":"https:\/\/ieslamadraza.com\/wp\/aportacion-de-contenedores-por-parte-del-ayuntamiento\/"},"wordCount":197,"commentCount":0,"publisher":{"@id":"https:\/\/ieslamadraza.com\/wp\/#organization"},"articleSection":["ECOESCUELA"],"inLanguage":"es","potentialAction":[{"@type":"CommentAction","name":"Comment","target":["https:\/\/ieslamadraza.com\/wp\/aportacion-de-contenedores-por-parte-del-ayuntamiento\/#respond"]}]},{"@type":"WebPage","@id":"https:\/\/ieslamadraza.com\/wp\/aportacion-de-contenedores-por-parte-del-ayuntamiento\/","url":"https:\/\/ieslamadraza.com\/wp\/aportacion-de-contenedores-por-parte-del-ayuntamiento\/","name":"Aportaci\u00f3n de contenedores por parte del Ayuntamiento - IES LA MADRAZA","isPartOf":{"@id":"https:\/\/ieslamadraza.com\/wp\/#website"},"datePublished":"2016-07-07T14:41:07+00:00","description":"IES La Madraza","breadcrumb":{"@id":"https:\/\/ieslamadraza.com\/wp\/aportacion-de-contenedores-por-parte-del-ayuntamiento\/#breadcrumb"},"inLanguage":"es","potentialAction":[{"@type":"ReadAction","target":["https:\/\/ieslamadraza.com\/wp\/aportacion-de-contenedores-por-parte-del-ayuntamiento\/"]}]},{"@type":"BreadcrumbList","@id":"https:\/\/ieslamadraza.com\/wp\/aportacion-de-contenedores-por-parte-del-ayuntamiento\/#breadcrumb","itemListElement":[{"@type":"ListItem","position":1,"name":"Portada","item":"https:\/\/ieslamadraza.com\/wp\/"},{"@type":"ListItem","position":2,"name":"Aportaci\u00f3n de contenedores por parte del Ayuntamiento"}]},{"@type":"WebSite","@id":"https:\/\/ieslamadraza.com\/wp\/#website","url":"https:\/\/ieslamadraza.com\/wp\/","name":"IES LA MADRAZA","description":"Instituto de Ense\u00f1anza Secundaria de Granada (Espa\u00f1a)","publisher":{"@id":"https:\/\/ieslamadraza.com\/wp\/#organization"},"alternateName":"Inicio - IES LA MADRAZA","potentialAction":[{"@type":"SearchAction","target":{"@type":"EntryPoint","urlTemplate":"https:\/\/ieslamadraza.com\/wp\/?s={search_term_string}"},"query-input":{"@type":"PropertyValueSpecification","valueRequired":true,"valueName":"search_term_string"}}],"inLanguage":"es"},{"@type":"Organization","@id":"https:\/\/ieslamadraza.com\/wp\/#organization","name":"IES La Madraza -Instituto de Ense\u00f1anza Secundaria - Granada","alternateName":"IES La Madraza -Instituto de Ense\u00f1anza Secundaria - Granada","url":"https:\/\/ieslamadraza.com\/wp\/","logo":{"@type":"ImageObject","inLanguage":"es","@id":"https:\/\/ieslamadraza.com\/wp\/#\/schema\/logo\/image\/","url":"https:\/\/ieslamadraza.com\/wp\/wp-content\/img\/2025\/10\/logo.jpeg","contentUrl":"https:\/\/ieslamadraza.com\/wp\/wp-content\/img\/2025\/10\/logo.jpeg","width":225,"height":225,"caption":"IES La Madraza -Instituto de Ense\u00f1anza Secundaria - Granada"},"image":{"@id":"https:\/\/ieslamadraza.com\/wp\/#\/schema\/logo\/image\/"},"sameAs":["https:\/\/www.facebook.com\/ieslamadraza\/","https:\/\/x.com\/MadrazaLa","https:\/\/www.instagram.com\/institutolamadraza\/"]},{"@type":"Person","@id":"https:\/\/ieslamadraza.com\/wp\/#\/schema\/person\/d18d75ada99363ede30eade0c7b383d0","name":"Pablo Acosta Robles","image":{"@type":"ImageObject","inLanguage":"es","@id":"https:\/\/secure.gravatar.com\/avatar\/de366d44c0d2f7406ad434f0c9650ee7d0d2a7258b6f1a511aa8345445bb21b5?s=96&d=mm&r=g","url":"https:\/\/secure.gravatar.com\/avatar\/de366d44c0d2f7406ad434f0c9650ee7d0d2a7258b6f1a511aa8345445bb21b5?s=96&d=mm&r=g","contentUrl":"https:\/\/secure.gravatar.com\/avatar\/de366d44c0d2f7406ad434f0c9650ee7d0d2a7258b6f1a511aa8345445bb21b5?s=96&d=mm&r=g","caption":"Pablo Acosta Robles"},"url":"https:\/\/ieslamadraza.com\/wp\/author\/pablo\/"}]}},"_links":{"self":[{"href":"https:\/\/ieslamadraza.com\/wp\/wp-json\/wp\/v2\/posts\/1859","targetHints":{"allow":["GET"]}}],"collection":[{"href":"https:\/\/ieslamadraza.com\/wp\/wp-json\/wp\/v2\/posts"}],"about":[{"href":"https:\/\/ieslamadraza.com\/wp\/wp-json\/wp\/v2\/types\/post"}],"author":[{"embeddable":true,"href":"https:\/\/ieslamadraza.com\/wp\/wp-json\/wp\/v2\/users\/3"}],"replies":[{"embeddable":true,"href":"https:\/\/ieslamadraza.com\/wp\/wp-json\/wp\/v2\/comments?post=1859"}],"version-history":[{"count":0,"href":"https:\/\/ieslamadraza.com\/wp\/wp-json\/wp\/v2\/posts\/1859\/revisions"}],"wp:attachment":[{"href":"https:\/\/ieslamadraza.com\/wp\/wp-json\/wp\/v2\/media?parent=1859"}],"wp:term":[{"taxonomy":"category","embeddable":true,"href":"https:\/\/ieslamadraza.com\/wp\/wp-json\/wp\/v2\/categories?post=1859"},{"taxonomy":"post_tag","embeddable":true,"href":"https:\/\/ieslamadraza.com\/wp\/wp-json\/wp\/v2\/tags?post=1859"}],"curies":[{"name":"wp","href":"https:\/\/api.w.org\/{rel}","templated":true}]}}