{"id":18304,"date":"2022-11-11T19:46:09","date_gmt":"2022-11-11T18:46:09","guid":{"rendered":"https:\/\/ieslamadraza.com\/wp\/?p=18304"},"modified":"2022-11-11T19:46:09","modified_gmt":"2022-11-11T18:46:09","slug":"programa-de-radio-para-conmemorar-el-25-de-noviembre-dia-internacional-de-la-eliminacion-de-la-violencia-contra-la-mujer","status":"publish","type":"post","link":"https:\/\/ieslamadraza.com\/wp\/programa-de-radio-para-conmemorar-el-25-de-noviembre-dia-internacional-de-la-eliminacion-de-la-violencia-contra-la-mujer\/","title":{"rendered":"Programa de radio para conmemorar el 25 de noviembre, D\u00eda Internacional de la eliminaci\u00f3n de la violencia contra la mujer."},"content":{"rendered":"<p><iframe id=\"audio_96214798\" style=\"width: 100%;\" data-src=\"https:\/\/www.ivoox.com\/player_ej_96214798_6_1.html\" height=\"200\" frameborder=\"0\" scrolling=\"no\" allowfullscreen=\"allowfullscreen\" src=\"data:image\/svg+xml;base64,PHN2ZyB3aWR0aD0iMSIgaGVpZ2h0PSIxIiB4bWxucz0iaHR0cDovL3d3dy53My5vcmcvMjAwMC9zdmciPjwvc3ZnPg==\" class=\"lazyload\" data-load-mode=\"1\"><\/iframe><\/p>\n<p>Una vez m\u00e1s, nuestro Centro conmemora el D\u00eda 25 de noviembre contra la violencia de g\u00e9nero. Este Programa de Radio recoge monogr\u00e1ficamente ideas que aportan diferentes miembros de la Comunidad Educativa.<\/p>\n<p><img decoding=\"async\" data-src=\"https:\/\/ieslamadraza.com\/wp\/wp-content\/img\/2022\/11\/jason-leung-D-ITBGnSB1M-unsplash-300x200.jpg\" alt=\"\" width=\"300\" height=\"200\" class=\"alignnone size-medium wp-image-18305 lazyload\" data-srcset=\"https:\/\/ieslamadraza.com\/wp\/wp-content\/img\/2022\/11\/jason-leung-D-ITBGnSB1M-unsplash-300x200.jpg 300w, https:\/\/ieslamadraza.com\/wp\/wp-content\/img\/2022\/11\/jason-leung-D-ITBGnSB1M-unsplash-1024x683.jpg 1024w, https:\/\/ieslamadraza.com\/wp\/wp-content\/img\/2022\/11\/jason-leung-D-ITBGnSB1M-unsplash-768x512.jpg 768w, https:\/\/ieslamadraza.com\/wp\/wp-content\/img\/2022\/11\/jason-leung-D-ITBGnSB1M-unsplash-1536x1024.jpg 1536w, https:\/\/ieslamadraza.com\/wp\/wp-content\/img\/2022\/11\/jason-leung-D-ITBGnSB1M-unsplash-2048x1365.jpg 2048w, https:\/\/ieslamadraza.com\/wp\/wp-content\/img\/2022\/11\/jason-leung-D-ITBGnSB1M-unsplash-1080x720.jpg 1080w\" data-sizes=\"(max-width: 300px) 100vw, 300px\" src=\"data:image\/svg+xml;base64,PHN2ZyB3aWR0aD0iMSIgaGVpZ2h0PSIxIiB4bWxucz0iaHR0cDovL3d3dy53My5vcmcvMjAwMC9zdmciPjwvc3ZnPg==\" style=\"--smush-placeholder-width: 300px; --smush-placeholder-aspect-ratio: 300\/200;\" \/><\/p>\n","protected":false},"excerpt":{"rendered":"<p>Una vez m\u00e1s, nuestro Centro conmemora el D\u00eda 25 de noviembre contra la violencia de g\u00e9nero. Este Programa de Radio recoge monogr\u00e1ficamente ideas que aportan diferentes miembros de la Comunidad Educativa.<\/p>\n","protected":false},"author":8,"featured_media":18305,"comment_status":"open","ping_status":"closed","sticky":false,"template":"","format":"standard","meta":{"_et_pb_use_builder":"","_et_pb_old_content":"","_et_gb_content_width":"","_monsterinsights_skip_tracking":false,"_monsterinsights_sitenote_active":false,"_monsterinsights_sitenote_note":"","_monsterinsights_sitenote_category":0,"footnotes":""},"categories":[144],"tags":[],"class_list":["post-18304","post","type-post","status-publish","format-standard","has-post-thumbnail","hentry","category-radio-la-madraza","et-has-post-format-content","et_post_format-et-post-format-standard"],"yoast_head":"<!-- This site is optimized with the Yoast SEO plugin v27.5 - https:\/\/yoast.com\/product\/yoast-seo-wordpress\/ -->\n<title>Programa de radio para conmemorar el 25 de noviembre, D\u00eda Internacional de la eliminaci\u00f3n de la violencia contra la mujer. - IES LA MADRAZA<\/title>\n<meta name=\"description\" content=\"IES La Madraza\" \/>\n<meta name=\"robots\" content=\"index, follow, max-snippet:-1, max-image-preview:large, max-video-preview:-1\" \/>\n<link rel=\"canonical\" href=\"https:\/\/ieslamadraza.com\/wp\/programa-de-radio-para-conmemorar-el-25-de-noviembre-dia-internacional-de-la-eliminacion-de-la-violencia-contra-la-mujer\/\" \/>\n<meta property=\"og:locale\" content=\"es_ES\" \/>\n<meta property=\"og:type\" content=\"article\" \/>\n<meta property=\"og:title\" content=\"Programa de radio para conmemorar el 25 de noviembre, D\u00eda Internacional de la eliminaci\u00f3n de la violencia contra la mujer. - IES LA MADRAZA\" \/>\n<meta property=\"og:description\" content=\"IES La Madraza\" \/>\n<meta property=\"og:url\" content=\"https:\/\/ieslamadraza.com\/wp\/programa-de-radio-para-conmemorar-el-25-de-noviembre-dia-internacional-de-la-eliminacion-de-la-violencia-contra-la-mujer\/\" \/>\n<meta property=\"og:site_name\" content=\"IES LA MADRAZA\" \/>\n<meta property=\"article:publisher\" content=\"https:\/\/www.facebook.com\/ieslamadraza\/\" \/>\n<meta property=\"article:published_time\" content=\"2022-11-11T18:46:09+00:00\" \/>\n<meta property=\"og:image\" content=\"https:\/\/ieslamadraza.com\/wp\/wp-content\/img\/2022\/11\/jason-leung-D-ITBGnSB1M-unsplash-scaled.jpg\" \/>\n\t<meta property=\"og:image:width\" content=\"2560\" \/>\n\t<meta property=\"og:image:height\" content=\"1707\" \/>\n\t<meta property=\"og:image:type\" content=\"image\/jpeg\" \/>\n<meta name=\"author\" content=\"Esperanza\" \/>\n<meta name=\"twitter:card\" content=\"summary_large_image\" \/>\n<meta name=\"twitter:creator\" content=\"@MadrazaLa\" \/>\n<meta name=\"twitter:site\" content=\"@MadrazaLa\" \/>\n<meta name=\"twitter:label1\" content=\"Escrito por\" \/>\n\t<meta name=\"twitter:data1\" content=\"Esperanza\" \/>\n<script type=\"application\/ld+json\" class=\"yoast-schema-graph\">{\"@context\":\"https:\\\/\\\/schema.org\",\"@graph\":[{\"@type\":\"Article\",\"@id\":\"https:\\\/\\\/ieslamadraza.com\\\/wp\\\/programa-de-radio-para-conmemorar-el-25-de-noviembre-dia-internacional-de-la-eliminacion-de-la-violencia-contra-la-mujer\\\/#article\",\"isPartOf\":{\"@id\":\"https:\\\/\\\/ieslamadraza.com\\\/wp\\\/programa-de-radio-para-conmemorar-el-25-de-noviembre-dia-internacional-de-la-eliminacion-de-la-violencia-contra-la-mujer\\\/\"},\"author\":{\"name\":\"Esperanza\",\"@id\":\"https:\\\/\\\/ieslamadraza.com\\\/wp\\\/#\\\/schema\\\/person\\\/1660c6e0c1cdbfaeb57edd860628d718\"},\"headline\":\"Programa de radio para conmemorar el 25 de noviembre, D\u00eda Internacional de la eliminaci\u00f3n de la violencia contra la mujer.\",\"datePublished\":\"2022-11-11T18:46:09+00:00\",\"mainEntityOfPage\":{\"@id\":\"https:\\\/\\\/ieslamadraza.com\\\/wp\\\/programa-de-radio-para-conmemorar-el-25-de-noviembre-dia-internacional-de-la-eliminacion-de-la-violencia-contra-la-mujer\\\/\"},\"wordCount\":55,\"commentCount\":0,\"publisher\":{\"@id\":\"https:\\\/\\\/ieslamadraza.com\\\/wp\\\/#organization\"},\"image\":{\"@id\":\"https:\\\/\\\/ieslamadraza.com\\\/wp\\\/programa-de-radio-para-conmemorar-el-25-de-noviembre-dia-internacional-de-la-eliminacion-de-la-violencia-contra-la-mujer\\\/#primaryimage\"},\"thumbnailUrl\":\"https:\\\/\\\/ieslamadraza.com\\\/wp\\\/wp-content\\\/img\\\/2022\\\/11\\\/jason-leung-D-ITBGnSB1M-unsplash-scaled.jpg\",\"articleSection\":[\"RADIO LA MADRAZA\"],\"inLanguage\":\"es\",\"potentialAction\":[{\"@type\":\"CommentAction\",\"name\":\"Comment\",\"target\":[\"https:\\\/\\\/ieslamadraza.com\\\/wp\\\/programa-de-radio-para-conmemorar-el-25-de-noviembre-dia-internacional-de-la-eliminacion-de-la-violencia-contra-la-mujer\\\/#respond\"]}]},{\"@type\":\"WebPage\",\"@id\":\"https:\\\/\\\/ieslamadraza.com\\\/wp\\\/programa-de-radio-para-conmemorar-el-25-de-noviembre-dia-internacional-de-la-eliminacion-de-la-violencia-contra-la-mujer\\\/\",\"url\":\"https:\\\/\\\/ieslamadraza.com\\\/wp\\\/programa-de-radio-para-conmemorar-el-25-de-noviembre-dia-internacional-de-la-eliminacion-de-la-violencia-contra-la-mujer\\\/\",\"name\":\"Programa de radio para conmemorar el 25 de noviembre, D\u00eda Internacional de la eliminaci\u00f3n de la violencia contra la mujer. - IES LA MADRAZA\",\"isPartOf\":{\"@id\":\"https:\\\/\\\/ieslamadraza.com\\\/wp\\\/#website\"},\"primaryImageOfPage\":{\"@id\":\"https:\\\/\\\/ieslamadraza.com\\\/wp\\\/programa-de-radio-para-conmemorar-el-25-de-noviembre-dia-internacional-de-la-eliminacion-de-la-violencia-contra-la-mujer\\\/#primaryimage\"},\"image\":{\"@id\":\"https:\\\/\\\/ieslamadraza.com\\\/wp\\\/programa-de-radio-para-conmemorar-el-25-de-noviembre-dia-internacional-de-la-eliminacion-de-la-violencia-contra-la-mujer\\\/#primaryimage\"},\"thumbnailUrl\":\"https:\\\/\\\/ieslamadraza.com\\\/wp\\\/wp-content\\\/img\\\/2022\\\/11\\\/jason-leung-D-ITBGnSB1M-unsplash-scaled.jpg\",\"datePublished\":\"2022-11-11T18:46:09+00:00\",\"description\":\"IES La Madraza\",\"breadcrumb\":{\"@id\":\"https:\\\/\\\/ieslamadraza.com\\\/wp\\\/programa-de-radio-para-conmemorar-el-25-de-noviembre-dia-internacional-de-la-eliminacion-de-la-violencia-contra-la-mujer\\\/#breadcrumb\"},\"inLanguage\":\"es\",\"potentialAction\":[{\"@type\":\"ReadAction\",\"target\":[\"https:\\\/\\\/ieslamadraza.com\\\/wp\\\/programa-de-radio-para-conmemorar-el-25-de-noviembre-dia-internacional-de-la-eliminacion-de-la-violencia-contra-la-mujer\\\/\"]}]},{\"@type\":\"ImageObject\",\"inLanguage\":\"es\",\"@id\":\"https:\\\/\\\/ieslamadraza.com\\\/wp\\\/programa-de-radio-para-conmemorar-el-25-de-noviembre-dia-internacional-de-la-eliminacion-de-la-violencia-contra-la-mujer\\\/#primaryimage\",\"url\":\"https:\\\/\\\/ieslamadraza.com\\\/wp\\\/wp-content\\\/img\\\/2022\\\/11\\\/jason-leung-D-ITBGnSB1M-unsplash-scaled.jpg\",\"contentUrl\":\"https:\\\/\\\/ieslamadraza.com\\\/wp\\\/wp-content\\\/img\\\/2022\\\/11\\\/jason-leung-D-ITBGnSB1M-unsplash-scaled.jpg\",\"width\":2560,\"height\":1707},{\"@type\":\"BreadcrumbList\",\"@id\":\"https:\\\/\\\/ieslamadraza.com\\\/wp\\\/programa-de-radio-para-conmemorar-el-25-de-noviembre-dia-internacional-de-la-eliminacion-de-la-violencia-contra-la-mujer\\\/#breadcrumb\",\"itemListElement\":[{\"@type\":\"ListItem\",\"position\":1,\"name\":\"Portada\",\"item\":\"https:\\\/\\\/ieslamadraza.com\\\/wp\\\/\"},{\"@type\":\"ListItem\",\"position\":2,\"name\":\"Programa de radio para conmemorar el 25 de noviembre, D\u00eda Internacional de la eliminaci\u00f3n de la violencia contra la mujer.\"}]},{\"@type\":\"WebSite\",\"@id\":\"https:\\\/\\\/ieslamadraza.com\\\/wp\\\/#website\",\"url\":\"https:\\\/\\\/ieslamadraza.com\\\/wp\\\/\",\"name\":\"IES LA MADRAZA\",\"description\":\"Instituto de Ense\u00f1anza Secundaria de Granada (Espa\u00f1a)\",\"publisher\":{\"@id\":\"https:\\\/\\\/ieslamadraza.com\\\/wp\\\/#organization\"},\"alternateName\":\"Inicio - IES LA MADRAZA\",\"potentialAction\":[{\"@type\":\"SearchAction\",\"target\":{\"@type\":\"EntryPoint\",\"urlTemplate\":\"https:\\\/\\\/ieslamadraza.com\\\/wp\\\/?s={search_term_string}\"},\"query-input\":{\"@type\":\"PropertyValueSpecification\",\"valueRequired\":true,\"valueName\":\"search_term_string\"}}],\"inLanguage\":\"es\"},{\"@type\":\"Organization\",\"@id\":\"https:\\\/\\\/ieslamadraza.com\\\/wp\\\/#organization\",\"name\":\"IES La Madraza -Instituto de Ense\u00f1anza Secundaria - Granada\",\"alternateName\":\"IES La Madraza -Instituto de Ense\u00f1anza Secundaria - Granada\",\"url\":\"https:\\\/\\\/ieslamadraza.com\\\/wp\\\/\",\"logo\":{\"@type\":\"ImageObject\",\"inLanguage\":\"es\",\"@id\":\"https:\\\/\\\/ieslamadraza.com\\\/wp\\\/#\\\/schema\\\/logo\\\/image\\\/\",\"url\":\"https:\\\/\\\/ieslamadraza.com\\\/wp\\\/wp-content\\\/img\\\/2025\\\/10\\\/logo.jpeg\",\"contentUrl\":\"https:\\\/\\\/ieslamadraza.com\\\/wp\\\/wp-content\\\/img\\\/2025\\\/10\\\/logo.jpeg\",\"width\":225,\"height\":225,\"caption\":\"IES La Madraza -Instituto de Ense\u00f1anza Secundaria - Granada\"},\"image\":{\"@id\":\"https:\\\/\\\/ieslamadraza.com\\\/wp\\\/#\\\/schema\\\/logo\\\/image\\\/\"},\"sameAs\":[\"https:\\\/\\\/www.facebook.com\\\/ieslamadraza\\\/\",\"https:\\\/\\\/x.com\\\/MadrazaLa\",\"https:\\\/\\\/www.instagram.com\\\/institutolamadraza\\\/\"]},{\"@type\":\"Person\",\"@id\":\"https:\\\/\\\/ieslamadraza.com\\\/wp\\\/#\\\/schema\\\/person\\\/1660c6e0c1cdbfaeb57edd860628d718\",\"name\":\"Esperanza\",\"image\":{\"@type\":\"ImageObject\",\"inLanguage\":\"es\",\"@id\":\"https:\\\/\\\/secure.gravatar.com\\\/avatar\\\/495c96955000491e516021e0a69d064dff5dd12c9312c9dca0945f7c7061fcef?s=96&d=mm&r=g\",\"url\":\"https:\\\/\\\/secure.gravatar.com\\\/avatar\\\/495c96955000491e516021e0a69d064dff5dd12c9312c9dca0945f7c7061fcef?s=96&d=mm&r=g\",\"contentUrl\":\"https:\\\/\\\/secure.gravatar.com\\\/avatar\\\/495c96955000491e516021e0a69d064dff5dd12c9312c9dca0945f7c7061fcef?s=96&d=mm&r=g\",\"caption\":\"Esperanza\"},\"url\":\"https:\\\/\\\/ieslamadraza.com\\\/wp\\\/author\\\/esperanza\\\/\"}]}<\/script>\n<!-- \/ Yoast SEO plugin. -->","yoast_head_json":{"title":"Programa de radio para conmemorar el 25 de noviembre, D\u00eda Internacional de la eliminaci\u00f3n de la violencia contra la mujer. - IES LA MADRAZA","description":"IES La Madraza","robots":{"index":"index","follow":"follow","max-snippet":"max-snippet:-1","max-image-preview":"max-image-preview:large","max-video-preview":"max-video-preview:-1"},"canonical":"https:\/\/ieslamadraza.com\/wp\/programa-de-radio-para-conmemorar-el-25-de-noviembre-dia-internacional-de-la-eliminacion-de-la-violencia-contra-la-mujer\/","og_locale":"es_ES","og_type":"article","og_title":"Programa de radio para conmemorar el 25 de noviembre, D\u00eda Internacional de la eliminaci\u00f3n de la violencia contra la mujer. - IES LA MADRAZA","og_description":"IES La Madraza","og_url":"https:\/\/ieslamadraza.com\/wp\/programa-de-radio-para-conmemorar-el-25-de-noviembre-dia-internacional-de-la-eliminacion-de-la-violencia-contra-la-mujer\/","og_site_name":"IES LA MADRAZA","article_publisher":"https:\/\/www.facebook.com\/ieslamadraza\/","article_published_time":"2022-11-11T18:46:09+00:00","og_image":[{"width":2560,"height":1707,"url":"https:\/\/ieslamadraza.com\/wp\/wp-content\/img\/2022\/11\/jason-leung-D-ITBGnSB1M-unsplash-scaled.jpg","type":"image\/jpeg"}],"author":"Esperanza","twitter_card":"summary_large_image","twitter_creator":"@MadrazaLa","twitter_site":"@MadrazaLa","twitter_misc":{"Escrito por":"Esperanza"},"schema":{"@context":"https:\/\/schema.org","@graph":[{"@type":"Article","@id":"https:\/\/ieslamadraza.com\/wp\/programa-de-radio-para-conmemorar-el-25-de-noviembre-dia-internacional-de-la-eliminacion-de-la-violencia-contra-la-mujer\/#article","isPartOf":{"@id":"https:\/\/ieslamadraza.com\/wp\/programa-de-radio-para-conmemorar-el-25-de-noviembre-dia-internacional-de-la-eliminacion-de-la-violencia-contra-la-mujer\/"},"author":{"name":"Esperanza","@id":"https:\/\/ieslamadraza.com\/wp\/#\/schema\/person\/1660c6e0c1cdbfaeb57edd860628d718"},"headline":"Programa de radio para conmemorar el 25 de noviembre, D\u00eda Internacional de la eliminaci\u00f3n de la violencia contra la mujer.","datePublished":"2022-11-11T18:46:09+00:00","mainEntityOfPage":{"@id":"https:\/\/ieslamadraza.com\/wp\/programa-de-radio-para-conmemorar-el-25-de-noviembre-dia-internacional-de-la-eliminacion-de-la-violencia-contra-la-mujer\/"},"wordCount":55,"commentCount":0,"publisher":{"@id":"https:\/\/ieslamadraza.com\/wp\/#organization"},"image":{"@id":"https:\/\/ieslamadraza.com\/wp\/programa-de-radio-para-conmemorar-el-25-de-noviembre-dia-internacional-de-la-eliminacion-de-la-violencia-contra-la-mujer\/#primaryimage"},"thumbnailUrl":"https:\/\/ieslamadraza.com\/wp\/wp-content\/img\/2022\/11\/jason-leung-D-ITBGnSB1M-unsplash-scaled.jpg","articleSection":["RADIO LA MADRAZA"],"inLanguage":"es","potentialAction":[{"@type":"CommentAction","name":"Comment","target":["https:\/\/ieslamadraza.com\/wp\/programa-de-radio-para-conmemorar-el-25-de-noviembre-dia-internacional-de-la-eliminacion-de-la-violencia-contra-la-mujer\/#respond"]}]},{"@type":"WebPage","@id":"https:\/\/ieslamadraza.com\/wp\/programa-de-radio-para-conmemorar-el-25-de-noviembre-dia-internacional-de-la-eliminacion-de-la-violencia-contra-la-mujer\/","url":"https:\/\/ieslamadraza.com\/wp\/programa-de-radio-para-conmemorar-el-25-de-noviembre-dia-internacional-de-la-eliminacion-de-la-violencia-contra-la-mujer\/","name":"Programa de radio para conmemorar el 25 de noviembre, D\u00eda Internacional de la eliminaci\u00f3n de la violencia contra la mujer. - IES LA MADRAZA","isPartOf":{"@id":"https:\/\/ieslamadraza.com\/wp\/#website"},"primaryImageOfPage":{"@id":"https:\/\/ieslamadraza.com\/wp\/programa-de-radio-para-conmemorar-el-25-de-noviembre-dia-internacional-de-la-eliminacion-de-la-violencia-contra-la-mujer\/#primaryimage"},"image":{"@id":"https:\/\/ieslamadraza.com\/wp\/programa-de-radio-para-conmemorar-el-25-de-noviembre-dia-internacional-de-la-eliminacion-de-la-violencia-contra-la-mujer\/#primaryimage"},"thumbnailUrl":"https:\/\/ieslamadraza.com\/wp\/wp-content\/img\/2022\/11\/jason-leung-D-ITBGnSB1M-unsplash-scaled.jpg","datePublished":"2022-11-11T18:46:09+00:00","description":"IES La Madraza","breadcrumb":{"@id":"https:\/\/ieslamadraza.com\/wp\/programa-de-radio-para-conmemorar-el-25-de-noviembre-dia-internacional-de-la-eliminacion-de-la-violencia-contra-la-mujer\/#breadcrumb"},"inLanguage":"es","potentialAction":[{"@type":"ReadAction","target":["https:\/\/ieslamadraza.com\/wp\/programa-de-radio-para-conmemorar-el-25-de-noviembre-dia-internacional-de-la-eliminacion-de-la-violencia-contra-la-mujer\/"]}]},{"@type":"ImageObject","inLanguage":"es","@id":"https:\/\/ieslamadraza.com\/wp\/programa-de-radio-para-conmemorar-el-25-de-noviembre-dia-internacional-de-la-eliminacion-de-la-violencia-contra-la-mujer\/#primaryimage","url":"https:\/\/ieslamadraza.com\/wp\/wp-content\/img\/2022\/11\/jason-leung-D-ITBGnSB1M-unsplash-scaled.jpg","contentUrl":"https:\/\/ieslamadraza.com\/wp\/wp-content\/img\/2022\/11\/jason-leung-D-ITBGnSB1M-unsplash-scaled.jpg","width":2560,"height":1707},{"@type":"BreadcrumbList","@id":"https:\/\/ieslamadraza.com\/wp\/programa-de-radio-para-conmemorar-el-25-de-noviembre-dia-internacional-de-la-eliminacion-de-la-violencia-contra-la-mujer\/#breadcrumb","itemListElement":[{"@type":"ListItem","position":1,"name":"Portada","item":"https:\/\/ieslamadraza.com\/wp\/"},{"@type":"ListItem","position":2,"name":"Programa de radio para conmemorar el 25 de noviembre, D\u00eda Internacional de la eliminaci\u00f3n de la violencia contra la mujer."}]},{"@type":"WebSite","@id":"https:\/\/ieslamadraza.com\/wp\/#website","url":"https:\/\/ieslamadraza.com\/wp\/","name":"IES LA MADRAZA","description":"Instituto de Ense\u00f1anza Secundaria de Granada (Espa\u00f1a)","publisher":{"@id":"https:\/\/ieslamadraza.com\/wp\/#organization"},"alternateName":"Inicio - IES LA MADRAZA","potentialAction":[{"@type":"SearchAction","target":{"@type":"EntryPoint","urlTemplate":"https:\/\/ieslamadraza.com\/wp\/?s={search_term_string}"},"query-input":{"@type":"PropertyValueSpecification","valueRequired":true,"valueName":"search_term_string"}}],"inLanguage":"es"},{"@type":"Organization","@id":"https:\/\/ieslamadraza.com\/wp\/#organization","name":"IES La Madraza -Instituto de Ense\u00f1anza Secundaria - Granada","alternateName":"IES La Madraza -Instituto de Ense\u00f1anza Secundaria - Granada","url":"https:\/\/ieslamadraza.com\/wp\/","logo":{"@type":"ImageObject","inLanguage":"es","@id":"https:\/\/ieslamadraza.com\/wp\/#\/schema\/logo\/image\/","url":"https:\/\/ieslamadraza.com\/wp\/wp-content\/img\/2025\/10\/logo.jpeg","contentUrl":"https:\/\/ieslamadraza.com\/wp\/wp-content\/img\/2025\/10\/logo.jpeg","width":225,"height":225,"caption":"IES La Madraza -Instituto de Ense\u00f1anza Secundaria - Granada"},"image":{"@id":"https:\/\/ieslamadraza.com\/wp\/#\/schema\/logo\/image\/"},"sameAs":["https:\/\/www.facebook.com\/ieslamadraza\/","https:\/\/x.com\/MadrazaLa","https:\/\/www.instagram.com\/institutolamadraza\/"]},{"@type":"Person","@id":"https:\/\/ieslamadraza.com\/wp\/#\/schema\/person\/1660c6e0c1cdbfaeb57edd860628d718","name":"Esperanza","image":{"@type":"ImageObject","inLanguage":"es","@id":"https:\/\/secure.gravatar.com\/avatar\/495c96955000491e516021e0a69d064dff5dd12c9312c9dca0945f7c7061fcef?s=96&d=mm&r=g","url":"https:\/\/secure.gravatar.com\/avatar\/495c96955000491e516021e0a69d064dff5dd12c9312c9dca0945f7c7061fcef?s=96&d=mm&r=g","contentUrl":"https:\/\/secure.gravatar.com\/avatar\/495c96955000491e516021e0a69d064dff5dd12c9312c9dca0945f7c7061fcef?s=96&d=mm&r=g","caption":"Esperanza"},"url":"https:\/\/ieslamadraza.com\/wp\/author\/esperanza\/"}]}},"_links":{"self":[{"href":"https:\/\/ieslamadraza.com\/wp\/wp-json\/wp\/v2\/posts\/18304","targetHints":{"allow":["GET"]}}],"collection":[{"href":"https:\/\/ieslamadraza.com\/wp\/wp-json\/wp\/v2\/posts"}],"about":[{"href":"https:\/\/ieslamadraza.com\/wp\/wp-json\/wp\/v2\/types\/post"}],"author":[{"embeddable":true,"href":"https:\/\/ieslamadraza.com\/wp\/wp-json\/wp\/v2\/users\/8"}],"replies":[{"embeddable":true,"href":"https:\/\/ieslamadraza.com\/wp\/wp-json\/wp\/v2\/comments?post=18304"}],"version-history":[{"count":0,"href":"https:\/\/ieslamadraza.com\/wp\/wp-json\/wp\/v2\/posts\/18304\/revisions"}],"wp:featuredmedia":[{"embeddable":true,"href":"https:\/\/ieslamadraza.com\/wp\/wp-json\/wp\/v2\/media\/18305"}],"wp:attachment":[{"href":"https:\/\/ieslamadraza.com\/wp\/wp-json\/wp\/v2\/media?parent=18304"}],"wp:term":[{"taxonomy":"category","embeddable":true,"href":"https:\/\/ieslamadraza.com\/wp\/wp-json\/wp\/v2\/categories?post=18304"},{"taxonomy":"post_tag","embeddable":true,"href":"https:\/\/ieslamadraza.com\/wp\/wp-json\/wp\/v2\/tags?post=18304"}],"curies":[{"name":"wp","href":"https:\/\/api.w.org\/{rel}","templated":true}]}}