{"id":18087,"date":"2022-10-15T09:21:35","date_gmt":"2022-10-15T07:21:35","guid":{"rendered":"https:\/\/ieslamadraza.com\/wp\/?p=18087"},"modified":"2022-10-15T09:21:35","modified_gmt":"2022-10-15T07:21:35","slug":"celebracion-del-erasmusdays-en-el-ies-la-madraza","status":"publish","type":"post","link":"https:\/\/ieslamadraza.com\/wp\/celebracion-del-erasmusdays-en-el-ies-la-madraza\/","title":{"rendered":"Celebraci\u00f3n del #ErasmusDays en el IES La Madraza"},"content":{"rendered":"<p>Ayer, a segunda hora y en el Sal\u00f3n de Actos, tuvo lugar la celebraci\u00f3n del <strong>Erasmus Days<\/strong> (13, 14 y 15 de octubre de 2022). El alumnado que participa en <strong>intercambios<\/strong> con otros pa\u00edses, tanto estudiantes hu\u00e9spedes como anfitriones, compartieron sus impresiones sobre esta experiencia en una reuni\u00f3n l\u00fadica, festiva y de hermanamiento. Coordin\u00f3 la Jefa del Departamento de Proyectos Internacionales, <strong>Conchi Reyes<\/strong>, quien cont\u00f3 con la inestimable colaboraci\u00f3n de nuestra Vicedirectora, <strong>Montse L\u00f3pez<\/strong> y otros profesores, como el profesor de Geograf\u00eda e Historia, <strong>Sergio L\u00f3pez<\/strong>.<\/p>\n\n\t\t<style type=\"text\/css\">\n\t\t\t#gallery-1 {\n\t\t\t\tmargin: auto;\n\t\t\t}\n\t\t\t#gallery-1 .gallery-item {\n\t\t\t\tfloat: left;\n\t\t\t\tmargin-top: 10px;\n\t\t\t\ttext-align: center;\n\t\t\t\twidth: 33%;\n\t\t\t}\n\t\t\t#gallery-1 img {\n\t\t\t\tborder: 2px solid #cfcfcf;\n\t\t\t}\n\t\t\t#gallery-1 .gallery-caption {\n\t\t\t\tmargin-left: 0;\n\t\t\t}\n\t\t\t\/* see gallery_shortcode() in wp-includes\/media.php *\/\n\t\t<\/style>\n\t\t<div id='gallery-1' class='gallery galleryid-18087 gallery-columns-3 gallery-size-thumbnail'><dl class='gallery-item'>\n\t\t\t<dt class='gallery-icon landscape'>\n\t\t\t\t<a href='https:\/\/ieslamadraza.com\/wp\/celebracion-del-erasmusdays-en-el-ies-la-madraza\/whatsapp-image-2022-10-14-at-9-28-48-am\/'><img decoding=\"async\" width=\"150\" height=\"150\" data-src=\"https:\/\/ieslamadraza.com\/wp\/wp-content\/img\/2022\/10\/WhatsApp-Image-2022-10-14-at-9.28.48-AM-150x150.jpeg\" class=\"attachment-thumbnail size-thumbnail lazyload\" alt=\"\" data-srcset=\"https:\/\/ieslamadraza.com\/wp\/wp-content\/img\/2022\/10\/WhatsApp-Image-2022-10-14-at-9.28.48-AM-150x150.jpeg 150w, https:\/\/ieslamadraza.com\/wp\/wp-content\/img\/2022\/10\/WhatsApp-Image-2022-10-14-at-9.28.48-AM-440x440.jpeg 440w\" data-sizes=\"(max-width: 150px) 100vw, 150px\" src=\"data:image\/svg+xml;base64,PHN2ZyB3aWR0aD0iMSIgaGVpZ2h0PSIxIiB4bWxucz0iaHR0cDovL3d3dy53My5vcmcvMjAwMC9zdmciPjwvc3ZnPg==\" style=\"--smush-placeholder-width: 150px; --smush-placeholder-aspect-ratio: 150\/150;\" \/><\/a>\n\t\t\t<\/dt><\/dl><dl class='gallery-item'>\n\t\t\t<dt class='gallery-icon landscape'>\n\t\t\t\t<a href='https:\/\/ieslamadraza.com\/wp\/celebracion-del-erasmusdays-en-el-ies-la-madraza\/whatsapp-image-2022-10-14-at-11-02-31-am\/'><img decoding=\"async\" width=\"150\" height=\"150\" data-src=\"https:\/\/ieslamadraza.com\/wp\/wp-content\/img\/2022\/10\/WhatsApp-Image-2022-10-14-at-11.02.31-AM-150x150.jpeg\" class=\"attachment-thumbnail size-thumbnail lazyload\" alt=\"\" data-srcset=\"https:\/\/ieslamadraza.com\/wp\/wp-content\/img\/2022\/10\/WhatsApp-Image-2022-10-14-at-11.02.31-AM-150x150.jpeg 150w, https:\/\/ieslamadraza.com\/wp\/wp-content\/img\/2022\/10\/WhatsApp-Image-2022-10-14-at-11.02.31-AM-440x440.jpeg 440w\" data-sizes=\"(max-width: 150px) 100vw, 150px\" src=\"data:image\/svg+xml;base64,PHN2ZyB3aWR0aD0iMSIgaGVpZ2h0PSIxIiB4bWxucz0iaHR0cDovL3d3dy53My5vcmcvMjAwMC9zdmciPjwvc3ZnPg==\" style=\"--smush-placeholder-width: 150px; --smush-placeholder-aspect-ratio: 150\/150;\" \/><\/a>\n\t\t\t<\/dt><\/dl><dl class='gallery-item'>\n\t\t\t<dt class='gallery-icon landscape'>\n\t\t\t\t<a href='https:\/\/ieslamadraza.com\/wp\/celebracion-del-erasmusdays-en-el-ies-la-madraza\/whatsapp-image-2022-10-14-at-11-02-48-am\/'><img decoding=\"async\" width=\"150\" height=\"150\" data-src=\"https:\/\/ieslamadraza.com\/wp\/wp-content\/img\/2022\/10\/WhatsApp-Image-2022-10-14-at-11.02.48-AM-150x150.jpeg\" class=\"attachment-thumbnail size-thumbnail lazyload\" alt=\"\" data-srcset=\"https:\/\/ieslamadraza.com\/wp\/wp-content\/img\/2022\/10\/WhatsApp-Image-2022-10-14-at-11.02.48-AM-150x150.jpeg 150w, https:\/\/ieslamadraza.com\/wp\/wp-content\/img\/2022\/10\/WhatsApp-Image-2022-10-14-at-11.02.48-AM-440x440.jpeg 440w\" data-sizes=\"(max-width: 150px) 100vw, 150px\" src=\"data:image\/svg+xml;base64,PHN2ZyB3aWR0aD0iMSIgaGVpZ2h0PSIxIiB4bWxucz0iaHR0cDovL3d3dy53My5vcmcvMjAwMC9zdmciPjwvc3ZnPg==\" style=\"--smush-placeholder-width: 150px; --smush-placeholder-aspect-ratio: 150\/150;\" \/><\/a>\n\t\t\t<\/dt><\/dl><br style=\"clear: both\" \/>\n\t\t<\/div>\n\n","protected":false},"excerpt":{"rendered":"<p>Ayer, a segunda hora y en el Sal\u00f3n de Actos, tuvo lugar la celebraci\u00f3n del Erasmus Days (13, 14 y 15 de octubre de 2022). El alumnado que participa en intercambios con otros pa\u00edses, tanto estudiantes hu\u00e9spedes como anfitriones, compartieron sus impresiones sobre esta experiencia en una reuni\u00f3n l\u00fadica, festiva y de hermanamiento. Coordin\u00f3 la [&hellip;]<\/p>\n","protected":false},"author":8,"featured_media":18089,"comment_status":"open","ping_status":"closed","sticky":false,"template":"","format":"standard","meta":{"_et_pb_use_builder":"","_et_pb_old_content":"","_et_gb_content_width":"","_monsterinsights_skip_tracking":false,"_monsterinsights_sitenote_active":false,"_monsterinsights_sitenote_note":"","_monsterinsights_sitenote_category":0,"footnotes":""},"categories":[103,102,119],"tags":[165,163,169,168],"class_list":["post-18087","post","type-post","status-publish","format-standard","has-post-thumbnail","hentry","category-erasmus","category-intercambio","category-ultimas","tag-erasmusdays","tag-erasmusplus","tag-intercambios","tag-sepie","et-has-post-format-content","et_post_format-et-post-format-standard"],"yoast_head":"<!-- This site is optimized with the Yoast SEO plugin v27.5 - https:\/\/yoast.com\/product\/yoast-seo-wordpress\/ -->\n<title>Celebraci\u00f3n del #ErasmusDays en el IES La Madraza - IES LA MADRAZA<\/title>\n<meta name=\"description\" content=\"IES La Madraza\" \/>\n<meta name=\"robots\" content=\"index, follow, max-snippet:-1, max-image-preview:large, max-video-preview:-1\" \/>\n<link rel=\"canonical\" href=\"https:\/\/ieslamadraza.com\/wp\/celebracion-del-erasmusdays-en-el-ies-la-madraza\/\" \/>\n<meta property=\"og:locale\" content=\"es_ES\" \/>\n<meta property=\"og:type\" content=\"article\" \/>\n<meta property=\"og:title\" content=\"Celebraci\u00f3n del #ErasmusDays en el IES La Madraza - IES LA MADRAZA\" \/>\n<meta property=\"og:description\" content=\"IES La Madraza\" \/>\n<meta property=\"og:url\" content=\"https:\/\/ieslamadraza.com\/wp\/celebracion-del-erasmusdays-en-el-ies-la-madraza\/\" \/>\n<meta property=\"og:site_name\" content=\"IES LA MADRAZA\" \/>\n<meta property=\"article:publisher\" content=\"https:\/\/www.facebook.com\/ieslamadraza\/\" \/>\n<meta property=\"article:published_time\" content=\"2022-10-15T07:21:35+00:00\" \/>\n<meta property=\"og:image\" content=\"https:\/\/ieslamadraza.com\/wp\/wp-content\/img\/2022\/10\/WhatsApp-Image-2022-10-14-at-11.02.31-AM.jpeg\" \/>\n\t<meta property=\"og:image:width\" content=\"2048\" \/>\n\t<meta property=\"og:image:height\" content=\"1153\" \/>\n\t<meta property=\"og:image:type\" content=\"image\/jpeg\" \/>\n<meta name=\"author\" content=\"Esperanza\" \/>\n<meta name=\"twitter:card\" content=\"summary_large_image\" \/>\n<meta name=\"twitter:creator\" content=\"@MadrazaLa\" \/>\n<meta name=\"twitter:site\" content=\"@MadrazaLa\" \/>\n<meta name=\"twitter:label1\" content=\"Escrito por\" \/>\n\t<meta name=\"twitter:data1\" content=\"Esperanza\" \/>\n<script type=\"application\/ld+json\" class=\"yoast-schema-graph\">{\"@context\":\"https:\\\/\\\/schema.org\",\"@graph\":[{\"@type\":\"Article\",\"@id\":\"https:\\\/\\\/ieslamadraza.com\\\/wp\\\/celebracion-del-erasmusdays-en-el-ies-la-madraza\\\/#article\",\"isPartOf\":{\"@id\":\"https:\\\/\\\/ieslamadraza.com\\\/wp\\\/celebracion-del-erasmusdays-en-el-ies-la-madraza\\\/\"},\"author\":{\"name\":\"Esperanza\",\"@id\":\"https:\\\/\\\/ieslamadraza.com\\\/wp\\\/#\\\/schema\\\/person\\\/1660c6e0c1cdbfaeb57edd860628d718\"},\"headline\":\"Celebraci\u00f3n del #ErasmusDays en el IES La Madraza\",\"datePublished\":\"2022-10-15T07:21:35+00:00\",\"mainEntityOfPage\":{\"@id\":\"https:\\\/\\\/ieslamadraza.com\\\/wp\\\/celebracion-del-erasmusdays-en-el-ies-la-madraza\\\/\"},\"wordCount\":103,\"commentCount\":0,\"publisher\":{\"@id\":\"https:\\\/\\\/ieslamadraza.com\\\/wp\\\/#organization\"},\"image\":{\"@id\":\"https:\\\/\\\/ieslamadraza.com\\\/wp\\\/celebracion-del-erasmusdays-en-el-ies-la-madraza\\\/#primaryimage\"},\"thumbnailUrl\":\"https:\\\/\\\/ieslamadraza.com\\\/wp\\\/wp-content\\\/img\\\/2022\\\/10\\\/WhatsApp-Image-2022-10-14-at-11.02.31-AM.jpeg\",\"keywords\":[\"erasmusdays\",\"erasmusplus\",\"intercambios\",\"SEPIE\"],\"articleSection\":[\"ERASMUS +\",\"INTERCAMBIOS ESCOLARES\",\"\u00daLTIMAS NOTICIAS\"],\"inLanguage\":\"es\",\"potentialAction\":[{\"@type\":\"CommentAction\",\"name\":\"Comment\",\"target\":[\"https:\\\/\\\/ieslamadraza.com\\\/wp\\\/celebracion-del-erasmusdays-en-el-ies-la-madraza\\\/#respond\"]}]},{\"@type\":\"WebPage\",\"@id\":\"https:\\\/\\\/ieslamadraza.com\\\/wp\\\/celebracion-del-erasmusdays-en-el-ies-la-madraza\\\/\",\"url\":\"https:\\\/\\\/ieslamadraza.com\\\/wp\\\/celebracion-del-erasmusdays-en-el-ies-la-madraza\\\/\",\"name\":\"Celebraci\u00f3n del #ErasmusDays en el IES La Madraza - IES LA MADRAZA\",\"isPartOf\":{\"@id\":\"https:\\\/\\\/ieslamadraza.com\\\/wp\\\/#website\"},\"primaryImageOfPage\":{\"@id\":\"https:\\\/\\\/ieslamadraza.com\\\/wp\\\/celebracion-del-erasmusdays-en-el-ies-la-madraza\\\/#primaryimage\"},\"image\":{\"@id\":\"https:\\\/\\\/ieslamadraza.com\\\/wp\\\/celebracion-del-erasmusdays-en-el-ies-la-madraza\\\/#primaryimage\"},\"thumbnailUrl\":\"https:\\\/\\\/ieslamadraza.com\\\/wp\\\/wp-content\\\/img\\\/2022\\\/10\\\/WhatsApp-Image-2022-10-14-at-11.02.31-AM.jpeg\",\"datePublished\":\"2022-10-15T07:21:35+00:00\",\"description\":\"IES La Madraza\",\"breadcrumb\":{\"@id\":\"https:\\\/\\\/ieslamadraza.com\\\/wp\\\/celebracion-del-erasmusdays-en-el-ies-la-madraza\\\/#breadcrumb\"},\"inLanguage\":\"es\",\"potentialAction\":[{\"@type\":\"ReadAction\",\"target\":[\"https:\\\/\\\/ieslamadraza.com\\\/wp\\\/celebracion-del-erasmusdays-en-el-ies-la-madraza\\\/\"]}]},{\"@type\":\"ImageObject\",\"inLanguage\":\"es\",\"@id\":\"https:\\\/\\\/ieslamadraza.com\\\/wp\\\/celebracion-del-erasmusdays-en-el-ies-la-madraza\\\/#primaryimage\",\"url\":\"https:\\\/\\\/ieslamadraza.com\\\/wp\\\/wp-content\\\/img\\\/2022\\\/10\\\/WhatsApp-Image-2022-10-14-at-11.02.31-AM.jpeg\",\"contentUrl\":\"https:\\\/\\\/ieslamadraza.com\\\/wp\\\/wp-content\\\/img\\\/2022\\\/10\\\/WhatsApp-Image-2022-10-14-at-11.02.31-AM.jpeg\",\"width\":2048,\"height\":1153},{\"@type\":\"BreadcrumbList\",\"@id\":\"https:\\\/\\\/ieslamadraza.com\\\/wp\\\/celebracion-del-erasmusdays-en-el-ies-la-madraza\\\/#breadcrumb\",\"itemListElement\":[{\"@type\":\"ListItem\",\"position\":1,\"name\":\"Portada\",\"item\":\"https:\\\/\\\/ieslamadraza.com\\\/wp\\\/\"},{\"@type\":\"ListItem\",\"position\":2,\"name\":\"Celebraci\u00f3n del #ErasmusDays en el IES La Madraza\"}]},{\"@type\":\"WebSite\",\"@id\":\"https:\\\/\\\/ieslamadraza.com\\\/wp\\\/#website\",\"url\":\"https:\\\/\\\/ieslamadraza.com\\\/wp\\\/\",\"name\":\"IES LA MADRAZA\",\"description\":\"Instituto de Ense\u00f1anza Secundaria de Granada (Espa\u00f1a)\",\"publisher\":{\"@id\":\"https:\\\/\\\/ieslamadraza.com\\\/wp\\\/#organization\"},\"alternateName\":\"Inicio - IES LA MADRAZA\",\"potentialAction\":[{\"@type\":\"SearchAction\",\"target\":{\"@type\":\"EntryPoint\",\"urlTemplate\":\"https:\\\/\\\/ieslamadraza.com\\\/wp\\\/?s={search_term_string}\"},\"query-input\":{\"@type\":\"PropertyValueSpecification\",\"valueRequired\":true,\"valueName\":\"search_term_string\"}}],\"inLanguage\":\"es\"},{\"@type\":\"Organization\",\"@id\":\"https:\\\/\\\/ieslamadraza.com\\\/wp\\\/#organization\",\"name\":\"IES La Madraza -Instituto de Ense\u00f1anza Secundaria - Granada\",\"alternateName\":\"IES La Madraza -Instituto de Ense\u00f1anza Secundaria - Granada\",\"url\":\"https:\\\/\\\/ieslamadraza.com\\\/wp\\\/\",\"logo\":{\"@type\":\"ImageObject\",\"inLanguage\":\"es\",\"@id\":\"https:\\\/\\\/ieslamadraza.com\\\/wp\\\/#\\\/schema\\\/logo\\\/image\\\/\",\"url\":\"https:\\\/\\\/ieslamadraza.com\\\/wp\\\/wp-content\\\/img\\\/2025\\\/10\\\/logo.jpeg\",\"contentUrl\":\"https:\\\/\\\/ieslamadraza.com\\\/wp\\\/wp-content\\\/img\\\/2025\\\/10\\\/logo.jpeg\",\"width\":225,\"height\":225,\"caption\":\"IES La Madraza -Instituto de Ense\u00f1anza Secundaria - Granada\"},\"image\":{\"@id\":\"https:\\\/\\\/ieslamadraza.com\\\/wp\\\/#\\\/schema\\\/logo\\\/image\\\/\"},\"sameAs\":[\"https:\\\/\\\/www.facebook.com\\\/ieslamadraza\\\/\",\"https:\\\/\\\/x.com\\\/MadrazaLa\",\"https:\\\/\\\/www.instagram.com\\\/institutolamadraza\\\/\"]},{\"@type\":\"Person\",\"@id\":\"https:\\\/\\\/ieslamadraza.com\\\/wp\\\/#\\\/schema\\\/person\\\/1660c6e0c1cdbfaeb57edd860628d718\",\"name\":\"Esperanza\",\"image\":{\"@type\":\"ImageObject\",\"inLanguage\":\"es\",\"@id\":\"https:\\\/\\\/secure.gravatar.com\\\/avatar\\\/495c96955000491e516021e0a69d064dff5dd12c9312c9dca0945f7c7061fcef?s=96&d=mm&r=g\",\"url\":\"https:\\\/\\\/secure.gravatar.com\\\/avatar\\\/495c96955000491e516021e0a69d064dff5dd12c9312c9dca0945f7c7061fcef?s=96&d=mm&r=g\",\"contentUrl\":\"https:\\\/\\\/secure.gravatar.com\\\/avatar\\\/495c96955000491e516021e0a69d064dff5dd12c9312c9dca0945f7c7061fcef?s=96&d=mm&r=g\",\"caption\":\"Esperanza\"},\"url\":\"https:\\\/\\\/ieslamadraza.com\\\/wp\\\/author\\\/esperanza\\\/\"}]}<\/script>\n<!-- \/ Yoast SEO plugin. -->","yoast_head_json":{"title":"Celebraci\u00f3n del #ErasmusDays en el IES La Madraza - IES LA MADRAZA","description":"IES La Madraza","robots":{"index":"index","follow":"follow","max-snippet":"max-snippet:-1","max-image-preview":"max-image-preview:large","max-video-preview":"max-video-preview:-1"},"canonical":"https:\/\/ieslamadraza.com\/wp\/celebracion-del-erasmusdays-en-el-ies-la-madraza\/","og_locale":"es_ES","og_type":"article","og_title":"Celebraci\u00f3n del #ErasmusDays en el IES La Madraza - IES LA MADRAZA","og_description":"IES La Madraza","og_url":"https:\/\/ieslamadraza.com\/wp\/celebracion-del-erasmusdays-en-el-ies-la-madraza\/","og_site_name":"IES LA MADRAZA","article_publisher":"https:\/\/www.facebook.com\/ieslamadraza\/","article_published_time":"2022-10-15T07:21:35+00:00","og_image":[{"width":2048,"height":1153,"url":"https:\/\/ieslamadraza.com\/wp\/wp-content\/img\/2022\/10\/WhatsApp-Image-2022-10-14-at-11.02.31-AM.jpeg","type":"image\/jpeg"}],"author":"Esperanza","twitter_card":"summary_large_image","twitter_creator":"@MadrazaLa","twitter_site":"@MadrazaLa","twitter_misc":{"Escrito por":"Esperanza"},"schema":{"@context":"https:\/\/schema.org","@graph":[{"@type":"Article","@id":"https:\/\/ieslamadraza.com\/wp\/celebracion-del-erasmusdays-en-el-ies-la-madraza\/#article","isPartOf":{"@id":"https:\/\/ieslamadraza.com\/wp\/celebracion-del-erasmusdays-en-el-ies-la-madraza\/"},"author":{"name":"Esperanza","@id":"https:\/\/ieslamadraza.com\/wp\/#\/schema\/person\/1660c6e0c1cdbfaeb57edd860628d718"},"headline":"Celebraci\u00f3n del #ErasmusDays en el IES La Madraza","datePublished":"2022-10-15T07:21:35+00:00","mainEntityOfPage":{"@id":"https:\/\/ieslamadraza.com\/wp\/celebracion-del-erasmusdays-en-el-ies-la-madraza\/"},"wordCount":103,"commentCount":0,"publisher":{"@id":"https:\/\/ieslamadraza.com\/wp\/#organization"},"image":{"@id":"https:\/\/ieslamadraza.com\/wp\/celebracion-del-erasmusdays-en-el-ies-la-madraza\/#primaryimage"},"thumbnailUrl":"https:\/\/ieslamadraza.com\/wp\/wp-content\/img\/2022\/10\/WhatsApp-Image-2022-10-14-at-11.02.31-AM.jpeg","keywords":["erasmusdays","erasmusplus","intercambios","SEPIE"],"articleSection":["ERASMUS +","INTERCAMBIOS ESCOLARES","\u00daLTIMAS NOTICIAS"],"inLanguage":"es","potentialAction":[{"@type":"CommentAction","name":"Comment","target":["https:\/\/ieslamadraza.com\/wp\/celebracion-del-erasmusdays-en-el-ies-la-madraza\/#respond"]}]},{"@type":"WebPage","@id":"https:\/\/ieslamadraza.com\/wp\/celebracion-del-erasmusdays-en-el-ies-la-madraza\/","url":"https:\/\/ieslamadraza.com\/wp\/celebracion-del-erasmusdays-en-el-ies-la-madraza\/","name":"Celebraci\u00f3n del #ErasmusDays en el IES La Madraza - IES LA MADRAZA","isPartOf":{"@id":"https:\/\/ieslamadraza.com\/wp\/#website"},"primaryImageOfPage":{"@id":"https:\/\/ieslamadraza.com\/wp\/celebracion-del-erasmusdays-en-el-ies-la-madraza\/#primaryimage"},"image":{"@id":"https:\/\/ieslamadraza.com\/wp\/celebracion-del-erasmusdays-en-el-ies-la-madraza\/#primaryimage"},"thumbnailUrl":"https:\/\/ieslamadraza.com\/wp\/wp-content\/img\/2022\/10\/WhatsApp-Image-2022-10-14-at-11.02.31-AM.jpeg","datePublished":"2022-10-15T07:21:35+00:00","description":"IES La Madraza","breadcrumb":{"@id":"https:\/\/ieslamadraza.com\/wp\/celebracion-del-erasmusdays-en-el-ies-la-madraza\/#breadcrumb"},"inLanguage":"es","potentialAction":[{"@type":"ReadAction","target":["https:\/\/ieslamadraza.com\/wp\/celebracion-del-erasmusdays-en-el-ies-la-madraza\/"]}]},{"@type":"ImageObject","inLanguage":"es","@id":"https:\/\/ieslamadraza.com\/wp\/celebracion-del-erasmusdays-en-el-ies-la-madraza\/#primaryimage","url":"https:\/\/ieslamadraza.com\/wp\/wp-content\/img\/2022\/10\/WhatsApp-Image-2022-10-14-at-11.02.31-AM.jpeg","contentUrl":"https:\/\/ieslamadraza.com\/wp\/wp-content\/img\/2022\/10\/WhatsApp-Image-2022-10-14-at-11.02.31-AM.jpeg","width":2048,"height":1153},{"@type":"BreadcrumbList","@id":"https:\/\/ieslamadraza.com\/wp\/celebracion-del-erasmusdays-en-el-ies-la-madraza\/#breadcrumb","itemListElement":[{"@type":"ListItem","position":1,"name":"Portada","item":"https:\/\/ieslamadraza.com\/wp\/"},{"@type":"ListItem","position":2,"name":"Celebraci\u00f3n del #ErasmusDays en el IES La Madraza"}]},{"@type":"WebSite","@id":"https:\/\/ieslamadraza.com\/wp\/#website","url":"https:\/\/ieslamadraza.com\/wp\/","name":"IES LA MADRAZA","description":"Instituto de Ense\u00f1anza Secundaria de Granada (Espa\u00f1a)","publisher":{"@id":"https:\/\/ieslamadraza.com\/wp\/#organization"},"alternateName":"Inicio - IES LA MADRAZA","potentialAction":[{"@type":"SearchAction","target":{"@type":"EntryPoint","urlTemplate":"https:\/\/ieslamadraza.com\/wp\/?s={search_term_string}"},"query-input":{"@type":"PropertyValueSpecification","valueRequired":true,"valueName":"search_term_string"}}],"inLanguage":"es"},{"@type":"Organization","@id":"https:\/\/ieslamadraza.com\/wp\/#organization","name":"IES La Madraza -Instituto de Ense\u00f1anza Secundaria - Granada","alternateName":"IES La Madraza -Instituto de Ense\u00f1anza Secundaria - Granada","url":"https:\/\/ieslamadraza.com\/wp\/","logo":{"@type":"ImageObject","inLanguage":"es","@id":"https:\/\/ieslamadraza.com\/wp\/#\/schema\/logo\/image\/","url":"https:\/\/ieslamadraza.com\/wp\/wp-content\/img\/2025\/10\/logo.jpeg","contentUrl":"https:\/\/ieslamadraza.com\/wp\/wp-content\/img\/2025\/10\/logo.jpeg","width":225,"height":225,"caption":"IES La Madraza -Instituto de Ense\u00f1anza Secundaria - Granada"},"image":{"@id":"https:\/\/ieslamadraza.com\/wp\/#\/schema\/logo\/image\/"},"sameAs":["https:\/\/www.facebook.com\/ieslamadraza\/","https:\/\/x.com\/MadrazaLa","https:\/\/www.instagram.com\/institutolamadraza\/"]},{"@type":"Person","@id":"https:\/\/ieslamadraza.com\/wp\/#\/schema\/person\/1660c6e0c1cdbfaeb57edd860628d718","name":"Esperanza","image":{"@type":"ImageObject","inLanguage":"es","@id":"https:\/\/secure.gravatar.com\/avatar\/495c96955000491e516021e0a69d064dff5dd12c9312c9dca0945f7c7061fcef?s=96&d=mm&r=g","url":"https:\/\/secure.gravatar.com\/avatar\/495c96955000491e516021e0a69d064dff5dd12c9312c9dca0945f7c7061fcef?s=96&d=mm&r=g","contentUrl":"https:\/\/secure.gravatar.com\/avatar\/495c96955000491e516021e0a69d064dff5dd12c9312c9dca0945f7c7061fcef?s=96&d=mm&r=g","caption":"Esperanza"},"url":"https:\/\/ieslamadraza.com\/wp\/author\/esperanza\/"}]}},"_links":{"self":[{"href":"https:\/\/ieslamadraza.com\/wp\/wp-json\/wp\/v2\/posts\/18087","targetHints":{"allow":["GET"]}}],"collection":[{"href":"https:\/\/ieslamadraza.com\/wp\/wp-json\/wp\/v2\/posts"}],"about":[{"href":"https:\/\/ieslamadraza.com\/wp\/wp-json\/wp\/v2\/types\/post"}],"author":[{"embeddable":true,"href":"https:\/\/ieslamadraza.com\/wp\/wp-json\/wp\/v2\/users\/8"}],"replies":[{"embeddable":true,"href":"https:\/\/ieslamadraza.com\/wp\/wp-json\/wp\/v2\/comments?post=18087"}],"version-history":[{"count":0,"href":"https:\/\/ieslamadraza.com\/wp\/wp-json\/wp\/v2\/posts\/18087\/revisions"}],"wp:featuredmedia":[{"embeddable":true,"href":"https:\/\/ieslamadraza.com\/wp\/wp-json\/wp\/v2\/media\/18089"}],"wp:attachment":[{"href":"https:\/\/ieslamadraza.com\/wp\/wp-json\/wp\/v2\/media?parent=18087"}],"wp:term":[{"taxonomy":"category","embeddable":true,"href":"https:\/\/ieslamadraza.com\/wp\/wp-json\/wp\/v2\/categories?post=18087"},{"taxonomy":"post_tag","embeddable":true,"href":"https:\/\/ieslamadraza.com\/wp\/wp-json\/wp\/v2\/tags?post=18087"}],"curies":[{"name":"wp","href":"https:\/\/api.w.org\/{rel}","templated":true}]}}