{"id":17961,"date":"2022-09-17T18:13:45","date_gmt":"2022-09-17T16:13:45","guid":{"rendered":"https:\/\/ieslamadraza.com\/wp\/?p=17961"},"modified":"2022-09-17T18:23:23","modified_gmt":"2022-09-17T16:23:23","slug":"ano-de-la-biodiversidad-en-la-madraza","status":"publish","type":"post","link":"https:\/\/ieslamadraza.com\/wp\/ano-de-la-biodiversidad-en-la-madraza\/","title":{"rendered":"A\u00f1o de la biodiversidad en La Madraza"},"content":{"rendered":"<p><img decoding=\"async\" class=\"aligncenter wp-image-17965 lazyload\" data-src=\"https:\/\/ieslamadraza.com\/wp\/wp-content\/img\/2022\/09\/2022_09_14-Garza-y-cigu\u0308en\u0303a-Viva-la-biodiversidad-1024x767.jpg\" alt=\"\" width=\"699\" height=\"524\" data-srcset=\"https:\/\/ieslamadraza.com\/wp\/wp-content\/img\/2022\/09\/2022_09_14-Garza-y-cigu\u0308en\u0303a-Viva-la-biodiversidad-1024x767.jpg 1024w, https:\/\/ieslamadraza.com\/wp\/wp-content\/img\/2022\/09\/2022_09_14-Garza-y-cigu\u0308en\u0303a-Viva-la-biodiversidad-300x225.jpg 300w, https:\/\/ieslamadraza.com\/wp\/wp-content\/img\/2022\/09\/2022_09_14-Garza-y-cigu\u0308en\u0303a-Viva-la-biodiversidad-768x575.jpg 768w, https:\/\/ieslamadraza.com\/wp\/wp-content\/img\/2022\/09\/2022_09_14-Garza-y-cigu\u0308en\u0303a-Viva-la-biodiversidad-1536x1150.jpg 1536w, https:\/\/ieslamadraza.com\/wp\/wp-content\/img\/2022\/09\/2022_09_14-Garza-y-cigu\u0308en\u0303a-Viva-la-biodiversidad-2048x1534.jpg 2048w, https:\/\/ieslamadraza.com\/wp\/wp-content\/img\/2022\/09\/2022_09_14-Garza-y-cigu\u0308en\u0303a-Viva-la-biodiversidad-1080x809.jpg 1080w\" data-sizes=\"(max-width: 699px) 100vw, 699px\" src=\"data:image\/svg+xml;base64,PHN2ZyB3aWR0aD0iMSIgaGVpZ2h0PSIxIiB4bWxucz0iaHR0cDovL3d3dy53My5vcmcvMjAwMC9zdmciPjwvc3ZnPg==\" style=\"--smush-placeholder-width: 699px; --smush-placeholder-aspect-ratio: 699\/524;\" \/>Biodiversidad es el n\u00facleo tem\u00e1tico elegido como eje de nuestro Programa Ecoescuelas durante el curso 2022-23. As\u00ed no los indican el <a href=\"https:\/\/ieslamadraza.com\/wp\/hotel-de-insectos-y-totem\/\">t\u00f3tem-hotel de insectos<\/a> situado junto al huerto escolar, la cig\u00fce\u00f1a y la garza de la charca y los pececillos que protagonizan el tabl\u00f3n de anuncios de Ecoescuela planteando las siguientes preguntas: \u00bfqu\u00e9 es la biodiversidad?, \u00bfque importancia tiene?, \u00bfqu\u00e9 biodiversidad hay en el Instituto?, \u00bfqu\u00e9 causa la p\u00e9rdida de biodiversidad?, \u00bfqu\u00e9 consecuencias tiene? y \u00bfqu\u00e9 podemos hacer?<\/p>\n<p>En estas primeras semanas del curso se est\u00e1 definiendo el trabajo a realizar. Son bienvenidas todas las personas que se ofrezcan a participar en la organizaci\u00f3n de este ilusionante proyecto.<img decoding=\"async\" class=\"aligncenter wp-image-17964 lazyload\" data-src=\"https:\/\/ieslamadraza.com\/wp\/wp-content\/img\/2022\/09\/2022_09_14-Tablo\u0301n-de-anuncios-inicial-sobre-biodiversidad-1024x767.jpg\" alt=\"\" width=\"699\" height=\"524\" data-srcset=\"https:\/\/ieslamadraza.com\/wp\/wp-content\/img\/2022\/09\/2022_09_14-Tablo\u0301n-de-anuncios-inicial-sobre-biodiversidad-1024x767.jpg 1024w, https:\/\/ieslamadraza.com\/wp\/wp-content\/img\/2022\/09\/2022_09_14-Tablo\u0301n-de-anuncios-inicial-sobre-biodiversidad-300x225.jpg 300w, https:\/\/ieslamadraza.com\/wp\/wp-content\/img\/2022\/09\/2022_09_14-Tablo\u0301n-de-anuncios-inicial-sobre-biodiversidad-768x575.jpg 768w, https:\/\/ieslamadraza.com\/wp\/wp-content\/img\/2022\/09\/2022_09_14-Tablo\u0301n-de-anuncios-inicial-sobre-biodiversidad-1536x1150.jpg 1536w, https:\/\/ieslamadraza.com\/wp\/wp-content\/img\/2022\/09\/2022_09_14-Tablo\u0301n-de-anuncios-inicial-sobre-biodiversidad-2048x1534.jpg 2048w, https:\/\/ieslamadraza.com\/wp\/wp-content\/img\/2022\/09\/2022_09_14-Tablo\u0301n-de-anuncios-inicial-sobre-biodiversidad-1080x809.jpg 1080w\" data-sizes=\"(max-width: 699px) 100vw, 699px\" src=\"data:image\/svg+xml;base64,PHN2ZyB3aWR0aD0iMSIgaGVpZ2h0PSIxIiB4bWxucz0iaHR0cDovL3d3dy53My5vcmcvMjAwMC9zdmciPjwvc3ZnPg==\" style=\"--smush-placeholder-width: 699px; --smush-placeholder-aspect-ratio: 699\/524;\" \/><\/p>\n<p style=\"text-align: center;\"><a href=\"https:\/\/ieslamadraza.com\/wp\/wp-content\/img\/2022\/09\/2022_09-Tutoria-de-presentacion-de-Ecoescuelas-22-23_compressed.pdf\">2022_09 Tutor\u00eda de presentaci\u00f3n del Programa Ecoescuelas 2022-23<\/a><\/p>\n","protected":false},"excerpt":{"rendered":"<p>Biodiversidad es el n\u00facleo tem\u00e1tico elegido como eje de nuestro Programa Ecoescuelas durante el curso 2022-23. As\u00ed no los indican el t\u00f3tem-hotel de insectos situado junto al huerto escolar, la cig\u00fce\u00f1a y la garza de la charca y los pececillos que protagonizan el tabl\u00f3n de anuncios de Ecoescuela planteando las siguientes preguntas: \u00bfqu\u00e9 es la [&hellip;]<\/p>\n","protected":false},"author":3,"featured_media":17965,"comment_status":"open","ping_status":"closed","sticky":false,"template":"","format":"standard","meta":{"_et_pb_use_builder":"","_et_pb_old_content":"","_et_gb_content_width":"","_monsterinsights_skip_tracking":false,"_monsterinsights_sitenote_active":false,"_monsterinsights_sitenote_note":"","_monsterinsights_sitenote_category":0,"footnotes":""},"categories":[78],"tags":[],"class_list":["post-17961","post","type-post","status-publish","format-standard","has-post-thumbnail","hentry","category-ecoescuela-ecoescuela","et-has-post-format-content","et_post_format-et-post-format-standard"],"yoast_head":"<!-- This site is optimized with the Yoast SEO plugin v27.5 - https:\/\/yoast.com\/product\/yoast-seo-wordpress\/ -->\n<title>A\u00f1o de la biodiversidad en La Madraza - IES LA MADRAZA<\/title>\n<meta name=\"description\" content=\"IES La Madraza\" \/>\n<meta name=\"robots\" content=\"index, follow, max-snippet:-1, max-image-preview:large, max-video-preview:-1\" \/>\n<link rel=\"canonical\" href=\"https:\/\/ieslamadraza.com\/wp\/ano-de-la-biodiversidad-en-la-madraza\/\" \/>\n<meta property=\"og:locale\" content=\"es_ES\" \/>\n<meta property=\"og:type\" content=\"article\" \/>\n<meta property=\"og:title\" content=\"A\u00f1o de la biodiversidad en La Madraza - IES LA MADRAZA\" \/>\n<meta property=\"og:description\" content=\"IES La Madraza\" \/>\n<meta property=\"og:url\" content=\"https:\/\/ieslamadraza.com\/wp\/ano-de-la-biodiversidad-en-la-madraza\/\" \/>\n<meta property=\"og:site_name\" content=\"IES LA MADRAZA\" \/>\n<meta property=\"article:publisher\" content=\"https:\/\/www.facebook.com\/ieslamadraza\/\" \/>\n<meta property=\"article:published_time\" content=\"2022-09-17T16:13:45+00:00\" \/>\n<meta property=\"article:modified_time\" content=\"2022-09-17T16:23:23+00:00\" \/>\n<meta property=\"og:image\" content=\"https:\/\/ieslamadraza.com\/wp\/wp-content\/img\/2022\/09\/2022_09_14-Garza-y-cigu\u0308en\u0303a-Viva-la-biodiversidad-scaled.jpg\" \/>\n\t<meta property=\"og:image:width\" content=\"2560\" \/>\n\t<meta property=\"og:image:height\" content=\"1917\" \/>\n\t<meta property=\"og:image:type\" content=\"image\/jpeg\" \/>\n<meta name=\"author\" content=\"Pablo Acosta Robles\" \/>\n<meta name=\"twitter:card\" content=\"summary_large_image\" \/>\n<meta name=\"twitter:creator\" content=\"@MadrazaLa\" \/>\n<meta name=\"twitter:site\" content=\"@MadrazaLa\" \/>\n<meta name=\"twitter:label1\" content=\"Escrito por\" \/>\n\t<meta name=\"twitter:data1\" content=\"Pablo Acosta Robles\" \/>\n\t<meta name=\"twitter:label2\" content=\"Tiempo de lectura\" \/>\n\t<meta name=\"twitter:data2\" content=\"1 minuto\" \/>\n<script type=\"application\/ld+json\" class=\"yoast-schema-graph\">{\"@context\":\"https:\\\/\\\/schema.org\",\"@graph\":[{\"@type\":\"Article\",\"@id\":\"https:\\\/\\\/ieslamadraza.com\\\/wp\\\/ano-de-la-biodiversidad-en-la-madraza\\\/#article\",\"isPartOf\":{\"@id\":\"https:\\\/\\\/ieslamadraza.com\\\/wp\\\/ano-de-la-biodiversidad-en-la-madraza\\\/\"},\"author\":{\"name\":\"Pablo Acosta Robles\",\"@id\":\"https:\\\/\\\/ieslamadraza.com\\\/wp\\\/#\\\/schema\\\/person\\\/d18d75ada99363ede30eade0c7b383d0\"},\"headline\":\"A\u00f1o de la biodiversidad en La Madraza\",\"datePublished\":\"2022-09-17T16:13:45+00:00\",\"dateModified\":\"2022-09-17T16:23:23+00:00\",\"mainEntityOfPage\":{\"@id\":\"https:\\\/\\\/ieslamadraza.com\\\/wp\\\/ano-de-la-biodiversidad-en-la-madraza\\\/\"},\"wordCount\":133,\"commentCount\":0,\"publisher\":{\"@id\":\"https:\\\/\\\/ieslamadraza.com\\\/wp\\\/#organization\"},\"image\":{\"@id\":\"https:\\\/\\\/ieslamadraza.com\\\/wp\\\/ano-de-la-biodiversidad-en-la-madraza\\\/#primaryimage\"},\"thumbnailUrl\":\"https:\\\/\\\/ieslamadraza.com\\\/wp\\\/wp-content\\\/img\\\/2022\\\/09\\\/2022_09_14-Garza-y-cigu\u0308en\u0303a-Viva-la-biodiversidad-scaled.jpg\",\"articleSection\":[\"ECOESCUELA\"],\"inLanguage\":\"es\",\"potentialAction\":[{\"@type\":\"CommentAction\",\"name\":\"Comment\",\"target\":[\"https:\\\/\\\/ieslamadraza.com\\\/wp\\\/ano-de-la-biodiversidad-en-la-madraza\\\/#respond\"]}]},{\"@type\":\"WebPage\",\"@id\":\"https:\\\/\\\/ieslamadraza.com\\\/wp\\\/ano-de-la-biodiversidad-en-la-madraza\\\/\",\"url\":\"https:\\\/\\\/ieslamadraza.com\\\/wp\\\/ano-de-la-biodiversidad-en-la-madraza\\\/\",\"name\":\"A\u00f1o de la biodiversidad en La Madraza - IES LA MADRAZA\",\"isPartOf\":{\"@id\":\"https:\\\/\\\/ieslamadraza.com\\\/wp\\\/#website\"},\"primaryImageOfPage\":{\"@id\":\"https:\\\/\\\/ieslamadraza.com\\\/wp\\\/ano-de-la-biodiversidad-en-la-madraza\\\/#primaryimage\"},\"image\":{\"@id\":\"https:\\\/\\\/ieslamadraza.com\\\/wp\\\/ano-de-la-biodiversidad-en-la-madraza\\\/#primaryimage\"},\"thumbnailUrl\":\"https:\\\/\\\/ieslamadraza.com\\\/wp\\\/wp-content\\\/img\\\/2022\\\/09\\\/2022_09_14-Garza-y-cigu\u0308en\u0303a-Viva-la-biodiversidad-scaled.jpg\",\"datePublished\":\"2022-09-17T16:13:45+00:00\",\"dateModified\":\"2022-09-17T16:23:23+00:00\",\"description\":\"IES La Madraza\",\"breadcrumb\":{\"@id\":\"https:\\\/\\\/ieslamadraza.com\\\/wp\\\/ano-de-la-biodiversidad-en-la-madraza\\\/#breadcrumb\"},\"inLanguage\":\"es\",\"potentialAction\":[{\"@type\":\"ReadAction\",\"target\":[\"https:\\\/\\\/ieslamadraza.com\\\/wp\\\/ano-de-la-biodiversidad-en-la-madraza\\\/\"]}]},{\"@type\":\"ImageObject\",\"inLanguage\":\"es\",\"@id\":\"https:\\\/\\\/ieslamadraza.com\\\/wp\\\/ano-de-la-biodiversidad-en-la-madraza\\\/#primaryimage\",\"url\":\"https:\\\/\\\/ieslamadraza.com\\\/wp\\\/wp-content\\\/img\\\/2022\\\/09\\\/2022_09_14-Garza-y-cigu\u0308en\u0303a-Viva-la-biodiversidad-scaled.jpg\",\"contentUrl\":\"https:\\\/\\\/ieslamadraza.com\\\/wp\\\/wp-content\\\/img\\\/2022\\\/09\\\/2022_09_14-Garza-y-cigu\u0308en\u0303a-Viva-la-biodiversidad-scaled.jpg\",\"width\":2560,\"height\":1917},{\"@type\":\"BreadcrumbList\",\"@id\":\"https:\\\/\\\/ieslamadraza.com\\\/wp\\\/ano-de-la-biodiversidad-en-la-madraza\\\/#breadcrumb\",\"itemListElement\":[{\"@type\":\"ListItem\",\"position\":1,\"name\":\"Portada\",\"item\":\"https:\\\/\\\/ieslamadraza.com\\\/wp\\\/\"},{\"@type\":\"ListItem\",\"position\":2,\"name\":\"A\u00f1o de la biodiversidad en La Madraza\"}]},{\"@type\":\"WebSite\",\"@id\":\"https:\\\/\\\/ieslamadraza.com\\\/wp\\\/#website\",\"url\":\"https:\\\/\\\/ieslamadraza.com\\\/wp\\\/\",\"name\":\"IES LA MADRAZA\",\"description\":\"Instituto de Ense\u00f1anza Secundaria de Granada (Espa\u00f1a)\",\"publisher\":{\"@id\":\"https:\\\/\\\/ieslamadraza.com\\\/wp\\\/#organization\"},\"alternateName\":\"Inicio - IES LA MADRAZA\",\"potentialAction\":[{\"@type\":\"SearchAction\",\"target\":{\"@type\":\"EntryPoint\",\"urlTemplate\":\"https:\\\/\\\/ieslamadraza.com\\\/wp\\\/?s={search_term_string}\"},\"query-input\":{\"@type\":\"PropertyValueSpecification\",\"valueRequired\":true,\"valueName\":\"search_term_string\"}}],\"inLanguage\":\"es\"},{\"@type\":\"Organization\",\"@id\":\"https:\\\/\\\/ieslamadraza.com\\\/wp\\\/#organization\",\"name\":\"IES La Madraza -Instituto de Ense\u00f1anza Secundaria - Granada\",\"alternateName\":\"IES La Madraza -Instituto de Ense\u00f1anza Secundaria - Granada\",\"url\":\"https:\\\/\\\/ieslamadraza.com\\\/wp\\\/\",\"logo\":{\"@type\":\"ImageObject\",\"inLanguage\":\"es\",\"@id\":\"https:\\\/\\\/ieslamadraza.com\\\/wp\\\/#\\\/schema\\\/logo\\\/image\\\/\",\"url\":\"https:\\\/\\\/ieslamadraza.com\\\/wp\\\/wp-content\\\/img\\\/2025\\\/10\\\/logo.jpeg\",\"contentUrl\":\"https:\\\/\\\/ieslamadraza.com\\\/wp\\\/wp-content\\\/img\\\/2025\\\/10\\\/logo.jpeg\",\"width\":225,\"height\":225,\"caption\":\"IES La Madraza -Instituto de Ense\u00f1anza Secundaria - Granada\"},\"image\":{\"@id\":\"https:\\\/\\\/ieslamadraza.com\\\/wp\\\/#\\\/schema\\\/logo\\\/image\\\/\"},\"sameAs\":[\"https:\\\/\\\/www.facebook.com\\\/ieslamadraza\\\/\",\"https:\\\/\\\/x.com\\\/MadrazaLa\",\"https:\\\/\\\/www.instagram.com\\\/institutolamadraza\\\/\"]},{\"@type\":\"Person\",\"@id\":\"https:\\\/\\\/ieslamadraza.com\\\/wp\\\/#\\\/schema\\\/person\\\/d18d75ada99363ede30eade0c7b383d0\",\"name\":\"Pablo Acosta Robles\",\"image\":{\"@type\":\"ImageObject\",\"inLanguage\":\"es\",\"@id\":\"https:\\\/\\\/secure.gravatar.com\\\/avatar\\\/de366d44c0d2f7406ad434f0c9650ee7d0d2a7258b6f1a511aa8345445bb21b5?s=96&d=mm&r=g\",\"url\":\"https:\\\/\\\/secure.gravatar.com\\\/avatar\\\/de366d44c0d2f7406ad434f0c9650ee7d0d2a7258b6f1a511aa8345445bb21b5?s=96&d=mm&r=g\",\"contentUrl\":\"https:\\\/\\\/secure.gravatar.com\\\/avatar\\\/de366d44c0d2f7406ad434f0c9650ee7d0d2a7258b6f1a511aa8345445bb21b5?s=96&d=mm&r=g\",\"caption\":\"Pablo Acosta Robles\"},\"url\":\"https:\\\/\\\/ieslamadraza.com\\\/wp\\\/author\\\/pablo\\\/\"}]}<\/script>\n<!-- \/ Yoast SEO plugin. -->","yoast_head_json":{"title":"A\u00f1o de la biodiversidad en La Madraza - IES LA MADRAZA","description":"IES La Madraza","robots":{"index":"index","follow":"follow","max-snippet":"max-snippet:-1","max-image-preview":"max-image-preview:large","max-video-preview":"max-video-preview:-1"},"canonical":"https:\/\/ieslamadraza.com\/wp\/ano-de-la-biodiversidad-en-la-madraza\/","og_locale":"es_ES","og_type":"article","og_title":"A\u00f1o de la biodiversidad en La Madraza - IES LA MADRAZA","og_description":"IES La Madraza","og_url":"https:\/\/ieslamadraza.com\/wp\/ano-de-la-biodiversidad-en-la-madraza\/","og_site_name":"IES LA MADRAZA","article_publisher":"https:\/\/www.facebook.com\/ieslamadraza\/","article_published_time":"2022-09-17T16:13:45+00:00","article_modified_time":"2022-09-17T16:23:23+00:00","og_image":[{"width":2560,"height":1917,"url":"https:\/\/ieslamadraza.com\/wp\/wp-content\/img\/2022\/09\/2022_09_14-Garza-y-cigu\u0308en\u0303a-Viva-la-biodiversidad-scaled.jpg","type":"image\/jpeg"}],"author":"Pablo Acosta Robles","twitter_card":"summary_large_image","twitter_creator":"@MadrazaLa","twitter_site":"@MadrazaLa","twitter_misc":{"Escrito por":"Pablo Acosta Robles","Tiempo de lectura":"1 minuto"},"schema":{"@context":"https:\/\/schema.org","@graph":[{"@type":"Article","@id":"https:\/\/ieslamadraza.com\/wp\/ano-de-la-biodiversidad-en-la-madraza\/#article","isPartOf":{"@id":"https:\/\/ieslamadraza.com\/wp\/ano-de-la-biodiversidad-en-la-madraza\/"},"author":{"name":"Pablo Acosta Robles","@id":"https:\/\/ieslamadraza.com\/wp\/#\/schema\/person\/d18d75ada99363ede30eade0c7b383d0"},"headline":"A\u00f1o de la biodiversidad en La Madraza","datePublished":"2022-09-17T16:13:45+00:00","dateModified":"2022-09-17T16:23:23+00:00","mainEntityOfPage":{"@id":"https:\/\/ieslamadraza.com\/wp\/ano-de-la-biodiversidad-en-la-madraza\/"},"wordCount":133,"commentCount":0,"publisher":{"@id":"https:\/\/ieslamadraza.com\/wp\/#organization"},"image":{"@id":"https:\/\/ieslamadraza.com\/wp\/ano-de-la-biodiversidad-en-la-madraza\/#primaryimage"},"thumbnailUrl":"https:\/\/ieslamadraza.com\/wp\/wp-content\/img\/2022\/09\/2022_09_14-Garza-y-cigu\u0308en\u0303a-Viva-la-biodiversidad-scaled.jpg","articleSection":["ECOESCUELA"],"inLanguage":"es","potentialAction":[{"@type":"CommentAction","name":"Comment","target":["https:\/\/ieslamadraza.com\/wp\/ano-de-la-biodiversidad-en-la-madraza\/#respond"]}]},{"@type":"WebPage","@id":"https:\/\/ieslamadraza.com\/wp\/ano-de-la-biodiversidad-en-la-madraza\/","url":"https:\/\/ieslamadraza.com\/wp\/ano-de-la-biodiversidad-en-la-madraza\/","name":"A\u00f1o de la biodiversidad en La Madraza - IES LA MADRAZA","isPartOf":{"@id":"https:\/\/ieslamadraza.com\/wp\/#website"},"primaryImageOfPage":{"@id":"https:\/\/ieslamadraza.com\/wp\/ano-de-la-biodiversidad-en-la-madraza\/#primaryimage"},"image":{"@id":"https:\/\/ieslamadraza.com\/wp\/ano-de-la-biodiversidad-en-la-madraza\/#primaryimage"},"thumbnailUrl":"https:\/\/ieslamadraza.com\/wp\/wp-content\/img\/2022\/09\/2022_09_14-Garza-y-cigu\u0308en\u0303a-Viva-la-biodiversidad-scaled.jpg","datePublished":"2022-09-17T16:13:45+00:00","dateModified":"2022-09-17T16:23:23+00:00","description":"IES La Madraza","breadcrumb":{"@id":"https:\/\/ieslamadraza.com\/wp\/ano-de-la-biodiversidad-en-la-madraza\/#breadcrumb"},"inLanguage":"es","potentialAction":[{"@type":"ReadAction","target":["https:\/\/ieslamadraza.com\/wp\/ano-de-la-biodiversidad-en-la-madraza\/"]}]},{"@type":"ImageObject","inLanguage":"es","@id":"https:\/\/ieslamadraza.com\/wp\/ano-de-la-biodiversidad-en-la-madraza\/#primaryimage","url":"https:\/\/ieslamadraza.com\/wp\/wp-content\/img\/2022\/09\/2022_09_14-Garza-y-cigu\u0308en\u0303a-Viva-la-biodiversidad-scaled.jpg","contentUrl":"https:\/\/ieslamadraza.com\/wp\/wp-content\/img\/2022\/09\/2022_09_14-Garza-y-cigu\u0308en\u0303a-Viva-la-biodiversidad-scaled.jpg","width":2560,"height":1917},{"@type":"BreadcrumbList","@id":"https:\/\/ieslamadraza.com\/wp\/ano-de-la-biodiversidad-en-la-madraza\/#breadcrumb","itemListElement":[{"@type":"ListItem","position":1,"name":"Portada","item":"https:\/\/ieslamadraza.com\/wp\/"},{"@type":"ListItem","position":2,"name":"A\u00f1o de la biodiversidad en La Madraza"}]},{"@type":"WebSite","@id":"https:\/\/ieslamadraza.com\/wp\/#website","url":"https:\/\/ieslamadraza.com\/wp\/","name":"IES LA MADRAZA","description":"Instituto de Ense\u00f1anza Secundaria de Granada (Espa\u00f1a)","publisher":{"@id":"https:\/\/ieslamadraza.com\/wp\/#organization"},"alternateName":"Inicio - IES LA MADRAZA","potentialAction":[{"@type":"SearchAction","target":{"@type":"EntryPoint","urlTemplate":"https:\/\/ieslamadraza.com\/wp\/?s={search_term_string}"},"query-input":{"@type":"PropertyValueSpecification","valueRequired":true,"valueName":"search_term_string"}}],"inLanguage":"es"},{"@type":"Organization","@id":"https:\/\/ieslamadraza.com\/wp\/#organization","name":"IES La Madraza -Instituto de Ense\u00f1anza Secundaria - Granada","alternateName":"IES La Madraza -Instituto de Ense\u00f1anza Secundaria - Granada","url":"https:\/\/ieslamadraza.com\/wp\/","logo":{"@type":"ImageObject","inLanguage":"es","@id":"https:\/\/ieslamadraza.com\/wp\/#\/schema\/logo\/image\/","url":"https:\/\/ieslamadraza.com\/wp\/wp-content\/img\/2025\/10\/logo.jpeg","contentUrl":"https:\/\/ieslamadraza.com\/wp\/wp-content\/img\/2025\/10\/logo.jpeg","width":225,"height":225,"caption":"IES La Madraza -Instituto de Ense\u00f1anza Secundaria - Granada"},"image":{"@id":"https:\/\/ieslamadraza.com\/wp\/#\/schema\/logo\/image\/"},"sameAs":["https:\/\/www.facebook.com\/ieslamadraza\/","https:\/\/x.com\/MadrazaLa","https:\/\/www.instagram.com\/institutolamadraza\/"]},{"@type":"Person","@id":"https:\/\/ieslamadraza.com\/wp\/#\/schema\/person\/d18d75ada99363ede30eade0c7b383d0","name":"Pablo Acosta Robles","image":{"@type":"ImageObject","inLanguage":"es","@id":"https:\/\/secure.gravatar.com\/avatar\/de366d44c0d2f7406ad434f0c9650ee7d0d2a7258b6f1a511aa8345445bb21b5?s=96&d=mm&r=g","url":"https:\/\/secure.gravatar.com\/avatar\/de366d44c0d2f7406ad434f0c9650ee7d0d2a7258b6f1a511aa8345445bb21b5?s=96&d=mm&r=g","contentUrl":"https:\/\/secure.gravatar.com\/avatar\/de366d44c0d2f7406ad434f0c9650ee7d0d2a7258b6f1a511aa8345445bb21b5?s=96&d=mm&r=g","caption":"Pablo Acosta Robles"},"url":"https:\/\/ieslamadraza.com\/wp\/author\/pablo\/"}]}},"_links":{"self":[{"href":"https:\/\/ieslamadraza.com\/wp\/wp-json\/wp\/v2\/posts\/17961","targetHints":{"allow":["GET"]}}],"collection":[{"href":"https:\/\/ieslamadraza.com\/wp\/wp-json\/wp\/v2\/posts"}],"about":[{"href":"https:\/\/ieslamadraza.com\/wp\/wp-json\/wp\/v2\/types\/post"}],"author":[{"embeddable":true,"href":"https:\/\/ieslamadraza.com\/wp\/wp-json\/wp\/v2\/users\/3"}],"replies":[{"embeddable":true,"href":"https:\/\/ieslamadraza.com\/wp\/wp-json\/wp\/v2\/comments?post=17961"}],"version-history":[{"count":0,"href":"https:\/\/ieslamadraza.com\/wp\/wp-json\/wp\/v2\/posts\/17961\/revisions"}],"wp:featuredmedia":[{"embeddable":true,"href":"https:\/\/ieslamadraza.com\/wp\/wp-json\/wp\/v2\/media\/17965"}],"wp:attachment":[{"href":"https:\/\/ieslamadraza.com\/wp\/wp-json\/wp\/v2\/media?parent=17961"}],"wp:term":[{"taxonomy":"category","embeddable":true,"href":"https:\/\/ieslamadraza.com\/wp\/wp-json\/wp\/v2\/categories?post=17961"},{"taxonomy":"post_tag","embeddable":true,"href":"https:\/\/ieslamadraza.com\/wp\/wp-json\/wp\/v2\/tags?post=17961"}],"curies":[{"name":"wp","href":"https:\/\/api.w.org\/{rel}","templated":true}]}}