{"id":1760,"date":"2016-04-21T20:34:55","date_gmt":"2016-04-21T18:34:55","guid":{"rendered":"http:\/\/ieslamadraza.com\/wp\/en-abril-empatiza-con-el-autismo\/"},"modified":"2025-11-12T20:19:02","modified_gmt":"2025-11-12T19:19:02","slug":"en-abril-empatiza-con-el-autismo","status":"publish","type":"post","link":"https:\/\/ieslamadraza.com\/wp\/en-abril-empatiza-con-el-autismo\/","title":{"rendered":"EN ABRIL, EMPATIZA CON EL AUTISMO"},"content":{"rendered":"<div style=\"text-align: justify;\">Durante este mes de abril seguimos trabajando la concienciaci\u00f3n sobre el  Autismo. Para ello, la profesora del Aula de TEA Silvia Rom\u00e1n, ha  desarrollado en toda Secundaria unas din\u00e1micas de grupo relacionadas con  el este trastorno. <br \/>Por otro lado, desde el Aula Espec\u00edfica se  invita a toda la Comunidad Educativa a visitar la Exposici\u00f3n sobre el  Autismo en el Pasaje de la Libertad (junto a Conserjer\u00eda) montada por el  tutor del Aula de TEA Nicol\u00e1s Crespo.<\/div>\n<p style=\"text-align: center;\">\n<p style=\"text-align: center;\"><img decoding=\"async\" data-src=\"images\/stories\/2016_04_21%20Autismo%202.JPG\" height=\"320\" width=\"426\" src=\"data:image\/svg+xml;base64,PHN2ZyB3aWR0aD0iMSIgaGVpZ2h0PSIxIiB4bWxucz0iaHR0cDovL3d3dy53My5vcmcvMjAwMC9zdmciPjwvc3ZnPg==\" class=\"lazyload\" style=\"--smush-placeholder-width: 426px; --smush-placeholder-aspect-ratio: 426\/320;\" \/><\/p>\n<p style=\"text-align: center;\"><img decoding=\"async\" style=\"--smush-placeholder-width: 427px; --smush-placeholder-aspect-ratio: 427\/319;margin: 8px;\" data-src=\"images\/stories\/2016_04_21%20Autismo%203.JPG\" height=\"319\" width=\"427\" src=\"data:image\/svg+xml;base64,PHN2ZyB3aWR0aD0iMSIgaGVpZ2h0PSIxIiB4bWxucz0iaHR0cDovL3d3dy53My5vcmcvMjAwMC9zdmciPjwvc3ZnPg==\" class=\"lazyload\" \/><\/p>\n<p>Por \u00faltimo adjuntamos este v\u00eddeo que nos habla sobre algunas cosas que una persona con Autismo le gustar\u00eda que supi\u00e9semos.<\/p>\n<p style=\"text-align: center;\"> <object height=\"299\" width=\"399\" codebase=\"http:\/\/download.macromedia.com\/pub\/shockwave\/cabs\/flash\/swflash.cab#version=10,0,32,18\" classid=\"clsid:d27cdb6e-ae6d-11cf-96b8-444553540000\"><param name=\"allowFullScreen\" value=\"true\" \/><param name=\"allowscriptaccess\" value=\"always\" \/><param name=\"src\" value=\"http:\/\/www.youtube.com\/v\/qGeaP8Q07H4?version=3&amp;hl=es_ES\" \/><embed height=\"299\" width=\"399\" src=\"http:\/\/www.youtube.com\/v\/qGeaP8Q07H4?version=3&amp;hl=es_ES\" allowscriptaccess=\"always\" allowfullscreen=\"true\" type=\"application\/x-shockwave-flash\"><\/embed><\/object> <\/p>\n<p> <!--  \/* Font Definitions *\/ @font-face     {font-family:Calibri;     panose-1:2 15 5 2 2 2 4 3 2 4;     mso-font-charset:0;     mso-generic-font-family:auto;     mso-font-pitch:variable;     mso-font-signature:3 0 0 0 1 0;}  \/* Style Definitions *\/ p.MsoNormal, li.MsoNormal, div.MsoNormal     {mso-style-unhide:no;     mso-style-qformat:yes;     mso-style-parent:\"\";     margin-top:0cm;     margin-right:0cm;     margin-bottom:10.0pt;     margin-left:0cm;     line-height:115%;     mso-pagination:widow-orphan;     font-size:11.0pt;     font-family:Calibri;     mso-ascii-font-family:Calibri;     mso-ascii-theme-font:minor-latin;     mso-fareast-font-family:Calibri;     mso-fareast-theme-font:minor-latin;     mso-hansi-font-family:Calibri;     mso-hansi-theme-font:minor-latin;     mso-bidi-font-family:\"Times New Roman\";     mso-bidi-theme-font:minor-bidi;     mso-ansi-language:ES;     mso-fareast-language:EN-US;} .MsoChpDefault     {mso-style-type:export-only;     mso-default-props:yes;     font-size:11.0pt;     mso-ansi-font-size:11.0pt;     mso-bidi-font-size:11.0pt;     font-family:Calibri;     mso-ascii-font-family:Calibri;     mso-ascii-theme-font:minor-latin;     mso-fareast-font-family:Calibri;     mso-fareast-theme-font:minor-latin;     mso-hansi-font-family:Calibri;     mso-hansi-theme-font:minor-latin;     mso-bidi-font-family:\"Times New Roman\";     mso-bidi-theme-font:minor-bidi;     mso-ansi-language:ES;     mso-fareast-language:EN-US;} .MsoPapDefault     {mso-style-type:export-only;     margin-bottom:10.0pt;     line-height:115%;} @page WordSection1     {size:612.0pt 792.0pt;     margin:70.85pt 3.0cm 70.85pt 3.0cm;     mso-header-margin:36.0pt;     mso-footer-margin:36.0pt;     mso-paper-source:0;} div.WordSection1     {page:WordSection1;} -->&nbsp;<\/p>\n","protected":false},"excerpt":{"rendered":"<p>Durante este mes de abril seguimos trabajando la concienciaci\u00f3n sobre el Autismo. Para ello, la profesora del Aula de TEA Silvia Rom\u00e1n, ha desarrollado en toda Secundaria unas din\u00e1micas de grupo relacionadas con el este trastorno. Por otro lado, desde el Aula Espec\u00edfica se invita a toda la Comunidad Educativa a visitar la Exposici\u00f3n sobre [&hellip;]<\/p>\n","protected":false},"author":7,"featured_media":0,"comment_status":"closed","ping_status":"closed","sticky":false,"template":"","format":"standard","meta":{"_et_pb_use_builder":"","_et_pb_old_content":"","_et_gb_content_width":"","_monsterinsights_skip_tracking":false,"_monsterinsights_sitenote_active":false,"_monsterinsights_sitenote_note":"","_monsterinsights_sitenote_category":0,"footnotes":""},"categories":[194],"tags":[],"class_list":["post-1760","post","type-post","status-publish","format-standard","hentry","category-aula-tea","et-doesnt-have-format-content","et_post_format-et-post-format-standard"],"yoast_head":"<!-- This site is optimized with the Yoast SEO plugin v27.5 - https:\/\/yoast.com\/product\/yoast-seo-wordpress\/ -->\n<title>EN ABRIL, EMPATIZA CON EL AUTISMO - IES LA MADRAZA<\/title>\n<meta name=\"description\" content=\"IES La Madraza\" \/>\n<meta name=\"robots\" content=\"index, follow, max-snippet:-1, max-image-preview:large, max-video-preview:-1\" \/>\n<link rel=\"canonical\" href=\"https:\/\/ieslamadraza.com\/wp\/en-abril-empatiza-con-el-autismo\/\" \/>\n<meta property=\"og:locale\" content=\"es_ES\" \/>\n<meta property=\"og:type\" content=\"article\" \/>\n<meta property=\"og:title\" content=\"EN ABRIL, EMPATIZA CON EL AUTISMO - IES LA MADRAZA\" \/>\n<meta property=\"og:description\" content=\"IES La Madraza\" \/>\n<meta property=\"og:url\" content=\"https:\/\/ieslamadraza.com\/wp\/en-abril-empatiza-con-el-autismo\/\" \/>\n<meta property=\"og:site_name\" content=\"IES LA MADRAZA\" \/>\n<meta property=\"article:publisher\" content=\"https:\/\/www.facebook.com\/ieslamadraza\/\" \/>\n<meta property=\"article:published_time\" content=\"2016-04-21T18:34:55+00:00\" \/>\n<meta property=\"article:modified_time\" content=\"2025-11-12T19:19:02+00:00\" \/>\n<meta property=\"og:image\" content=\"https:\/\/ieslamadraza.com\/wp\/wp-content\/img\/2020\/09\/logopequeno-.png\" \/>\n\t<meta property=\"og:image:width\" content=\"150\" \/>\n\t<meta property=\"og:image:height\" content=\"150\" \/>\n\t<meta property=\"og:image:type\" content=\"image\/png\" \/>\n<meta name=\"author\" content=\"admin_IES-laMadraza\" \/>\n<meta name=\"twitter:card\" content=\"summary_large_image\" \/>\n<meta name=\"twitter:creator\" content=\"@MadrazaLa\" \/>\n<meta name=\"twitter:site\" content=\"@MadrazaLa\" \/>\n<meta name=\"twitter:label1\" content=\"Escrito por\" \/>\n\t<meta name=\"twitter:data1\" content=\"admin_IES-laMadraza\" \/>\n\t<meta name=\"twitter:label2\" content=\"Tiempo de lectura\" \/>\n\t<meta name=\"twitter:data2\" content=\"1 minuto\" \/>\n<script type=\"application\/ld+json\" class=\"yoast-schema-graph\">{\"@context\":\"https:\\\/\\\/schema.org\",\"@graph\":[{\"@type\":\"Article\",\"@id\":\"https:\\\/\\\/ieslamadraza.com\\\/wp\\\/en-abril-empatiza-con-el-autismo\\\/#article\",\"isPartOf\":{\"@id\":\"https:\\\/\\\/ieslamadraza.com\\\/wp\\\/en-abril-empatiza-con-el-autismo\\\/\"},\"author\":{\"name\":\"admin_IES-laMadraza\",\"@id\":\"https:\\\/\\\/ieslamadraza.com\\\/wp\\\/#\\\/schema\\\/person\\\/f80b2662c85d3a875653d8c393c0e24b\"},\"headline\":\"EN ABRIL, EMPATIZA CON EL AUTISMO\",\"datePublished\":\"2016-04-21T18:34:55+00:00\",\"dateModified\":\"2025-11-12T19:19:02+00:00\",\"mainEntityOfPage\":{\"@id\":\"https:\\\/\\\/ieslamadraza.com\\\/wp\\\/en-abril-empatiza-con-el-autismo\\\/\"},\"wordCount\":113,\"publisher\":{\"@id\":\"https:\\\/\\\/ieslamadraza.com\\\/wp\\\/#organization\"},\"articleSection\":[\"AULA TEA\"],\"inLanguage\":\"es\"},{\"@type\":\"WebPage\",\"@id\":\"https:\\\/\\\/ieslamadraza.com\\\/wp\\\/en-abril-empatiza-con-el-autismo\\\/\",\"url\":\"https:\\\/\\\/ieslamadraza.com\\\/wp\\\/en-abril-empatiza-con-el-autismo\\\/\",\"name\":\"EN ABRIL, EMPATIZA CON EL AUTISMO - IES LA MADRAZA\",\"isPartOf\":{\"@id\":\"https:\\\/\\\/ieslamadraza.com\\\/wp\\\/#website\"},\"datePublished\":\"2016-04-21T18:34:55+00:00\",\"dateModified\":\"2025-11-12T19:19:02+00:00\",\"description\":\"IES La Madraza\",\"breadcrumb\":{\"@id\":\"https:\\\/\\\/ieslamadraza.com\\\/wp\\\/en-abril-empatiza-con-el-autismo\\\/#breadcrumb\"},\"inLanguage\":\"es\",\"potentialAction\":[{\"@type\":\"ReadAction\",\"target\":[\"https:\\\/\\\/ieslamadraza.com\\\/wp\\\/en-abril-empatiza-con-el-autismo\\\/\"]}]},{\"@type\":\"BreadcrumbList\",\"@id\":\"https:\\\/\\\/ieslamadraza.com\\\/wp\\\/en-abril-empatiza-con-el-autismo\\\/#breadcrumb\",\"itemListElement\":[{\"@type\":\"ListItem\",\"position\":1,\"name\":\"Portada\",\"item\":\"https:\\\/\\\/ieslamadraza.com\\\/wp\\\/\"},{\"@type\":\"ListItem\",\"position\":2,\"name\":\"EN ABRIL, EMPATIZA CON EL AUTISMO\"}]},{\"@type\":\"WebSite\",\"@id\":\"https:\\\/\\\/ieslamadraza.com\\\/wp\\\/#website\",\"url\":\"https:\\\/\\\/ieslamadraza.com\\\/wp\\\/\",\"name\":\"IES LA MADRAZA\",\"description\":\"Instituto de Ense\u00f1anza Secundaria de Granada (Espa\u00f1a)\",\"publisher\":{\"@id\":\"https:\\\/\\\/ieslamadraza.com\\\/wp\\\/#organization\"},\"alternateName\":\"Inicio - IES LA MADRAZA\",\"potentialAction\":[{\"@type\":\"SearchAction\",\"target\":{\"@type\":\"EntryPoint\",\"urlTemplate\":\"https:\\\/\\\/ieslamadraza.com\\\/wp\\\/?s={search_term_string}\"},\"query-input\":{\"@type\":\"PropertyValueSpecification\",\"valueRequired\":true,\"valueName\":\"search_term_string\"}}],\"inLanguage\":\"es\"},{\"@type\":\"Organization\",\"@id\":\"https:\\\/\\\/ieslamadraza.com\\\/wp\\\/#organization\",\"name\":\"IES La Madraza -Instituto de Ense\u00f1anza Secundaria - Granada\",\"alternateName\":\"IES La Madraza -Instituto de Ense\u00f1anza Secundaria - Granada\",\"url\":\"https:\\\/\\\/ieslamadraza.com\\\/wp\\\/\",\"logo\":{\"@type\":\"ImageObject\",\"inLanguage\":\"es\",\"@id\":\"https:\\\/\\\/ieslamadraza.com\\\/wp\\\/#\\\/schema\\\/logo\\\/image\\\/\",\"url\":\"https:\\\/\\\/ieslamadraza.com\\\/wp\\\/wp-content\\\/img\\\/2025\\\/10\\\/logo.jpeg\",\"contentUrl\":\"https:\\\/\\\/ieslamadraza.com\\\/wp\\\/wp-content\\\/img\\\/2025\\\/10\\\/logo.jpeg\",\"width\":225,\"height\":225,\"caption\":\"IES La Madraza -Instituto de Ense\u00f1anza Secundaria - Granada\"},\"image\":{\"@id\":\"https:\\\/\\\/ieslamadraza.com\\\/wp\\\/#\\\/schema\\\/logo\\\/image\\\/\"},\"sameAs\":[\"https:\\\/\\\/www.facebook.com\\\/ieslamadraza\\\/\",\"https:\\\/\\\/x.com\\\/MadrazaLa\",\"https:\\\/\\\/www.instagram.com\\\/institutolamadraza\\\/\"]},{\"@type\":\"Person\",\"@id\":\"https:\\\/\\\/ieslamadraza.com\\\/wp\\\/#\\\/schema\\\/person\\\/f80b2662c85d3a875653d8c393c0e24b\",\"name\":\"admin_IES-laMadraza\",\"image\":{\"@type\":\"ImageObject\",\"inLanguage\":\"es\",\"@id\":\"https:\\\/\\\/secure.gravatar.com\\\/avatar\\\/aad8ae5b110afbe2f2e7011bba88e4b5b97b4a632e22255df6b653bdca4d179a?s=96&d=mm&r=g\",\"url\":\"https:\\\/\\\/secure.gravatar.com\\\/avatar\\\/aad8ae5b110afbe2f2e7011bba88e4b5b97b4a632e22255df6b653bdca4d179a?s=96&d=mm&r=g\",\"contentUrl\":\"https:\\\/\\\/secure.gravatar.com\\\/avatar\\\/aad8ae5b110afbe2f2e7011bba88e4b5b97b4a632e22255df6b653bdca4d179a?s=96&d=mm&r=g\",\"caption\":\"admin_IES-laMadraza\"},\"url\":\"https:\\\/\\\/ieslamadraza.com\\\/wp\\\/author\\\/admin_ies-lamadraza\\\/\"}]}<\/script>\n<!-- \/ Yoast SEO plugin. -->","yoast_head_json":{"title":"EN ABRIL, EMPATIZA CON EL AUTISMO - IES LA MADRAZA","description":"IES La Madraza","robots":{"index":"index","follow":"follow","max-snippet":"max-snippet:-1","max-image-preview":"max-image-preview:large","max-video-preview":"max-video-preview:-1"},"canonical":"https:\/\/ieslamadraza.com\/wp\/en-abril-empatiza-con-el-autismo\/","og_locale":"es_ES","og_type":"article","og_title":"EN ABRIL, EMPATIZA CON EL AUTISMO - IES LA MADRAZA","og_description":"IES La Madraza","og_url":"https:\/\/ieslamadraza.com\/wp\/en-abril-empatiza-con-el-autismo\/","og_site_name":"IES LA MADRAZA","article_publisher":"https:\/\/www.facebook.com\/ieslamadraza\/","article_published_time":"2016-04-21T18:34:55+00:00","article_modified_time":"2025-11-12T19:19:02+00:00","og_image":[{"width":150,"height":150,"url":"https:\/\/ieslamadraza.com\/wp\/wp-content\/img\/2020\/09\/logopequeno-.png","type":"image\/png"}],"author":"admin_IES-laMadraza","twitter_card":"summary_large_image","twitter_creator":"@MadrazaLa","twitter_site":"@MadrazaLa","twitter_misc":{"Escrito por":"admin_IES-laMadraza","Tiempo de lectura":"1 minuto"},"schema":{"@context":"https:\/\/schema.org","@graph":[{"@type":"Article","@id":"https:\/\/ieslamadraza.com\/wp\/en-abril-empatiza-con-el-autismo\/#article","isPartOf":{"@id":"https:\/\/ieslamadraza.com\/wp\/en-abril-empatiza-con-el-autismo\/"},"author":{"name":"admin_IES-laMadraza","@id":"https:\/\/ieslamadraza.com\/wp\/#\/schema\/person\/f80b2662c85d3a875653d8c393c0e24b"},"headline":"EN ABRIL, EMPATIZA CON EL AUTISMO","datePublished":"2016-04-21T18:34:55+00:00","dateModified":"2025-11-12T19:19:02+00:00","mainEntityOfPage":{"@id":"https:\/\/ieslamadraza.com\/wp\/en-abril-empatiza-con-el-autismo\/"},"wordCount":113,"publisher":{"@id":"https:\/\/ieslamadraza.com\/wp\/#organization"},"articleSection":["AULA TEA"],"inLanguage":"es"},{"@type":"WebPage","@id":"https:\/\/ieslamadraza.com\/wp\/en-abril-empatiza-con-el-autismo\/","url":"https:\/\/ieslamadraza.com\/wp\/en-abril-empatiza-con-el-autismo\/","name":"EN ABRIL, EMPATIZA CON EL AUTISMO - IES LA MADRAZA","isPartOf":{"@id":"https:\/\/ieslamadraza.com\/wp\/#website"},"datePublished":"2016-04-21T18:34:55+00:00","dateModified":"2025-11-12T19:19:02+00:00","description":"IES La Madraza","breadcrumb":{"@id":"https:\/\/ieslamadraza.com\/wp\/en-abril-empatiza-con-el-autismo\/#breadcrumb"},"inLanguage":"es","potentialAction":[{"@type":"ReadAction","target":["https:\/\/ieslamadraza.com\/wp\/en-abril-empatiza-con-el-autismo\/"]}]},{"@type":"BreadcrumbList","@id":"https:\/\/ieslamadraza.com\/wp\/en-abril-empatiza-con-el-autismo\/#breadcrumb","itemListElement":[{"@type":"ListItem","position":1,"name":"Portada","item":"https:\/\/ieslamadraza.com\/wp\/"},{"@type":"ListItem","position":2,"name":"EN ABRIL, EMPATIZA CON EL AUTISMO"}]},{"@type":"WebSite","@id":"https:\/\/ieslamadraza.com\/wp\/#website","url":"https:\/\/ieslamadraza.com\/wp\/","name":"IES LA MADRAZA","description":"Instituto de Ense\u00f1anza Secundaria de Granada (Espa\u00f1a)","publisher":{"@id":"https:\/\/ieslamadraza.com\/wp\/#organization"},"alternateName":"Inicio - IES LA MADRAZA","potentialAction":[{"@type":"SearchAction","target":{"@type":"EntryPoint","urlTemplate":"https:\/\/ieslamadraza.com\/wp\/?s={search_term_string}"},"query-input":{"@type":"PropertyValueSpecification","valueRequired":true,"valueName":"search_term_string"}}],"inLanguage":"es"},{"@type":"Organization","@id":"https:\/\/ieslamadraza.com\/wp\/#organization","name":"IES La Madraza -Instituto de Ense\u00f1anza Secundaria - Granada","alternateName":"IES La Madraza -Instituto de Ense\u00f1anza Secundaria - Granada","url":"https:\/\/ieslamadraza.com\/wp\/","logo":{"@type":"ImageObject","inLanguage":"es","@id":"https:\/\/ieslamadraza.com\/wp\/#\/schema\/logo\/image\/","url":"https:\/\/ieslamadraza.com\/wp\/wp-content\/img\/2025\/10\/logo.jpeg","contentUrl":"https:\/\/ieslamadraza.com\/wp\/wp-content\/img\/2025\/10\/logo.jpeg","width":225,"height":225,"caption":"IES La Madraza -Instituto de Ense\u00f1anza Secundaria - Granada"},"image":{"@id":"https:\/\/ieslamadraza.com\/wp\/#\/schema\/logo\/image\/"},"sameAs":["https:\/\/www.facebook.com\/ieslamadraza\/","https:\/\/x.com\/MadrazaLa","https:\/\/www.instagram.com\/institutolamadraza\/"]},{"@type":"Person","@id":"https:\/\/ieslamadraza.com\/wp\/#\/schema\/person\/f80b2662c85d3a875653d8c393c0e24b","name":"admin_IES-laMadraza","image":{"@type":"ImageObject","inLanguage":"es","@id":"https:\/\/secure.gravatar.com\/avatar\/aad8ae5b110afbe2f2e7011bba88e4b5b97b4a632e22255df6b653bdca4d179a?s=96&d=mm&r=g","url":"https:\/\/secure.gravatar.com\/avatar\/aad8ae5b110afbe2f2e7011bba88e4b5b97b4a632e22255df6b653bdca4d179a?s=96&d=mm&r=g","contentUrl":"https:\/\/secure.gravatar.com\/avatar\/aad8ae5b110afbe2f2e7011bba88e4b5b97b4a632e22255df6b653bdca4d179a?s=96&d=mm&r=g","caption":"admin_IES-laMadraza"},"url":"https:\/\/ieslamadraza.com\/wp\/author\/admin_ies-lamadraza\/"}]}},"_links":{"self":[{"href":"https:\/\/ieslamadraza.com\/wp\/wp-json\/wp\/v2\/posts\/1760","targetHints":{"allow":["GET"]}}],"collection":[{"href":"https:\/\/ieslamadraza.com\/wp\/wp-json\/wp\/v2\/posts"}],"about":[{"href":"https:\/\/ieslamadraza.com\/wp\/wp-json\/wp\/v2\/types\/post"}],"author":[{"embeddable":true,"href":"https:\/\/ieslamadraza.com\/wp\/wp-json\/wp\/v2\/users\/7"}],"replies":[{"embeddable":true,"href":"https:\/\/ieslamadraza.com\/wp\/wp-json\/wp\/v2\/comments?post=1760"}],"version-history":[{"count":0,"href":"https:\/\/ieslamadraza.com\/wp\/wp-json\/wp\/v2\/posts\/1760\/revisions"}],"wp:attachment":[{"href":"https:\/\/ieslamadraza.com\/wp\/wp-json\/wp\/v2\/media?parent=1760"}],"wp:term":[{"taxonomy":"category","embeddable":true,"href":"https:\/\/ieslamadraza.com\/wp\/wp-json\/wp\/v2\/categories?post=1760"},{"taxonomy":"post_tag","embeddable":true,"href":"https:\/\/ieslamadraza.com\/wp\/wp-json\/wp\/v2\/tags?post=1760"}],"curies":[{"name":"wp","href":"https:\/\/api.w.org\/{rel}","templated":true}]}}