{"id":17054,"date":"2022-03-28T20:16:56","date_gmt":"2022-03-28T18:16:56","guid":{"rendered":"https:\/\/ieslamadraza.com\/wp\/?p=17054"},"modified":"2022-03-28T20:17:53","modified_gmt":"2022-03-28T18:17:53","slug":"visita-por-los-aljibes-del-albayzin-y-el-museo-del-perfume","status":"publish","type":"post","link":"https:\/\/ieslamadraza.com\/wp\/visita-por-los-aljibes-del-albayzin-y-el-museo-del-perfume\/","title":{"rendered":"Visita por los Aljibes del Albaic\u00edn y el Museo del Perfume"},"content":{"rendered":"<p>Los alumnos de 1\u00ba Farmacia realizaron un paseo por los aljibes del Albaic\u00edn hasta el Aljibe del Rey, donde conocieron la historia de un barrio emblem\u00e1tico de la ciudad, vieron la importancia del agua, la finalidad de la misma y los oficios asociados. Finalizaron el paseo al principio de la Acera del Darro, en el Patio de los Perfumes, donde el alumno se introdujo en la esencia de los perfumes \u00a0desde el inicio de la visita con la entrada al museo de la misma y explicaron diferentes m\u00e9todos de extracci\u00f3n de esencias desde nuestros antepasados hasta ahora. Continuando la visita con la explicaci\u00f3n de c\u00f3mo hacer una colonia o perfume en el taller hasta el ritual del incienso en su precioso patio del palacio renacentista donde se ubica el mismo.<\/p>\n<div dir=\"auto\">\n<p>23 y 25 de marzo.<\/p>\n\n\t\t<style type=\"text\/css\">\n\t\t\t#gallery-1 {\n\t\t\t\tmargin: auto;\n\t\t\t}\n\t\t\t#gallery-1 .gallery-item {\n\t\t\t\tfloat: left;\n\t\t\t\tmargin-top: 10px;\n\t\t\t\ttext-align: center;\n\t\t\t\twidth: 33%;\n\t\t\t}\n\t\t\t#gallery-1 img {\n\t\t\t\tborder: 2px solid #cfcfcf;\n\t\t\t}\n\t\t\t#gallery-1 .gallery-caption {\n\t\t\t\tmargin-left: 0;\n\t\t\t}\n\t\t\t\/* see gallery_shortcode() in wp-includes\/media.php *\/\n\t\t<\/style>\n\t\t<div id='gallery-1' class='gallery galleryid-17054 gallery-columns-3 gallery-size-medium'><dl class='gallery-item'>\n\t\t\t<dt class='gallery-icon landscape'>\n\t\t\t\t<a href='https:\/\/ieslamadraza.com\/wp\/visita-por-los-aljibes-del-albayzin-y-el-museo-del-perfume\/ebe61c18-90b4-4b77-b17a-88e3577135aa\/'><img decoding=\"async\" width=\"300\" height=\"146\" data-src=\"https:\/\/ieslamadraza.com\/wp\/wp-content\/img\/2022\/03\/ebe61c18-90b4-4b77-b17a-88e3577135aa-300x146.jpeg\" class=\"attachment-medium size-medium lazyload\" alt=\"\" data-srcset=\"https:\/\/ieslamadraza.com\/wp\/wp-content\/img\/2022\/03\/ebe61c18-90b4-4b77-b17a-88e3577135aa-300x146.jpeg 300w, https:\/\/ieslamadraza.com\/wp\/wp-content\/img\/2022\/03\/ebe61c18-90b4-4b77-b17a-88e3577135aa-1024x498.jpeg 1024w, https:\/\/ieslamadraza.com\/wp\/wp-content\/img\/2022\/03\/ebe61c18-90b4-4b77-b17a-88e3577135aa-768x373.jpeg 768w, https:\/\/ieslamadraza.com\/wp\/wp-content\/img\/2022\/03\/ebe61c18-90b4-4b77-b17a-88e3577135aa-1536x747.jpeg 1536w, https:\/\/ieslamadraza.com\/wp\/wp-content\/img\/2022\/03\/ebe61c18-90b4-4b77-b17a-88e3577135aa-1080x525.jpeg 1080w, https:\/\/ieslamadraza.com\/wp\/wp-content\/img\/2022\/03\/ebe61c18-90b4-4b77-b17a-88e3577135aa.jpeg 2016w\" data-sizes=\"(max-width: 300px) 100vw, 300px\" src=\"data:image\/svg+xml;base64,PHN2ZyB3aWR0aD0iMSIgaGVpZ2h0PSIxIiB4bWxucz0iaHR0cDovL3d3dy53My5vcmcvMjAwMC9zdmciPjwvc3ZnPg==\" style=\"--smush-placeholder-width: 300px; --smush-placeholder-aspect-ratio: 300\/146;\" \/><\/a>\n\t\t\t<\/dt><\/dl><dl class='gallery-item'>\n\t\t\t<dt class='gallery-icon landscape'>\n\t\t\t\t<a href='https:\/\/ieslamadraza.com\/wp\/visita-por-los-aljibes-del-albayzin-y-el-museo-del-perfume\/img_2751\/'><img decoding=\"async\" width=\"300\" height=\"225\" data-src=\"https:\/\/ieslamadraza.com\/wp\/wp-content\/img\/2022\/03\/IMG_2751-300x225.jpeg\" class=\"attachment-medium size-medium lazyload\" alt=\"\" data-srcset=\"https:\/\/ieslamadraza.com\/wp\/wp-content\/img\/2022\/03\/IMG_2751-300x225.jpeg 300w, https:\/\/ieslamadraza.com\/wp\/wp-content\/img\/2022\/03\/IMG_2751-1024x768.jpeg 1024w, https:\/\/ieslamadraza.com\/wp\/wp-content\/img\/2022\/03\/IMG_2751-768x576.jpeg 768w, https:\/\/ieslamadraza.com\/wp\/wp-content\/img\/2022\/03\/IMG_2751-1536x1152.jpeg 1536w, https:\/\/ieslamadraza.com\/wp\/wp-content\/img\/2022\/03\/IMG_2751-2048x1536.jpeg 2048w, https:\/\/ieslamadraza.com\/wp\/wp-content\/img\/2022\/03\/IMG_2751-1080x810.jpeg 1080w\" data-sizes=\"(max-width: 300px) 100vw, 300px\" src=\"data:image\/svg+xml;base64,PHN2ZyB3aWR0aD0iMSIgaGVpZ2h0PSIxIiB4bWxucz0iaHR0cDovL3d3dy53My5vcmcvMjAwMC9zdmciPjwvc3ZnPg==\" style=\"--smush-placeholder-width: 300px; --smush-placeholder-aspect-ratio: 300\/225;\" \/><\/a>\n\t\t\t<\/dt><\/dl><dl class='gallery-item'>\n\t\t\t<dt class='gallery-icon landscape'>\n\t\t\t\t<a href='https:\/\/ieslamadraza.com\/wp\/visita-por-los-aljibes-del-albayzin-y-el-museo-del-perfume\/4485ebdd-6136-43b9-8fb5-6b3c7aefdc8d\/'><img decoding=\"async\" width=\"300\" height=\"226\" data-src=\"https:\/\/ieslamadraza.com\/wp\/wp-content\/img\/2022\/03\/4485EBDD-6136-43B9-8FB5-6B3C7AEFDC8D-300x226.jpeg\" class=\"attachment-medium size-medium lazyload\" alt=\"\" data-srcset=\"https:\/\/ieslamadraza.com\/wp\/wp-content\/img\/2022\/03\/4485EBDD-6136-43B9-8FB5-6B3C7AEFDC8D-300x226.jpeg 300w, https:\/\/ieslamadraza.com\/wp\/wp-content\/img\/2022\/03\/4485EBDD-6136-43B9-8FB5-6B3C7AEFDC8D-1024x770.jpeg 1024w, https:\/\/ieslamadraza.com\/wp\/wp-content\/img\/2022\/03\/4485EBDD-6136-43B9-8FB5-6B3C7AEFDC8D-768x578.jpeg 768w, https:\/\/ieslamadraza.com\/wp\/wp-content\/img\/2022\/03\/4485EBDD-6136-43B9-8FB5-6B3C7AEFDC8D-1080x812.jpeg 1080w, https:\/\/ieslamadraza.com\/wp\/wp-content\/img\/2022\/03\/4485EBDD-6136-43B9-8FB5-6B3C7AEFDC8D.jpeg 1440w\" data-sizes=\"(max-width: 300px) 100vw, 300px\" src=\"data:image\/svg+xml;base64,PHN2ZyB3aWR0aD0iMSIgaGVpZ2h0PSIxIiB4bWxucz0iaHR0cDovL3d3dy53My5vcmcvMjAwMC9zdmciPjwvc3ZnPg==\" style=\"--smush-placeholder-width: 300px; --smush-placeholder-aspect-ratio: 300\/226;\" \/><\/a>\n\t\t\t<\/dt><\/dl><br style=\"clear: both\" \/><dl class='gallery-item'>\n\t\t\t<dt class='gallery-icon portrait'>\n\t\t\t\t<a href='https:\/\/ieslamadraza.com\/wp\/visita-por-los-aljibes-del-albayzin-y-el-museo-del-perfume\/f82ba7d0-6040-4baf-a3ea-c0e432619047\/'><img decoding=\"async\" width=\"240\" height=\"300\" data-src=\"https:\/\/ieslamadraza.com\/wp\/wp-content\/img\/2022\/03\/F82BA7D0-6040-4BAF-A3EA-C0E432619047-240x300.jpeg\" class=\"attachment-medium size-medium lazyload\" alt=\"\" data-srcset=\"https:\/\/ieslamadraza.com\/wp\/wp-content\/img\/2022\/03\/F82BA7D0-6040-4BAF-A3EA-C0E432619047-240x300.jpeg 240w, https:\/\/ieslamadraza.com\/wp\/wp-content\/img\/2022\/03\/F82BA7D0-6040-4BAF-A3EA-C0E432619047-819x1024.jpeg 819w, https:\/\/ieslamadraza.com\/wp\/wp-content\/img\/2022\/03\/F82BA7D0-6040-4BAF-A3EA-C0E432619047-768x960.jpeg 768w, https:\/\/ieslamadraza.com\/wp\/wp-content\/img\/2022\/03\/F82BA7D0-6040-4BAF-A3EA-C0E432619047-1229x1536.jpeg 1229w, https:\/\/ieslamadraza.com\/wp\/wp-content\/img\/2022\/03\/F82BA7D0-6040-4BAF-A3EA-C0E432619047-1080x1350.jpeg 1080w, https:\/\/ieslamadraza.com\/wp\/wp-content\/img\/2022\/03\/F82BA7D0-6040-4BAF-A3EA-C0E432619047.jpeg 1440w\" data-sizes=\"(max-width: 240px) 100vw, 240px\" src=\"data:image\/svg+xml;base64,PHN2ZyB3aWR0aD0iMSIgaGVpZ2h0PSIxIiB4bWxucz0iaHR0cDovL3d3dy53My5vcmcvMjAwMC9zdmciPjwvc3ZnPg==\" style=\"--smush-placeholder-width: 240px; --smush-placeholder-aspect-ratio: 240\/300;\" \/><\/a>\n\t\t\t<\/dt><\/dl><dl class='gallery-item'>\n\t\t\t<dt class='gallery-icon portrait'>\n\t\t\t\t<a href='https:\/\/ieslamadraza.com\/wp\/visita-por-los-aljibes-del-albayzin-y-el-museo-del-perfume\/82cca0b4-21e2-484e-bca9-0d4b24bb5d51\/'><img decoding=\"async\" width=\"241\" height=\"300\" data-src=\"https:\/\/ieslamadraza.com\/wp\/wp-content\/img\/2022\/03\/82CCA0B4-21E2-484E-BCA9-0D4B24BB5D51-241x300.jpeg\" class=\"attachment-medium size-medium lazyload\" alt=\"\" data-srcset=\"https:\/\/ieslamadraza.com\/wp\/wp-content\/img\/2022\/03\/82CCA0B4-21E2-484E-BCA9-0D4B24BB5D51-241x300.jpeg 241w, https:\/\/ieslamadraza.com\/wp\/wp-content\/img\/2022\/03\/82CCA0B4-21E2-484E-BCA9-0D4B24BB5D51-821x1024.jpeg 821w, https:\/\/ieslamadraza.com\/wp\/wp-content\/img\/2022\/03\/82CCA0B4-21E2-484E-BCA9-0D4B24BB5D51-768x957.jpeg 768w, https:\/\/ieslamadraza.com\/wp\/wp-content\/img\/2022\/03\/82CCA0B4-21E2-484E-BCA9-0D4B24BB5D51-1232x1536.jpeg 1232w, https:\/\/ieslamadraza.com\/wp\/wp-content\/img\/2022\/03\/82CCA0B4-21E2-484E-BCA9-0D4B24BB5D51-1080x1346.jpeg 1080w, https:\/\/ieslamadraza.com\/wp\/wp-content\/img\/2022\/03\/82CCA0B4-21E2-484E-BCA9-0D4B24BB5D51.jpeg 1440w\" data-sizes=\"(max-width: 241px) 100vw, 241px\" src=\"data:image\/svg+xml;base64,PHN2ZyB3aWR0aD0iMSIgaGVpZ2h0PSIxIiB4bWxucz0iaHR0cDovL3d3dy53My5vcmcvMjAwMC9zdmciPjwvc3ZnPg==\" style=\"--smush-placeholder-width: 241px; --smush-placeholder-aspect-ratio: 241\/300;\" \/><\/a>\n\t\t\t<\/dt><\/dl><dl class='gallery-item'>\n\t\t\t<dt class='gallery-icon portrait'>\n\t\t\t\t<a href='https:\/\/ieslamadraza.com\/wp\/visita-por-los-aljibes-del-albayzin-y-el-museo-del-perfume\/50160244-f97a-4e60-b0f0-de116a241702\/'><img decoding=\"async\" width=\"241\" height=\"300\" data-src=\"https:\/\/ieslamadraza.com\/wp\/wp-content\/img\/2022\/03\/50160244-F97A-4E60-B0F0-DE116A241702-241x300.jpeg\" class=\"attachment-medium size-medium lazyload\" alt=\"\" data-srcset=\"https:\/\/ieslamadraza.com\/wp\/wp-content\/img\/2022\/03\/50160244-F97A-4E60-B0F0-DE116A241702-241x300.jpeg 241w, https:\/\/ieslamadraza.com\/wp\/wp-content\/img\/2022\/03\/50160244-F97A-4E60-B0F0-DE116A241702-821x1024.jpeg 821w, https:\/\/ieslamadraza.com\/wp\/wp-content\/img\/2022\/03\/50160244-F97A-4E60-B0F0-DE116A241702-768x957.jpeg 768w, https:\/\/ieslamadraza.com\/wp\/wp-content\/img\/2022\/03\/50160244-F97A-4E60-B0F0-DE116A241702-1232x1536.jpeg 1232w, https:\/\/ieslamadraza.com\/wp\/wp-content\/img\/2022\/03\/50160244-F97A-4E60-B0F0-DE116A241702-1080x1346.jpeg 1080w, https:\/\/ieslamadraza.com\/wp\/wp-content\/img\/2022\/03\/50160244-F97A-4E60-B0F0-DE116A241702.jpeg 1440w\" data-sizes=\"(max-width: 241px) 100vw, 241px\" src=\"data:image\/svg+xml;base64,PHN2ZyB3aWR0aD0iMSIgaGVpZ2h0PSIxIiB4bWxucz0iaHR0cDovL3d3dy53My5vcmcvMjAwMC9zdmciPjwvc3ZnPg==\" style=\"--smush-placeholder-width: 241px; --smush-placeholder-aspect-ratio: 241\/300;\" \/><\/a>\n\t\t\t<\/dt><\/dl><br style=\"clear: both\" \/>\n\t\t<\/div>\n\n<\/div>\n","protected":false},"excerpt":{"rendered":"<p>Los alumnos de 1\u00ba Farmacia realizaron un paseo por los aljibes del Albaic\u00edn hasta el Aljibe del Rey, donde conocieron la historia de un barrio emblem\u00e1tico de la ciudad, vieron la importancia del agua, la finalidad de la misma y los oficios asociados. Finalizaron el paseo al principio de la Acera del Darro, en el [&hellip;]<\/p>\n","protected":false},"author":5,"featured_media":17056,"comment_status":"open","ping_status":"closed","sticky":false,"template":"","format":"standard","meta":{"_et_pb_use_builder":"","_et_pb_old_content":"","_et_gb_content_width":"","_monsterinsights_skip_tracking":false,"_monsterinsights_sitenote_active":false,"_monsterinsights_sitenote_note":"","_monsterinsights_sitenote_category":0,"footnotes":""},"categories":[96,25],"tags":[],"class_list":["post-17054","post","type-post","status-publish","format-standard","has-post-thumbnail","hentry","category-extraescolares","category-ciclo-formativo-de-farmacia","et-has-post-format-content","et_post_format-et-post-format-standard"],"yoast_head":"<!-- This site is optimized with the Yoast SEO plugin v27.5 - https:\/\/yoast.com\/product\/yoast-seo-wordpress\/ -->\n<title>Visita por los Aljibes del Albaic\u00edn y el Museo del Perfume - IES LA MADRAZA<\/title>\n<meta name=\"description\" content=\"IES La Madraza\" \/>\n<meta name=\"robots\" content=\"index, follow, max-snippet:-1, max-image-preview:large, max-video-preview:-1\" \/>\n<link rel=\"canonical\" href=\"https:\/\/ieslamadraza.com\/wp\/visita-por-los-aljibes-del-albayzin-y-el-museo-del-perfume\/\" \/>\n<meta property=\"og:locale\" content=\"es_ES\" \/>\n<meta property=\"og:type\" content=\"article\" \/>\n<meta property=\"og:title\" content=\"Visita por los Aljibes del Albaic\u00edn y el Museo del Perfume - IES LA MADRAZA\" \/>\n<meta property=\"og:description\" content=\"IES La Madraza\" \/>\n<meta property=\"og:url\" content=\"https:\/\/ieslamadraza.com\/wp\/visita-por-los-aljibes-del-albayzin-y-el-museo-del-perfume\/\" \/>\n<meta property=\"og:site_name\" content=\"IES LA MADRAZA\" \/>\n<meta property=\"article:publisher\" content=\"https:\/\/www.facebook.com\/ieslamadraza\/\" \/>\n<meta property=\"article:published_time\" content=\"2022-03-28T18:16:56+00:00\" \/>\n<meta property=\"article:modified_time\" content=\"2022-03-28T18:17:53+00:00\" \/>\n<meta property=\"og:image\" content=\"https:\/\/ieslamadraza.com\/wp\/wp-content\/img\/2022\/03\/IMG_2751-scaled.jpeg\" \/>\n\t<meta property=\"og:image:width\" content=\"2560\" \/>\n\t<meta property=\"og:image:height\" content=\"1920\" \/>\n\t<meta property=\"og:image:type\" content=\"image\/jpeg\" \/>\n<meta name=\"author\" content=\"Mar\u00eda L\u00f3pez Cabrera\" \/>\n<meta name=\"twitter:card\" content=\"summary_large_image\" \/>\n<meta name=\"twitter:creator\" content=\"@MadrazaLa\" \/>\n<meta name=\"twitter:site\" content=\"@MadrazaLa\" \/>\n<meta name=\"twitter:label1\" content=\"Escrito por\" \/>\n\t<meta name=\"twitter:data1\" content=\"Mar\u00eda L\u00f3pez Cabrera\" \/>\n\t<meta name=\"twitter:label2\" content=\"Tiempo de lectura\" \/>\n\t<meta name=\"twitter:data2\" content=\"1 minuto\" \/>\n<script type=\"application\/ld+json\" class=\"yoast-schema-graph\">{\"@context\":\"https:\\\/\\\/schema.org\",\"@graph\":[{\"@type\":\"Article\",\"@id\":\"https:\\\/\\\/ieslamadraza.com\\\/wp\\\/visita-por-los-aljibes-del-albayzin-y-el-museo-del-perfume\\\/#article\",\"isPartOf\":{\"@id\":\"https:\\\/\\\/ieslamadraza.com\\\/wp\\\/visita-por-los-aljibes-del-albayzin-y-el-museo-del-perfume\\\/\"},\"author\":{\"name\":\"Mar\u00eda L\u00f3pez Cabrera\",\"@id\":\"https:\\\/\\\/ieslamadraza.com\\\/wp\\\/#\\\/schema\\\/person\\\/4a8364cf1c9304a4fd80f01759af7418\"},\"headline\":\"Visita por los Aljibes del Albaic\u00edn y el Museo del Perfume\",\"datePublished\":\"2022-03-28T18:16:56+00:00\",\"dateModified\":\"2022-03-28T18:17:53+00:00\",\"mainEntityOfPage\":{\"@id\":\"https:\\\/\\\/ieslamadraza.com\\\/wp\\\/visita-por-los-aljibes-del-albayzin-y-el-museo-del-perfume\\\/\"},\"wordCount\":154,\"commentCount\":0,\"publisher\":{\"@id\":\"https:\\\/\\\/ieslamadraza.com\\\/wp\\\/#organization\"},\"image\":{\"@id\":\"https:\\\/\\\/ieslamadraza.com\\\/wp\\\/visita-por-los-aljibes-del-albayzin-y-el-museo-del-perfume\\\/#primaryimage\"},\"thumbnailUrl\":\"https:\\\/\\\/ieslamadraza.com\\\/wp\\\/wp-content\\\/img\\\/2022\\\/03\\\/IMG_2751-scaled.jpeg\",\"articleSection\":[\"ACT. EXTRAESCOLARES\",\"CICLO FORMATIVO\"],\"inLanguage\":\"es\",\"potentialAction\":[{\"@type\":\"CommentAction\",\"name\":\"Comment\",\"target\":[\"https:\\\/\\\/ieslamadraza.com\\\/wp\\\/visita-por-los-aljibes-del-albayzin-y-el-museo-del-perfume\\\/#respond\"]}]},{\"@type\":\"WebPage\",\"@id\":\"https:\\\/\\\/ieslamadraza.com\\\/wp\\\/visita-por-los-aljibes-del-albayzin-y-el-museo-del-perfume\\\/\",\"url\":\"https:\\\/\\\/ieslamadraza.com\\\/wp\\\/visita-por-los-aljibes-del-albayzin-y-el-museo-del-perfume\\\/\",\"name\":\"Visita por los Aljibes del Albaic\u00edn y el Museo del Perfume - IES LA MADRAZA\",\"isPartOf\":{\"@id\":\"https:\\\/\\\/ieslamadraza.com\\\/wp\\\/#website\"},\"primaryImageOfPage\":{\"@id\":\"https:\\\/\\\/ieslamadraza.com\\\/wp\\\/visita-por-los-aljibes-del-albayzin-y-el-museo-del-perfume\\\/#primaryimage\"},\"image\":{\"@id\":\"https:\\\/\\\/ieslamadraza.com\\\/wp\\\/visita-por-los-aljibes-del-albayzin-y-el-museo-del-perfume\\\/#primaryimage\"},\"thumbnailUrl\":\"https:\\\/\\\/ieslamadraza.com\\\/wp\\\/wp-content\\\/img\\\/2022\\\/03\\\/IMG_2751-scaled.jpeg\",\"datePublished\":\"2022-03-28T18:16:56+00:00\",\"dateModified\":\"2022-03-28T18:17:53+00:00\",\"description\":\"IES La Madraza\",\"breadcrumb\":{\"@id\":\"https:\\\/\\\/ieslamadraza.com\\\/wp\\\/visita-por-los-aljibes-del-albayzin-y-el-museo-del-perfume\\\/#breadcrumb\"},\"inLanguage\":\"es\",\"potentialAction\":[{\"@type\":\"ReadAction\",\"target\":[\"https:\\\/\\\/ieslamadraza.com\\\/wp\\\/visita-por-los-aljibes-del-albayzin-y-el-museo-del-perfume\\\/\"]}]},{\"@type\":\"ImageObject\",\"inLanguage\":\"es\",\"@id\":\"https:\\\/\\\/ieslamadraza.com\\\/wp\\\/visita-por-los-aljibes-del-albayzin-y-el-museo-del-perfume\\\/#primaryimage\",\"url\":\"https:\\\/\\\/ieslamadraza.com\\\/wp\\\/wp-content\\\/img\\\/2022\\\/03\\\/IMG_2751-scaled.jpeg\",\"contentUrl\":\"https:\\\/\\\/ieslamadraza.com\\\/wp\\\/wp-content\\\/img\\\/2022\\\/03\\\/IMG_2751-scaled.jpeg\",\"width\":2560,\"height\":1920},{\"@type\":\"BreadcrumbList\",\"@id\":\"https:\\\/\\\/ieslamadraza.com\\\/wp\\\/visita-por-los-aljibes-del-albayzin-y-el-museo-del-perfume\\\/#breadcrumb\",\"itemListElement\":[{\"@type\":\"ListItem\",\"position\":1,\"name\":\"Portada\",\"item\":\"https:\\\/\\\/ieslamadraza.com\\\/wp\\\/\"},{\"@type\":\"ListItem\",\"position\":2,\"name\":\"Visita por los Aljibes del Albaic\u00edn y el Museo del Perfume\"}]},{\"@type\":\"WebSite\",\"@id\":\"https:\\\/\\\/ieslamadraza.com\\\/wp\\\/#website\",\"url\":\"https:\\\/\\\/ieslamadraza.com\\\/wp\\\/\",\"name\":\"IES LA MADRAZA\",\"description\":\"Instituto de Ense\u00f1anza Secundaria de Granada (Espa\u00f1a)\",\"publisher\":{\"@id\":\"https:\\\/\\\/ieslamadraza.com\\\/wp\\\/#organization\"},\"alternateName\":\"Inicio - IES LA MADRAZA\",\"potentialAction\":[{\"@type\":\"SearchAction\",\"target\":{\"@type\":\"EntryPoint\",\"urlTemplate\":\"https:\\\/\\\/ieslamadraza.com\\\/wp\\\/?s={search_term_string}\"},\"query-input\":{\"@type\":\"PropertyValueSpecification\",\"valueRequired\":true,\"valueName\":\"search_term_string\"}}],\"inLanguage\":\"es\"},{\"@type\":\"Organization\",\"@id\":\"https:\\\/\\\/ieslamadraza.com\\\/wp\\\/#organization\",\"name\":\"IES La Madraza -Instituto de Ense\u00f1anza Secundaria - Granada\",\"alternateName\":\"IES La Madraza -Instituto de Ense\u00f1anza Secundaria - Granada\",\"url\":\"https:\\\/\\\/ieslamadraza.com\\\/wp\\\/\",\"logo\":{\"@type\":\"ImageObject\",\"inLanguage\":\"es\",\"@id\":\"https:\\\/\\\/ieslamadraza.com\\\/wp\\\/#\\\/schema\\\/logo\\\/image\\\/\",\"url\":\"https:\\\/\\\/ieslamadraza.com\\\/wp\\\/wp-content\\\/img\\\/2025\\\/10\\\/logo.jpeg\",\"contentUrl\":\"https:\\\/\\\/ieslamadraza.com\\\/wp\\\/wp-content\\\/img\\\/2025\\\/10\\\/logo.jpeg\",\"width\":225,\"height\":225,\"caption\":\"IES La Madraza -Instituto de Ense\u00f1anza Secundaria - Granada\"},\"image\":{\"@id\":\"https:\\\/\\\/ieslamadraza.com\\\/wp\\\/#\\\/schema\\\/logo\\\/image\\\/\"},\"sameAs\":[\"https:\\\/\\\/www.facebook.com\\\/ieslamadraza\\\/\",\"https:\\\/\\\/x.com\\\/MadrazaLa\",\"https:\\\/\\\/www.instagram.com\\\/institutolamadraza\\\/\"]},{\"@type\":\"Person\",\"@id\":\"https:\\\/\\\/ieslamadraza.com\\\/wp\\\/#\\\/schema\\\/person\\\/4a8364cf1c9304a4fd80f01759af7418\",\"name\":\"Mar\u00eda L\u00f3pez Cabrera\",\"image\":{\"@type\":\"ImageObject\",\"inLanguage\":\"es\",\"@id\":\"https:\\\/\\\/secure.gravatar.com\\\/avatar\\\/679e119ad77a9a59f38b5ce8cd47cd6f815aea08843594bec753fbbec8dc945e?s=96&d=mm&r=g\",\"url\":\"https:\\\/\\\/secure.gravatar.com\\\/avatar\\\/679e119ad77a9a59f38b5ce8cd47cd6f815aea08843594bec753fbbec8dc945e?s=96&d=mm&r=g\",\"contentUrl\":\"https:\\\/\\\/secure.gravatar.com\\\/avatar\\\/679e119ad77a9a59f38b5ce8cd47cd6f815aea08843594bec753fbbec8dc945e?s=96&d=mm&r=g\",\"caption\":\"Mar\u00eda L\u00f3pez Cabrera\"},\"url\":\"https:\\\/\\\/ieslamadraza.com\\\/wp\\\/author\\\/maria\\\/\"}]}<\/script>\n<!-- \/ Yoast SEO plugin. -->","yoast_head_json":{"title":"Visita por los Aljibes del Albaic\u00edn y el Museo del Perfume - IES LA MADRAZA","description":"IES La Madraza","robots":{"index":"index","follow":"follow","max-snippet":"max-snippet:-1","max-image-preview":"max-image-preview:large","max-video-preview":"max-video-preview:-1"},"canonical":"https:\/\/ieslamadraza.com\/wp\/visita-por-los-aljibes-del-albayzin-y-el-museo-del-perfume\/","og_locale":"es_ES","og_type":"article","og_title":"Visita por los Aljibes del Albaic\u00edn y el Museo del Perfume - IES LA MADRAZA","og_description":"IES La Madraza","og_url":"https:\/\/ieslamadraza.com\/wp\/visita-por-los-aljibes-del-albayzin-y-el-museo-del-perfume\/","og_site_name":"IES LA MADRAZA","article_publisher":"https:\/\/www.facebook.com\/ieslamadraza\/","article_published_time":"2022-03-28T18:16:56+00:00","article_modified_time":"2022-03-28T18:17:53+00:00","og_image":[{"width":2560,"height":1920,"url":"https:\/\/ieslamadraza.com\/wp\/wp-content\/img\/2022\/03\/IMG_2751-scaled.jpeg","type":"image\/jpeg"}],"author":"Mar\u00eda L\u00f3pez Cabrera","twitter_card":"summary_large_image","twitter_creator":"@MadrazaLa","twitter_site":"@MadrazaLa","twitter_misc":{"Escrito por":"Mar\u00eda L\u00f3pez Cabrera","Tiempo de lectura":"1 minuto"},"schema":{"@context":"https:\/\/schema.org","@graph":[{"@type":"Article","@id":"https:\/\/ieslamadraza.com\/wp\/visita-por-los-aljibes-del-albayzin-y-el-museo-del-perfume\/#article","isPartOf":{"@id":"https:\/\/ieslamadraza.com\/wp\/visita-por-los-aljibes-del-albayzin-y-el-museo-del-perfume\/"},"author":{"name":"Mar\u00eda L\u00f3pez Cabrera","@id":"https:\/\/ieslamadraza.com\/wp\/#\/schema\/person\/4a8364cf1c9304a4fd80f01759af7418"},"headline":"Visita por los Aljibes del Albaic\u00edn y el Museo del Perfume","datePublished":"2022-03-28T18:16:56+00:00","dateModified":"2022-03-28T18:17:53+00:00","mainEntityOfPage":{"@id":"https:\/\/ieslamadraza.com\/wp\/visita-por-los-aljibes-del-albayzin-y-el-museo-del-perfume\/"},"wordCount":154,"commentCount":0,"publisher":{"@id":"https:\/\/ieslamadraza.com\/wp\/#organization"},"image":{"@id":"https:\/\/ieslamadraza.com\/wp\/visita-por-los-aljibes-del-albayzin-y-el-museo-del-perfume\/#primaryimage"},"thumbnailUrl":"https:\/\/ieslamadraza.com\/wp\/wp-content\/img\/2022\/03\/IMG_2751-scaled.jpeg","articleSection":["ACT. EXTRAESCOLARES","CICLO FORMATIVO"],"inLanguage":"es","potentialAction":[{"@type":"CommentAction","name":"Comment","target":["https:\/\/ieslamadraza.com\/wp\/visita-por-los-aljibes-del-albayzin-y-el-museo-del-perfume\/#respond"]}]},{"@type":"WebPage","@id":"https:\/\/ieslamadraza.com\/wp\/visita-por-los-aljibes-del-albayzin-y-el-museo-del-perfume\/","url":"https:\/\/ieslamadraza.com\/wp\/visita-por-los-aljibes-del-albayzin-y-el-museo-del-perfume\/","name":"Visita por los Aljibes del Albaic\u00edn y el Museo del Perfume - IES LA MADRAZA","isPartOf":{"@id":"https:\/\/ieslamadraza.com\/wp\/#website"},"primaryImageOfPage":{"@id":"https:\/\/ieslamadraza.com\/wp\/visita-por-los-aljibes-del-albayzin-y-el-museo-del-perfume\/#primaryimage"},"image":{"@id":"https:\/\/ieslamadraza.com\/wp\/visita-por-los-aljibes-del-albayzin-y-el-museo-del-perfume\/#primaryimage"},"thumbnailUrl":"https:\/\/ieslamadraza.com\/wp\/wp-content\/img\/2022\/03\/IMG_2751-scaled.jpeg","datePublished":"2022-03-28T18:16:56+00:00","dateModified":"2022-03-28T18:17:53+00:00","description":"IES La Madraza","breadcrumb":{"@id":"https:\/\/ieslamadraza.com\/wp\/visita-por-los-aljibes-del-albayzin-y-el-museo-del-perfume\/#breadcrumb"},"inLanguage":"es","potentialAction":[{"@type":"ReadAction","target":["https:\/\/ieslamadraza.com\/wp\/visita-por-los-aljibes-del-albayzin-y-el-museo-del-perfume\/"]}]},{"@type":"ImageObject","inLanguage":"es","@id":"https:\/\/ieslamadraza.com\/wp\/visita-por-los-aljibes-del-albayzin-y-el-museo-del-perfume\/#primaryimage","url":"https:\/\/ieslamadraza.com\/wp\/wp-content\/img\/2022\/03\/IMG_2751-scaled.jpeg","contentUrl":"https:\/\/ieslamadraza.com\/wp\/wp-content\/img\/2022\/03\/IMG_2751-scaled.jpeg","width":2560,"height":1920},{"@type":"BreadcrumbList","@id":"https:\/\/ieslamadraza.com\/wp\/visita-por-los-aljibes-del-albayzin-y-el-museo-del-perfume\/#breadcrumb","itemListElement":[{"@type":"ListItem","position":1,"name":"Portada","item":"https:\/\/ieslamadraza.com\/wp\/"},{"@type":"ListItem","position":2,"name":"Visita por los Aljibes del Albaic\u00edn y el Museo del Perfume"}]},{"@type":"WebSite","@id":"https:\/\/ieslamadraza.com\/wp\/#website","url":"https:\/\/ieslamadraza.com\/wp\/","name":"IES LA MADRAZA","description":"Instituto de Ense\u00f1anza Secundaria de Granada (Espa\u00f1a)","publisher":{"@id":"https:\/\/ieslamadraza.com\/wp\/#organization"},"alternateName":"Inicio - IES LA MADRAZA","potentialAction":[{"@type":"SearchAction","target":{"@type":"EntryPoint","urlTemplate":"https:\/\/ieslamadraza.com\/wp\/?s={search_term_string}"},"query-input":{"@type":"PropertyValueSpecification","valueRequired":true,"valueName":"search_term_string"}}],"inLanguage":"es"},{"@type":"Organization","@id":"https:\/\/ieslamadraza.com\/wp\/#organization","name":"IES La Madraza -Instituto de Ense\u00f1anza Secundaria - Granada","alternateName":"IES La Madraza -Instituto de Ense\u00f1anza Secundaria - Granada","url":"https:\/\/ieslamadraza.com\/wp\/","logo":{"@type":"ImageObject","inLanguage":"es","@id":"https:\/\/ieslamadraza.com\/wp\/#\/schema\/logo\/image\/","url":"https:\/\/ieslamadraza.com\/wp\/wp-content\/img\/2025\/10\/logo.jpeg","contentUrl":"https:\/\/ieslamadraza.com\/wp\/wp-content\/img\/2025\/10\/logo.jpeg","width":225,"height":225,"caption":"IES La Madraza -Instituto de Ense\u00f1anza Secundaria - Granada"},"image":{"@id":"https:\/\/ieslamadraza.com\/wp\/#\/schema\/logo\/image\/"},"sameAs":["https:\/\/www.facebook.com\/ieslamadraza\/","https:\/\/x.com\/MadrazaLa","https:\/\/www.instagram.com\/institutolamadraza\/"]},{"@type":"Person","@id":"https:\/\/ieslamadraza.com\/wp\/#\/schema\/person\/4a8364cf1c9304a4fd80f01759af7418","name":"Mar\u00eda L\u00f3pez Cabrera","image":{"@type":"ImageObject","inLanguage":"es","@id":"https:\/\/secure.gravatar.com\/avatar\/679e119ad77a9a59f38b5ce8cd47cd6f815aea08843594bec753fbbec8dc945e?s=96&d=mm&r=g","url":"https:\/\/secure.gravatar.com\/avatar\/679e119ad77a9a59f38b5ce8cd47cd6f815aea08843594bec753fbbec8dc945e?s=96&d=mm&r=g","contentUrl":"https:\/\/secure.gravatar.com\/avatar\/679e119ad77a9a59f38b5ce8cd47cd6f815aea08843594bec753fbbec8dc945e?s=96&d=mm&r=g","caption":"Mar\u00eda L\u00f3pez Cabrera"},"url":"https:\/\/ieslamadraza.com\/wp\/author\/maria\/"}]}},"_links":{"self":[{"href":"https:\/\/ieslamadraza.com\/wp\/wp-json\/wp\/v2\/posts\/17054","targetHints":{"allow":["GET"]}}],"collection":[{"href":"https:\/\/ieslamadraza.com\/wp\/wp-json\/wp\/v2\/posts"}],"about":[{"href":"https:\/\/ieslamadraza.com\/wp\/wp-json\/wp\/v2\/types\/post"}],"author":[{"embeddable":true,"href":"https:\/\/ieslamadraza.com\/wp\/wp-json\/wp\/v2\/users\/5"}],"replies":[{"embeddable":true,"href":"https:\/\/ieslamadraza.com\/wp\/wp-json\/wp\/v2\/comments?post=17054"}],"version-history":[{"count":0,"href":"https:\/\/ieslamadraza.com\/wp\/wp-json\/wp\/v2\/posts\/17054\/revisions"}],"wp:featuredmedia":[{"embeddable":true,"href":"https:\/\/ieslamadraza.com\/wp\/wp-json\/wp\/v2\/media\/17056"}],"wp:attachment":[{"href":"https:\/\/ieslamadraza.com\/wp\/wp-json\/wp\/v2\/media?parent=17054"}],"wp:term":[{"taxonomy":"category","embeddable":true,"href":"https:\/\/ieslamadraza.com\/wp\/wp-json\/wp\/v2\/categories?post=17054"},{"taxonomy":"post_tag","embeddable":true,"href":"https:\/\/ieslamadraza.com\/wp\/wp-json\/wp\/v2\/tags?post=17054"}],"curies":[{"name":"wp","href":"https:\/\/api.w.org\/{rel}","templated":true}]}}