{"id":16704,"date":"2022-02-02T10:50:39","date_gmt":"2022-02-02T09:50:39","guid":{"rendered":"https:\/\/ieslamadraza.com\/wp\/?p=16704"},"modified":"2022-02-17T12:53:15","modified_gmt":"2022-02-17T11:53:15","slug":"campana-frutas-y-verduras-de-temporada","status":"publish","type":"post","link":"https:\/\/ieslamadraza.com\/wp\/campana-frutas-y-verduras-de-temporada\/","title":{"rendered":"Campa\u00f1a \u00abFrutas y verduras de temporada\u00bb"},"content":{"rendered":"<p><img decoding=\"async\" class=\"aligncenter wp-image-16706 lazyload\" data-src=\"https:\/\/ieslamadraza.com\/wp\/wp-content\/img\/2022\/02\/2022_01_31-Expo-alimentos-de-temporada1-1024x767.jpg\" alt=\"\" width=\"500\" height=\"374\" data-srcset=\"https:\/\/ieslamadraza.com\/wp\/wp-content\/img\/2022\/02\/2022_01_31-Expo-alimentos-de-temporada1-1024x767.jpg 1024w, https:\/\/ieslamadraza.com\/wp\/wp-content\/img\/2022\/02\/2022_01_31-Expo-alimentos-de-temporada1-300x225.jpg 300w, https:\/\/ieslamadraza.com\/wp\/wp-content\/img\/2022\/02\/2022_01_31-Expo-alimentos-de-temporada1-768x575.jpg 768w, https:\/\/ieslamadraza.com\/wp\/wp-content\/img\/2022\/02\/2022_01_31-Expo-alimentos-de-temporada1-1536x1150.jpg 1536w, https:\/\/ieslamadraza.com\/wp\/wp-content\/img\/2022\/02\/2022_01_31-Expo-alimentos-de-temporada1-2048x1534.jpg 2048w, https:\/\/ieslamadraza.com\/wp\/wp-content\/img\/2022\/02\/2022_01_31-Expo-alimentos-de-temporada1-1080x809.jpg 1080w\" data-sizes=\"(max-width: 500px) 100vw, 500px\" src=\"data:image\/svg+xml;base64,PHN2ZyB3aWR0aD0iMSIgaGVpZ2h0PSIxIiB4bWxucz0iaHR0cDovL3d3dy53My5vcmcvMjAwMC9zdmciPjwvc3ZnPg==\" style=\"--smush-placeholder-width: 500px; --smush-placeholder-aspect-ratio: 500\/374;\" \/><\/p>\n<p>El alumnado de Cultura Cient\u00edfica de 1\u00ba Bachillerato ha realizado una investigaci\u00f3n sobre las frutas y verduras locales y de temporada con la ayuda de su profesor Francisco Bazoco. Proponen que consumamos estos alimentos y no los que se producen en pa\u00edses lejanos y recorren grandes distancias provocando contaminaci\u00f3n atmosf\u00e9rica y cambio clim\u00e1tico.<\/p>\n<p>Han seleccionado frutas y verduras propias de oto\u00f1o e invierno y han realizado una exposici\u00f3n en el Pasaje de la Libertad. De cada producto indican sus principales valores nutricionales y proponen una receta. La informaci\u00f3n se acompa\u00f1a con dibujos y vistosas r\u00e9plicas de frutas y verduras con cuelgan del techo a modo de m\u00f3viles.<\/p>\n<p><img decoding=\"async\" class=\"aligncenter  wp-image-16829 lazyload\" data-src=\"https:\/\/ieslamadraza.com\/wp\/wp-content\/img\/2022\/02\/2022_02_15-Visita-la-exposicion-de-alimentos-1024x767.jpg\" alt=\"\" width=\"500\" height=\"375\" data-srcset=\"https:\/\/ieslamadraza.com\/wp\/wp-content\/img\/2022\/02\/2022_02_15-Visita-la-exposicion-de-alimentos-1024x767.jpg 1024w, https:\/\/ieslamadraza.com\/wp\/wp-content\/img\/2022\/02\/2022_02_15-Visita-la-exposicion-de-alimentos-300x225.jpg 300w, https:\/\/ieslamadraza.com\/wp\/wp-content\/img\/2022\/02\/2022_02_15-Visita-la-exposicion-de-alimentos-768x575.jpg 768w, https:\/\/ieslamadraza.com\/wp\/wp-content\/img\/2022\/02\/2022_02_15-Visita-la-exposicion-de-alimentos-1536x1150.jpg 1536w, https:\/\/ieslamadraza.com\/wp\/wp-content\/img\/2022\/02\/2022_02_15-Visita-la-exposicion-de-alimentos-2048x1534.jpg 2048w, https:\/\/ieslamadraza.com\/wp\/wp-content\/img\/2022\/02\/2022_02_15-Visita-la-exposicion-de-alimentos-1080x809.jpg 1080w\" data-sizes=\"(max-width: 500px) 100vw, 500px\" src=\"data:image\/svg+xml;base64,PHN2ZyB3aWR0aD0iMSIgaGVpZ2h0PSIxIiB4bWxucz0iaHR0cDovL3d3dy53My5vcmcvMjAwMC9zdmciPjwvc3ZnPg==\" style=\"--smush-placeholder-width: 500px; --smush-placeholder-aspect-ratio: 500\/375;\" \/><\/p>\n<p><img decoding=\"async\" class=\"aligncenter wp-image-16707 lazyload\" data-src=\"https:\/\/ieslamadraza.com\/wp\/wp-content\/img\/2022\/02\/2022_02_03-Expo-alimentos-de-temporada2-1024x767.jpg\" alt=\"\" width=\"500\" height=\"374\" data-srcset=\"https:\/\/ieslamadraza.com\/wp\/wp-content\/img\/2022\/02\/2022_02_03-Expo-alimentos-de-temporada2-1024x767.jpg 1024w, https:\/\/ieslamadraza.com\/wp\/wp-content\/img\/2022\/02\/2022_02_03-Expo-alimentos-de-temporada2-300x225.jpg 300w, https:\/\/ieslamadraza.com\/wp\/wp-content\/img\/2022\/02\/2022_02_03-Expo-alimentos-de-temporada2-768x575.jpg 768w, https:\/\/ieslamadraza.com\/wp\/wp-content\/img\/2022\/02\/2022_02_03-Expo-alimentos-de-temporada2-1536x1150.jpg 1536w, https:\/\/ieslamadraza.com\/wp\/wp-content\/img\/2022\/02\/2022_02_03-Expo-alimentos-de-temporada2-2048x1534.jpg 2048w, https:\/\/ieslamadraza.com\/wp\/wp-content\/img\/2022\/02\/2022_02_03-Expo-alimentos-de-temporada2-1080x809.jpg 1080w\" data-sizes=\"(max-width: 500px) 100vw, 500px\" src=\"data:image\/svg+xml;base64,PHN2ZyB3aWR0aD0iMSIgaGVpZ2h0PSIxIiB4bWxucz0iaHR0cDovL3d3dy53My5vcmcvMjAwMC9zdmciPjwvc3ZnPg==\" style=\"--smush-placeholder-width: 500px; --smush-placeholder-aspect-ratio: 500\/374;\" \/><\/p>\n<p><img decoding=\"async\" class=\"aligncenter wp-image-16708 lazyload\" data-src=\"https:\/\/ieslamadraza.com\/wp\/wp-content\/img\/2022\/02\/2022_02_03-Expo-alimentos-de-temporada3-1024x767.jpg\" alt=\"\" width=\"500\" height=\"374\" data-srcset=\"https:\/\/ieslamadraza.com\/wp\/wp-content\/img\/2022\/02\/2022_02_03-Expo-alimentos-de-temporada3-1024x767.jpg 1024w, https:\/\/ieslamadraza.com\/wp\/wp-content\/img\/2022\/02\/2022_02_03-Expo-alimentos-de-temporada3-300x225.jpg 300w, https:\/\/ieslamadraza.com\/wp\/wp-content\/img\/2022\/02\/2022_02_03-Expo-alimentos-de-temporada3-768x575.jpg 768w, https:\/\/ieslamadraza.com\/wp\/wp-content\/img\/2022\/02\/2022_02_03-Expo-alimentos-de-temporada3-1536x1150.jpg 1536w, https:\/\/ieslamadraza.com\/wp\/wp-content\/img\/2022\/02\/2022_02_03-Expo-alimentos-de-temporada3-2048x1534.jpg 2048w, https:\/\/ieslamadraza.com\/wp\/wp-content\/img\/2022\/02\/2022_02_03-Expo-alimentos-de-temporada3-1080x809.jpg 1080w\" data-sizes=\"(max-width: 500px) 100vw, 500px\" src=\"data:image\/svg+xml;base64,PHN2ZyB3aWR0aD0iMSIgaGVpZ2h0PSIxIiB4bWxucz0iaHR0cDovL3d3dy53My5vcmcvMjAwMC9zdmciPjwvc3ZnPg==\" style=\"--smush-placeholder-width: 500px; --smush-placeholder-aspect-ratio: 500\/374;\" \/><\/p>\n<p><img decoding=\"async\" class=\"aligncenter wp-image-16709 lazyload\" data-src=\"https:\/\/ieslamadraza.com\/wp\/wp-content\/img\/2022\/02\/2022_02_03-Expo-alimentos-de-temporada4-1024x767.jpg\" alt=\"\" width=\"500\" height=\"374\" data-srcset=\"https:\/\/ieslamadraza.com\/wp\/wp-content\/img\/2022\/02\/2022_02_03-Expo-alimentos-de-temporada4-1024x767.jpg 1024w, https:\/\/ieslamadraza.com\/wp\/wp-content\/img\/2022\/02\/2022_02_03-Expo-alimentos-de-temporada4-300x225.jpg 300w, https:\/\/ieslamadraza.com\/wp\/wp-content\/img\/2022\/02\/2022_02_03-Expo-alimentos-de-temporada4-768x575.jpg 768w, https:\/\/ieslamadraza.com\/wp\/wp-content\/img\/2022\/02\/2022_02_03-Expo-alimentos-de-temporada4-1536x1150.jpg 1536w, https:\/\/ieslamadraza.com\/wp\/wp-content\/img\/2022\/02\/2022_02_03-Expo-alimentos-de-temporada4-2048x1534.jpg 2048w, https:\/\/ieslamadraza.com\/wp\/wp-content\/img\/2022\/02\/2022_02_03-Expo-alimentos-de-temporada4-1080x809.jpg 1080w\" data-sizes=\"(max-width: 500px) 100vw, 500px\" src=\"data:image\/svg+xml;base64,PHN2ZyB3aWR0aD0iMSIgaGVpZ2h0PSIxIiB4bWxucz0iaHR0cDovL3d3dy53My5vcmcvMjAwMC9zdmciPjwvc3ZnPg==\" style=\"--smush-placeholder-width: 500px; --smush-placeholder-aspect-ratio: 500\/374;\" \/><\/p>\n<p><img decoding=\"async\" class=\"aligncenter wp-image-16710 lazyload\" data-src=\"https:\/\/ieslamadraza.com\/wp\/wp-content\/img\/2022\/02\/2022_02_03-Expo-alimentos-de-temporada5-1024x767.jpg\" alt=\"\" width=\"500\" height=\"374\" data-srcset=\"https:\/\/ieslamadraza.com\/wp\/wp-content\/img\/2022\/02\/2022_02_03-Expo-alimentos-de-temporada5-1024x767.jpg 1024w, https:\/\/ieslamadraza.com\/wp\/wp-content\/img\/2022\/02\/2022_02_03-Expo-alimentos-de-temporada5-300x225.jpg 300w, https:\/\/ieslamadraza.com\/wp\/wp-content\/img\/2022\/02\/2022_02_03-Expo-alimentos-de-temporada5-768x575.jpg 768w, https:\/\/ieslamadraza.com\/wp\/wp-content\/img\/2022\/02\/2022_02_03-Expo-alimentos-de-temporada5-1536x1150.jpg 1536w, https:\/\/ieslamadraza.com\/wp\/wp-content\/img\/2022\/02\/2022_02_03-Expo-alimentos-de-temporada5-2048x1534.jpg 2048w, https:\/\/ieslamadraza.com\/wp\/wp-content\/img\/2022\/02\/2022_02_03-Expo-alimentos-de-temporada5-1080x809.jpg 1080w\" data-sizes=\"(max-width: 500px) 100vw, 500px\" src=\"data:image\/svg+xml;base64,PHN2ZyB3aWR0aD0iMSIgaGVpZ2h0PSIxIiB4bWxucz0iaHR0cDovL3d3dy53My5vcmcvMjAwMC9zdmciPjwvc3ZnPg==\" style=\"--smush-placeholder-width: 500px; --smush-placeholder-aspect-ratio: 500\/374;\" \/><\/p>\n","protected":false},"excerpt":{"rendered":"<p>El alumnado de Cultura Cient\u00edfica de 1\u00ba Bachillerato ha realizado una investigaci\u00f3n sobre las frutas y verduras locales y de temporada con la ayuda de su profesor Francisco Bazoco. Proponen que consumamos estos alimentos y no los que se producen en pa\u00edses lejanos y recorren grandes distancias provocando contaminaci\u00f3n atmosf\u00e9rica y cambio clim\u00e1tico. Han seleccionado [&hellip;]<\/p>\n","protected":false},"author":3,"featured_media":16706,"comment_status":"open","ping_status":"closed","sticky":false,"template":"","format":"standard","meta":{"_et_pb_use_builder":"","_et_pb_old_content":"","_et_gb_content_width":"","_monsterinsights_skip_tracking":false,"_monsterinsights_sitenote_active":false,"_monsterinsights_sitenote_note":"","_monsterinsights_sitenote_category":0,"footnotes":""},"categories":[36,78],"tags":[],"class_list":["post-16704","post","type-post","status-publish","format-standard","has-post-thumbnail","hentry","category-bioygeo","category-ecoescuela-ecoescuela","et-has-post-format-content","et_post_format-et-post-format-standard"],"yoast_head":"<!-- This site is optimized with the Yoast SEO plugin v27.5 - https:\/\/yoast.com\/product\/yoast-seo-wordpress\/ -->\n<title>Campa\u00f1a &quot;Frutas y verduras de temporada&quot; - IES LA MADRAZA<\/title>\n<meta name=\"description\" content=\"IES La Madraza\" \/>\n<meta name=\"robots\" content=\"index, follow, max-snippet:-1, max-image-preview:large, max-video-preview:-1\" \/>\n<link rel=\"canonical\" href=\"https:\/\/ieslamadraza.com\/wp\/campana-frutas-y-verduras-de-temporada\/\" \/>\n<meta property=\"og:locale\" content=\"es_ES\" \/>\n<meta property=\"og:type\" content=\"article\" \/>\n<meta property=\"og:title\" content=\"Campa\u00f1a &quot;Frutas y verduras de temporada&quot; - IES LA MADRAZA\" \/>\n<meta property=\"og:description\" content=\"IES La Madraza\" \/>\n<meta property=\"og:url\" content=\"https:\/\/ieslamadraza.com\/wp\/campana-frutas-y-verduras-de-temporada\/\" \/>\n<meta property=\"og:site_name\" content=\"IES LA MADRAZA\" \/>\n<meta property=\"article:publisher\" content=\"https:\/\/www.facebook.com\/ieslamadraza\/\" \/>\n<meta property=\"article:published_time\" content=\"2022-02-02T09:50:39+00:00\" \/>\n<meta property=\"article:modified_time\" content=\"2022-02-17T11:53:15+00:00\" \/>\n<meta property=\"og:image\" content=\"https:\/\/ieslamadraza.com\/wp\/wp-content\/img\/2022\/02\/2022_01_31-Expo-alimentos-de-temporada1-scaled.jpg\" \/>\n\t<meta property=\"og:image:width\" content=\"2560\" \/>\n\t<meta property=\"og:image:height\" content=\"1917\" \/>\n\t<meta property=\"og:image:type\" content=\"image\/jpeg\" \/>\n<meta name=\"author\" content=\"Pablo Acosta Robles\" \/>\n<meta name=\"twitter:card\" content=\"summary_large_image\" \/>\n<meta name=\"twitter:creator\" content=\"@MadrazaLa\" \/>\n<meta name=\"twitter:site\" content=\"@MadrazaLa\" \/>\n<meta name=\"twitter:label1\" content=\"Escrito por\" \/>\n\t<meta name=\"twitter:data1\" content=\"Pablo Acosta Robles\" \/>\n\t<meta name=\"twitter:label2\" content=\"Tiempo de lectura\" \/>\n\t<meta name=\"twitter:data2\" content=\"2 minutos\" \/>\n<script type=\"application\/ld+json\" class=\"yoast-schema-graph\">{\"@context\":\"https:\\\/\\\/schema.org\",\"@graph\":[{\"@type\":\"Article\",\"@id\":\"https:\\\/\\\/ieslamadraza.com\\\/wp\\\/campana-frutas-y-verduras-de-temporada\\\/#article\",\"isPartOf\":{\"@id\":\"https:\\\/\\\/ieslamadraza.com\\\/wp\\\/campana-frutas-y-verduras-de-temporada\\\/\"},\"author\":{\"name\":\"Pablo Acosta Robles\",\"@id\":\"https:\\\/\\\/ieslamadraza.com\\\/wp\\\/#\\\/schema\\\/person\\\/d18d75ada99363ede30eade0c7b383d0\"},\"headline\":\"Campa\u00f1a \u00abFrutas y verduras de temporada\u00bb\",\"datePublished\":\"2022-02-02T09:50:39+00:00\",\"dateModified\":\"2022-02-17T11:53:15+00:00\",\"mainEntityOfPage\":{\"@id\":\"https:\\\/\\\/ieslamadraza.com\\\/wp\\\/campana-frutas-y-verduras-de-temporada\\\/\"},\"wordCount\":125,\"commentCount\":0,\"publisher\":{\"@id\":\"https:\\\/\\\/ieslamadraza.com\\\/wp\\\/#organization\"},\"image\":{\"@id\":\"https:\\\/\\\/ieslamadraza.com\\\/wp\\\/campana-frutas-y-verduras-de-temporada\\\/#primaryimage\"},\"thumbnailUrl\":\"https:\\\/\\\/ieslamadraza.com\\\/wp\\\/wp-content\\\/img\\\/2022\\\/02\\\/2022_01_31-Expo-alimentos-de-temporada1-scaled.jpg\",\"articleSection\":[\"BIOLOG\u00cdA Y GEOLOG\u00cdA\",\"ECOESCUELA\"],\"inLanguage\":\"es\",\"potentialAction\":[{\"@type\":\"CommentAction\",\"name\":\"Comment\",\"target\":[\"https:\\\/\\\/ieslamadraza.com\\\/wp\\\/campana-frutas-y-verduras-de-temporada\\\/#respond\"]}]},{\"@type\":\"WebPage\",\"@id\":\"https:\\\/\\\/ieslamadraza.com\\\/wp\\\/campana-frutas-y-verduras-de-temporada\\\/\",\"url\":\"https:\\\/\\\/ieslamadraza.com\\\/wp\\\/campana-frutas-y-verduras-de-temporada\\\/\",\"name\":\"Campa\u00f1a \\\"Frutas y verduras de temporada\\\" - IES LA MADRAZA\",\"isPartOf\":{\"@id\":\"https:\\\/\\\/ieslamadraza.com\\\/wp\\\/#website\"},\"primaryImageOfPage\":{\"@id\":\"https:\\\/\\\/ieslamadraza.com\\\/wp\\\/campana-frutas-y-verduras-de-temporada\\\/#primaryimage\"},\"image\":{\"@id\":\"https:\\\/\\\/ieslamadraza.com\\\/wp\\\/campana-frutas-y-verduras-de-temporada\\\/#primaryimage\"},\"thumbnailUrl\":\"https:\\\/\\\/ieslamadraza.com\\\/wp\\\/wp-content\\\/img\\\/2022\\\/02\\\/2022_01_31-Expo-alimentos-de-temporada1-scaled.jpg\",\"datePublished\":\"2022-02-02T09:50:39+00:00\",\"dateModified\":\"2022-02-17T11:53:15+00:00\",\"description\":\"IES La Madraza\",\"breadcrumb\":{\"@id\":\"https:\\\/\\\/ieslamadraza.com\\\/wp\\\/campana-frutas-y-verduras-de-temporada\\\/#breadcrumb\"},\"inLanguage\":\"es\",\"potentialAction\":[{\"@type\":\"ReadAction\",\"target\":[\"https:\\\/\\\/ieslamadraza.com\\\/wp\\\/campana-frutas-y-verduras-de-temporada\\\/\"]}]},{\"@type\":\"ImageObject\",\"inLanguage\":\"es\",\"@id\":\"https:\\\/\\\/ieslamadraza.com\\\/wp\\\/campana-frutas-y-verduras-de-temporada\\\/#primaryimage\",\"url\":\"https:\\\/\\\/ieslamadraza.com\\\/wp\\\/wp-content\\\/img\\\/2022\\\/02\\\/2022_01_31-Expo-alimentos-de-temporada1-scaled.jpg\",\"contentUrl\":\"https:\\\/\\\/ieslamadraza.com\\\/wp\\\/wp-content\\\/img\\\/2022\\\/02\\\/2022_01_31-Expo-alimentos-de-temporada1-scaled.jpg\",\"width\":2560,\"height\":1917},{\"@type\":\"BreadcrumbList\",\"@id\":\"https:\\\/\\\/ieslamadraza.com\\\/wp\\\/campana-frutas-y-verduras-de-temporada\\\/#breadcrumb\",\"itemListElement\":[{\"@type\":\"ListItem\",\"position\":1,\"name\":\"Portada\",\"item\":\"https:\\\/\\\/ieslamadraza.com\\\/wp\\\/\"},{\"@type\":\"ListItem\",\"position\":2,\"name\":\"Campa\u00f1a \u00abFrutas y verduras de temporada\u00bb\"}]},{\"@type\":\"WebSite\",\"@id\":\"https:\\\/\\\/ieslamadraza.com\\\/wp\\\/#website\",\"url\":\"https:\\\/\\\/ieslamadraza.com\\\/wp\\\/\",\"name\":\"IES LA MADRAZA\",\"description\":\"Instituto de Ense\u00f1anza Secundaria de Granada (Espa\u00f1a)\",\"publisher\":{\"@id\":\"https:\\\/\\\/ieslamadraza.com\\\/wp\\\/#organization\"},\"alternateName\":\"Inicio - IES LA MADRAZA\",\"potentialAction\":[{\"@type\":\"SearchAction\",\"target\":{\"@type\":\"EntryPoint\",\"urlTemplate\":\"https:\\\/\\\/ieslamadraza.com\\\/wp\\\/?s={search_term_string}\"},\"query-input\":{\"@type\":\"PropertyValueSpecification\",\"valueRequired\":true,\"valueName\":\"search_term_string\"}}],\"inLanguage\":\"es\"},{\"@type\":\"Organization\",\"@id\":\"https:\\\/\\\/ieslamadraza.com\\\/wp\\\/#organization\",\"name\":\"IES La Madraza -Instituto de Ense\u00f1anza Secundaria - Granada\",\"alternateName\":\"IES La Madraza -Instituto de Ense\u00f1anza Secundaria - Granada\",\"url\":\"https:\\\/\\\/ieslamadraza.com\\\/wp\\\/\",\"logo\":{\"@type\":\"ImageObject\",\"inLanguage\":\"es\",\"@id\":\"https:\\\/\\\/ieslamadraza.com\\\/wp\\\/#\\\/schema\\\/logo\\\/image\\\/\",\"url\":\"https:\\\/\\\/ieslamadraza.com\\\/wp\\\/wp-content\\\/img\\\/2025\\\/10\\\/logo.jpeg\",\"contentUrl\":\"https:\\\/\\\/ieslamadraza.com\\\/wp\\\/wp-content\\\/img\\\/2025\\\/10\\\/logo.jpeg\",\"width\":225,\"height\":225,\"caption\":\"IES La Madraza -Instituto de Ense\u00f1anza Secundaria - Granada\"},\"image\":{\"@id\":\"https:\\\/\\\/ieslamadraza.com\\\/wp\\\/#\\\/schema\\\/logo\\\/image\\\/\"},\"sameAs\":[\"https:\\\/\\\/www.facebook.com\\\/ieslamadraza\\\/\",\"https:\\\/\\\/x.com\\\/MadrazaLa\",\"https:\\\/\\\/www.instagram.com\\\/institutolamadraza\\\/\"]},{\"@type\":\"Person\",\"@id\":\"https:\\\/\\\/ieslamadraza.com\\\/wp\\\/#\\\/schema\\\/person\\\/d18d75ada99363ede30eade0c7b383d0\",\"name\":\"Pablo Acosta Robles\",\"image\":{\"@type\":\"ImageObject\",\"inLanguage\":\"es\",\"@id\":\"https:\\\/\\\/secure.gravatar.com\\\/avatar\\\/de366d44c0d2f7406ad434f0c9650ee7d0d2a7258b6f1a511aa8345445bb21b5?s=96&d=mm&r=g\",\"url\":\"https:\\\/\\\/secure.gravatar.com\\\/avatar\\\/de366d44c0d2f7406ad434f0c9650ee7d0d2a7258b6f1a511aa8345445bb21b5?s=96&d=mm&r=g\",\"contentUrl\":\"https:\\\/\\\/secure.gravatar.com\\\/avatar\\\/de366d44c0d2f7406ad434f0c9650ee7d0d2a7258b6f1a511aa8345445bb21b5?s=96&d=mm&r=g\",\"caption\":\"Pablo Acosta Robles\"},\"url\":\"https:\\\/\\\/ieslamadraza.com\\\/wp\\\/author\\\/pablo\\\/\"}]}<\/script>\n<!-- \/ Yoast SEO plugin. -->","yoast_head_json":{"title":"Campa\u00f1a \"Frutas y verduras de temporada\" - IES LA MADRAZA","description":"IES La Madraza","robots":{"index":"index","follow":"follow","max-snippet":"max-snippet:-1","max-image-preview":"max-image-preview:large","max-video-preview":"max-video-preview:-1"},"canonical":"https:\/\/ieslamadraza.com\/wp\/campana-frutas-y-verduras-de-temporada\/","og_locale":"es_ES","og_type":"article","og_title":"Campa\u00f1a \"Frutas y verduras de temporada\" - IES LA MADRAZA","og_description":"IES La Madraza","og_url":"https:\/\/ieslamadraza.com\/wp\/campana-frutas-y-verduras-de-temporada\/","og_site_name":"IES LA MADRAZA","article_publisher":"https:\/\/www.facebook.com\/ieslamadraza\/","article_published_time":"2022-02-02T09:50:39+00:00","article_modified_time":"2022-02-17T11:53:15+00:00","og_image":[{"width":2560,"height":1917,"url":"https:\/\/ieslamadraza.com\/wp\/wp-content\/img\/2022\/02\/2022_01_31-Expo-alimentos-de-temporada1-scaled.jpg","type":"image\/jpeg"}],"author":"Pablo Acosta Robles","twitter_card":"summary_large_image","twitter_creator":"@MadrazaLa","twitter_site":"@MadrazaLa","twitter_misc":{"Escrito por":"Pablo Acosta Robles","Tiempo de lectura":"2 minutos"},"schema":{"@context":"https:\/\/schema.org","@graph":[{"@type":"Article","@id":"https:\/\/ieslamadraza.com\/wp\/campana-frutas-y-verduras-de-temporada\/#article","isPartOf":{"@id":"https:\/\/ieslamadraza.com\/wp\/campana-frutas-y-verduras-de-temporada\/"},"author":{"name":"Pablo Acosta Robles","@id":"https:\/\/ieslamadraza.com\/wp\/#\/schema\/person\/d18d75ada99363ede30eade0c7b383d0"},"headline":"Campa\u00f1a \u00abFrutas y verduras de temporada\u00bb","datePublished":"2022-02-02T09:50:39+00:00","dateModified":"2022-02-17T11:53:15+00:00","mainEntityOfPage":{"@id":"https:\/\/ieslamadraza.com\/wp\/campana-frutas-y-verduras-de-temporada\/"},"wordCount":125,"commentCount":0,"publisher":{"@id":"https:\/\/ieslamadraza.com\/wp\/#organization"},"image":{"@id":"https:\/\/ieslamadraza.com\/wp\/campana-frutas-y-verduras-de-temporada\/#primaryimage"},"thumbnailUrl":"https:\/\/ieslamadraza.com\/wp\/wp-content\/img\/2022\/02\/2022_01_31-Expo-alimentos-de-temporada1-scaled.jpg","articleSection":["BIOLOG\u00cdA Y GEOLOG\u00cdA","ECOESCUELA"],"inLanguage":"es","potentialAction":[{"@type":"CommentAction","name":"Comment","target":["https:\/\/ieslamadraza.com\/wp\/campana-frutas-y-verduras-de-temporada\/#respond"]}]},{"@type":"WebPage","@id":"https:\/\/ieslamadraza.com\/wp\/campana-frutas-y-verduras-de-temporada\/","url":"https:\/\/ieslamadraza.com\/wp\/campana-frutas-y-verduras-de-temporada\/","name":"Campa\u00f1a \"Frutas y verduras de temporada\" - IES LA MADRAZA","isPartOf":{"@id":"https:\/\/ieslamadraza.com\/wp\/#website"},"primaryImageOfPage":{"@id":"https:\/\/ieslamadraza.com\/wp\/campana-frutas-y-verduras-de-temporada\/#primaryimage"},"image":{"@id":"https:\/\/ieslamadraza.com\/wp\/campana-frutas-y-verduras-de-temporada\/#primaryimage"},"thumbnailUrl":"https:\/\/ieslamadraza.com\/wp\/wp-content\/img\/2022\/02\/2022_01_31-Expo-alimentos-de-temporada1-scaled.jpg","datePublished":"2022-02-02T09:50:39+00:00","dateModified":"2022-02-17T11:53:15+00:00","description":"IES La Madraza","breadcrumb":{"@id":"https:\/\/ieslamadraza.com\/wp\/campana-frutas-y-verduras-de-temporada\/#breadcrumb"},"inLanguage":"es","potentialAction":[{"@type":"ReadAction","target":["https:\/\/ieslamadraza.com\/wp\/campana-frutas-y-verduras-de-temporada\/"]}]},{"@type":"ImageObject","inLanguage":"es","@id":"https:\/\/ieslamadraza.com\/wp\/campana-frutas-y-verduras-de-temporada\/#primaryimage","url":"https:\/\/ieslamadraza.com\/wp\/wp-content\/img\/2022\/02\/2022_01_31-Expo-alimentos-de-temporada1-scaled.jpg","contentUrl":"https:\/\/ieslamadraza.com\/wp\/wp-content\/img\/2022\/02\/2022_01_31-Expo-alimentos-de-temporada1-scaled.jpg","width":2560,"height":1917},{"@type":"BreadcrumbList","@id":"https:\/\/ieslamadraza.com\/wp\/campana-frutas-y-verduras-de-temporada\/#breadcrumb","itemListElement":[{"@type":"ListItem","position":1,"name":"Portada","item":"https:\/\/ieslamadraza.com\/wp\/"},{"@type":"ListItem","position":2,"name":"Campa\u00f1a \u00abFrutas y verduras de temporada\u00bb"}]},{"@type":"WebSite","@id":"https:\/\/ieslamadraza.com\/wp\/#website","url":"https:\/\/ieslamadraza.com\/wp\/","name":"IES LA MADRAZA","description":"Instituto de Ense\u00f1anza Secundaria de Granada (Espa\u00f1a)","publisher":{"@id":"https:\/\/ieslamadraza.com\/wp\/#organization"},"alternateName":"Inicio - IES LA MADRAZA","potentialAction":[{"@type":"SearchAction","target":{"@type":"EntryPoint","urlTemplate":"https:\/\/ieslamadraza.com\/wp\/?s={search_term_string}"},"query-input":{"@type":"PropertyValueSpecification","valueRequired":true,"valueName":"search_term_string"}}],"inLanguage":"es"},{"@type":"Organization","@id":"https:\/\/ieslamadraza.com\/wp\/#organization","name":"IES La Madraza -Instituto de Ense\u00f1anza Secundaria - Granada","alternateName":"IES La Madraza -Instituto de Ense\u00f1anza Secundaria - Granada","url":"https:\/\/ieslamadraza.com\/wp\/","logo":{"@type":"ImageObject","inLanguage":"es","@id":"https:\/\/ieslamadraza.com\/wp\/#\/schema\/logo\/image\/","url":"https:\/\/ieslamadraza.com\/wp\/wp-content\/img\/2025\/10\/logo.jpeg","contentUrl":"https:\/\/ieslamadraza.com\/wp\/wp-content\/img\/2025\/10\/logo.jpeg","width":225,"height":225,"caption":"IES La Madraza -Instituto de Ense\u00f1anza Secundaria - Granada"},"image":{"@id":"https:\/\/ieslamadraza.com\/wp\/#\/schema\/logo\/image\/"},"sameAs":["https:\/\/www.facebook.com\/ieslamadraza\/","https:\/\/x.com\/MadrazaLa","https:\/\/www.instagram.com\/institutolamadraza\/"]},{"@type":"Person","@id":"https:\/\/ieslamadraza.com\/wp\/#\/schema\/person\/d18d75ada99363ede30eade0c7b383d0","name":"Pablo Acosta Robles","image":{"@type":"ImageObject","inLanguage":"es","@id":"https:\/\/secure.gravatar.com\/avatar\/de366d44c0d2f7406ad434f0c9650ee7d0d2a7258b6f1a511aa8345445bb21b5?s=96&d=mm&r=g","url":"https:\/\/secure.gravatar.com\/avatar\/de366d44c0d2f7406ad434f0c9650ee7d0d2a7258b6f1a511aa8345445bb21b5?s=96&d=mm&r=g","contentUrl":"https:\/\/secure.gravatar.com\/avatar\/de366d44c0d2f7406ad434f0c9650ee7d0d2a7258b6f1a511aa8345445bb21b5?s=96&d=mm&r=g","caption":"Pablo Acosta Robles"},"url":"https:\/\/ieslamadraza.com\/wp\/author\/pablo\/"}]}},"_links":{"self":[{"href":"https:\/\/ieslamadraza.com\/wp\/wp-json\/wp\/v2\/posts\/16704","targetHints":{"allow":["GET"]}}],"collection":[{"href":"https:\/\/ieslamadraza.com\/wp\/wp-json\/wp\/v2\/posts"}],"about":[{"href":"https:\/\/ieslamadraza.com\/wp\/wp-json\/wp\/v2\/types\/post"}],"author":[{"embeddable":true,"href":"https:\/\/ieslamadraza.com\/wp\/wp-json\/wp\/v2\/users\/3"}],"replies":[{"embeddable":true,"href":"https:\/\/ieslamadraza.com\/wp\/wp-json\/wp\/v2\/comments?post=16704"}],"version-history":[{"count":0,"href":"https:\/\/ieslamadraza.com\/wp\/wp-json\/wp\/v2\/posts\/16704\/revisions"}],"wp:featuredmedia":[{"embeddable":true,"href":"https:\/\/ieslamadraza.com\/wp\/wp-json\/wp\/v2\/media\/16706"}],"wp:attachment":[{"href":"https:\/\/ieslamadraza.com\/wp\/wp-json\/wp\/v2\/media?parent=16704"}],"wp:term":[{"taxonomy":"category","embeddable":true,"href":"https:\/\/ieslamadraza.com\/wp\/wp-json\/wp\/v2\/categories?post=16704"},{"taxonomy":"post_tag","embeddable":true,"href":"https:\/\/ieslamadraza.com\/wp\/wp-json\/wp\/v2\/tags?post=16704"}],"curies":[{"name":"wp","href":"https:\/\/api.w.org\/{rel}","templated":true}]}}