{"id":1652,"date":"2016-01-31T18:06:49","date_gmt":"2016-01-31T17:06:49","guid":{"rendered":"http:\/\/ieslamadraza.com\/wp\/los-lunes-poesia-20160201\/"},"modified":"2019-09-02T14:12:21","modified_gmt":"2019-09-02T12:12:21","slug":"los-lunes-poesia-20160201","status":"publish","type":"post","link":"https:\/\/ieslamadraza.com\/wp\/los-lunes-poesia-20160201\/","title":{"rendered":"Los lunes&#8230; poes\u00eda (2016\/02\/01)"},"content":{"rendered":"<p style=\"text-align: center;\">\n<p style=\"text-align: center;\"><img decoding=\"async\" class=\"size-full wp-image-3012 lazyload\" style=\"--smush-placeholder-width: 221px; --smush-placeholder-aspect-ratio: 221\/145;margin-top: 8px;\" data-src=\"https:\/\/ieslamadraza.com\/wp\/wp-content\/uploads\/2016\/01\/tarta-cumple.jpg\" height=\"145\" width=\"221\" src=\"data:image\/svg+xml;base64,PHN2ZyB3aWR0aD0iMSIgaGVpZ2h0PSIxIiB4bWxucz0iaHR0cDovL3d3dy53My5vcmcvMjAwMC9zdmciPjwvc3ZnPg==\" \/><\/p>\n<p>Un lunes 27 de enero de 2014 LOS LUNES\u2026POES\u00cdA vio la luz.<\/p>\n<p style=\"text-align: justify;\">Dos compa\u00f1eras de trabajo, Carmen Onieva y Montserrat L\u00f3pez, encargadas en ese momento del Plan de Lectura y Biblioteca decidieron, cual peque\u00f1as grumetes, lanzarse a surcar los mares de la poes\u00eda sin otro horizonte que el de&nbsp; compartir con toda la comunidad educativa del IES La Madraza un ratito de lectura en esas primeras horas de lunes con el que conjurar el trabajo de una semana reci\u00e9n estrenada.<\/p>\n<p style=\"text-align: justify;\">La nave, cargada de poes\u00eda, se hizo a la mar empujada por suaves brisas;&nbsp; cada semana y cada lunes una nueva escala en la que recalar. En estos dos a\u00f1os, y a golpe de calendario, hemos recorrido rec\u00f3nditos &nbsp;paisajes de la geograf\u00eda humana del sentimiento y&nbsp; la raz\u00f3n.<\/p>\n<p style=\"text-align: justify;\">El barco se ha ido llenando de una tripulaci\u00f3n de consumados poetas y cantautores que nos han ido regalando vivencias, reflexiones, tormentos, pasiones\u2026Machado, Cernuda, Serrat, Aute, Le\u00f3n Felipe, Drexler, B\u00e9cquer, \u2026<\/p>\n<p style=\"text-align: justify;\">En el cuaderno de bit\u00e1cora de estos dos a\u00f1os comprometidos d\u00edas de la paz,&nbsp; apasionados 14 de febrero, &nbsp;crom\u00e1ticas primaveras, apote\u00f3sicos finales de curso.<\/p>\n<p style=\"text-align: justify;\">FELICIDADES a esta secci\u00f3n en la que profesores y alg\u00fan alumno depositan, a modo de ofrenda, esos versos que remover\u00e1n nuestro interior produciendo el inagotable placer de descubrir y compartir. HAPPY BIRTHDAY, JOYEUX ANNIVERSAIRE.<\/p>\n<p style=\"text-align: justify;\">Los aniversarios invitan a realizar &nbsp;una pausa con la que mirar desde el presente a ambos lados. En ese alto en el camino nos acompa\u00f1a el poeta y cantautor <strong>Rafael Amor<\/strong> y su poema <strong><em>En el camino aprend\u00ed.<\/em><\/strong><\/p>\n<p style=\"text-align: center;\"><strong><em><img decoding=\"async\" data-src=\"http:\/\/www.radioesperanza.mx\/articulos\/huellasplaya.jpg\" height=\"153\" width=\"208\" src=\"data:image\/svg+xml;base64,PHN2ZyB3aWR0aD0iMSIgaGVpZ2h0PSIxIiB4bWxucz0iaHR0cDovL3d3dy53My5vcmcvMjAwMC9zdmciPjwvc3ZnPg==\" class=\"lazyload\" style=\"--smush-placeholder-width: 208px; --smush-placeholder-aspect-ratio: 208\/153;\" \/><\/em><\/strong><\/p>\n<p style=\"text-align: center;\">En el camino aprend\u00ed,<br \/> que llegar alto no es crecer,<br \/> que mirar no siempre es ver<br \/> ni que escuchar es o\u00edr<br \/> ni lamentarse sentir<br \/> ni acostumbrarse, querer\u2026<\/p>\n<p style=\"text-align: center;\">En el camino aprend\u00ed<br \/> que andar solo no es soledad,<br \/> que cobard\u00eda no es paz<br \/> ni ser feliz, sonre\u00edr<br \/> y que peor que mentir<br \/> es silenciar la verdad.<\/p>\n<p style=\"text-align: center;\">Aprend\u00ed\u2026<br \/> que ignorancia no es no saber,<br \/> ignorante es ese ser<br \/> cuya arrogancia m\u00e1s vil,<br \/> es de bruto presumir<br \/> y no querer aprender.<\/p>\n<p style=\"text-align: center;\">En el camino aprend\u00ed<br \/> que puede un sue\u00f1o de amor,<br \/> abrirse como una flor<br \/> y como esa flor morir,<br \/> y que en su breve existir,<br \/> fue todo aroma y color.<\/p>\n<p style=\"text-align: center;\">Y en el camino aprend\u00ed<br \/> que la humildad no es sumisi\u00f3n,<br \/> la humildad es ese don<br \/> que se suele confundir.<br \/> No es lo mismo ser servil<br \/> que ser un buen servidor.<\/p>\n<p style=\"text-align: center;\">Aprend\u00ed\u2026,<br \/> que la ternura no es doblez,<br \/> ni vulgar la sencillez<br \/> ni lo solemne verdad,<br \/> vi al poderoso mortal<br \/> y a tantos con altivez.<\/p>\n<p style=\"text-align: center;\">En el camino aprend\u00ed<br \/> que es mala la caridad<br \/> del ser humano que da<br \/> esperando recibir,<br \/> que no hay defecto m\u00e1s ruin<br \/> que presumir de bondad.<\/p>\n<p style=\"text-align: center;\">Y en el camino aprend\u00ed,<br \/> que en cuesti\u00f3n de conocer,<br \/> de razonar y saber,<br \/> es importante, entend\u00ed,<br \/> mucho m\u00e1s que lo que vi<br \/> lo que me queda por ver\u2026<\/p>\n","protected":false},"excerpt":{"rendered":"<p>Un lunes 27 de enero de 2014 LOS LUNES\u2026POES\u00cdA vio la luz. Dos compa\u00f1eras de trabajo, Carmen Onieva y Montserrat L\u00f3pez, encargadas en ese momento del Plan de Lectura y Biblioteca decidieron, cual peque\u00f1as grumetes, lanzarse a surcar los mares de la poes\u00eda sin otro horizonte que el de&nbsp; compartir con toda la comunidad educativa [&hellip;]<\/p>\n","protected":false},"author":7,"featured_media":0,"comment_status":"closed","ping_status":"closed","sticky":false,"template":"","format":"standard","meta":{"_et_pb_use_builder":"","_et_pb_old_content":"","_et_gb_content_width":"","_monsterinsights_skip_tracking":false,"_monsterinsights_sitenote_active":false,"_monsterinsights_sitenote_note":"","_monsterinsights_sitenote_category":0,"footnotes":""},"categories":[129],"tags":[],"class_list":["post-1652","post","type-post","status-publish","format-standard","hentry","category-poesia","et-doesnt-have-format-content","et_post_format-et-post-format-standard"],"yoast_head":"<!-- This site is optimized with the Yoast SEO plugin v27.5 - https:\/\/yoast.com\/product\/yoast-seo-wordpress\/ -->\n<title>Los lunes... poes\u00eda (2016\/02\/01) - IES LA MADRAZA<\/title>\n<meta name=\"description\" content=\"IES La Madraza\" \/>\n<meta name=\"robots\" content=\"index, follow, max-snippet:-1, max-image-preview:large, max-video-preview:-1\" \/>\n<link rel=\"canonical\" href=\"https:\/\/ieslamadraza.com\/wp\/los-lunes-poesia-20160201\/\" \/>\n<meta property=\"og:locale\" content=\"es_ES\" \/>\n<meta property=\"og:type\" content=\"article\" \/>\n<meta property=\"og:title\" content=\"Los lunes... poes\u00eda (2016\/02\/01) - IES LA MADRAZA\" \/>\n<meta property=\"og:description\" content=\"IES La Madraza\" \/>\n<meta property=\"og:url\" content=\"https:\/\/ieslamadraza.com\/wp\/los-lunes-poesia-20160201\/\" \/>\n<meta property=\"og:site_name\" content=\"IES LA MADRAZA\" \/>\n<meta property=\"article:publisher\" content=\"https:\/\/www.facebook.com\/ieslamadraza\/\" \/>\n<meta property=\"article:published_time\" content=\"2016-01-31T17:06:49+00:00\" \/>\n<meta property=\"article:modified_time\" content=\"2019-09-02T12:12:21+00:00\" \/>\n<meta property=\"og:image\" content=\"https:\/\/ieslamadraza.com\/wp\/wp-content\/uploads\/2016\/01\/tarta-cumple.jpg\" \/>\n<meta name=\"author\" content=\"admin_IES-laMadraza\" \/>\n<meta name=\"twitter:card\" content=\"summary_large_image\" \/>\n<meta name=\"twitter:creator\" content=\"@MadrazaLa\" \/>\n<meta name=\"twitter:site\" content=\"@MadrazaLa\" \/>\n<meta name=\"twitter:label1\" content=\"Escrito por\" \/>\n\t<meta name=\"twitter:data1\" content=\"admin_IES-laMadraza\" \/>\n\t<meta name=\"twitter:label2\" content=\"Tiempo de lectura\" \/>\n\t<meta name=\"twitter:data2\" content=\"3 minutos\" \/>\n<script type=\"application\/ld+json\" class=\"yoast-schema-graph\">{\"@context\":\"https:\\\/\\\/schema.org\",\"@graph\":[{\"@type\":\"Article\",\"@id\":\"https:\\\/\\\/ieslamadraza.com\\\/wp\\\/los-lunes-poesia-20160201\\\/#article\",\"isPartOf\":{\"@id\":\"https:\\\/\\\/ieslamadraza.com\\\/wp\\\/los-lunes-poesia-20160201\\\/\"},\"author\":{\"name\":\"admin_IES-laMadraza\",\"@id\":\"https:\\\/\\\/ieslamadraza.com\\\/wp\\\/#\\\/schema\\\/person\\\/f80b2662c85d3a875653d8c393c0e24b\"},\"headline\":\"Los lunes&#8230; poes\u00eda (2016\\\/02\\\/01)\",\"datePublished\":\"2016-01-31T17:06:49+00:00\",\"dateModified\":\"2019-09-02T12:12:21+00:00\",\"mainEntityOfPage\":{\"@id\":\"https:\\\/\\\/ieslamadraza.com\\\/wp\\\/los-lunes-poesia-20160201\\\/\"},\"wordCount\":514,\"publisher\":{\"@id\":\"https:\\\/\\\/ieslamadraza.com\\\/wp\\\/#organization\"},\"image\":{\"@id\":\"https:\\\/\\\/ieslamadraza.com\\\/wp\\\/los-lunes-poesia-20160201\\\/#primaryimage\"},\"thumbnailUrl\":\"https:\\\/\\\/ieslamadraza.com\\\/wp\\\/wp-content\\\/uploads\\\/2016\\\/01\\\/tarta-cumple.jpg\",\"articleSection\":[\"LOS LUNES... POES\u00cdA\"],\"inLanguage\":\"es\"},{\"@type\":\"WebPage\",\"@id\":\"https:\\\/\\\/ieslamadraza.com\\\/wp\\\/los-lunes-poesia-20160201\\\/\",\"url\":\"https:\\\/\\\/ieslamadraza.com\\\/wp\\\/los-lunes-poesia-20160201\\\/\",\"name\":\"Los lunes... poes\u00eda (2016\\\/02\\\/01) - IES LA MADRAZA\",\"isPartOf\":{\"@id\":\"https:\\\/\\\/ieslamadraza.com\\\/wp\\\/#website\"},\"primaryImageOfPage\":{\"@id\":\"https:\\\/\\\/ieslamadraza.com\\\/wp\\\/los-lunes-poesia-20160201\\\/#primaryimage\"},\"image\":{\"@id\":\"https:\\\/\\\/ieslamadraza.com\\\/wp\\\/los-lunes-poesia-20160201\\\/#primaryimage\"},\"thumbnailUrl\":\"https:\\\/\\\/ieslamadraza.com\\\/wp\\\/wp-content\\\/uploads\\\/2016\\\/01\\\/tarta-cumple.jpg\",\"datePublished\":\"2016-01-31T17:06:49+00:00\",\"dateModified\":\"2019-09-02T12:12:21+00:00\",\"description\":\"IES La Madraza\",\"breadcrumb\":{\"@id\":\"https:\\\/\\\/ieslamadraza.com\\\/wp\\\/los-lunes-poesia-20160201\\\/#breadcrumb\"},\"inLanguage\":\"es\",\"potentialAction\":[{\"@type\":\"ReadAction\",\"target\":[\"https:\\\/\\\/ieslamadraza.com\\\/wp\\\/los-lunes-poesia-20160201\\\/\"]}]},{\"@type\":\"ImageObject\",\"inLanguage\":\"es\",\"@id\":\"https:\\\/\\\/ieslamadraza.com\\\/wp\\\/los-lunes-poesia-20160201\\\/#primaryimage\",\"url\":\"https:\\\/\\\/ieslamadraza.com\\\/wp\\\/wp-content\\\/uploads\\\/2016\\\/01\\\/tarta-cumple.jpg\",\"contentUrl\":\"https:\\\/\\\/ieslamadraza.com\\\/wp\\\/wp-content\\\/uploads\\\/2016\\\/01\\\/tarta-cumple.jpg\"},{\"@type\":\"BreadcrumbList\",\"@id\":\"https:\\\/\\\/ieslamadraza.com\\\/wp\\\/los-lunes-poesia-20160201\\\/#breadcrumb\",\"itemListElement\":[{\"@type\":\"ListItem\",\"position\":1,\"name\":\"Portada\",\"item\":\"https:\\\/\\\/ieslamadraza.com\\\/wp\\\/\"},{\"@type\":\"ListItem\",\"position\":2,\"name\":\"Los lunes&#8230; poes\u00eda (2016\\\/02\\\/01)\"}]},{\"@type\":\"WebSite\",\"@id\":\"https:\\\/\\\/ieslamadraza.com\\\/wp\\\/#website\",\"url\":\"https:\\\/\\\/ieslamadraza.com\\\/wp\\\/\",\"name\":\"IES LA MADRAZA\",\"description\":\"Instituto de Ense\u00f1anza Secundaria de Granada (Espa\u00f1a)\",\"publisher\":{\"@id\":\"https:\\\/\\\/ieslamadraza.com\\\/wp\\\/#organization\"},\"alternateName\":\"Inicio - IES LA MADRAZA\",\"potentialAction\":[{\"@type\":\"SearchAction\",\"target\":{\"@type\":\"EntryPoint\",\"urlTemplate\":\"https:\\\/\\\/ieslamadraza.com\\\/wp\\\/?s={search_term_string}\"},\"query-input\":{\"@type\":\"PropertyValueSpecification\",\"valueRequired\":true,\"valueName\":\"search_term_string\"}}],\"inLanguage\":\"es\"},{\"@type\":\"Organization\",\"@id\":\"https:\\\/\\\/ieslamadraza.com\\\/wp\\\/#organization\",\"name\":\"IES La Madraza -Instituto de Ense\u00f1anza Secundaria - Granada\",\"alternateName\":\"IES La Madraza -Instituto de Ense\u00f1anza Secundaria - Granada\",\"url\":\"https:\\\/\\\/ieslamadraza.com\\\/wp\\\/\",\"logo\":{\"@type\":\"ImageObject\",\"inLanguage\":\"es\",\"@id\":\"https:\\\/\\\/ieslamadraza.com\\\/wp\\\/#\\\/schema\\\/logo\\\/image\\\/\",\"url\":\"https:\\\/\\\/ieslamadraza.com\\\/wp\\\/wp-content\\\/img\\\/2025\\\/10\\\/logo.jpeg\",\"contentUrl\":\"https:\\\/\\\/ieslamadraza.com\\\/wp\\\/wp-content\\\/img\\\/2025\\\/10\\\/logo.jpeg\",\"width\":225,\"height\":225,\"caption\":\"IES La Madraza -Instituto de Ense\u00f1anza Secundaria - Granada\"},\"image\":{\"@id\":\"https:\\\/\\\/ieslamadraza.com\\\/wp\\\/#\\\/schema\\\/logo\\\/image\\\/\"},\"sameAs\":[\"https:\\\/\\\/www.facebook.com\\\/ieslamadraza\\\/\",\"https:\\\/\\\/x.com\\\/MadrazaLa\",\"https:\\\/\\\/www.instagram.com\\\/institutolamadraza\\\/\"]},{\"@type\":\"Person\",\"@id\":\"https:\\\/\\\/ieslamadraza.com\\\/wp\\\/#\\\/schema\\\/person\\\/f80b2662c85d3a875653d8c393c0e24b\",\"name\":\"admin_IES-laMadraza\",\"image\":{\"@type\":\"ImageObject\",\"inLanguage\":\"es\",\"@id\":\"https:\\\/\\\/secure.gravatar.com\\\/avatar\\\/aad8ae5b110afbe2f2e7011bba88e4b5b97b4a632e22255df6b653bdca4d179a?s=96&d=mm&r=g\",\"url\":\"https:\\\/\\\/secure.gravatar.com\\\/avatar\\\/aad8ae5b110afbe2f2e7011bba88e4b5b97b4a632e22255df6b653bdca4d179a?s=96&d=mm&r=g\",\"contentUrl\":\"https:\\\/\\\/secure.gravatar.com\\\/avatar\\\/aad8ae5b110afbe2f2e7011bba88e4b5b97b4a632e22255df6b653bdca4d179a?s=96&d=mm&r=g\",\"caption\":\"admin_IES-laMadraza\"},\"url\":\"https:\\\/\\\/ieslamadraza.com\\\/wp\\\/author\\\/admin_ies-lamadraza\\\/\"}]}<\/script>\n<!-- \/ Yoast SEO plugin. -->","yoast_head_json":{"title":"Los lunes... poes\u00eda (2016\/02\/01) - IES LA MADRAZA","description":"IES La Madraza","robots":{"index":"index","follow":"follow","max-snippet":"max-snippet:-1","max-image-preview":"max-image-preview:large","max-video-preview":"max-video-preview:-1"},"canonical":"https:\/\/ieslamadraza.com\/wp\/los-lunes-poesia-20160201\/","og_locale":"es_ES","og_type":"article","og_title":"Los lunes... poes\u00eda (2016\/02\/01) - IES LA MADRAZA","og_description":"IES La Madraza","og_url":"https:\/\/ieslamadraza.com\/wp\/los-lunes-poesia-20160201\/","og_site_name":"IES LA MADRAZA","article_publisher":"https:\/\/www.facebook.com\/ieslamadraza\/","article_published_time":"2016-01-31T17:06:49+00:00","article_modified_time":"2019-09-02T12:12:21+00:00","og_image":[{"url":"https:\/\/ieslamadraza.com\/wp\/wp-content\/uploads\/2016\/01\/tarta-cumple.jpg","type":"","width":"","height":""}],"author":"admin_IES-laMadraza","twitter_card":"summary_large_image","twitter_creator":"@MadrazaLa","twitter_site":"@MadrazaLa","twitter_misc":{"Escrito por":"admin_IES-laMadraza","Tiempo de lectura":"3 minutos"},"schema":{"@context":"https:\/\/schema.org","@graph":[{"@type":"Article","@id":"https:\/\/ieslamadraza.com\/wp\/los-lunes-poesia-20160201\/#article","isPartOf":{"@id":"https:\/\/ieslamadraza.com\/wp\/los-lunes-poesia-20160201\/"},"author":{"name":"admin_IES-laMadraza","@id":"https:\/\/ieslamadraza.com\/wp\/#\/schema\/person\/f80b2662c85d3a875653d8c393c0e24b"},"headline":"Los lunes&#8230; poes\u00eda (2016\/02\/01)","datePublished":"2016-01-31T17:06:49+00:00","dateModified":"2019-09-02T12:12:21+00:00","mainEntityOfPage":{"@id":"https:\/\/ieslamadraza.com\/wp\/los-lunes-poesia-20160201\/"},"wordCount":514,"publisher":{"@id":"https:\/\/ieslamadraza.com\/wp\/#organization"},"image":{"@id":"https:\/\/ieslamadraza.com\/wp\/los-lunes-poesia-20160201\/#primaryimage"},"thumbnailUrl":"https:\/\/ieslamadraza.com\/wp\/wp-content\/uploads\/2016\/01\/tarta-cumple.jpg","articleSection":["LOS LUNES... POES\u00cdA"],"inLanguage":"es"},{"@type":"WebPage","@id":"https:\/\/ieslamadraza.com\/wp\/los-lunes-poesia-20160201\/","url":"https:\/\/ieslamadraza.com\/wp\/los-lunes-poesia-20160201\/","name":"Los lunes... poes\u00eda (2016\/02\/01) - IES LA MADRAZA","isPartOf":{"@id":"https:\/\/ieslamadraza.com\/wp\/#website"},"primaryImageOfPage":{"@id":"https:\/\/ieslamadraza.com\/wp\/los-lunes-poesia-20160201\/#primaryimage"},"image":{"@id":"https:\/\/ieslamadraza.com\/wp\/los-lunes-poesia-20160201\/#primaryimage"},"thumbnailUrl":"https:\/\/ieslamadraza.com\/wp\/wp-content\/uploads\/2016\/01\/tarta-cumple.jpg","datePublished":"2016-01-31T17:06:49+00:00","dateModified":"2019-09-02T12:12:21+00:00","description":"IES La Madraza","breadcrumb":{"@id":"https:\/\/ieslamadraza.com\/wp\/los-lunes-poesia-20160201\/#breadcrumb"},"inLanguage":"es","potentialAction":[{"@type":"ReadAction","target":["https:\/\/ieslamadraza.com\/wp\/los-lunes-poesia-20160201\/"]}]},{"@type":"ImageObject","inLanguage":"es","@id":"https:\/\/ieslamadraza.com\/wp\/los-lunes-poesia-20160201\/#primaryimage","url":"https:\/\/ieslamadraza.com\/wp\/wp-content\/uploads\/2016\/01\/tarta-cumple.jpg","contentUrl":"https:\/\/ieslamadraza.com\/wp\/wp-content\/uploads\/2016\/01\/tarta-cumple.jpg"},{"@type":"BreadcrumbList","@id":"https:\/\/ieslamadraza.com\/wp\/los-lunes-poesia-20160201\/#breadcrumb","itemListElement":[{"@type":"ListItem","position":1,"name":"Portada","item":"https:\/\/ieslamadraza.com\/wp\/"},{"@type":"ListItem","position":2,"name":"Los lunes&#8230; poes\u00eda (2016\/02\/01)"}]},{"@type":"WebSite","@id":"https:\/\/ieslamadraza.com\/wp\/#website","url":"https:\/\/ieslamadraza.com\/wp\/","name":"IES LA MADRAZA","description":"Instituto de Ense\u00f1anza Secundaria de Granada (Espa\u00f1a)","publisher":{"@id":"https:\/\/ieslamadraza.com\/wp\/#organization"},"alternateName":"Inicio - IES LA MADRAZA","potentialAction":[{"@type":"SearchAction","target":{"@type":"EntryPoint","urlTemplate":"https:\/\/ieslamadraza.com\/wp\/?s={search_term_string}"},"query-input":{"@type":"PropertyValueSpecification","valueRequired":true,"valueName":"search_term_string"}}],"inLanguage":"es"},{"@type":"Organization","@id":"https:\/\/ieslamadraza.com\/wp\/#organization","name":"IES La Madraza -Instituto de Ense\u00f1anza Secundaria - Granada","alternateName":"IES La Madraza -Instituto de Ense\u00f1anza Secundaria - Granada","url":"https:\/\/ieslamadraza.com\/wp\/","logo":{"@type":"ImageObject","inLanguage":"es","@id":"https:\/\/ieslamadraza.com\/wp\/#\/schema\/logo\/image\/","url":"https:\/\/ieslamadraza.com\/wp\/wp-content\/img\/2025\/10\/logo.jpeg","contentUrl":"https:\/\/ieslamadraza.com\/wp\/wp-content\/img\/2025\/10\/logo.jpeg","width":225,"height":225,"caption":"IES La Madraza -Instituto de Ense\u00f1anza Secundaria - Granada"},"image":{"@id":"https:\/\/ieslamadraza.com\/wp\/#\/schema\/logo\/image\/"},"sameAs":["https:\/\/www.facebook.com\/ieslamadraza\/","https:\/\/x.com\/MadrazaLa","https:\/\/www.instagram.com\/institutolamadraza\/"]},{"@type":"Person","@id":"https:\/\/ieslamadraza.com\/wp\/#\/schema\/person\/f80b2662c85d3a875653d8c393c0e24b","name":"admin_IES-laMadraza","image":{"@type":"ImageObject","inLanguage":"es","@id":"https:\/\/secure.gravatar.com\/avatar\/aad8ae5b110afbe2f2e7011bba88e4b5b97b4a632e22255df6b653bdca4d179a?s=96&d=mm&r=g","url":"https:\/\/secure.gravatar.com\/avatar\/aad8ae5b110afbe2f2e7011bba88e4b5b97b4a632e22255df6b653bdca4d179a?s=96&d=mm&r=g","contentUrl":"https:\/\/secure.gravatar.com\/avatar\/aad8ae5b110afbe2f2e7011bba88e4b5b97b4a632e22255df6b653bdca4d179a?s=96&d=mm&r=g","caption":"admin_IES-laMadraza"},"url":"https:\/\/ieslamadraza.com\/wp\/author\/admin_ies-lamadraza\/"}]}},"_links":{"self":[{"href":"https:\/\/ieslamadraza.com\/wp\/wp-json\/wp\/v2\/posts\/1652","targetHints":{"allow":["GET"]}}],"collection":[{"href":"https:\/\/ieslamadraza.com\/wp\/wp-json\/wp\/v2\/posts"}],"about":[{"href":"https:\/\/ieslamadraza.com\/wp\/wp-json\/wp\/v2\/types\/post"}],"author":[{"embeddable":true,"href":"https:\/\/ieslamadraza.com\/wp\/wp-json\/wp\/v2\/users\/7"}],"replies":[{"embeddable":true,"href":"https:\/\/ieslamadraza.com\/wp\/wp-json\/wp\/v2\/comments?post=1652"}],"version-history":[{"count":0,"href":"https:\/\/ieslamadraza.com\/wp\/wp-json\/wp\/v2\/posts\/1652\/revisions"}],"wp:attachment":[{"href":"https:\/\/ieslamadraza.com\/wp\/wp-json\/wp\/v2\/media?parent=1652"}],"wp:term":[{"taxonomy":"category","embeddable":true,"href":"https:\/\/ieslamadraza.com\/wp\/wp-json\/wp\/v2\/categories?post=1652"},{"taxonomy":"post_tag","embeddable":true,"href":"https:\/\/ieslamadraza.com\/wp\/wp-json\/wp\/v2\/tags?post=1652"}],"curies":[{"name":"wp","href":"https:\/\/api.w.org\/{rel}","templated":true}]}}