{"id":15702,"date":"2021-09-06T20:12:50","date_gmt":"2021-09-06T18:12:50","guid":{"rendered":"https:\/\/ieslamadraza.com\/wp\/?p=15702"},"modified":"2021-09-11T09:29:43","modified_gmt":"2021-09-11T07:29:43","slug":"formacion-del-profesorado-sobre-nuevas-estrategias-didacticas","status":"publish","type":"post","link":"https:\/\/ieslamadraza.com\/wp\/formacion-del-profesorado-sobre-nuevas-estrategias-didacticas\/","title":{"rendered":"Formaci\u00f3n del profesorado sobre nuevas estrategias did\u00e1cticas"},"content":{"rendered":"<p>Los d\u00edas 6 y 8 de septiembre se celebr\u00f3 en La Madraza un curso de profesorado impartido por Azahara Garc\u00eda Peralta sobre estrategias did\u00e1cticas que incorporan el juego y otros recursos innovadores. Esta actividad ha sido organizada por <a href=\"https:\/\/farmaceuticosmundi.org\/que-hacemos\/educacion-para-el-desarrollo\/ejes-tematicos\/\">Farmamundi<\/a> y forma parte de un programa de educaci\u00f3n para la ciudadan\u00eda global esta ONG va a desarrollar con alumnado de Bachillerato durante el curso 2021-22. El programa lleva por t\u00edtulo \u00abSaludtop\u00edas. Asambleas escolares por la salud planetaria\u00bb.<\/p>\n<p><img decoding=\"async\" class=\"aligncenter wp-image-15714 lazyload\" data-src=\"https:\/\/ieslamadraza.com\/wp\/wp-content\/uploads\/2021\/09\/2021_09_06-Curso-de-profesorado-por-Azahara-G.-Peralta.png\" alt=\"\" width=\"351\" height=\"235\" data-srcset=\"https:\/\/ieslamadraza.com\/wp\/wp-content\/img\/2021\/09\/2021_09_06-Curso-de-profesorado-por-Azahara-G.-Peralta.png 336w, https:\/\/ieslamadraza.com\/wp\/wp-content\/img\/2021\/09\/2021_09_06-Curso-de-profesorado-por-Azahara-G.-Peralta-300x200.png 300w\" data-sizes=\"(max-width: 351px) 100vw, 351px\" src=\"data:image\/svg+xml;base64,PHN2ZyB3aWR0aD0iMSIgaGVpZ2h0PSIxIiB4bWxucz0iaHR0cDovL3d3dy53My5vcmcvMjAwMC9zdmciPjwvc3ZnPg==\" style=\"--smush-placeholder-width: 351px; --smush-placeholder-aspect-ratio: 351\/235;\" \/><\/p>\n<p><img decoding=\"async\" class=\"aligncenter wp-image-15720 lazyload\" data-src=\"https:\/\/ieslamadraza.com\/wp\/wp-content\/uploads\/2021\/09\/2021_09_06-Curso-de-profesorado-por-Azahara-G.-Peralta2.png\" alt=\"\" width=\"351\" height=\"233\" data-srcset=\"https:\/\/ieslamadraza.com\/wp\/wp-content\/img\/2021\/09\/2021_09_06-Curso-de-profesorado-por-Azahara-G.-Peralta2.png 340w, https:\/\/ieslamadraza.com\/wp\/wp-content\/img\/2021\/09\/2021_09_06-Curso-de-profesorado-por-Azahara-G.-Peralta2-300x199.png 300w\" data-sizes=\"(max-width: 351px) 100vw, 351px\" src=\"data:image\/svg+xml;base64,PHN2ZyB3aWR0aD0iMSIgaGVpZ2h0PSIxIiB4bWxucz0iaHR0cDovL3d3dy53My5vcmcvMjAwMC9zdmciPjwvc3ZnPg==\" style=\"--smush-placeholder-width: 351px; --smush-placeholder-aspect-ratio: 351\/233;\" \/><\/p>\n<p><img decoding=\"async\" class=\"aligncenter wp-image-15721 lazyload\" data-src=\"https:\/\/ieslamadraza.com\/wp\/wp-content\/uploads\/2021\/09\/2021_09_06-Curso-de-profesorado-por-Azahara-G.-Peralta3.png\" alt=\"\" width=\"351\" height=\"229\" data-srcset=\"https:\/\/ieslamadraza.com\/wp\/wp-content\/img\/2021\/09\/2021_09_06-Curso-de-profesorado-por-Azahara-G.-Peralta3.png 340w, https:\/\/ieslamadraza.com\/wp\/wp-content\/img\/2021\/09\/2021_09_06-Curso-de-profesorado-por-Azahara-G.-Peralta3-300x196.png 300w\" data-sizes=\"(max-width: 351px) 100vw, 351px\" src=\"data:image\/svg+xml;base64,PHN2ZyB3aWR0aD0iMSIgaGVpZ2h0PSIxIiB4bWxucz0iaHR0cDovL3d3dy53My5vcmcvMjAwMC9zdmciPjwvc3ZnPg==\" style=\"--smush-placeholder-width: 351px; --smush-placeholder-aspect-ratio: 351\/229;\" \/><\/p>\n<p><img decoding=\"async\" class=\"aligncenter wp-image-15722 lazyload\" data-src=\"https:\/\/ieslamadraza.com\/wp\/wp-content\/uploads\/2021\/09\/2021_09_06-Curso-de-profesorado-por-Azahara-G.-Peralta5.png\" alt=\"\" width=\"350\" height=\"230\" data-srcset=\"https:\/\/ieslamadraza.com\/wp\/wp-content\/img\/2021\/09\/2021_09_06-Curso-de-profesorado-por-Azahara-G.-Peralta5.png 608w, https:\/\/ieslamadraza.com\/wp\/wp-content\/img\/2021\/09\/2021_09_06-Curso-de-profesorado-por-Azahara-G.-Peralta5-300x197.png 300w\" data-sizes=\"(max-width: 350px) 100vw, 350px\" src=\"data:image\/svg+xml;base64,PHN2ZyB3aWR0aD0iMSIgaGVpZ2h0PSIxIiB4bWxucz0iaHR0cDovL3d3dy53My5vcmcvMjAwMC9zdmciPjwvc3ZnPg==\" style=\"--smush-placeholder-width: 350px; --smush-placeholder-aspect-ratio: 350\/230;\" \/><\/p>\n","protected":false},"excerpt":{"rendered":"<p>Los d\u00edas 6 y 8 de septiembre se celebr\u00f3 en La Madraza un curso de profesorado impartido por Azahara Garc\u00eda Peralta sobre estrategias did\u00e1cticas que incorporan el juego y otros recursos innovadores. Esta actividad ha sido organizada por Farmamundi y forma parte de un programa de educaci\u00f3n para la ciudadan\u00eda global esta ONG va a [&hellip;]<\/p>\n","protected":false},"author":3,"featured_media":15714,"comment_status":"open","ping_status":"closed","sticky":false,"template":"","format":"standard","meta":{"_et_pb_use_builder":"","_et_pb_old_content":"","_et_gb_content_width":"","_monsterinsights_skip_tracking":false,"_monsterinsights_sitenote_active":false,"_monsterinsights_sitenote_note":"","_monsterinsights_sitenote_category":0,"footnotes":""},"categories":[101],"tags":[],"class_list":["post-15702","post","type-post","status-publish","format-standard","has-post-thumbnail","hentry","category-feie","et-has-post-format-content","et_post_format-et-post-format-standard"],"yoast_head":"<!-- This site is optimized with the Yoast SEO plugin v27.5 - https:\/\/yoast.com\/product\/yoast-seo-wordpress\/ -->\n<title>Formaci\u00f3n del profesorado sobre nuevas estrategias did\u00e1cticas - IES LA MADRAZA<\/title>\n<meta name=\"description\" content=\"IES La Madraza\" \/>\n<meta name=\"robots\" content=\"index, follow, max-snippet:-1, max-image-preview:large, max-video-preview:-1\" \/>\n<link rel=\"canonical\" href=\"https:\/\/ieslamadraza.com\/wp\/formacion-del-profesorado-sobre-nuevas-estrategias-didacticas\/\" \/>\n<meta property=\"og:locale\" content=\"es_ES\" \/>\n<meta property=\"og:type\" content=\"article\" \/>\n<meta property=\"og:title\" content=\"Formaci\u00f3n del profesorado sobre nuevas estrategias did\u00e1cticas - IES LA MADRAZA\" \/>\n<meta property=\"og:description\" content=\"IES La Madraza\" \/>\n<meta property=\"og:url\" content=\"https:\/\/ieslamadraza.com\/wp\/formacion-del-profesorado-sobre-nuevas-estrategias-didacticas\/\" \/>\n<meta property=\"og:site_name\" content=\"IES LA MADRAZA\" \/>\n<meta property=\"article:publisher\" content=\"https:\/\/www.facebook.com\/ieslamadraza\/\" \/>\n<meta property=\"article:published_time\" content=\"2021-09-06T18:12:50+00:00\" \/>\n<meta property=\"article:modified_time\" content=\"2021-09-11T07:29:43+00:00\" \/>\n<meta property=\"og:image\" content=\"https:\/\/ieslamadraza.com\/wp\/wp-content\/img\/2021\/09\/2021_09_06-Curso-de-profesorado-por-Azahara-G.-Peralta.png\" \/>\n\t<meta property=\"og:image:width\" content=\"336\" \/>\n\t<meta property=\"og:image:height\" content=\"224\" \/>\n\t<meta property=\"og:image:type\" content=\"image\/png\" \/>\n<meta name=\"author\" content=\"Pablo Acosta Robles\" \/>\n<meta name=\"twitter:card\" content=\"summary_large_image\" \/>\n<meta name=\"twitter:creator\" content=\"@MadrazaLa\" \/>\n<meta name=\"twitter:site\" content=\"@MadrazaLa\" \/>\n<meta name=\"twitter:label1\" content=\"Escrito por\" \/>\n\t<meta name=\"twitter:data1\" content=\"Pablo Acosta Robles\" \/>\n\t<meta name=\"twitter:label2\" content=\"Tiempo de lectura\" \/>\n\t<meta name=\"twitter:data2\" content=\"2 minutos\" \/>\n<script type=\"application\/ld+json\" class=\"yoast-schema-graph\">{\"@context\":\"https:\\\/\\\/schema.org\",\"@graph\":[{\"@type\":\"Article\",\"@id\":\"https:\\\/\\\/ieslamadraza.com\\\/wp\\\/formacion-del-profesorado-sobre-nuevas-estrategias-didacticas\\\/#article\",\"isPartOf\":{\"@id\":\"https:\\\/\\\/ieslamadraza.com\\\/wp\\\/formacion-del-profesorado-sobre-nuevas-estrategias-didacticas\\\/\"},\"author\":{\"name\":\"Pablo Acosta Robles\",\"@id\":\"https:\\\/\\\/ieslamadraza.com\\\/wp\\\/#\\\/schema\\\/person\\\/d18d75ada99363ede30eade0c7b383d0\"},\"headline\":\"Formaci\u00f3n del profesorado sobre nuevas estrategias did\u00e1cticas\",\"datePublished\":\"2021-09-06T18:12:50+00:00\",\"dateModified\":\"2021-09-11T07:29:43+00:00\",\"mainEntityOfPage\":{\"@id\":\"https:\\\/\\\/ieslamadraza.com\\\/wp\\\/formacion-del-profesorado-sobre-nuevas-estrategias-didacticas\\\/\"},\"wordCount\":90,\"commentCount\":0,\"publisher\":{\"@id\":\"https:\\\/\\\/ieslamadraza.com\\\/wp\\\/#organization\"},\"image\":{\"@id\":\"https:\\\/\\\/ieslamadraza.com\\\/wp\\\/formacion-del-profesorado-sobre-nuevas-estrategias-didacticas\\\/#primaryimage\"},\"thumbnailUrl\":\"https:\\\/\\\/ieslamadraza.com\\\/wp\\\/wp-content\\\/img\\\/2021\\\/09\\\/2021_09_06-Curso-de-profesorado-por-Azahara-G.-Peralta.png\",\"articleSection\":[\"FEIE\"],\"inLanguage\":\"es\",\"potentialAction\":[{\"@type\":\"CommentAction\",\"name\":\"Comment\",\"target\":[\"https:\\\/\\\/ieslamadraza.com\\\/wp\\\/formacion-del-profesorado-sobre-nuevas-estrategias-didacticas\\\/#respond\"]}]},{\"@type\":\"WebPage\",\"@id\":\"https:\\\/\\\/ieslamadraza.com\\\/wp\\\/formacion-del-profesorado-sobre-nuevas-estrategias-didacticas\\\/\",\"url\":\"https:\\\/\\\/ieslamadraza.com\\\/wp\\\/formacion-del-profesorado-sobre-nuevas-estrategias-didacticas\\\/\",\"name\":\"Formaci\u00f3n del profesorado sobre nuevas estrategias did\u00e1cticas - IES LA MADRAZA\",\"isPartOf\":{\"@id\":\"https:\\\/\\\/ieslamadraza.com\\\/wp\\\/#website\"},\"primaryImageOfPage\":{\"@id\":\"https:\\\/\\\/ieslamadraza.com\\\/wp\\\/formacion-del-profesorado-sobre-nuevas-estrategias-didacticas\\\/#primaryimage\"},\"image\":{\"@id\":\"https:\\\/\\\/ieslamadraza.com\\\/wp\\\/formacion-del-profesorado-sobre-nuevas-estrategias-didacticas\\\/#primaryimage\"},\"thumbnailUrl\":\"https:\\\/\\\/ieslamadraza.com\\\/wp\\\/wp-content\\\/img\\\/2021\\\/09\\\/2021_09_06-Curso-de-profesorado-por-Azahara-G.-Peralta.png\",\"datePublished\":\"2021-09-06T18:12:50+00:00\",\"dateModified\":\"2021-09-11T07:29:43+00:00\",\"description\":\"IES La Madraza\",\"breadcrumb\":{\"@id\":\"https:\\\/\\\/ieslamadraza.com\\\/wp\\\/formacion-del-profesorado-sobre-nuevas-estrategias-didacticas\\\/#breadcrumb\"},\"inLanguage\":\"es\",\"potentialAction\":[{\"@type\":\"ReadAction\",\"target\":[\"https:\\\/\\\/ieslamadraza.com\\\/wp\\\/formacion-del-profesorado-sobre-nuevas-estrategias-didacticas\\\/\"]}]},{\"@type\":\"ImageObject\",\"inLanguage\":\"es\",\"@id\":\"https:\\\/\\\/ieslamadraza.com\\\/wp\\\/formacion-del-profesorado-sobre-nuevas-estrategias-didacticas\\\/#primaryimage\",\"url\":\"https:\\\/\\\/ieslamadraza.com\\\/wp\\\/wp-content\\\/img\\\/2021\\\/09\\\/2021_09_06-Curso-de-profesorado-por-Azahara-G.-Peralta.png\",\"contentUrl\":\"https:\\\/\\\/ieslamadraza.com\\\/wp\\\/wp-content\\\/img\\\/2021\\\/09\\\/2021_09_06-Curso-de-profesorado-por-Azahara-G.-Peralta.png\",\"width\":336,\"height\":224},{\"@type\":\"BreadcrumbList\",\"@id\":\"https:\\\/\\\/ieslamadraza.com\\\/wp\\\/formacion-del-profesorado-sobre-nuevas-estrategias-didacticas\\\/#breadcrumb\",\"itemListElement\":[{\"@type\":\"ListItem\",\"position\":1,\"name\":\"Portada\",\"item\":\"https:\\\/\\\/ieslamadraza.com\\\/wp\\\/\"},{\"@type\":\"ListItem\",\"position\":2,\"name\":\"Formaci\u00f3n del profesorado sobre nuevas estrategias did\u00e1cticas\"}]},{\"@type\":\"WebSite\",\"@id\":\"https:\\\/\\\/ieslamadraza.com\\\/wp\\\/#website\",\"url\":\"https:\\\/\\\/ieslamadraza.com\\\/wp\\\/\",\"name\":\"IES LA MADRAZA\",\"description\":\"Instituto de Ense\u00f1anza Secundaria de Granada (Espa\u00f1a)\",\"publisher\":{\"@id\":\"https:\\\/\\\/ieslamadraza.com\\\/wp\\\/#organization\"},\"alternateName\":\"Inicio - IES LA MADRAZA\",\"potentialAction\":[{\"@type\":\"SearchAction\",\"target\":{\"@type\":\"EntryPoint\",\"urlTemplate\":\"https:\\\/\\\/ieslamadraza.com\\\/wp\\\/?s={search_term_string}\"},\"query-input\":{\"@type\":\"PropertyValueSpecification\",\"valueRequired\":true,\"valueName\":\"search_term_string\"}}],\"inLanguage\":\"es\"},{\"@type\":\"Organization\",\"@id\":\"https:\\\/\\\/ieslamadraza.com\\\/wp\\\/#organization\",\"name\":\"IES La Madraza -Instituto de Ense\u00f1anza Secundaria - Granada\",\"alternateName\":\"IES La Madraza -Instituto de Ense\u00f1anza Secundaria - Granada\",\"url\":\"https:\\\/\\\/ieslamadraza.com\\\/wp\\\/\",\"logo\":{\"@type\":\"ImageObject\",\"inLanguage\":\"es\",\"@id\":\"https:\\\/\\\/ieslamadraza.com\\\/wp\\\/#\\\/schema\\\/logo\\\/image\\\/\",\"url\":\"https:\\\/\\\/ieslamadraza.com\\\/wp\\\/wp-content\\\/img\\\/2025\\\/10\\\/logo.jpeg\",\"contentUrl\":\"https:\\\/\\\/ieslamadraza.com\\\/wp\\\/wp-content\\\/img\\\/2025\\\/10\\\/logo.jpeg\",\"width\":225,\"height\":225,\"caption\":\"IES La Madraza -Instituto de Ense\u00f1anza Secundaria - Granada\"},\"image\":{\"@id\":\"https:\\\/\\\/ieslamadraza.com\\\/wp\\\/#\\\/schema\\\/logo\\\/image\\\/\"},\"sameAs\":[\"https:\\\/\\\/www.facebook.com\\\/ieslamadraza\\\/\",\"https:\\\/\\\/x.com\\\/MadrazaLa\",\"https:\\\/\\\/www.instagram.com\\\/institutolamadraza\\\/\"]},{\"@type\":\"Person\",\"@id\":\"https:\\\/\\\/ieslamadraza.com\\\/wp\\\/#\\\/schema\\\/person\\\/d18d75ada99363ede30eade0c7b383d0\",\"name\":\"Pablo Acosta Robles\",\"image\":{\"@type\":\"ImageObject\",\"inLanguage\":\"es\",\"@id\":\"https:\\\/\\\/secure.gravatar.com\\\/avatar\\\/de366d44c0d2f7406ad434f0c9650ee7d0d2a7258b6f1a511aa8345445bb21b5?s=96&d=mm&r=g\",\"url\":\"https:\\\/\\\/secure.gravatar.com\\\/avatar\\\/de366d44c0d2f7406ad434f0c9650ee7d0d2a7258b6f1a511aa8345445bb21b5?s=96&d=mm&r=g\",\"contentUrl\":\"https:\\\/\\\/secure.gravatar.com\\\/avatar\\\/de366d44c0d2f7406ad434f0c9650ee7d0d2a7258b6f1a511aa8345445bb21b5?s=96&d=mm&r=g\",\"caption\":\"Pablo Acosta Robles\"},\"url\":\"https:\\\/\\\/ieslamadraza.com\\\/wp\\\/author\\\/pablo\\\/\"}]}<\/script>\n<!-- \/ Yoast SEO plugin. -->","yoast_head_json":{"title":"Formaci\u00f3n del profesorado sobre nuevas estrategias did\u00e1cticas - IES LA MADRAZA","description":"IES La Madraza","robots":{"index":"index","follow":"follow","max-snippet":"max-snippet:-1","max-image-preview":"max-image-preview:large","max-video-preview":"max-video-preview:-1"},"canonical":"https:\/\/ieslamadraza.com\/wp\/formacion-del-profesorado-sobre-nuevas-estrategias-didacticas\/","og_locale":"es_ES","og_type":"article","og_title":"Formaci\u00f3n del profesorado sobre nuevas estrategias did\u00e1cticas - IES LA MADRAZA","og_description":"IES La Madraza","og_url":"https:\/\/ieslamadraza.com\/wp\/formacion-del-profesorado-sobre-nuevas-estrategias-didacticas\/","og_site_name":"IES LA MADRAZA","article_publisher":"https:\/\/www.facebook.com\/ieslamadraza\/","article_published_time":"2021-09-06T18:12:50+00:00","article_modified_time":"2021-09-11T07:29:43+00:00","og_image":[{"width":336,"height":224,"url":"https:\/\/ieslamadraza.com\/wp\/wp-content\/img\/2021\/09\/2021_09_06-Curso-de-profesorado-por-Azahara-G.-Peralta.png","type":"image\/png"}],"author":"Pablo Acosta Robles","twitter_card":"summary_large_image","twitter_creator":"@MadrazaLa","twitter_site":"@MadrazaLa","twitter_misc":{"Escrito por":"Pablo Acosta Robles","Tiempo de lectura":"2 minutos"},"schema":{"@context":"https:\/\/schema.org","@graph":[{"@type":"Article","@id":"https:\/\/ieslamadraza.com\/wp\/formacion-del-profesorado-sobre-nuevas-estrategias-didacticas\/#article","isPartOf":{"@id":"https:\/\/ieslamadraza.com\/wp\/formacion-del-profesorado-sobre-nuevas-estrategias-didacticas\/"},"author":{"name":"Pablo Acosta Robles","@id":"https:\/\/ieslamadraza.com\/wp\/#\/schema\/person\/d18d75ada99363ede30eade0c7b383d0"},"headline":"Formaci\u00f3n del profesorado sobre nuevas estrategias did\u00e1cticas","datePublished":"2021-09-06T18:12:50+00:00","dateModified":"2021-09-11T07:29:43+00:00","mainEntityOfPage":{"@id":"https:\/\/ieslamadraza.com\/wp\/formacion-del-profesorado-sobre-nuevas-estrategias-didacticas\/"},"wordCount":90,"commentCount":0,"publisher":{"@id":"https:\/\/ieslamadraza.com\/wp\/#organization"},"image":{"@id":"https:\/\/ieslamadraza.com\/wp\/formacion-del-profesorado-sobre-nuevas-estrategias-didacticas\/#primaryimage"},"thumbnailUrl":"https:\/\/ieslamadraza.com\/wp\/wp-content\/img\/2021\/09\/2021_09_06-Curso-de-profesorado-por-Azahara-G.-Peralta.png","articleSection":["FEIE"],"inLanguage":"es","potentialAction":[{"@type":"CommentAction","name":"Comment","target":["https:\/\/ieslamadraza.com\/wp\/formacion-del-profesorado-sobre-nuevas-estrategias-didacticas\/#respond"]}]},{"@type":"WebPage","@id":"https:\/\/ieslamadraza.com\/wp\/formacion-del-profesorado-sobre-nuevas-estrategias-didacticas\/","url":"https:\/\/ieslamadraza.com\/wp\/formacion-del-profesorado-sobre-nuevas-estrategias-didacticas\/","name":"Formaci\u00f3n del profesorado sobre nuevas estrategias did\u00e1cticas - IES LA MADRAZA","isPartOf":{"@id":"https:\/\/ieslamadraza.com\/wp\/#website"},"primaryImageOfPage":{"@id":"https:\/\/ieslamadraza.com\/wp\/formacion-del-profesorado-sobre-nuevas-estrategias-didacticas\/#primaryimage"},"image":{"@id":"https:\/\/ieslamadraza.com\/wp\/formacion-del-profesorado-sobre-nuevas-estrategias-didacticas\/#primaryimage"},"thumbnailUrl":"https:\/\/ieslamadraza.com\/wp\/wp-content\/img\/2021\/09\/2021_09_06-Curso-de-profesorado-por-Azahara-G.-Peralta.png","datePublished":"2021-09-06T18:12:50+00:00","dateModified":"2021-09-11T07:29:43+00:00","description":"IES La Madraza","breadcrumb":{"@id":"https:\/\/ieslamadraza.com\/wp\/formacion-del-profesorado-sobre-nuevas-estrategias-didacticas\/#breadcrumb"},"inLanguage":"es","potentialAction":[{"@type":"ReadAction","target":["https:\/\/ieslamadraza.com\/wp\/formacion-del-profesorado-sobre-nuevas-estrategias-didacticas\/"]}]},{"@type":"ImageObject","inLanguage":"es","@id":"https:\/\/ieslamadraza.com\/wp\/formacion-del-profesorado-sobre-nuevas-estrategias-didacticas\/#primaryimage","url":"https:\/\/ieslamadraza.com\/wp\/wp-content\/img\/2021\/09\/2021_09_06-Curso-de-profesorado-por-Azahara-G.-Peralta.png","contentUrl":"https:\/\/ieslamadraza.com\/wp\/wp-content\/img\/2021\/09\/2021_09_06-Curso-de-profesorado-por-Azahara-G.-Peralta.png","width":336,"height":224},{"@type":"BreadcrumbList","@id":"https:\/\/ieslamadraza.com\/wp\/formacion-del-profesorado-sobre-nuevas-estrategias-didacticas\/#breadcrumb","itemListElement":[{"@type":"ListItem","position":1,"name":"Portada","item":"https:\/\/ieslamadraza.com\/wp\/"},{"@type":"ListItem","position":2,"name":"Formaci\u00f3n del profesorado sobre nuevas estrategias did\u00e1cticas"}]},{"@type":"WebSite","@id":"https:\/\/ieslamadraza.com\/wp\/#website","url":"https:\/\/ieslamadraza.com\/wp\/","name":"IES LA MADRAZA","description":"Instituto de Ense\u00f1anza Secundaria de Granada (Espa\u00f1a)","publisher":{"@id":"https:\/\/ieslamadraza.com\/wp\/#organization"},"alternateName":"Inicio - IES LA MADRAZA","potentialAction":[{"@type":"SearchAction","target":{"@type":"EntryPoint","urlTemplate":"https:\/\/ieslamadraza.com\/wp\/?s={search_term_string}"},"query-input":{"@type":"PropertyValueSpecification","valueRequired":true,"valueName":"search_term_string"}}],"inLanguage":"es"},{"@type":"Organization","@id":"https:\/\/ieslamadraza.com\/wp\/#organization","name":"IES La Madraza -Instituto de Ense\u00f1anza Secundaria - Granada","alternateName":"IES La Madraza -Instituto de Ense\u00f1anza Secundaria - Granada","url":"https:\/\/ieslamadraza.com\/wp\/","logo":{"@type":"ImageObject","inLanguage":"es","@id":"https:\/\/ieslamadraza.com\/wp\/#\/schema\/logo\/image\/","url":"https:\/\/ieslamadraza.com\/wp\/wp-content\/img\/2025\/10\/logo.jpeg","contentUrl":"https:\/\/ieslamadraza.com\/wp\/wp-content\/img\/2025\/10\/logo.jpeg","width":225,"height":225,"caption":"IES La Madraza -Instituto de Ense\u00f1anza Secundaria - Granada"},"image":{"@id":"https:\/\/ieslamadraza.com\/wp\/#\/schema\/logo\/image\/"},"sameAs":["https:\/\/www.facebook.com\/ieslamadraza\/","https:\/\/x.com\/MadrazaLa","https:\/\/www.instagram.com\/institutolamadraza\/"]},{"@type":"Person","@id":"https:\/\/ieslamadraza.com\/wp\/#\/schema\/person\/d18d75ada99363ede30eade0c7b383d0","name":"Pablo Acosta Robles","image":{"@type":"ImageObject","inLanguage":"es","@id":"https:\/\/secure.gravatar.com\/avatar\/de366d44c0d2f7406ad434f0c9650ee7d0d2a7258b6f1a511aa8345445bb21b5?s=96&d=mm&r=g","url":"https:\/\/secure.gravatar.com\/avatar\/de366d44c0d2f7406ad434f0c9650ee7d0d2a7258b6f1a511aa8345445bb21b5?s=96&d=mm&r=g","contentUrl":"https:\/\/secure.gravatar.com\/avatar\/de366d44c0d2f7406ad434f0c9650ee7d0d2a7258b6f1a511aa8345445bb21b5?s=96&d=mm&r=g","caption":"Pablo Acosta Robles"},"url":"https:\/\/ieslamadraza.com\/wp\/author\/pablo\/"}]}},"_links":{"self":[{"href":"https:\/\/ieslamadraza.com\/wp\/wp-json\/wp\/v2\/posts\/15702","targetHints":{"allow":["GET"]}}],"collection":[{"href":"https:\/\/ieslamadraza.com\/wp\/wp-json\/wp\/v2\/posts"}],"about":[{"href":"https:\/\/ieslamadraza.com\/wp\/wp-json\/wp\/v2\/types\/post"}],"author":[{"embeddable":true,"href":"https:\/\/ieslamadraza.com\/wp\/wp-json\/wp\/v2\/users\/3"}],"replies":[{"embeddable":true,"href":"https:\/\/ieslamadraza.com\/wp\/wp-json\/wp\/v2\/comments?post=15702"}],"version-history":[{"count":0,"href":"https:\/\/ieslamadraza.com\/wp\/wp-json\/wp\/v2\/posts\/15702\/revisions"}],"wp:featuredmedia":[{"embeddable":true,"href":"https:\/\/ieslamadraza.com\/wp\/wp-json\/wp\/v2\/media\/15714"}],"wp:attachment":[{"href":"https:\/\/ieslamadraza.com\/wp\/wp-json\/wp\/v2\/media?parent=15702"}],"wp:term":[{"taxonomy":"category","embeddable":true,"href":"https:\/\/ieslamadraza.com\/wp\/wp-json\/wp\/v2\/categories?post=15702"},{"taxonomy":"post_tag","embeddable":true,"href":"https:\/\/ieslamadraza.com\/wp\/wp-json\/wp\/v2\/tags?post=15702"}],"curies":[{"name":"wp","href":"https:\/\/api.w.org\/{rel}","templated":true}]}}