{"id":1513,"date":"2015-10-05T14:38:48","date_gmt":"2015-10-05T12:38:48","guid":{"rendered":"http:\/\/ieslamadraza.com\/wp\/comite-ambiental-20151005\/"},"modified":"2019-08-13T14:18:30","modified_gmt":"2019-08-13T12:18:30","slug":"comite-ambiental-20151005","status":"publish","type":"post","link":"https:\/\/ieslamadraza.com\/wp\/comite-ambiental-20151005\/","title":{"rendered":"Comit\u00e9 ambiental (2015\/10\/05)"},"content":{"rendered":"<p>El 5 de octubre se celebr\u00f3 la primera reuni\u00f3n del Comit\u00e9 Ambiental del curso 2015-16. Tras una presentaci\u00f3n de los componentes del Comit\u00e9 se expusieron las l\u00edneas generales de trabajo del curso 2015-16. A continuaci\u00f3n se organiz\u00f3 el Concurso Ecoaula y se estableci\u00f3 la distribuci\u00f3n de turnos para las diversas tareas de limpieza y reciclaje.<\/p>\n<p style=\"text-align: center;\">\n<p>El coordinador del Programa Ecoescuelas agradeci\u00f3 la asistencia y la participaci\u00f3n de todos, pero destac\u00f3 la presencia de padres y madres que se desplazan expresamente para este asunto en un horario poco c\u00f3modo para ellos. Aunque el personal de limpieza no asiste al Comit\u00e9, el coordinador se mantendr\u00e1 en contacto con \u00e9l.<\/p>\n<p>Con respecto al <strong>Concurso Ecoaula,<\/strong> se decidi\u00f3 mantener el sistema de revisiones semanales por parte de un jurado compuesto por un docente miembro del Comit\u00e9 junto con los tres delegados de un nivel. Cada semana actuar\u00e1n dos jurados, uno se dedicar\u00e1 a la ESO y el otro a los grupos de Bachillerato y Ciclo Formativo; a la semana siguiente se constituir\u00e1 otro jurado diferente. El papel del jurado no es s\u00f3lo evaluar, tambi\u00e9n debe dialogar con el grupo-clase sobre lo que est\u00e1 bien y lo que debe mejorar. Se dar\u00e1 m\u00e1s importancia a la separaci\u00f3n correcta de residuos y se incorporar\u00e1n dos novedades: se valorar\u00e1 el que las clases coloquen las sillas encima de las mesas al final de las ma\u00f1ana y se tendr\u00e1 en cuenta la opini\u00f3n de los limpiadores sobre cada una de las aulas (<a href=\"images\/stories\/2015_10_05%20Ficha%20concurso%20ecoaula.pdf\">ver ficha del jurado<\/a>). Se reconoce el valor de los premios como incentivo, pero se intentar\u00e1 evitar la rivalidad entre clases aumentando el n\u00famero de grupos premiados (generalmente premios sencillos y sin coste econ\u00f3mico para el Instituto). Tambi\u00e9n se acord\u00f3 lo siguiente:<\/p>\n<ul>\n<li>Pedir a las clases que retiren de las paredes los murales y trabajos realizados el a\u00f1o anterior.<\/li>\n<li>Preguntar al profesorado y alumnado del Ciclo Formativo si est\u00e1 interesado en el Concurso.<\/li>\n<li>Recomendar que los tetra briks se plieguen antes de ser depositados en su contenedor.<\/li>\n<\/ul>\n<p>Se decidi\u00f3 que las diferentes <strong>tareas de limpieza y reciclaje<\/strong> correspondan a una clase diferente cada semana. Los miembros de la clase, de acuerdo con su tutor o tutora, se tienen que organizar de forma que:<\/p>\n<ul>\n<li>todos los d\u00edas se haga una limpieza r\u00e1pida del hall tras el recreo,<\/li>\n<li>todos los d\u00edas se coloquen los peque\u00f1os contenedores de envases en los pasillos y patios,<\/li>\n<li>todos los d\u00edas se vac\u00eden los peque\u00f1os contenedores de envases en el contenedor grande situado en la acera.<\/li>\n<li>una vez por semana se vac\u00eden los contenedores de papel de las aulas en los contenedores grandes de papel que luego se colocan en la calle.<\/li>\n<\/ul>\n<p>Se acord\u00f3 que la realizaci\u00f3n correcta de esta actividad tambi\u00e9n punt\u00fae en el Concurso Ecoaula.<\/p>\n<p>Aunque no se abord\u00f3 en profundidad, volvi\u00f3 a plantearse el descontento general por el nivel de <strong>ruido ambiental<\/strong>. Habr\u00e1 que revisar el grado de cumplimiento de las medidas propuestas en nuestro plan de acci\u00f3n pero, mientras tanto, se propuso buscar soluciones para dos \u201cpuntos negros\u201d del Instituto: los alrededores de Conserjer\u00eda y el pasillo de 1\u00baESO B y C. Se plantear\u00e1 el tema a los tutores de las clases afectadas a fin de que dialoguen con el alumnado sobre el tema y se encuentre una soluci\u00f3n consensuada.<\/p>\n<p>Otros asuntos que se comentaron r\u00e1pidamente y que se analizar\u00e1n en posteriores reuniones del Comit\u00e9 son la creaci\u00f3n de la figura del responsable de <strong>decoraci\u00f3n de un pasillo<\/strong> concreto, la mejora y cuidado de los <strong>servicios <\/strong>del alumnado y las batidas de<strong> limpieza de patios<\/strong>. El coordinador del Programa recomend\u00f3 consultar el documento de la Consejer\u00eda de Educaci\u00f3n sobre <a href=\"https:\/\/ieslamadraza.com\/wp\/recursos-educativos-sobre-qmateriales-y-residuosq\/\">materiales y residuos<\/a> disponible en nuestra web.<\/p>\n<p><strong>Asistieron a esta reuni\u00f3n los siguientes representantes<\/strong> del alumnado: Elisabeth Rodr\u00edguez (1\u00baESO), Tareq Saoud (2\u00baESO), Dulce S\u00e1nchez (3\u00baESO), Roc\u00edo Rej\u00f3n (1\u00baBach.) y Alejandro S\u00e1nchez (2\u00baBach.). Las familias estuvieron representadas por M\u00aa Carmen Arellano, Patricia Anaya, Gabriela Rodr\u00edguez y Emilio G\u00f3mez. Por parte del profesorado asistieron M\u00aa Dolores Corral, Inmaculada L\u00f3pez, Ignacio Mendiguch\u00eda, M\u00aa \u00c1ngeles Mar\u00edn, Montserrat L\u00f3pez y Pablo Acosta. La <strong>pr\u00f3xima reuni\u00f3n<\/strong> tendr\u00e1 lugar el mi\u00e9rcoles 21 de octubre a las 11:45.<\/p>\n","protected":false},"excerpt":{"rendered":"<p>El 5 de octubre se celebr\u00f3 la primera reuni\u00f3n del Comit\u00e9 Ambiental del curso 2015-16. Tras una presentaci\u00f3n de los componentes del Comit\u00e9 se expusieron las l\u00edneas generales de trabajo del curso 2015-16. A continuaci\u00f3n se organiz\u00f3 el Concurso Ecoaula y se estableci\u00f3 la distribuci\u00f3n de turnos para las diversas tareas de limpieza y reciclaje.<\/p>\n<p style=\"text-align: center;\">\n","protected":false},"author":3,"featured_media":0,"comment_status":"open","ping_status":"closed","sticky":false,"template":"","format":"standard","meta":{"_et_pb_use_builder":"","_et_pb_old_content":"","_et_gb_content_width":"","_monsterinsights_skip_tracking":false,"_monsterinsights_sitenote_active":false,"_monsterinsights_sitenote_note":"","_monsterinsights_sitenote_category":0,"footnotes":""},"categories":[78],"tags":[],"class_list":["post-1513","post","type-post","status-publish","format-standard","hentry","category-ecoescuela-ecoescuela","et-doesnt-have-format-content","et_post_format-et-post-format-standard"],"yoast_head":"<!-- This site is optimized with the Yoast SEO plugin v27.4 - https:\/\/yoast.com\/product\/yoast-seo-wordpress\/ -->\n<title>Comit\u00e9 ambiental (2015\/10\/05) - IES LA MADRAZA<\/title>\n<meta name=\"description\" content=\"IES La Madraza\" \/>\n<meta name=\"robots\" content=\"index, follow, max-snippet:-1, max-image-preview:large, max-video-preview:-1\" \/>\n<link rel=\"canonical\" href=\"https:\/\/ieslamadraza.com\/wp\/comite-ambiental-20151005\/\" \/>\n<meta property=\"og:locale\" content=\"es_ES\" \/>\n<meta property=\"og:type\" content=\"article\" \/>\n<meta property=\"og:title\" content=\"Comit\u00e9 ambiental (2015\/10\/05) - IES LA MADRAZA\" \/>\n<meta property=\"og:description\" content=\"IES La Madraza\" \/>\n<meta property=\"og:url\" content=\"https:\/\/ieslamadraza.com\/wp\/comite-ambiental-20151005\/\" \/>\n<meta property=\"og:site_name\" content=\"IES LA MADRAZA\" \/>\n<meta property=\"article:publisher\" content=\"https:\/\/www.facebook.com\/ieslamadraza\/\" \/>\n<meta property=\"article:published_time\" content=\"2015-10-05T12:38:48+00:00\" \/>\n<meta property=\"article:modified_time\" content=\"2019-08-13T12:18:30+00:00\" \/>\n<meta property=\"og:image\" content=\"https:\/\/ieslamadraza.com\/wp\/wp-content\/img\/2020\/09\/logopequeno-.png\" \/>\n\t<meta property=\"og:image:width\" content=\"150\" \/>\n\t<meta property=\"og:image:height\" content=\"150\" \/>\n\t<meta property=\"og:image:type\" content=\"image\/png\" \/>\n<meta name=\"author\" content=\"Pablo Acosta Robles\" \/>\n<meta name=\"twitter:card\" content=\"summary_large_image\" \/>\n<meta name=\"twitter:creator\" content=\"@MadrazaLa\" \/>\n<meta name=\"twitter:site\" content=\"@MadrazaLa\" \/>\n<meta name=\"twitter:label1\" content=\"Escrito por\" \/>\n\t<meta name=\"twitter:data1\" content=\"Pablo Acosta Robles\" \/>\n\t<meta name=\"twitter:label2\" content=\"Tiempo de lectura\" \/>\n\t<meta name=\"twitter:data2\" content=\"4 minutos\" \/>\n<script type=\"application\/ld+json\" class=\"yoast-schema-graph\">{\"@context\":\"https:\\\/\\\/schema.org\",\"@graph\":[{\"@type\":\"Article\",\"@id\":\"https:\\\/\\\/ieslamadraza.com\\\/wp\\\/comite-ambiental-20151005\\\/#article\",\"isPartOf\":{\"@id\":\"https:\\\/\\\/ieslamadraza.com\\\/wp\\\/comite-ambiental-20151005\\\/\"},\"author\":{\"name\":\"Pablo Acosta Robles\",\"@id\":\"https:\\\/\\\/ieslamadraza.com\\\/wp\\\/#\\\/schema\\\/person\\\/d18d75ada99363ede30eade0c7b383d0\"},\"headline\":\"Comit\u00e9 ambiental (2015\\\/10\\\/05)\",\"datePublished\":\"2015-10-05T12:38:48+00:00\",\"dateModified\":\"2019-08-13T12:18:30+00:00\",\"mainEntityOfPage\":{\"@id\":\"https:\\\/\\\/ieslamadraza.com\\\/wp\\\/comite-ambiental-20151005\\\/\"},\"wordCount\":733,\"commentCount\":0,\"publisher\":{\"@id\":\"https:\\\/\\\/ieslamadraza.com\\\/wp\\\/#organization\"},\"articleSection\":[\"ECOESCUELA\"],\"inLanguage\":\"es\",\"potentialAction\":[{\"@type\":\"CommentAction\",\"name\":\"Comment\",\"target\":[\"https:\\\/\\\/ieslamadraza.com\\\/wp\\\/comite-ambiental-20151005\\\/#respond\"]}]},{\"@type\":\"WebPage\",\"@id\":\"https:\\\/\\\/ieslamadraza.com\\\/wp\\\/comite-ambiental-20151005\\\/\",\"url\":\"https:\\\/\\\/ieslamadraza.com\\\/wp\\\/comite-ambiental-20151005\\\/\",\"name\":\"Comit\u00e9 ambiental (2015\\\/10\\\/05) - IES LA MADRAZA\",\"isPartOf\":{\"@id\":\"https:\\\/\\\/ieslamadraza.com\\\/wp\\\/#website\"},\"datePublished\":\"2015-10-05T12:38:48+00:00\",\"dateModified\":\"2019-08-13T12:18:30+00:00\",\"description\":\"IES La Madraza\",\"breadcrumb\":{\"@id\":\"https:\\\/\\\/ieslamadraza.com\\\/wp\\\/comite-ambiental-20151005\\\/#breadcrumb\"},\"inLanguage\":\"es\",\"potentialAction\":[{\"@type\":\"ReadAction\",\"target\":[\"https:\\\/\\\/ieslamadraza.com\\\/wp\\\/comite-ambiental-20151005\\\/\"]}]},{\"@type\":\"BreadcrumbList\",\"@id\":\"https:\\\/\\\/ieslamadraza.com\\\/wp\\\/comite-ambiental-20151005\\\/#breadcrumb\",\"itemListElement\":[{\"@type\":\"ListItem\",\"position\":1,\"name\":\"Portada\",\"item\":\"https:\\\/\\\/ieslamadraza.com\\\/wp\\\/\"},{\"@type\":\"ListItem\",\"position\":2,\"name\":\"Comit\u00e9 ambiental (2015\\\/10\\\/05)\"}]},{\"@type\":\"WebSite\",\"@id\":\"https:\\\/\\\/ieslamadraza.com\\\/wp\\\/#website\",\"url\":\"https:\\\/\\\/ieslamadraza.com\\\/wp\\\/\",\"name\":\"IES LA MADRAZA\",\"description\":\"Instituto de Ense\u00f1anza Secundaria de Granada (Espa\u00f1a)\",\"publisher\":{\"@id\":\"https:\\\/\\\/ieslamadraza.com\\\/wp\\\/#organization\"},\"alternateName\":\"Inicio - IES LA MADRAZA\",\"potentialAction\":[{\"@type\":\"SearchAction\",\"target\":{\"@type\":\"EntryPoint\",\"urlTemplate\":\"https:\\\/\\\/ieslamadraza.com\\\/wp\\\/?s={search_term_string}\"},\"query-input\":{\"@type\":\"PropertyValueSpecification\",\"valueRequired\":true,\"valueName\":\"search_term_string\"}}],\"inLanguage\":\"es\"},{\"@type\":\"Organization\",\"@id\":\"https:\\\/\\\/ieslamadraza.com\\\/wp\\\/#organization\",\"name\":\"IES La Madraza -Instituto de Ense\u00f1anza Secundaria - Granada\",\"alternateName\":\"IES La Madraza -Instituto de Ense\u00f1anza Secundaria - Granada\",\"url\":\"https:\\\/\\\/ieslamadraza.com\\\/wp\\\/\",\"logo\":{\"@type\":\"ImageObject\",\"inLanguage\":\"es\",\"@id\":\"https:\\\/\\\/ieslamadraza.com\\\/wp\\\/#\\\/schema\\\/logo\\\/image\\\/\",\"url\":\"https:\\\/\\\/ieslamadraza.com\\\/wp\\\/wp-content\\\/img\\\/2025\\\/10\\\/logo.jpeg\",\"contentUrl\":\"https:\\\/\\\/ieslamadraza.com\\\/wp\\\/wp-content\\\/img\\\/2025\\\/10\\\/logo.jpeg\",\"width\":225,\"height\":225,\"caption\":\"IES La Madraza -Instituto de Ense\u00f1anza Secundaria - Granada\"},\"image\":{\"@id\":\"https:\\\/\\\/ieslamadraza.com\\\/wp\\\/#\\\/schema\\\/logo\\\/image\\\/\"},\"sameAs\":[\"https:\\\/\\\/www.facebook.com\\\/ieslamadraza\\\/\",\"https:\\\/\\\/x.com\\\/MadrazaLa\",\"https:\\\/\\\/www.instagram.com\\\/institutolamadraza\\\/\"]},{\"@type\":\"Person\",\"@id\":\"https:\\\/\\\/ieslamadraza.com\\\/wp\\\/#\\\/schema\\\/person\\\/d18d75ada99363ede30eade0c7b383d0\",\"name\":\"Pablo Acosta Robles\",\"image\":{\"@type\":\"ImageObject\",\"inLanguage\":\"es\",\"@id\":\"https:\\\/\\\/secure.gravatar.com\\\/avatar\\\/de366d44c0d2f7406ad434f0c9650ee7d0d2a7258b6f1a511aa8345445bb21b5?s=96&d=mm&r=g\",\"url\":\"https:\\\/\\\/secure.gravatar.com\\\/avatar\\\/de366d44c0d2f7406ad434f0c9650ee7d0d2a7258b6f1a511aa8345445bb21b5?s=96&d=mm&r=g\",\"contentUrl\":\"https:\\\/\\\/secure.gravatar.com\\\/avatar\\\/de366d44c0d2f7406ad434f0c9650ee7d0d2a7258b6f1a511aa8345445bb21b5?s=96&d=mm&r=g\",\"caption\":\"Pablo Acosta Robles\"},\"url\":\"https:\\\/\\\/ieslamadraza.com\\\/wp\\\/author\\\/pablo\\\/\"}]}<\/script>\n<!-- \/ Yoast SEO plugin. -->","yoast_head_json":{"title":"Comit\u00e9 ambiental (2015\/10\/05) - IES LA MADRAZA","description":"IES La Madraza","robots":{"index":"index","follow":"follow","max-snippet":"max-snippet:-1","max-image-preview":"max-image-preview:large","max-video-preview":"max-video-preview:-1"},"canonical":"https:\/\/ieslamadraza.com\/wp\/comite-ambiental-20151005\/","og_locale":"es_ES","og_type":"article","og_title":"Comit\u00e9 ambiental (2015\/10\/05) - IES LA MADRAZA","og_description":"IES La Madraza","og_url":"https:\/\/ieslamadraza.com\/wp\/comite-ambiental-20151005\/","og_site_name":"IES LA MADRAZA","article_publisher":"https:\/\/www.facebook.com\/ieslamadraza\/","article_published_time":"2015-10-05T12:38:48+00:00","article_modified_time":"2019-08-13T12:18:30+00:00","og_image":[{"width":150,"height":150,"url":"https:\/\/ieslamadraza.com\/wp\/wp-content\/img\/2020\/09\/logopequeno-.png","type":"image\/png"}],"author":"Pablo Acosta Robles","twitter_card":"summary_large_image","twitter_creator":"@MadrazaLa","twitter_site":"@MadrazaLa","twitter_misc":{"Escrito por":"Pablo Acosta Robles","Tiempo de lectura":"4 minutos"},"schema":{"@context":"https:\/\/schema.org","@graph":[{"@type":"Article","@id":"https:\/\/ieslamadraza.com\/wp\/comite-ambiental-20151005\/#article","isPartOf":{"@id":"https:\/\/ieslamadraza.com\/wp\/comite-ambiental-20151005\/"},"author":{"name":"Pablo Acosta Robles","@id":"https:\/\/ieslamadraza.com\/wp\/#\/schema\/person\/d18d75ada99363ede30eade0c7b383d0"},"headline":"Comit\u00e9 ambiental (2015\/10\/05)","datePublished":"2015-10-05T12:38:48+00:00","dateModified":"2019-08-13T12:18:30+00:00","mainEntityOfPage":{"@id":"https:\/\/ieslamadraza.com\/wp\/comite-ambiental-20151005\/"},"wordCount":733,"commentCount":0,"publisher":{"@id":"https:\/\/ieslamadraza.com\/wp\/#organization"},"articleSection":["ECOESCUELA"],"inLanguage":"es","potentialAction":[{"@type":"CommentAction","name":"Comment","target":["https:\/\/ieslamadraza.com\/wp\/comite-ambiental-20151005\/#respond"]}]},{"@type":"WebPage","@id":"https:\/\/ieslamadraza.com\/wp\/comite-ambiental-20151005\/","url":"https:\/\/ieslamadraza.com\/wp\/comite-ambiental-20151005\/","name":"Comit\u00e9 ambiental (2015\/10\/05) - IES LA MADRAZA","isPartOf":{"@id":"https:\/\/ieslamadraza.com\/wp\/#website"},"datePublished":"2015-10-05T12:38:48+00:00","dateModified":"2019-08-13T12:18:30+00:00","description":"IES La Madraza","breadcrumb":{"@id":"https:\/\/ieslamadraza.com\/wp\/comite-ambiental-20151005\/#breadcrumb"},"inLanguage":"es","potentialAction":[{"@type":"ReadAction","target":["https:\/\/ieslamadraza.com\/wp\/comite-ambiental-20151005\/"]}]},{"@type":"BreadcrumbList","@id":"https:\/\/ieslamadraza.com\/wp\/comite-ambiental-20151005\/#breadcrumb","itemListElement":[{"@type":"ListItem","position":1,"name":"Portada","item":"https:\/\/ieslamadraza.com\/wp\/"},{"@type":"ListItem","position":2,"name":"Comit\u00e9 ambiental (2015\/10\/05)"}]},{"@type":"WebSite","@id":"https:\/\/ieslamadraza.com\/wp\/#website","url":"https:\/\/ieslamadraza.com\/wp\/","name":"IES LA MADRAZA","description":"Instituto de Ense\u00f1anza Secundaria de Granada (Espa\u00f1a)","publisher":{"@id":"https:\/\/ieslamadraza.com\/wp\/#organization"},"alternateName":"Inicio - IES LA MADRAZA","potentialAction":[{"@type":"SearchAction","target":{"@type":"EntryPoint","urlTemplate":"https:\/\/ieslamadraza.com\/wp\/?s={search_term_string}"},"query-input":{"@type":"PropertyValueSpecification","valueRequired":true,"valueName":"search_term_string"}}],"inLanguage":"es"},{"@type":"Organization","@id":"https:\/\/ieslamadraza.com\/wp\/#organization","name":"IES La Madraza -Instituto de Ense\u00f1anza Secundaria - Granada","alternateName":"IES La Madraza -Instituto de Ense\u00f1anza Secundaria - Granada","url":"https:\/\/ieslamadraza.com\/wp\/","logo":{"@type":"ImageObject","inLanguage":"es","@id":"https:\/\/ieslamadraza.com\/wp\/#\/schema\/logo\/image\/","url":"https:\/\/ieslamadraza.com\/wp\/wp-content\/img\/2025\/10\/logo.jpeg","contentUrl":"https:\/\/ieslamadraza.com\/wp\/wp-content\/img\/2025\/10\/logo.jpeg","width":225,"height":225,"caption":"IES La Madraza -Instituto de Ense\u00f1anza Secundaria - Granada"},"image":{"@id":"https:\/\/ieslamadraza.com\/wp\/#\/schema\/logo\/image\/"},"sameAs":["https:\/\/www.facebook.com\/ieslamadraza\/","https:\/\/x.com\/MadrazaLa","https:\/\/www.instagram.com\/institutolamadraza\/"]},{"@type":"Person","@id":"https:\/\/ieslamadraza.com\/wp\/#\/schema\/person\/d18d75ada99363ede30eade0c7b383d0","name":"Pablo Acosta Robles","image":{"@type":"ImageObject","inLanguage":"es","@id":"https:\/\/secure.gravatar.com\/avatar\/de366d44c0d2f7406ad434f0c9650ee7d0d2a7258b6f1a511aa8345445bb21b5?s=96&d=mm&r=g","url":"https:\/\/secure.gravatar.com\/avatar\/de366d44c0d2f7406ad434f0c9650ee7d0d2a7258b6f1a511aa8345445bb21b5?s=96&d=mm&r=g","contentUrl":"https:\/\/secure.gravatar.com\/avatar\/de366d44c0d2f7406ad434f0c9650ee7d0d2a7258b6f1a511aa8345445bb21b5?s=96&d=mm&r=g","caption":"Pablo Acosta Robles"},"url":"https:\/\/ieslamadraza.com\/wp\/author\/pablo\/"}]}},"_links":{"self":[{"href":"https:\/\/ieslamadraza.com\/wp\/wp-json\/wp\/v2\/posts\/1513","targetHints":{"allow":["GET"]}}],"collection":[{"href":"https:\/\/ieslamadraza.com\/wp\/wp-json\/wp\/v2\/posts"}],"about":[{"href":"https:\/\/ieslamadraza.com\/wp\/wp-json\/wp\/v2\/types\/post"}],"author":[{"embeddable":true,"href":"https:\/\/ieslamadraza.com\/wp\/wp-json\/wp\/v2\/users\/3"}],"replies":[{"embeddable":true,"href":"https:\/\/ieslamadraza.com\/wp\/wp-json\/wp\/v2\/comments?post=1513"}],"version-history":[{"count":0,"href":"https:\/\/ieslamadraza.com\/wp\/wp-json\/wp\/v2\/posts\/1513\/revisions"}],"wp:attachment":[{"href":"https:\/\/ieslamadraza.com\/wp\/wp-json\/wp\/v2\/media?parent=1513"}],"wp:term":[{"taxonomy":"category","embeddable":true,"href":"https:\/\/ieslamadraza.com\/wp\/wp-json\/wp\/v2\/categories?post=1513"},{"taxonomy":"post_tag","embeddable":true,"href":"https:\/\/ieslamadraza.com\/wp\/wp-json\/wp\/v2\/tags?post=1513"}],"curies":[{"name":"wp","href":"https:\/\/api.w.org\/{rel}","templated":true}]}}