{"id":1511,"date":"2015-10-04T14:58:36","date_gmt":"2015-10-04T12:58:36","guid":{"rendered":"http:\/\/ieslamadraza.com\/wp\/los-lunes-poesia-20151005\/"},"modified":"2019-09-02T18:35:42","modified_gmt":"2019-09-02T16:35:42","slug":"los-lunes-poesia-20151005","status":"publish","type":"post","link":"https:\/\/ieslamadraza.com\/wp\/los-lunes-poesia-20151005\/","title":{"rendered":"Los lunes&#8230; poes\u00eda (2015\/10\/05)"},"content":{"rendered":"<p style=\"text-align: center;\">\n<p>\u00a0<\/p>\n<p>\u201c<em>El poeta, ensayista y traductor&nbsp;<strong>Luis Alberto de Cuenca<\/strong> ha sido galardonado hoy con el&nbsp;<strong>Premio Nacional de Poes\u00eda<\/strong> por su poemario&nbsp;<strong>Cuaderno de vacaciones<\/strong>.<\/em><em> El premio, dotado con 20.000 euros, lo concede el Ministerio de Educaci\u00f3n, Cultura y Deporte para distinguir la obra de un autor espa\u00f1ol escrita en cualquiera de las lenguas oficiales del Estado en 2014.&nbsp; El jurado ha considerado que la obra \u00abCuaderno de Vacaciones\u00bb, \u00abconstituye una de las aportaciones po\u00e9ticas de mayor motivaci\u00f3n existencial y simb\u00f3lica en la historia de la l\u00edrica reciente en Espa\u00f1a\u00bb La Vanguardia Libros (28\/10\/2015).<\/em><\/p>\n<p style=\"text-align: left;\"><em><img decoding=\"async\" class=\"alignleft size-full wp-image-2981 lazyload\" style=\"--smush-placeholder-width: 96px; --smush-placeholder-aspect-ratio: 96\/96;margin-right: 5px; float: left;\" data-src=\"https:\/\/ieslamadraza.com\/wp\/wp-content\/uploads\/2015\/10\/luis-alberto-de-cuenca.jpg\" height=\"96\" width=\"96\" data-srcset=\"https:\/\/ieslamadraza.com\/wp\/wp-content\/img\/2015\/10\/luis-alberto-de-cuenca.jpg 455w, https:\/\/ieslamadraza.com\/wp\/wp-content\/img\/2015\/10\/luis-alberto-de-cuenca-150x150.jpg 150w, https:\/\/ieslamadraza.com\/wp\/wp-content\/img\/2015\/10\/luis-alberto-de-cuenca-300x300.jpg 300w\" data-sizes=\"(max-width: 96px) 100vw, 96px\" src=\"data:image\/svg+xml;base64,PHN2ZyB3aWR0aD0iMSIgaGVpZ2h0PSIxIiB4bWxucz0iaHR0cDovL3d3dy53My5vcmcvMjAwMC9zdmciPjwvc3ZnPg==\" \/><\/em><\/p>\n<p style=\"text-align: left;\">\u00a0<\/p>\n<p style=\"text-align: justify;\">Con esta noticia inici\u00e1bamos una semana marcada por la Poes\u00eda; a nuestra memoria y sentimiento acud\u00edan poemas como <em><a href=\"http:\/\/amediavoz.com\/cuenca.htm#El%20desayuno\">El Desayuno<\/a>, <\/em>de muy recomendada lectura. De la mano de la profesora Mar\u00eda L\u00f3pez nos adentramos un poquito m\u00e1s en el universo de este poeta por los senderos de la historia, la palabra y la m\u00fasica. \u00a1Feliz Semana!<\/p>\n<p>\u00a0<\/p>\n<p style=\"text-align: center;\"><span style=\"font-size: 12pt;\"><strong>Farai un vers de dreyt nien<\/strong><\/span><\/p>\n<div style=\"text-align: center;\"><span style=\"font-size: 8pt;\">El t\u00edtulo de este poema procede del primer verso de la <a href=\"https:\/\/franciscoalvezfrancese.wordpress.com\/2014\/10\/16\/farai-un-vers-de-dreit-nien\/\">Canci\u00f3n IV de Guillermo IX,<\/a> duque de Aquitania (uno de los primeros poetas provenzales, que es mencionado por Luis Alberto de Cuenca al final de la composici\u00f3n).<\/span><\/div>\n<p style=\"text-align: center;\"><span style=\"font-size: 8pt;\"><img decoding=\"async\" class=\"size-full wp-image-2982 lazyload\" data-src=\"https:\/\/ieslamadraza.com\/wp\/wp-content\/uploads\/2015\/10\/249vcodexmanesse.jpg\" height=\"154\" width=\"153\" data-srcset=\"https:\/\/ieslamadraza.com\/wp\/wp-content\/img\/2015\/10\/249vcodexmanesse.jpg 398w, https:\/\/ieslamadraza.com\/wp\/wp-content\/img\/2015\/10\/249vcodexmanesse-150x150.jpg 150w, https:\/\/ieslamadraza.com\/wp\/wp-content\/img\/2015\/10\/249vcodexmanesse-300x300.jpg 300w\" data-sizes=\"(max-width: 153px) 100vw, 153px\" src=\"data:image\/svg+xml;base64,PHN2ZyB3aWR0aD0iMSIgaGVpZ2h0PSIxIiB4bWxucz0iaHR0cDovL3d3dy53My5vcmcvMjAwMC9zdmciPjwvc3ZnPg==\" style=\"--smush-placeholder-width: 153px; --smush-placeholder-aspect-ratio: 153\/154;\" \/><\/span><\/p>\n<p style=\"text-align: center;\"><span style=\"font-size: 8pt;\">Miniatura procedente del&nbsp;<em>Codex Manesse<\/em>, copiado e iluminado entre 1305 y 1340.<\/span><\/p>\n<p style=\"text-align: center;\">\u00a0<\/p>\n<p style=\"text-align: center;\">Sobre ti, sobre m\u00ed, sobre el infierno<\/p>\n<p style=\"text-align: center;\">de nuestro amor y sobre el para\u00edso<\/p>\n<p style=\"text-align: center;\">de nuestro amor, sobre el milagro in\u00fatil<\/p>\n<p style=\"text-align: center;\">de haberte conocido y el abismo<\/p>\n<p style=\"text-align: center;\">de haber viajado al alba y al crep\u00fasculo<\/p>\n<p style=\"text-align: center;\">con un monstruo tan dulce y tan da\u00f1ino,<\/p>\n<p style=\"text-align: center;\">sobre la huella que dej\u00f3 tu cuerpo<\/p>\n<p style=\"text-align: center;\">en mi cama y en todos mis sentidos,<\/p>\n<p style=\"text-align: center;\">sobre el vestido negro ribeteado<\/p>\n<p style=\"text-align: center;\">de encaje con que andabas por el filo<\/p>\n<p style=\"text-align: center;\">de la traici\u00f3n, sobre tu piel blanqu\u00edsima<\/p>\n<p style=\"text-align: center;\">y sobre el tiempo que perd\u00ed contigo&#8230;.<\/p>\n<p style=\"text-align: center;\">Sobre todas las cosas que anteceden<\/p>\n<p style=\"text-align: center;\">y sobre nada (\u00bfacaso no es lo mismo?)<\/p>\n<p style=\"text-align: center;\">escribir\u00e9 un poema, recordando<\/p>\n<p style=\"text-align: center;\">la canci\u00f3n de Guillermo, con el fr\u00edo<\/p>\n<p style=\"text-align: center;\">de la distancia y con la sensaci\u00f3n<\/p>\n<p style=\"text-align: center;\">de no haberlas vivido.<\/p>\n<p style=\"text-align: center;\">\u00a0<\/p>\n<p style=\"text-align: center;\"><strong>Luis Alberto de Cuenca<\/strong><\/p>\n<p style=\"text-align: center;\">(<em>Sin miedo ni esperanza<\/em>, 2002)<\/p>\n<p style=\"text-align: center;\"><img decoding=\"async\" data-src=\"http:\/\/www.abc.es\/Media\/201110\/04\/OBJ3356532_1--644x362.JPG\" height=\"82\" width=\"146\" src=\"data:image\/svg+xml;base64,PHN2ZyB3aWR0aD0iMSIgaGVpZ2h0PSIxIiB4bWxucz0iaHR0cDovL3d3dy53My5vcmcvMjAwMC9zdmciPjwvc3ZnPg==\" class=\"lazyload\" style=\"--smush-placeholder-width: 146px; --smush-placeholder-aspect-ratio: 146\/82;\" \/><\/p>\n<p style=\"text-align: center;\"> <object height=\"299\" width=\"399\" codebase=\"http:\/\/download.macromedia.com\/pub\/shockwave\/cabs\/flash\/swflash.cab#version=10,0,32,18\" classid=\"clsid:d27cdb6e-ae6d-11cf-96b8-444553540000\"><param name=\"allowFullScreen\" value=\"true\" \/><param name=\"allowscriptaccess\" value=\"always\" \/><param name=\"src\" value=\"http:\/\/www.youtube.com\/v\/Xyl0U1YuetU?version=3&amp;hl=es_ES\" \/><embed height=\"299\" width=\"399\" src=\"http:\/\/www.youtube.com\/v\/Xyl0U1YuetU?version=3&amp;hl=es_ES\" allowscriptaccess=\"always\" allowfullscreen=\"true\" type=\"application\/x-shockwave-flash\">&nbsp;<\/embed><\/object> <\/p>\n<p style=\"text-align: center;\">(Poema <strong><em>Farai un vers de dreyt nien<\/em><\/strong> versionado por <strong><em>Loquillo<\/em><\/strong>)<\/p>\n","protected":false},"excerpt":{"rendered":"<p>\u00a0 \u201cEl poeta, ensayista y traductor&nbsp;Luis Alberto de Cuenca ha sido galardonado hoy con el&nbsp;Premio Nacional de Poes\u00eda por su poemario&nbsp;Cuaderno de vacaciones. El premio, dotado con 20.000 euros, lo concede el Ministerio de Educaci\u00f3n, Cultura y Deporte para distinguir la obra de un autor espa\u00f1ol escrita en cualquiera de las lenguas oficiales del Estado [&hellip;]<\/p>\n","protected":false},"author":7,"featured_media":0,"comment_status":"closed","ping_status":"closed","sticky":false,"template":"","format":"standard","meta":{"_et_pb_use_builder":"","_et_pb_old_content":"","_et_gb_content_width":"","_monsterinsights_skip_tracking":false,"_monsterinsights_sitenote_active":false,"_monsterinsights_sitenote_note":"","_monsterinsights_sitenote_category":0,"footnotes":""},"categories":[129],"tags":[],"class_list":["post-1511","post","type-post","status-publish","format-standard","hentry","category-poesia","et-doesnt-have-format-content","et_post_format-et-post-format-standard"],"yoast_head":"<!-- This site is optimized with the Yoast SEO plugin v27.4 - https:\/\/yoast.com\/product\/yoast-seo-wordpress\/ -->\n<title>Los lunes... poes\u00eda (2015\/10\/05) - IES LA MADRAZA<\/title>\n<meta name=\"description\" content=\"IES La Madraza\" \/>\n<meta name=\"robots\" content=\"index, follow, max-snippet:-1, max-image-preview:large, max-video-preview:-1\" \/>\n<link rel=\"canonical\" href=\"https:\/\/ieslamadraza.com\/wp\/los-lunes-poesia-20151005\/\" \/>\n<meta property=\"og:locale\" content=\"es_ES\" \/>\n<meta property=\"og:type\" content=\"article\" \/>\n<meta property=\"og:title\" content=\"Los lunes... poes\u00eda (2015\/10\/05) - IES LA MADRAZA\" \/>\n<meta property=\"og:description\" content=\"IES La Madraza\" \/>\n<meta property=\"og:url\" content=\"https:\/\/ieslamadraza.com\/wp\/los-lunes-poesia-20151005\/\" \/>\n<meta property=\"og:site_name\" content=\"IES LA MADRAZA\" \/>\n<meta property=\"article:publisher\" content=\"https:\/\/www.facebook.com\/ieslamadraza\/\" \/>\n<meta property=\"article:published_time\" content=\"2015-10-04T12:58:36+00:00\" \/>\n<meta property=\"article:modified_time\" content=\"2019-09-02T16:35:42+00:00\" \/>\n<meta property=\"og:image\" content=\"https:\/\/ieslamadraza.com\/wp\/wp-content\/uploads\/2015\/10\/luis-alberto-de-cuenca.jpg\" \/>\n<meta name=\"author\" content=\"admin_IES-laMadraza\" \/>\n<meta name=\"twitter:card\" content=\"summary_large_image\" \/>\n<meta name=\"twitter:creator\" content=\"@MadrazaLa\" \/>\n<meta name=\"twitter:site\" content=\"@MadrazaLa\" \/>\n<meta name=\"twitter:label1\" content=\"Escrito por\" \/>\n\t<meta name=\"twitter:data1\" content=\"admin_IES-laMadraza\" \/>\n\t<meta name=\"twitter:label2\" content=\"Tiempo de lectura\" \/>\n\t<meta name=\"twitter:data2\" content=\"2 minutos\" \/>\n<script type=\"application\/ld+json\" class=\"yoast-schema-graph\">{\"@context\":\"https:\\\/\\\/schema.org\",\"@graph\":[{\"@type\":\"Article\",\"@id\":\"https:\\\/\\\/ieslamadraza.com\\\/wp\\\/los-lunes-poesia-20151005\\\/#article\",\"isPartOf\":{\"@id\":\"https:\\\/\\\/ieslamadraza.com\\\/wp\\\/los-lunes-poesia-20151005\\\/\"},\"author\":{\"name\":\"admin_IES-laMadraza\",\"@id\":\"https:\\\/\\\/ieslamadraza.com\\\/wp\\\/#\\\/schema\\\/person\\\/f80b2662c85d3a875653d8c393c0e24b\"},\"headline\":\"Los lunes&#8230; poes\u00eda (2015\\\/10\\\/05)\",\"datePublished\":\"2015-10-04T12:58:36+00:00\",\"dateModified\":\"2019-09-02T16:35:42+00:00\",\"mainEntityOfPage\":{\"@id\":\"https:\\\/\\\/ieslamadraza.com\\\/wp\\\/los-lunes-poesia-20151005\\\/\"},\"wordCount\":377,\"publisher\":{\"@id\":\"https:\\\/\\\/ieslamadraza.com\\\/wp\\\/#organization\"},\"image\":{\"@id\":\"https:\\\/\\\/ieslamadraza.com\\\/wp\\\/los-lunes-poesia-20151005\\\/#primaryimage\"},\"thumbnailUrl\":\"https:\\\/\\\/ieslamadraza.com\\\/wp\\\/wp-content\\\/uploads\\\/2015\\\/10\\\/luis-alberto-de-cuenca.jpg\",\"articleSection\":[\"LOS LUNES... POES\u00cdA\"],\"inLanguage\":\"es\"},{\"@type\":\"WebPage\",\"@id\":\"https:\\\/\\\/ieslamadraza.com\\\/wp\\\/los-lunes-poesia-20151005\\\/\",\"url\":\"https:\\\/\\\/ieslamadraza.com\\\/wp\\\/los-lunes-poesia-20151005\\\/\",\"name\":\"Los lunes... poes\u00eda (2015\\\/10\\\/05) - IES LA MADRAZA\",\"isPartOf\":{\"@id\":\"https:\\\/\\\/ieslamadraza.com\\\/wp\\\/#website\"},\"primaryImageOfPage\":{\"@id\":\"https:\\\/\\\/ieslamadraza.com\\\/wp\\\/los-lunes-poesia-20151005\\\/#primaryimage\"},\"image\":{\"@id\":\"https:\\\/\\\/ieslamadraza.com\\\/wp\\\/los-lunes-poesia-20151005\\\/#primaryimage\"},\"thumbnailUrl\":\"https:\\\/\\\/ieslamadraza.com\\\/wp\\\/wp-content\\\/uploads\\\/2015\\\/10\\\/luis-alberto-de-cuenca.jpg\",\"datePublished\":\"2015-10-04T12:58:36+00:00\",\"dateModified\":\"2019-09-02T16:35:42+00:00\",\"description\":\"IES La Madraza\",\"breadcrumb\":{\"@id\":\"https:\\\/\\\/ieslamadraza.com\\\/wp\\\/los-lunes-poesia-20151005\\\/#breadcrumb\"},\"inLanguage\":\"es\",\"potentialAction\":[{\"@type\":\"ReadAction\",\"target\":[\"https:\\\/\\\/ieslamadraza.com\\\/wp\\\/los-lunes-poesia-20151005\\\/\"]}]},{\"@type\":\"ImageObject\",\"inLanguage\":\"es\",\"@id\":\"https:\\\/\\\/ieslamadraza.com\\\/wp\\\/los-lunes-poesia-20151005\\\/#primaryimage\",\"url\":\"https:\\\/\\\/ieslamadraza.com\\\/wp\\\/wp-content\\\/uploads\\\/2015\\\/10\\\/luis-alberto-de-cuenca.jpg\",\"contentUrl\":\"https:\\\/\\\/ieslamadraza.com\\\/wp\\\/wp-content\\\/uploads\\\/2015\\\/10\\\/luis-alberto-de-cuenca.jpg\"},{\"@type\":\"BreadcrumbList\",\"@id\":\"https:\\\/\\\/ieslamadraza.com\\\/wp\\\/los-lunes-poesia-20151005\\\/#breadcrumb\",\"itemListElement\":[{\"@type\":\"ListItem\",\"position\":1,\"name\":\"Portada\",\"item\":\"https:\\\/\\\/ieslamadraza.com\\\/wp\\\/\"},{\"@type\":\"ListItem\",\"position\":2,\"name\":\"Los lunes&#8230; poes\u00eda (2015\\\/10\\\/05)\"}]},{\"@type\":\"WebSite\",\"@id\":\"https:\\\/\\\/ieslamadraza.com\\\/wp\\\/#website\",\"url\":\"https:\\\/\\\/ieslamadraza.com\\\/wp\\\/\",\"name\":\"IES LA MADRAZA\",\"description\":\"Instituto de Ense\u00f1anza Secundaria de Granada (Espa\u00f1a)\",\"publisher\":{\"@id\":\"https:\\\/\\\/ieslamadraza.com\\\/wp\\\/#organization\"},\"alternateName\":\"Inicio - IES LA MADRAZA\",\"potentialAction\":[{\"@type\":\"SearchAction\",\"target\":{\"@type\":\"EntryPoint\",\"urlTemplate\":\"https:\\\/\\\/ieslamadraza.com\\\/wp\\\/?s={search_term_string}\"},\"query-input\":{\"@type\":\"PropertyValueSpecification\",\"valueRequired\":true,\"valueName\":\"search_term_string\"}}],\"inLanguage\":\"es\"},{\"@type\":\"Organization\",\"@id\":\"https:\\\/\\\/ieslamadraza.com\\\/wp\\\/#organization\",\"name\":\"IES La Madraza -Instituto de Ense\u00f1anza Secundaria - Granada\",\"alternateName\":\"IES La Madraza -Instituto de Ense\u00f1anza Secundaria - Granada\",\"url\":\"https:\\\/\\\/ieslamadraza.com\\\/wp\\\/\",\"logo\":{\"@type\":\"ImageObject\",\"inLanguage\":\"es\",\"@id\":\"https:\\\/\\\/ieslamadraza.com\\\/wp\\\/#\\\/schema\\\/logo\\\/image\\\/\",\"url\":\"https:\\\/\\\/ieslamadraza.com\\\/wp\\\/wp-content\\\/img\\\/2025\\\/10\\\/logo.jpeg\",\"contentUrl\":\"https:\\\/\\\/ieslamadraza.com\\\/wp\\\/wp-content\\\/img\\\/2025\\\/10\\\/logo.jpeg\",\"width\":225,\"height\":225,\"caption\":\"IES La Madraza -Instituto de Ense\u00f1anza Secundaria - Granada\"},\"image\":{\"@id\":\"https:\\\/\\\/ieslamadraza.com\\\/wp\\\/#\\\/schema\\\/logo\\\/image\\\/\"},\"sameAs\":[\"https:\\\/\\\/www.facebook.com\\\/ieslamadraza\\\/\",\"https:\\\/\\\/x.com\\\/MadrazaLa\",\"https:\\\/\\\/www.instagram.com\\\/institutolamadraza\\\/\"]},{\"@type\":\"Person\",\"@id\":\"https:\\\/\\\/ieslamadraza.com\\\/wp\\\/#\\\/schema\\\/person\\\/f80b2662c85d3a875653d8c393c0e24b\",\"name\":\"admin_IES-laMadraza\",\"image\":{\"@type\":\"ImageObject\",\"inLanguage\":\"es\",\"@id\":\"https:\\\/\\\/secure.gravatar.com\\\/avatar\\\/aad8ae5b110afbe2f2e7011bba88e4b5b97b4a632e22255df6b653bdca4d179a?s=96&d=mm&r=g\",\"url\":\"https:\\\/\\\/secure.gravatar.com\\\/avatar\\\/aad8ae5b110afbe2f2e7011bba88e4b5b97b4a632e22255df6b653bdca4d179a?s=96&d=mm&r=g\",\"contentUrl\":\"https:\\\/\\\/secure.gravatar.com\\\/avatar\\\/aad8ae5b110afbe2f2e7011bba88e4b5b97b4a632e22255df6b653bdca4d179a?s=96&d=mm&r=g\",\"caption\":\"admin_IES-laMadraza\"},\"url\":\"https:\\\/\\\/ieslamadraza.com\\\/wp\\\/author\\\/admin_ies-lamadraza\\\/\"}]}<\/script>\n<!-- \/ Yoast SEO plugin. -->","yoast_head_json":{"title":"Los lunes... poes\u00eda (2015\/10\/05) - IES LA MADRAZA","description":"IES La Madraza","robots":{"index":"index","follow":"follow","max-snippet":"max-snippet:-1","max-image-preview":"max-image-preview:large","max-video-preview":"max-video-preview:-1"},"canonical":"https:\/\/ieslamadraza.com\/wp\/los-lunes-poesia-20151005\/","og_locale":"es_ES","og_type":"article","og_title":"Los lunes... poes\u00eda (2015\/10\/05) - IES LA MADRAZA","og_description":"IES La Madraza","og_url":"https:\/\/ieslamadraza.com\/wp\/los-lunes-poesia-20151005\/","og_site_name":"IES LA MADRAZA","article_publisher":"https:\/\/www.facebook.com\/ieslamadraza\/","article_published_time":"2015-10-04T12:58:36+00:00","article_modified_time":"2019-09-02T16:35:42+00:00","og_image":[{"url":"https:\/\/ieslamadraza.com\/wp\/wp-content\/uploads\/2015\/10\/luis-alberto-de-cuenca.jpg","type":"","width":"","height":""}],"author":"admin_IES-laMadraza","twitter_card":"summary_large_image","twitter_creator":"@MadrazaLa","twitter_site":"@MadrazaLa","twitter_misc":{"Escrito por":"admin_IES-laMadraza","Tiempo de lectura":"2 minutos"},"schema":{"@context":"https:\/\/schema.org","@graph":[{"@type":"Article","@id":"https:\/\/ieslamadraza.com\/wp\/los-lunes-poesia-20151005\/#article","isPartOf":{"@id":"https:\/\/ieslamadraza.com\/wp\/los-lunes-poesia-20151005\/"},"author":{"name":"admin_IES-laMadraza","@id":"https:\/\/ieslamadraza.com\/wp\/#\/schema\/person\/f80b2662c85d3a875653d8c393c0e24b"},"headline":"Los lunes&#8230; poes\u00eda (2015\/10\/05)","datePublished":"2015-10-04T12:58:36+00:00","dateModified":"2019-09-02T16:35:42+00:00","mainEntityOfPage":{"@id":"https:\/\/ieslamadraza.com\/wp\/los-lunes-poesia-20151005\/"},"wordCount":377,"publisher":{"@id":"https:\/\/ieslamadraza.com\/wp\/#organization"},"image":{"@id":"https:\/\/ieslamadraza.com\/wp\/los-lunes-poesia-20151005\/#primaryimage"},"thumbnailUrl":"https:\/\/ieslamadraza.com\/wp\/wp-content\/uploads\/2015\/10\/luis-alberto-de-cuenca.jpg","articleSection":["LOS LUNES... POES\u00cdA"],"inLanguage":"es"},{"@type":"WebPage","@id":"https:\/\/ieslamadraza.com\/wp\/los-lunes-poesia-20151005\/","url":"https:\/\/ieslamadraza.com\/wp\/los-lunes-poesia-20151005\/","name":"Los lunes... poes\u00eda (2015\/10\/05) - IES LA MADRAZA","isPartOf":{"@id":"https:\/\/ieslamadraza.com\/wp\/#website"},"primaryImageOfPage":{"@id":"https:\/\/ieslamadraza.com\/wp\/los-lunes-poesia-20151005\/#primaryimage"},"image":{"@id":"https:\/\/ieslamadraza.com\/wp\/los-lunes-poesia-20151005\/#primaryimage"},"thumbnailUrl":"https:\/\/ieslamadraza.com\/wp\/wp-content\/uploads\/2015\/10\/luis-alberto-de-cuenca.jpg","datePublished":"2015-10-04T12:58:36+00:00","dateModified":"2019-09-02T16:35:42+00:00","description":"IES La Madraza","breadcrumb":{"@id":"https:\/\/ieslamadraza.com\/wp\/los-lunes-poesia-20151005\/#breadcrumb"},"inLanguage":"es","potentialAction":[{"@type":"ReadAction","target":["https:\/\/ieslamadraza.com\/wp\/los-lunes-poesia-20151005\/"]}]},{"@type":"ImageObject","inLanguage":"es","@id":"https:\/\/ieslamadraza.com\/wp\/los-lunes-poesia-20151005\/#primaryimage","url":"https:\/\/ieslamadraza.com\/wp\/wp-content\/uploads\/2015\/10\/luis-alberto-de-cuenca.jpg","contentUrl":"https:\/\/ieslamadraza.com\/wp\/wp-content\/uploads\/2015\/10\/luis-alberto-de-cuenca.jpg"},{"@type":"BreadcrumbList","@id":"https:\/\/ieslamadraza.com\/wp\/los-lunes-poesia-20151005\/#breadcrumb","itemListElement":[{"@type":"ListItem","position":1,"name":"Portada","item":"https:\/\/ieslamadraza.com\/wp\/"},{"@type":"ListItem","position":2,"name":"Los lunes&#8230; poes\u00eda (2015\/10\/05)"}]},{"@type":"WebSite","@id":"https:\/\/ieslamadraza.com\/wp\/#website","url":"https:\/\/ieslamadraza.com\/wp\/","name":"IES LA MADRAZA","description":"Instituto de Ense\u00f1anza Secundaria de Granada (Espa\u00f1a)","publisher":{"@id":"https:\/\/ieslamadraza.com\/wp\/#organization"},"alternateName":"Inicio - IES LA MADRAZA","potentialAction":[{"@type":"SearchAction","target":{"@type":"EntryPoint","urlTemplate":"https:\/\/ieslamadraza.com\/wp\/?s={search_term_string}"},"query-input":{"@type":"PropertyValueSpecification","valueRequired":true,"valueName":"search_term_string"}}],"inLanguage":"es"},{"@type":"Organization","@id":"https:\/\/ieslamadraza.com\/wp\/#organization","name":"IES La Madraza -Instituto de Ense\u00f1anza Secundaria - Granada","alternateName":"IES La Madraza -Instituto de Ense\u00f1anza Secundaria - Granada","url":"https:\/\/ieslamadraza.com\/wp\/","logo":{"@type":"ImageObject","inLanguage":"es","@id":"https:\/\/ieslamadraza.com\/wp\/#\/schema\/logo\/image\/","url":"https:\/\/ieslamadraza.com\/wp\/wp-content\/img\/2025\/10\/logo.jpeg","contentUrl":"https:\/\/ieslamadraza.com\/wp\/wp-content\/img\/2025\/10\/logo.jpeg","width":225,"height":225,"caption":"IES La Madraza -Instituto de Ense\u00f1anza Secundaria - Granada"},"image":{"@id":"https:\/\/ieslamadraza.com\/wp\/#\/schema\/logo\/image\/"},"sameAs":["https:\/\/www.facebook.com\/ieslamadraza\/","https:\/\/x.com\/MadrazaLa","https:\/\/www.instagram.com\/institutolamadraza\/"]},{"@type":"Person","@id":"https:\/\/ieslamadraza.com\/wp\/#\/schema\/person\/f80b2662c85d3a875653d8c393c0e24b","name":"admin_IES-laMadraza","image":{"@type":"ImageObject","inLanguage":"es","@id":"https:\/\/secure.gravatar.com\/avatar\/aad8ae5b110afbe2f2e7011bba88e4b5b97b4a632e22255df6b653bdca4d179a?s=96&d=mm&r=g","url":"https:\/\/secure.gravatar.com\/avatar\/aad8ae5b110afbe2f2e7011bba88e4b5b97b4a632e22255df6b653bdca4d179a?s=96&d=mm&r=g","contentUrl":"https:\/\/secure.gravatar.com\/avatar\/aad8ae5b110afbe2f2e7011bba88e4b5b97b4a632e22255df6b653bdca4d179a?s=96&d=mm&r=g","caption":"admin_IES-laMadraza"},"url":"https:\/\/ieslamadraza.com\/wp\/author\/admin_ies-lamadraza\/"}]}},"_links":{"self":[{"href":"https:\/\/ieslamadraza.com\/wp\/wp-json\/wp\/v2\/posts\/1511","targetHints":{"allow":["GET"]}}],"collection":[{"href":"https:\/\/ieslamadraza.com\/wp\/wp-json\/wp\/v2\/posts"}],"about":[{"href":"https:\/\/ieslamadraza.com\/wp\/wp-json\/wp\/v2\/types\/post"}],"author":[{"embeddable":true,"href":"https:\/\/ieslamadraza.com\/wp\/wp-json\/wp\/v2\/users\/7"}],"replies":[{"embeddable":true,"href":"https:\/\/ieslamadraza.com\/wp\/wp-json\/wp\/v2\/comments?post=1511"}],"version-history":[{"count":0,"href":"https:\/\/ieslamadraza.com\/wp\/wp-json\/wp\/v2\/posts\/1511\/revisions"}],"wp:attachment":[{"href":"https:\/\/ieslamadraza.com\/wp\/wp-json\/wp\/v2\/media?parent=1511"}],"wp:term":[{"taxonomy":"category","embeddable":true,"href":"https:\/\/ieslamadraza.com\/wp\/wp-json\/wp\/v2\/categories?post=1511"},{"taxonomy":"post_tag","embeddable":true,"href":"https:\/\/ieslamadraza.com\/wp\/wp-json\/wp\/v2\/tags?post=1511"}],"curies":[{"name":"wp","href":"https:\/\/api.w.org\/{rel}","templated":true}]}}