{"id":15044,"date":"2021-05-26T09:17:02","date_gmt":"2021-05-26T07:17:02","guid":{"rendered":"https:\/\/ieslamadraza.com\/wp\/?p=15044"},"modified":"2021-05-26T09:17:06","modified_gmt":"2021-05-26T07:17:06","slug":"debates-en-el-parque-de-las-ciencias","status":"publish","type":"post","link":"https:\/\/ieslamadraza.com\/wp\/debates-en-el-parque-de-las-ciencias\/","title":{"rendered":"Debates en el parque de las Ciencias"},"content":{"rendered":"<p>El pasado 18 de mayo los alumnos de 4\u00ba ESO Carmen Celeste Arias Enjuto, Alberto Damas Rold\u00e1n, Patricia D\u00edaz Can\u00f3n y Jos\u00e9 Barranco Garrido fueron los componentes del equipo de debates que represent\u00f3 al IES La Madraza en el torneo debates educativos organizado por la Delegaci\u00f3n con la colaboraci\u00f3n del CEP y el Parque de las Ciencias. Nuestro equipo se enfrent\u00f3 al equipo del IES Severo Ochoa y tuvieron que defender la posici\u00f3n \u00aba favor\u00bb del tema del debate que era \u00ab\u00bfPuede una emergencia sanitaria coartar las libertades civiles?\u00bb.<br \/>\nNuestro equipo debati\u00f3 muy bien y Alberto Damas consigui\u00f3 el diploma al mejor orador del debate.<br \/>\nLa preparaci\u00f3n del debate fue dirigida por la profesora Cristina Mart\u00ednez, que acompa\u00f1\u00f3 al equipo junto a Octavio Mart\u00ednez y algunos compa\u00f1eros de 4\u00ba ESO.<br \/>\nEnhorabuena<\/p>\n\n\t\t<style type=\"text\/css\">\n\t\t\t#gallery-1 {\n\t\t\t\tmargin: auto;\n\t\t\t}\n\t\t\t#gallery-1 .gallery-item {\n\t\t\t\tfloat: left;\n\t\t\t\tmargin-top: 10px;\n\t\t\t\ttext-align: center;\n\t\t\t\twidth: 50%;\n\t\t\t}\n\t\t\t#gallery-1 img {\n\t\t\t\tborder: 2px solid #cfcfcf;\n\t\t\t}\n\t\t\t#gallery-1 .gallery-caption {\n\t\t\t\tmargin-left: 0;\n\t\t\t}\n\t\t\t\/* see gallery_shortcode() in wp-includes\/media.php *\/\n\t\t<\/style>\n\t\t<div id='gallery-1' class='gallery galleryid-15044 gallery-columns-2 gallery-size-medium'><dl class='gallery-item'>\n\t\t\t<dt class='gallery-icon landscape'>\n\t\t\t\t<a href='https:\/\/ieslamadraza.com\/wp\/debates-en-el-parque-de-las-ciencias\/img_20210518_104459\/'><img decoding=\"async\" width=\"300\" height=\"225\" data-src=\"https:\/\/ieslamadraza.com\/wp\/wp-content\/img\/2021\/05\/IMG_20210518_104459-300x225.jpg\" class=\"attachment-medium size-medium lazyload\" alt=\"\" data-srcset=\"https:\/\/ieslamadraza.com\/wp\/wp-content\/img\/2021\/05\/IMG_20210518_104459-300x225.jpg 300w, https:\/\/ieslamadraza.com\/wp\/wp-content\/img\/2021\/05\/IMG_20210518_104459-1024x768.jpg 1024w, https:\/\/ieslamadraza.com\/wp\/wp-content\/img\/2021\/05\/IMG_20210518_104459-768x576.jpg 768w, https:\/\/ieslamadraza.com\/wp\/wp-content\/img\/2021\/05\/IMG_20210518_104459-1536x1152.jpg 1536w, https:\/\/ieslamadraza.com\/wp\/wp-content\/img\/2021\/05\/IMG_20210518_104459-2048x1536.jpg 2048w, https:\/\/ieslamadraza.com\/wp\/wp-content\/img\/2021\/05\/IMG_20210518_104459-1080x810.jpg 1080w\" data-sizes=\"(max-width: 300px) 100vw, 300px\" src=\"data:image\/svg+xml;base64,PHN2ZyB3aWR0aD0iMSIgaGVpZ2h0PSIxIiB4bWxucz0iaHR0cDovL3d3dy53My5vcmcvMjAwMC9zdmciPjwvc3ZnPg==\" style=\"--smush-placeholder-width: 300px; --smush-placeholder-aspect-ratio: 300\/225;\" \/><\/a>\n\t\t\t<\/dt><\/dl><dl class='gallery-item'>\n\t\t\t<dt class='gallery-icon landscape'>\n\t\t\t\t<a href='https:\/\/ieslamadraza.com\/wp\/debates-en-el-parque-de-las-ciencias\/img_20210518_104509\/'><img decoding=\"async\" width=\"300\" height=\"225\" data-src=\"https:\/\/ieslamadraza.com\/wp\/wp-content\/img\/2021\/05\/IMG_20210518_104509-300x225.jpg\" class=\"attachment-medium size-medium lazyload\" alt=\"\" data-srcset=\"https:\/\/ieslamadraza.com\/wp\/wp-content\/img\/2021\/05\/IMG_20210518_104509-300x225.jpg 300w, https:\/\/ieslamadraza.com\/wp\/wp-content\/img\/2021\/05\/IMG_20210518_104509-1024x768.jpg 1024w, https:\/\/ieslamadraza.com\/wp\/wp-content\/img\/2021\/05\/IMG_20210518_104509-768x576.jpg 768w, https:\/\/ieslamadraza.com\/wp\/wp-content\/img\/2021\/05\/IMG_20210518_104509-1536x1152.jpg 1536w, https:\/\/ieslamadraza.com\/wp\/wp-content\/img\/2021\/05\/IMG_20210518_104509-2048x1536.jpg 2048w, https:\/\/ieslamadraza.com\/wp\/wp-content\/img\/2021\/05\/IMG_20210518_104509-1080x810.jpg 1080w\" data-sizes=\"(max-width: 300px) 100vw, 300px\" src=\"data:image\/svg+xml;base64,PHN2ZyB3aWR0aD0iMSIgaGVpZ2h0PSIxIiB4bWxucz0iaHR0cDovL3d3dy53My5vcmcvMjAwMC9zdmciPjwvc3ZnPg==\" style=\"--smush-placeholder-width: 300px; --smush-placeholder-aspect-ratio: 300\/225;\" \/><\/a>\n\t\t\t<\/dt><\/dl><br style=\"clear: both\" \/><dl class='gallery-item'>\n\t\t\t<dt class='gallery-icon landscape'>\n\t\t\t\t<a href='https:\/\/ieslamadraza.com\/wp\/debates-en-el-parque-de-las-ciencias\/img_20210518_105109\/'><img decoding=\"async\" width=\"300\" height=\"225\" data-src=\"https:\/\/ieslamadraza.com\/wp\/wp-content\/img\/2021\/05\/IMG_20210518_105109-300x225.jpg\" class=\"attachment-medium size-medium lazyload\" alt=\"\" data-srcset=\"https:\/\/ieslamadraza.com\/wp\/wp-content\/img\/2021\/05\/IMG_20210518_105109-300x225.jpg 300w, https:\/\/ieslamadraza.com\/wp\/wp-content\/img\/2021\/05\/IMG_20210518_105109-1024x768.jpg 1024w, https:\/\/ieslamadraza.com\/wp\/wp-content\/img\/2021\/05\/IMG_20210518_105109-768x576.jpg 768w, https:\/\/ieslamadraza.com\/wp\/wp-content\/img\/2021\/05\/IMG_20210518_105109-1536x1152.jpg 1536w, https:\/\/ieslamadraza.com\/wp\/wp-content\/img\/2021\/05\/IMG_20210518_105109-2048x1536.jpg 2048w, https:\/\/ieslamadraza.com\/wp\/wp-content\/img\/2021\/05\/IMG_20210518_105109-1080x810.jpg 1080w\" data-sizes=\"(max-width: 300px) 100vw, 300px\" src=\"data:image\/svg+xml;base64,PHN2ZyB3aWR0aD0iMSIgaGVpZ2h0PSIxIiB4bWxucz0iaHR0cDovL3d3dy53My5vcmcvMjAwMC9zdmciPjwvc3ZnPg==\" style=\"--smush-placeholder-width: 300px; --smush-placeholder-aspect-ratio: 300\/225;\" \/><\/a>\n\t\t\t<\/dt><\/dl><dl class='gallery-item'>\n\t\t\t<dt class='gallery-icon landscape'>\n\t\t\t\t<a href='https:\/\/ieslamadraza.com\/wp\/debates-en-el-parque-de-las-ciencias\/img_20210518_110101\/'><img decoding=\"async\" width=\"300\" height=\"225\" data-src=\"https:\/\/ieslamadraza.com\/wp\/wp-content\/img\/2021\/05\/IMG_20210518_110101-300x225.jpg\" class=\"attachment-medium size-medium lazyload\" alt=\"\" data-srcset=\"https:\/\/ieslamadraza.com\/wp\/wp-content\/img\/2021\/05\/IMG_20210518_110101-300x225.jpg 300w, https:\/\/ieslamadraza.com\/wp\/wp-content\/img\/2021\/05\/IMG_20210518_110101-1024x768.jpg 1024w, https:\/\/ieslamadraza.com\/wp\/wp-content\/img\/2021\/05\/IMG_20210518_110101-768x576.jpg 768w, https:\/\/ieslamadraza.com\/wp\/wp-content\/img\/2021\/05\/IMG_20210518_110101-1536x1152.jpg 1536w, https:\/\/ieslamadraza.com\/wp\/wp-content\/img\/2021\/05\/IMG_20210518_110101-2048x1536.jpg 2048w, https:\/\/ieslamadraza.com\/wp\/wp-content\/img\/2021\/05\/IMG_20210518_110101-1080x810.jpg 1080w\" data-sizes=\"(max-width: 300px) 100vw, 300px\" src=\"data:image\/svg+xml;base64,PHN2ZyB3aWR0aD0iMSIgaGVpZ2h0PSIxIiB4bWxucz0iaHR0cDovL3d3dy53My5vcmcvMjAwMC9zdmciPjwvc3ZnPg==\" style=\"--smush-placeholder-width: 300px; --smush-placeholder-aspect-ratio: 300\/225;\" \/><\/a>\n\t\t\t<\/dt><\/dl><br style=\"clear: both\" \/><dl class='gallery-item'>\n\t\t\t<dt class='gallery-icon landscape'>\n\t\t\t\t<a href='https:\/\/ieslamadraza.com\/wp\/debates-en-el-parque-de-las-ciencias\/img_20210518_110727\/'><img decoding=\"async\" width=\"300\" height=\"225\" data-src=\"https:\/\/ieslamadraza.com\/wp\/wp-content\/img\/2021\/05\/IMG_20210518_110727-300x225.jpg\" class=\"attachment-medium size-medium lazyload\" alt=\"\" data-srcset=\"https:\/\/ieslamadraza.com\/wp\/wp-content\/img\/2021\/05\/IMG_20210518_110727-300x225.jpg 300w, https:\/\/ieslamadraza.com\/wp\/wp-content\/img\/2021\/05\/IMG_20210518_110727-1024x768.jpg 1024w, https:\/\/ieslamadraza.com\/wp\/wp-content\/img\/2021\/05\/IMG_20210518_110727-768x576.jpg 768w, https:\/\/ieslamadraza.com\/wp\/wp-content\/img\/2021\/05\/IMG_20210518_110727-1536x1152.jpg 1536w, https:\/\/ieslamadraza.com\/wp\/wp-content\/img\/2021\/05\/IMG_20210518_110727-2048x1536.jpg 2048w, https:\/\/ieslamadraza.com\/wp\/wp-content\/img\/2021\/05\/IMG_20210518_110727-1080x810.jpg 1080w\" data-sizes=\"(max-width: 300px) 100vw, 300px\" src=\"data:image\/svg+xml;base64,PHN2ZyB3aWR0aD0iMSIgaGVpZ2h0PSIxIiB4bWxucz0iaHR0cDovL3d3dy53My5vcmcvMjAwMC9zdmciPjwvc3ZnPg==\" style=\"--smush-placeholder-width: 300px; --smush-placeholder-aspect-ratio: 300\/225;\" \/><\/a>\n\t\t\t<\/dt><\/dl><dl class='gallery-item'>\n\t\t\t<dt class='gallery-icon landscape'>\n\t\t\t\t<a href='https:\/\/ieslamadraza.com\/wp\/debates-en-el-parque-de-las-ciencias\/img_20210518_112312\/'><img decoding=\"async\" width=\"300\" height=\"225\" data-src=\"https:\/\/ieslamadraza.com\/wp\/wp-content\/img\/2021\/05\/IMG_20210518_112312-300x225.jpg\" class=\"attachment-medium size-medium lazyload\" alt=\"\" data-srcset=\"https:\/\/ieslamadraza.com\/wp\/wp-content\/img\/2021\/05\/IMG_20210518_112312-300x225.jpg 300w, https:\/\/ieslamadraza.com\/wp\/wp-content\/img\/2021\/05\/IMG_20210518_112312-1024x768.jpg 1024w, https:\/\/ieslamadraza.com\/wp\/wp-content\/img\/2021\/05\/IMG_20210518_112312-768x576.jpg 768w, https:\/\/ieslamadraza.com\/wp\/wp-content\/img\/2021\/05\/IMG_20210518_112312-1536x1152.jpg 1536w, https:\/\/ieslamadraza.com\/wp\/wp-content\/img\/2021\/05\/IMG_20210518_112312-2048x1536.jpg 2048w, https:\/\/ieslamadraza.com\/wp\/wp-content\/img\/2021\/05\/IMG_20210518_112312-1080x810.jpg 1080w\" data-sizes=\"(max-width: 300px) 100vw, 300px\" src=\"data:image\/svg+xml;base64,PHN2ZyB3aWR0aD0iMSIgaGVpZ2h0PSIxIiB4bWxucz0iaHR0cDovL3d3dy53My5vcmcvMjAwMC9zdmciPjwvc3ZnPg==\" style=\"--smush-placeholder-width: 300px; --smush-placeholder-aspect-ratio: 300\/225;\" \/><\/a>\n\t\t\t<\/dt><\/dl><br style=\"clear: both\" \/><dl class='gallery-item'>\n\t\t\t<dt class='gallery-icon landscape'>\n\t\t\t\t<a href='https:\/\/ieslamadraza.com\/wp\/debates-en-el-parque-de-las-ciencias\/img_20210518_112319\/'><img decoding=\"async\" width=\"300\" height=\"225\" data-src=\"https:\/\/ieslamadraza.com\/wp\/wp-content\/img\/2021\/05\/IMG_20210518_112319-300x225.jpg\" class=\"attachment-medium size-medium lazyload\" alt=\"\" data-srcset=\"https:\/\/ieslamadraza.com\/wp\/wp-content\/img\/2021\/05\/IMG_20210518_112319-300x225.jpg 300w, https:\/\/ieslamadraza.com\/wp\/wp-content\/img\/2021\/05\/IMG_20210518_112319-1024x768.jpg 1024w, https:\/\/ieslamadraza.com\/wp\/wp-content\/img\/2021\/05\/IMG_20210518_112319-768x576.jpg 768w, https:\/\/ieslamadraza.com\/wp\/wp-content\/img\/2021\/05\/IMG_20210518_112319-1536x1152.jpg 1536w, https:\/\/ieslamadraza.com\/wp\/wp-content\/img\/2021\/05\/IMG_20210518_112319-2048x1536.jpg 2048w, https:\/\/ieslamadraza.com\/wp\/wp-content\/img\/2021\/05\/IMG_20210518_112319-1080x810.jpg 1080w\" data-sizes=\"(max-width: 300px) 100vw, 300px\" src=\"data:image\/svg+xml;base64,PHN2ZyB3aWR0aD0iMSIgaGVpZ2h0PSIxIiB4bWxucz0iaHR0cDovL3d3dy53My5vcmcvMjAwMC9zdmciPjwvc3ZnPg==\" style=\"--smush-placeholder-width: 300px; --smush-placeholder-aspect-ratio: 300\/225;\" \/><\/a>\n\t\t\t<\/dt><\/dl><dl class='gallery-item'>\n\t\t\t<dt class='gallery-icon landscape'>\n\t\t\t\t<a href='https:\/\/ieslamadraza.com\/wp\/debates-en-el-parque-de-las-ciencias\/img_20210518_113122\/'><img decoding=\"async\" width=\"300\" height=\"225\" data-src=\"https:\/\/ieslamadraza.com\/wp\/wp-content\/img\/2021\/05\/IMG_20210518_113122-300x225.jpg\" class=\"attachment-medium size-medium lazyload\" alt=\"\" data-srcset=\"https:\/\/ieslamadraza.com\/wp\/wp-content\/img\/2021\/05\/IMG_20210518_113122-300x225.jpg 300w, https:\/\/ieslamadraza.com\/wp\/wp-content\/img\/2021\/05\/IMG_20210518_113122-1024x768.jpg 1024w, https:\/\/ieslamadraza.com\/wp\/wp-content\/img\/2021\/05\/IMG_20210518_113122-768x576.jpg 768w, https:\/\/ieslamadraza.com\/wp\/wp-content\/img\/2021\/05\/IMG_20210518_113122-1536x1152.jpg 1536w, https:\/\/ieslamadraza.com\/wp\/wp-content\/img\/2021\/05\/IMG_20210518_113122-2048x1536.jpg 2048w, https:\/\/ieslamadraza.com\/wp\/wp-content\/img\/2021\/05\/IMG_20210518_113122-1080x810.jpg 1080w\" data-sizes=\"(max-width: 300px) 100vw, 300px\" src=\"data:image\/svg+xml;base64,PHN2ZyB3aWR0aD0iMSIgaGVpZ2h0PSIxIiB4bWxucz0iaHR0cDovL3d3dy53My5vcmcvMjAwMC9zdmciPjwvc3ZnPg==\" style=\"--smush-placeholder-width: 300px; --smush-placeholder-aspect-ratio: 300\/225;\" \/><\/a>\n\t\t\t<\/dt><\/dl><br style=\"clear: both\" \/>\n\t\t<\/div>\n\n<p>&nbsp;<\/p>\n","protected":false},"excerpt":{"rendered":"<p>El pasado 18 de mayo los alumnos de 4\u00ba ESO Carmen Celeste Arias Enjuto, Alberto Damas Rold\u00e1n, Patricia D\u00edaz Can\u00f3n y Jos\u00e9 Barranco Garrido fueron los componentes del equipo de debates que represent\u00f3 al IES La Madraza en el torneo debates educativos organizado por la Delegaci\u00f3n con la colaboraci\u00f3n del CEP y el Parque de [&hellip;]<\/p>\n","protected":false},"author":5,"featured_media":15052,"comment_status":"open","ping_status":"closed","sticky":false,"template":"","format":"standard","meta":{"_et_pb_use_builder":"","_et_pb_old_content":"","_et_gb_content_width":"","_monsterinsights_skip_tracking":false,"_monsterinsights_sitenote_active":false,"_monsterinsights_sitenote_note":"","_monsterinsights_sitenote_category":0,"footnotes":""},"categories":[96,38],"tags":[],"class_list":["post-15044","post","type-post","status-publish","format-standard","has-post-thumbnail","hentry","category-extraescolares","category-filosofia","et-has-post-format-content","et_post_format-et-post-format-standard"],"yoast_head":"<!-- This site is optimized with the Yoast SEO plugin v27.5 - https:\/\/yoast.com\/product\/yoast-seo-wordpress\/ -->\n<title>Debates en el parque de las Ciencias - IES LA MADRAZA<\/title>\n<meta name=\"description\" content=\"IES La Madraza\" \/>\n<meta name=\"robots\" content=\"index, follow, max-snippet:-1, max-image-preview:large, max-video-preview:-1\" \/>\n<link rel=\"canonical\" href=\"https:\/\/ieslamadraza.com\/wp\/debates-en-el-parque-de-las-ciencias\/\" \/>\n<meta property=\"og:locale\" content=\"es_ES\" \/>\n<meta property=\"og:type\" content=\"article\" \/>\n<meta property=\"og:title\" content=\"Debates en el parque de las Ciencias - IES LA MADRAZA\" \/>\n<meta property=\"og:description\" content=\"IES La Madraza\" \/>\n<meta property=\"og:url\" content=\"https:\/\/ieslamadraza.com\/wp\/debates-en-el-parque-de-las-ciencias\/\" \/>\n<meta property=\"og:site_name\" content=\"IES LA MADRAZA\" \/>\n<meta property=\"article:publisher\" content=\"https:\/\/www.facebook.com\/ieslamadraza\/\" \/>\n<meta property=\"article:published_time\" content=\"2021-05-26T07:17:02+00:00\" \/>\n<meta property=\"article:modified_time\" content=\"2021-05-26T07:17:06+00:00\" \/>\n<meta property=\"og:image\" content=\"https:\/\/ieslamadraza.com\/wp\/wp-content\/img\/2021\/05\/IMG_20210518_113122-scaled.jpg\" \/>\n\t<meta property=\"og:image:width\" content=\"2560\" \/>\n\t<meta property=\"og:image:height\" content=\"1920\" \/>\n\t<meta property=\"og:image:type\" content=\"image\/jpeg\" \/>\n<meta name=\"author\" content=\"Mar\u00eda L\u00f3pez Cabrera\" \/>\n<meta name=\"twitter:card\" content=\"summary_large_image\" \/>\n<meta name=\"twitter:creator\" content=\"@MadrazaLa\" \/>\n<meta name=\"twitter:site\" content=\"@MadrazaLa\" \/>\n<meta name=\"twitter:label1\" content=\"Escrito por\" \/>\n\t<meta name=\"twitter:data1\" content=\"Mar\u00eda L\u00f3pez Cabrera\" \/>\n\t<meta name=\"twitter:label2\" content=\"Tiempo de lectura\" \/>\n\t<meta name=\"twitter:data2\" content=\"1 minuto\" \/>\n<script type=\"application\/ld+json\" class=\"yoast-schema-graph\">{\"@context\":\"https:\\\/\\\/schema.org\",\"@graph\":[{\"@type\":\"Article\",\"@id\":\"https:\\\/\\\/ieslamadraza.com\\\/wp\\\/debates-en-el-parque-de-las-ciencias\\\/#article\",\"isPartOf\":{\"@id\":\"https:\\\/\\\/ieslamadraza.com\\\/wp\\\/debates-en-el-parque-de-las-ciencias\\\/\"},\"author\":{\"name\":\"Mar\u00eda L\u00f3pez Cabrera\",\"@id\":\"https:\\\/\\\/ieslamadraza.com\\\/wp\\\/#\\\/schema\\\/person\\\/4a8364cf1c9304a4fd80f01759af7418\"},\"headline\":\"Debates en el parque de las Ciencias\",\"datePublished\":\"2021-05-26T07:17:02+00:00\",\"dateModified\":\"2021-05-26T07:17:06+00:00\",\"mainEntityOfPage\":{\"@id\":\"https:\\\/\\\/ieslamadraza.com\\\/wp\\\/debates-en-el-parque-de-las-ciencias\\\/\"},\"wordCount\":151,\"commentCount\":0,\"publisher\":{\"@id\":\"https:\\\/\\\/ieslamadraza.com\\\/wp\\\/#organization\"},\"image\":{\"@id\":\"https:\\\/\\\/ieslamadraza.com\\\/wp\\\/debates-en-el-parque-de-las-ciencias\\\/#primaryimage\"},\"thumbnailUrl\":\"https:\\\/\\\/ieslamadraza.com\\\/wp\\\/wp-content\\\/img\\\/2021\\\/05\\\/IMG_20210518_113122-scaled.jpg\",\"articleSection\":[\"ACT. EXTRAESCOLARES\",\"FILOSOF\u00cdA\"],\"inLanguage\":\"es\",\"potentialAction\":[{\"@type\":\"CommentAction\",\"name\":\"Comment\",\"target\":[\"https:\\\/\\\/ieslamadraza.com\\\/wp\\\/debates-en-el-parque-de-las-ciencias\\\/#respond\"]}]},{\"@type\":\"WebPage\",\"@id\":\"https:\\\/\\\/ieslamadraza.com\\\/wp\\\/debates-en-el-parque-de-las-ciencias\\\/\",\"url\":\"https:\\\/\\\/ieslamadraza.com\\\/wp\\\/debates-en-el-parque-de-las-ciencias\\\/\",\"name\":\"Debates en el parque de las Ciencias - IES LA MADRAZA\",\"isPartOf\":{\"@id\":\"https:\\\/\\\/ieslamadraza.com\\\/wp\\\/#website\"},\"primaryImageOfPage\":{\"@id\":\"https:\\\/\\\/ieslamadraza.com\\\/wp\\\/debates-en-el-parque-de-las-ciencias\\\/#primaryimage\"},\"image\":{\"@id\":\"https:\\\/\\\/ieslamadraza.com\\\/wp\\\/debates-en-el-parque-de-las-ciencias\\\/#primaryimage\"},\"thumbnailUrl\":\"https:\\\/\\\/ieslamadraza.com\\\/wp\\\/wp-content\\\/img\\\/2021\\\/05\\\/IMG_20210518_113122-scaled.jpg\",\"datePublished\":\"2021-05-26T07:17:02+00:00\",\"dateModified\":\"2021-05-26T07:17:06+00:00\",\"description\":\"IES La Madraza\",\"breadcrumb\":{\"@id\":\"https:\\\/\\\/ieslamadraza.com\\\/wp\\\/debates-en-el-parque-de-las-ciencias\\\/#breadcrumb\"},\"inLanguage\":\"es\",\"potentialAction\":[{\"@type\":\"ReadAction\",\"target\":[\"https:\\\/\\\/ieslamadraza.com\\\/wp\\\/debates-en-el-parque-de-las-ciencias\\\/\"]}]},{\"@type\":\"ImageObject\",\"inLanguage\":\"es\",\"@id\":\"https:\\\/\\\/ieslamadraza.com\\\/wp\\\/debates-en-el-parque-de-las-ciencias\\\/#primaryimage\",\"url\":\"https:\\\/\\\/ieslamadraza.com\\\/wp\\\/wp-content\\\/img\\\/2021\\\/05\\\/IMG_20210518_113122-scaled.jpg\",\"contentUrl\":\"https:\\\/\\\/ieslamadraza.com\\\/wp\\\/wp-content\\\/img\\\/2021\\\/05\\\/IMG_20210518_113122-scaled.jpg\",\"width\":2560,\"height\":1920},{\"@type\":\"BreadcrumbList\",\"@id\":\"https:\\\/\\\/ieslamadraza.com\\\/wp\\\/debates-en-el-parque-de-las-ciencias\\\/#breadcrumb\",\"itemListElement\":[{\"@type\":\"ListItem\",\"position\":1,\"name\":\"Portada\",\"item\":\"https:\\\/\\\/ieslamadraza.com\\\/wp\\\/\"},{\"@type\":\"ListItem\",\"position\":2,\"name\":\"Debates en el parque de las Ciencias\"}]},{\"@type\":\"WebSite\",\"@id\":\"https:\\\/\\\/ieslamadraza.com\\\/wp\\\/#website\",\"url\":\"https:\\\/\\\/ieslamadraza.com\\\/wp\\\/\",\"name\":\"IES LA MADRAZA\",\"description\":\"Instituto de Ense\u00f1anza Secundaria de Granada (Espa\u00f1a)\",\"publisher\":{\"@id\":\"https:\\\/\\\/ieslamadraza.com\\\/wp\\\/#organization\"},\"alternateName\":\"Inicio - IES LA MADRAZA\",\"potentialAction\":[{\"@type\":\"SearchAction\",\"target\":{\"@type\":\"EntryPoint\",\"urlTemplate\":\"https:\\\/\\\/ieslamadraza.com\\\/wp\\\/?s={search_term_string}\"},\"query-input\":{\"@type\":\"PropertyValueSpecification\",\"valueRequired\":true,\"valueName\":\"search_term_string\"}}],\"inLanguage\":\"es\"},{\"@type\":\"Organization\",\"@id\":\"https:\\\/\\\/ieslamadraza.com\\\/wp\\\/#organization\",\"name\":\"IES La Madraza -Instituto de Ense\u00f1anza Secundaria - Granada\",\"alternateName\":\"IES La Madraza -Instituto de Ense\u00f1anza Secundaria - Granada\",\"url\":\"https:\\\/\\\/ieslamadraza.com\\\/wp\\\/\",\"logo\":{\"@type\":\"ImageObject\",\"inLanguage\":\"es\",\"@id\":\"https:\\\/\\\/ieslamadraza.com\\\/wp\\\/#\\\/schema\\\/logo\\\/image\\\/\",\"url\":\"https:\\\/\\\/ieslamadraza.com\\\/wp\\\/wp-content\\\/img\\\/2025\\\/10\\\/logo.jpeg\",\"contentUrl\":\"https:\\\/\\\/ieslamadraza.com\\\/wp\\\/wp-content\\\/img\\\/2025\\\/10\\\/logo.jpeg\",\"width\":225,\"height\":225,\"caption\":\"IES La Madraza -Instituto de Ense\u00f1anza Secundaria - Granada\"},\"image\":{\"@id\":\"https:\\\/\\\/ieslamadraza.com\\\/wp\\\/#\\\/schema\\\/logo\\\/image\\\/\"},\"sameAs\":[\"https:\\\/\\\/www.facebook.com\\\/ieslamadraza\\\/\",\"https:\\\/\\\/x.com\\\/MadrazaLa\",\"https:\\\/\\\/www.instagram.com\\\/institutolamadraza\\\/\"]},{\"@type\":\"Person\",\"@id\":\"https:\\\/\\\/ieslamadraza.com\\\/wp\\\/#\\\/schema\\\/person\\\/4a8364cf1c9304a4fd80f01759af7418\",\"name\":\"Mar\u00eda L\u00f3pez Cabrera\",\"image\":{\"@type\":\"ImageObject\",\"inLanguage\":\"es\",\"@id\":\"https:\\\/\\\/secure.gravatar.com\\\/avatar\\\/679e119ad77a9a59f38b5ce8cd47cd6f815aea08843594bec753fbbec8dc945e?s=96&d=mm&r=g\",\"url\":\"https:\\\/\\\/secure.gravatar.com\\\/avatar\\\/679e119ad77a9a59f38b5ce8cd47cd6f815aea08843594bec753fbbec8dc945e?s=96&d=mm&r=g\",\"contentUrl\":\"https:\\\/\\\/secure.gravatar.com\\\/avatar\\\/679e119ad77a9a59f38b5ce8cd47cd6f815aea08843594bec753fbbec8dc945e?s=96&d=mm&r=g\",\"caption\":\"Mar\u00eda L\u00f3pez Cabrera\"},\"url\":\"https:\\\/\\\/ieslamadraza.com\\\/wp\\\/author\\\/maria\\\/\"}]}<\/script>\n<!-- \/ Yoast SEO plugin. -->","yoast_head_json":{"title":"Debates en el parque de las Ciencias - IES LA MADRAZA","description":"IES La Madraza","robots":{"index":"index","follow":"follow","max-snippet":"max-snippet:-1","max-image-preview":"max-image-preview:large","max-video-preview":"max-video-preview:-1"},"canonical":"https:\/\/ieslamadraza.com\/wp\/debates-en-el-parque-de-las-ciencias\/","og_locale":"es_ES","og_type":"article","og_title":"Debates en el parque de las Ciencias - IES LA MADRAZA","og_description":"IES La Madraza","og_url":"https:\/\/ieslamadraza.com\/wp\/debates-en-el-parque-de-las-ciencias\/","og_site_name":"IES LA MADRAZA","article_publisher":"https:\/\/www.facebook.com\/ieslamadraza\/","article_published_time":"2021-05-26T07:17:02+00:00","article_modified_time":"2021-05-26T07:17:06+00:00","og_image":[{"width":2560,"height":1920,"url":"https:\/\/ieslamadraza.com\/wp\/wp-content\/img\/2021\/05\/IMG_20210518_113122-scaled.jpg","type":"image\/jpeg"}],"author":"Mar\u00eda L\u00f3pez Cabrera","twitter_card":"summary_large_image","twitter_creator":"@MadrazaLa","twitter_site":"@MadrazaLa","twitter_misc":{"Escrito por":"Mar\u00eda L\u00f3pez Cabrera","Tiempo de lectura":"1 minuto"},"schema":{"@context":"https:\/\/schema.org","@graph":[{"@type":"Article","@id":"https:\/\/ieslamadraza.com\/wp\/debates-en-el-parque-de-las-ciencias\/#article","isPartOf":{"@id":"https:\/\/ieslamadraza.com\/wp\/debates-en-el-parque-de-las-ciencias\/"},"author":{"name":"Mar\u00eda L\u00f3pez Cabrera","@id":"https:\/\/ieslamadraza.com\/wp\/#\/schema\/person\/4a8364cf1c9304a4fd80f01759af7418"},"headline":"Debates en el parque de las Ciencias","datePublished":"2021-05-26T07:17:02+00:00","dateModified":"2021-05-26T07:17:06+00:00","mainEntityOfPage":{"@id":"https:\/\/ieslamadraza.com\/wp\/debates-en-el-parque-de-las-ciencias\/"},"wordCount":151,"commentCount":0,"publisher":{"@id":"https:\/\/ieslamadraza.com\/wp\/#organization"},"image":{"@id":"https:\/\/ieslamadraza.com\/wp\/debates-en-el-parque-de-las-ciencias\/#primaryimage"},"thumbnailUrl":"https:\/\/ieslamadraza.com\/wp\/wp-content\/img\/2021\/05\/IMG_20210518_113122-scaled.jpg","articleSection":["ACT. EXTRAESCOLARES","FILOSOF\u00cdA"],"inLanguage":"es","potentialAction":[{"@type":"CommentAction","name":"Comment","target":["https:\/\/ieslamadraza.com\/wp\/debates-en-el-parque-de-las-ciencias\/#respond"]}]},{"@type":"WebPage","@id":"https:\/\/ieslamadraza.com\/wp\/debates-en-el-parque-de-las-ciencias\/","url":"https:\/\/ieslamadraza.com\/wp\/debates-en-el-parque-de-las-ciencias\/","name":"Debates en el parque de las Ciencias - IES LA MADRAZA","isPartOf":{"@id":"https:\/\/ieslamadraza.com\/wp\/#website"},"primaryImageOfPage":{"@id":"https:\/\/ieslamadraza.com\/wp\/debates-en-el-parque-de-las-ciencias\/#primaryimage"},"image":{"@id":"https:\/\/ieslamadraza.com\/wp\/debates-en-el-parque-de-las-ciencias\/#primaryimage"},"thumbnailUrl":"https:\/\/ieslamadraza.com\/wp\/wp-content\/img\/2021\/05\/IMG_20210518_113122-scaled.jpg","datePublished":"2021-05-26T07:17:02+00:00","dateModified":"2021-05-26T07:17:06+00:00","description":"IES La Madraza","breadcrumb":{"@id":"https:\/\/ieslamadraza.com\/wp\/debates-en-el-parque-de-las-ciencias\/#breadcrumb"},"inLanguage":"es","potentialAction":[{"@type":"ReadAction","target":["https:\/\/ieslamadraza.com\/wp\/debates-en-el-parque-de-las-ciencias\/"]}]},{"@type":"ImageObject","inLanguage":"es","@id":"https:\/\/ieslamadraza.com\/wp\/debates-en-el-parque-de-las-ciencias\/#primaryimage","url":"https:\/\/ieslamadraza.com\/wp\/wp-content\/img\/2021\/05\/IMG_20210518_113122-scaled.jpg","contentUrl":"https:\/\/ieslamadraza.com\/wp\/wp-content\/img\/2021\/05\/IMG_20210518_113122-scaled.jpg","width":2560,"height":1920},{"@type":"BreadcrumbList","@id":"https:\/\/ieslamadraza.com\/wp\/debates-en-el-parque-de-las-ciencias\/#breadcrumb","itemListElement":[{"@type":"ListItem","position":1,"name":"Portada","item":"https:\/\/ieslamadraza.com\/wp\/"},{"@type":"ListItem","position":2,"name":"Debates en el parque de las Ciencias"}]},{"@type":"WebSite","@id":"https:\/\/ieslamadraza.com\/wp\/#website","url":"https:\/\/ieslamadraza.com\/wp\/","name":"IES LA MADRAZA","description":"Instituto de Ense\u00f1anza Secundaria de Granada (Espa\u00f1a)","publisher":{"@id":"https:\/\/ieslamadraza.com\/wp\/#organization"},"alternateName":"Inicio - IES LA MADRAZA","potentialAction":[{"@type":"SearchAction","target":{"@type":"EntryPoint","urlTemplate":"https:\/\/ieslamadraza.com\/wp\/?s={search_term_string}"},"query-input":{"@type":"PropertyValueSpecification","valueRequired":true,"valueName":"search_term_string"}}],"inLanguage":"es"},{"@type":"Organization","@id":"https:\/\/ieslamadraza.com\/wp\/#organization","name":"IES La Madraza -Instituto de Ense\u00f1anza Secundaria - Granada","alternateName":"IES La Madraza -Instituto de Ense\u00f1anza Secundaria - Granada","url":"https:\/\/ieslamadraza.com\/wp\/","logo":{"@type":"ImageObject","inLanguage":"es","@id":"https:\/\/ieslamadraza.com\/wp\/#\/schema\/logo\/image\/","url":"https:\/\/ieslamadraza.com\/wp\/wp-content\/img\/2025\/10\/logo.jpeg","contentUrl":"https:\/\/ieslamadraza.com\/wp\/wp-content\/img\/2025\/10\/logo.jpeg","width":225,"height":225,"caption":"IES La Madraza -Instituto de Ense\u00f1anza Secundaria - Granada"},"image":{"@id":"https:\/\/ieslamadraza.com\/wp\/#\/schema\/logo\/image\/"},"sameAs":["https:\/\/www.facebook.com\/ieslamadraza\/","https:\/\/x.com\/MadrazaLa","https:\/\/www.instagram.com\/institutolamadraza\/"]},{"@type":"Person","@id":"https:\/\/ieslamadraza.com\/wp\/#\/schema\/person\/4a8364cf1c9304a4fd80f01759af7418","name":"Mar\u00eda L\u00f3pez Cabrera","image":{"@type":"ImageObject","inLanguage":"es","@id":"https:\/\/secure.gravatar.com\/avatar\/679e119ad77a9a59f38b5ce8cd47cd6f815aea08843594bec753fbbec8dc945e?s=96&d=mm&r=g","url":"https:\/\/secure.gravatar.com\/avatar\/679e119ad77a9a59f38b5ce8cd47cd6f815aea08843594bec753fbbec8dc945e?s=96&d=mm&r=g","contentUrl":"https:\/\/secure.gravatar.com\/avatar\/679e119ad77a9a59f38b5ce8cd47cd6f815aea08843594bec753fbbec8dc945e?s=96&d=mm&r=g","caption":"Mar\u00eda L\u00f3pez Cabrera"},"url":"https:\/\/ieslamadraza.com\/wp\/author\/maria\/"}]}},"_links":{"self":[{"href":"https:\/\/ieslamadraza.com\/wp\/wp-json\/wp\/v2\/posts\/15044","targetHints":{"allow":["GET"]}}],"collection":[{"href":"https:\/\/ieslamadraza.com\/wp\/wp-json\/wp\/v2\/posts"}],"about":[{"href":"https:\/\/ieslamadraza.com\/wp\/wp-json\/wp\/v2\/types\/post"}],"author":[{"embeddable":true,"href":"https:\/\/ieslamadraza.com\/wp\/wp-json\/wp\/v2\/users\/5"}],"replies":[{"embeddable":true,"href":"https:\/\/ieslamadraza.com\/wp\/wp-json\/wp\/v2\/comments?post=15044"}],"version-history":[{"count":0,"href":"https:\/\/ieslamadraza.com\/wp\/wp-json\/wp\/v2\/posts\/15044\/revisions"}],"wp:featuredmedia":[{"embeddable":true,"href":"https:\/\/ieslamadraza.com\/wp\/wp-json\/wp\/v2\/media\/15052"}],"wp:attachment":[{"href":"https:\/\/ieslamadraza.com\/wp\/wp-json\/wp\/v2\/media?parent=15044"}],"wp:term":[{"taxonomy":"category","embeddable":true,"href":"https:\/\/ieslamadraza.com\/wp\/wp-json\/wp\/v2\/categories?post=15044"},{"taxonomy":"post_tag","embeddable":true,"href":"https:\/\/ieslamadraza.com\/wp\/wp-json\/wp\/v2\/tags?post=15044"}],"curies":[{"name":"wp","href":"https:\/\/api.w.org\/{rel}","templated":true}]}}