{"id":1494,"date":"2015-09-20T13:39:56","date_gmt":"2015-09-20T11:39:56","guid":{"rendered":"http:\/\/ieslamadraza.com\/wp\/los-lunes-poesia-20150921\/"},"modified":"2019-09-03T08:01:55","modified_gmt":"2019-09-03T06:01:55","slug":"los-lunes-poesia-20150921","status":"publish","type":"post","link":"https:\/\/ieslamadraza.com\/wp\/los-lunes-poesia-20150921\/","title":{"rendered":"Los lunes&#8230; poes\u00eda (2015\/09\/21)"},"content":{"rendered":"<p style=\"text-align: center;\">\u00a0<\/p>\n<p style=\"text-align: center;\">\n<p style=\"text-align: center;\">\u00a0<\/p>\n<p>\u2026y de nuevo LOS LUNES\u2026POES\u00cdA, en esta cita ineludible y semanal con la cultura, la sensibilidad, la pasi\u00f3n, el sentimiento, el pensamiento y la palabra.<\/p>\n<p>En este curso 2015-2016 que arranca cargado de proyectos, la POES\u00cdA se sienta a nuestro lado para otear, en el horizonte de todo un curso escolar, lo que fuimos, somos y seremos.<\/p>\n<p>En su puesta de largo la acompa\u00f1a el poeta comprometido y de posguerra, <strong>Gabriel Celaya<\/strong>, con su poema <em><span style=\"text-decoration: underline;\">La poes\u00eda es una arma cargada de futuro<\/span><\/em>.<\/p>\n<p>\u00a1PO\u00c9TICO Y VENTUROSO CURSO!<\/p>\n<p>\u00a0<\/p>\n<p style=\"text-align: center;\"><img decoding=\"async\" class=\"size-full wp-image-2978 lazyload\" data-src=\"https:\/\/ieslamadraza.com\/wp\/wp-content\/uploads\/2015\/09\/poesiaapertura.jpg\" height=\"287\" width=\"383\" data-srcset=\"https:\/\/ieslamadraza.com\/wp\/wp-content\/img\/2015\/09\/poesiaapertura.jpg 670w, https:\/\/ieslamadraza.com\/wp\/wp-content\/img\/2015\/09\/poesiaapertura-300x225.jpg 300w, https:\/\/ieslamadraza.com\/wp\/wp-content\/img\/2015\/09\/poesiaapertura-510x382.jpg 510w\" data-sizes=\"(max-width: 383px) 100vw, 383px\" src=\"data:image\/svg+xml;base64,PHN2ZyB3aWR0aD0iMSIgaGVpZ2h0PSIxIiB4bWxucz0iaHR0cDovL3d3dy53My5vcmcvMjAwMC9zdmciPjwvc3ZnPg==\" style=\"--smush-placeholder-width: 383px; --smush-placeholder-aspect-ratio: 383\/287;\" \/><\/p>\n<p style=\"text-align: left;\">\u00a0<\/p>\n<p style=\"text-align: left;\"><strong><em>LA POES\u00cdA ES UN ARMA CARGADA DE FUTURO<\/em><\/strong><\/p>\n<p><em>(Gabriel Celaya)<\/em><\/p>\n<p>Cuando ya nada se espera personalmente exaltante,&nbsp;<br \/> mas se palpita y se sigue m\u00e1s ac\u00e1 de la conciencia,&nbsp;<br \/> fieramente existiendo, ciegamente afirmando,&nbsp;<br \/> como un pulso que golpea las tinieblas, que golpea las tinieblas<\/p>\n<p> Poes\u00eda para el pobre, poes\u00eda necesaria&nbsp;<br \/> como el pan de cada d\u00eda,&nbsp;<br \/> como el aire que exigimos trece veces por minuto,&nbsp;<br \/> para ser y en tanto somos dar un s\u00ed que glorifica.&nbsp;<\/p>\n<p> Porque vivimos a golpes, porque apenas si nos dejan&nbsp;<br \/> decir que somos quien somos,&nbsp;<br \/> nuestros cantares no pueden ser sin pecado un adorno.&nbsp;<br \/> Estamos tocando el fondo.&nbsp;<\/p>\n<p> Maldigo la poes\u00eda concebida como un lujo&nbsp;<br \/> cultural por los neutrales&nbsp;<br \/> que, lav\u00e1ndose las manos, se desentienden y evaden.&nbsp;<br \/> Maldigo la poes\u00eda de quien no toma partido hasta mancharse.&nbsp;<\/p>\n<p> Hago m\u00edas las faltas. Siento en m\u00ed a cuantos sufren&nbsp;<br \/> y canto respirando.&nbsp;<br \/> Canto, y canto, y cantando m\u00e1s all\u00e1 de mis penas&nbsp;<br \/> de mis penas personales, me ensancho.&nbsp;<\/p>\n<p> Quiero daros vida, provocar nuevos actos,&nbsp;<br \/> y calculo por eso con t\u00e9cnica qu\u00e9 puedo.&nbsp;<br \/> Me siento un ingeniero del verso y un obrero&nbsp;<br \/> que trabaja con otros a Espa\u00f1a en sus aceros.&nbsp;<\/p>\n<p> No es una poes\u00eda gota a gota pensada.&nbsp;<br \/> No es un bello producto. No es un fruto perfecto.&nbsp;<br \/> Es lo m\u00e1s necesario: lo que no tiene nombre.&nbsp;<br \/> Son gritos en el cielo, y en la tierra son actos.&nbsp;<\/p>\n<p> Porque vivimos a golpes, porque apenas si nos dejan&nbsp;<br \/> decir que somos quien somos,&nbsp;<br \/> nuestros cantares no pueden ser sin pecado un adorno.&nbsp;<br \/> Estamos tocando el fondo, estamos tocando el fondo.<\/p>\n<p>\u00a0<\/p>\n<p style=\"text-align: center;\"> <object height=\"299\" width=\"399\" codebase=\"http:\/\/download.macromedia.com\/pub\/shockwave\/cabs\/flash\/swflash.cab#version=10,0,32,18\" classid=\"clsid:d27cdb6e-ae6d-11cf-96b8-444553540000\"><param name=\"allowFullScreen\" value=\"true\" \/><param name=\"allowscriptaccess\" value=\"always\" \/><param name=\"src\" value=\"http:\/\/www.youtube.com\/v\/bKnEaCweikg?version=3&amp;hl=es_ES\" \/><embed height=\"299\" width=\"399\" src=\"http:\/\/www.youtube.com\/v\/bKnEaCweikg?version=3&amp;hl=es_ES\" allowscriptaccess=\"always\" allowfullscreen=\"true\" type=\"application\/x-shockwave-flash\">&nbsp;<\/embed><\/object> <\/p>\n<p style=\"text-align: center;\">Paco Ib\u00e1\u00f1ez canta <em><span style=\"text-decoration: underline;\">La poes\u00eda es un arma cargada de futuro<\/span><\/em> de Gabriel Celaya<\/p>\n<p> <!--  \/* Font Definitions *\/ @font-face     {font-family:\"Cambria Math\";     panose-1:0 0 0 0 0 0 0 0 0 0;     mso-font-charset:1;     mso-generic-font-family:roman;     mso-font-format:other;     mso-font-pitch:variable;     mso-font-signature:0 0 0 0 0 0;} @font-face     {font-family:Calibri;     panose-1:2 15 5 2 2 2 4 3 2 4;     mso-font-charset:0;     mso-generic-font-family:auto;     mso-font-pitch:variable;     mso-font-signature:3 0 0 0 1 0;}  \/* Style Definitions *\/ p.MsoNormal, li.MsoNormal, div.MsoNormal     {mso-style-unhide:no;     mso-style-qformat:yes;     mso-style-parent:\"\";     margin-top:0cm;     margin-right:0cm;     margin-bottom:10.0pt;     margin-left:0cm;     line-height:115%;     mso-pagination:widow-orphan;     font-size:11.0pt;     font-family:Calibri;     mso-ascii-font-family:Calibri;     mso-ascii-theme-font:minor-latin;     mso-fareast-font-family:Calibri;     mso-fareast-theme-font:minor-latin;     mso-hansi-font-family:Calibri;     mso-hansi-theme-font:minor-latin;     mso-bidi-font-family:\"Times New Roman\";     mso-bidi-theme-font:minor-bidi;     mso-ansi-language:ES;     mso-fareast-language:EN-US;} .MsoChpDefault     {mso-style-type:export-only;     mso-default-props:yes;     font-size:11.0pt;     mso-ansi-font-size:11.0pt;     mso-bidi-font-size:11.0pt;     font-family:Calibri;     mso-ascii-font-family:Calibri;     mso-ascii-theme-font:minor-latin;     mso-fareast-font-family:Calibri;     mso-fareast-theme-font:minor-latin;     mso-hansi-font-family:Calibri;     mso-hansi-theme-font:minor-latin;     mso-bidi-font-family:\"Times New Roman\";     mso-bidi-theme-font:minor-bidi;     mso-ansi-language:ES;     mso-fareast-language:EN-US;} .MsoPapDefault     {mso-style-type:export-only;     margin-bottom:10.0pt;     line-height:115%;} @page WordSection1     {size:612.0pt 792.0pt;     margin:70.85pt 3.0cm 70.85pt 3.0cm;     mso-header-margin:36.0pt;     mso-footer-margin:36.0pt;     mso-paper-source:0;} div.WordSection1     {page:WordSection1;} -->&nbsp;<\/p>\n","protected":false},"excerpt":{"rendered":"<p>\u00a0 \u00a0 \u2026y de nuevo LOS LUNES\u2026POES\u00cdA, en esta cita ineludible y semanal con la cultura, la sensibilidad, la pasi\u00f3n, el sentimiento, el pensamiento y la palabra. En este curso 2015-2016 que arranca cargado de proyectos, la POES\u00cdA se sienta a nuestro lado para otear, en el horizonte de todo un curso escolar, lo que [&hellip;]<\/p>\n","protected":false},"author":7,"featured_media":0,"comment_status":"closed","ping_status":"closed","sticky":false,"template":"","format":"standard","meta":{"_et_pb_use_builder":"","_et_pb_old_content":"","_et_gb_content_width":"","_monsterinsights_skip_tracking":false,"_monsterinsights_sitenote_active":false,"_monsterinsights_sitenote_note":"","_monsterinsights_sitenote_category":0,"footnotes":""},"categories":[129],"tags":[],"class_list":["post-1494","post","type-post","status-publish","format-standard","hentry","category-poesia","et-doesnt-have-format-content","et_post_format-et-post-format-standard"],"yoast_head":"<!-- This site is optimized with the Yoast SEO plugin v27.4 - https:\/\/yoast.com\/product\/yoast-seo-wordpress\/ -->\n<title>Los lunes... poes\u00eda (2015\/09\/21) - IES LA MADRAZA<\/title>\n<meta name=\"description\" content=\"IES La Madraza\" \/>\n<meta name=\"robots\" content=\"index, follow, max-snippet:-1, max-image-preview:large, max-video-preview:-1\" \/>\n<link rel=\"canonical\" href=\"https:\/\/ieslamadraza.com\/wp\/los-lunes-poesia-20150921\/\" \/>\n<meta property=\"og:locale\" content=\"es_ES\" \/>\n<meta property=\"og:type\" content=\"article\" \/>\n<meta property=\"og:title\" content=\"Los lunes... poes\u00eda (2015\/09\/21) - IES LA MADRAZA\" \/>\n<meta property=\"og:description\" content=\"IES La Madraza\" \/>\n<meta property=\"og:url\" content=\"https:\/\/ieslamadraza.com\/wp\/los-lunes-poesia-20150921\/\" \/>\n<meta property=\"og:site_name\" content=\"IES LA MADRAZA\" \/>\n<meta property=\"article:publisher\" content=\"https:\/\/www.facebook.com\/ieslamadraza\/\" \/>\n<meta property=\"article:published_time\" content=\"2015-09-20T11:39:56+00:00\" \/>\n<meta property=\"article:modified_time\" content=\"2019-09-03T06:01:55+00:00\" \/>\n<meta property=\"og:image\" content=\"https:\/\/ieslamadraza.com\/wp\/wp-content\/uploads\/2015\/09\/poesiaapertura.jpg\" \/>\n<meta name=\"author\" content=\"admin_IES-laMadraza\" \/>\n<meta name=\"twitter:card\" content=\"summary_large_image\" \/>\n<meta name=\"twitter:creator\" content=\"@MadrazaLa\" \/>\n<meta name=\"twitter:site\" content=\"@MadrazaLa\" \/>\n<meta name=\"twitter:label1\" content=\"Escrito por\" \/>\n\t<meta name=\"twitter:data1\" content=\"admin_IES-laMadraza\" \/>\n\t<meta name=\"twitter:label2\" content=\"Tiempo de lectura\" \/>\n\t<meta name=\"twitter:data2\" content=\"2 minutos\" \/>\n<script type=\"application\/ld+json\" class=\"yoast-schema-graph\">{\"@context\":\"https:\\\/\\\/schema.org\",\"@graph\":[{\"@type\":\"Article\",\"@id\":\"https:\\\/\\\/ieslamadraza.com\\\/wp\\\/los-lunes-poesia-20150921\\\/#article\",\"isPartOf\":{\"@id\":\"https:\\\/\\\/ieslamadraza.com\\\/wp\\\/los-lunes-poesia-20150921\\\/\"},\"author\":{\"name\":\"admin_IES-laMadraza\",\"@id\":\"https:\\\/\\\/ieslamadraza.com\\\/wp\\\/#\\\/schema\\\/person\\\/f80b2662c85d3a875653d8c393c0e24b\"},\"headline\":\"Los lunes&#8230; poes\u00eda (2015\\\/09\\\/21)\",\"datePublished\":\"2015-09-20T11:39:56+00:00\",\"dateModified\":\"2019-09-03T06:01:55+00:00\",\"mainEntityOfPage\":{\"@id\":\"https:\\\/\\\/ieslamadraza.com\\\/wp\\\/los-lunes-poesia-20150921\\\/\"},\"wordCount\":421,\"publisher\":{\"@id\":\"https:\\\/\\\/ieslamadraza.com\\\/wp\\\/#organization\"},\"image\":{\"@id\":\"https:\\\/\\\/ieslamadraza.com\\\/wp\\\/los-lunes-poesia-20150921\\\/#primaryimage\"},\"thumbnailUrl\":\"https:\\\/\\\/ieslamadraza.com\\\/wp\\\/wp-content\\\/uploads\\\/2015\\\/09\\\/poesiaapertura.jpg\",\"articleSection\":[\"LOS LUNES... POES\u00cdA\"],\"inLanguage\":\"es\"},{\"@type\":\"WebPage\",\"@id\":\"https:\\\/\\\/ieslamadraza.com\\\/wp\\\/los-lunes-poesia-20150921\\\/\",\"url\":\"https:\\\/\\\/ieslamadraza.com\\\/wp\\\/los-lunes-poesia-20150921\\\/\",\"name\":\"Los lunes... poes\u00eda (2015\\\/09\\\/21) - IES LA MADRAZA\",\"isPartOf\":{\"@id\":\"https:\\\/\\\/ieslamadraza.com\\\/wp\\\/#website\"},\"primaryImageOfPage\":{\"@id\":\"https:\\\/\\\/ieslamadraza.com\\\/wp\\\/los-lunes-poesia-20150921\\\/#primaryimage\"},\"image\":{\"@id\":\"https:\\\/\\\/ieslamadraza.com\\\/wp\\\/los-lunes-poesia-20150921\\\/#primaryimage\"},\"thumbnailUrl\":\"https:\\\/\\\/ieslamadraza.com\\\/wp\\\/wp-content\\\/uploads\\\/2015\\\/09\\\/poesiaapertura.jpg\",\"datePublished\":\"2015-09-20T11:39:56+00:00\",\"dateModified\":\"2019-09-03T06:01:55+00:00\",\"description\":\"IES La Madraza\",\"breadcrumb\":{\"@id\":\"https:\\\/\\\/ieslamadraza.com\\\/wp\\\/los-lunes-poesia-20150921\\\/#breadcrumb\"},\"inLanguage\":\"es\",\"potentialAction\":[{\"@type\":\"ReadAction\",\"target\":[\"https:\\\/\\\/ieslamadraza.com\\\/wp\\\/los-lunes-poesia-20150921\\\/\"]}]},{\"@type\":\"ImageObject\",\"inLanguage\":\"es\",\"@id\":\"https:\\\/\\\/ieslamadraza.com\\\/wp\\\/los-lunes-poesia-20150921\\\/#primaryimage\",\"url\":\"https:\\\/\\\/ieslamadraza.com\\\/wp\\\/wp-content\\\/uploads\\\/2015\\\/09\\\/poesiaapertura.jpg\",\"contentUrl\":\"https:\\\/\\\/ieslamadraza.com\\\/wp\\\/wp-content\\\/uploads\\\/2015\\\/09\\\/poesiaapertura.jpg\"},{\"@type\":\"BreadcrumbList\",\"@id\":\"https:\\\/\\\/ieslamadraza.com\\\/wp\\\/los-lunes-poesia-20150921\\\/#breadcrumb\",\"itemListElement\":[{\"@type\":\"ListItem\",\"position\":1,\"name\":\"Portada\",\"item\":\"https:\\\/\\\/ieslamadraza.com\\\/wp\\\/\"},{\"@type\":\"ListItem\",\"position\":2,\"name\":\"Los lunes&#8230; poes\u00eda (2015\\\/09\\\/21)\"}]},{\"@type\":\"WebSite\",\"@id\":\"https:\\\/\\\/ieslamadraza.com\\\/wp\\\/#website\",\"url\":\"https:\\\/\\\/ieslamadraza.com\\\/wp\\\/\",\"name\":\"IES LA MADRAZA\",\"description\":\"Instituto de Ense\u00f1anza Secundaria de Granada (Espa\u00f1a)\",\"publisher\":{\"@id\":\"https:\\\/\\\/ieslamadraza.com\\\/wp\\\/#organization\"},\"alternateName\":\"Inicio - IES LA MADRAZA\",\"potentialAction\":[{\"@type\":\"SearchAction\",\"target\":{\"@type\":\"EntryPoint\",\"urlTemplate\":\"https:\\\/\\\/ieslamadraza.com\\\/wp\\\/?s={search_term_string}\"},\"query-input\":{\"@type\":\"PropertyValueSpecification\",\"valueRequired\":true,\"valueName\":\"search_term_string\"}}],\"inLanguage\":\"es\"},{\"@type\":\"Organization\",\"@id\":\"https:\\\/\\\/ieslamadraza.com\\\/wp\\\/#organization\",\"name\":\"IES La Madraza -Instituto de Ense\u00f1anza Secundaria - Granada\",\"alternateName\":\"IES La Madraza -Instituto de Ense\u00f1anza Secundaria - Granada\",\"url\":\"https:\\\/\\\/ieslamadraza.com\\\/wp\\\/\",\"logo\":{\"@type\":\"ImageObject\",\"inLanguage\":\"es\",\"@id\":\"https:\\\/\\\/ieslamadraza.com\\\/wp\\\/#\\\/schema\\\/logo\\\/image\\\/\",\"url\":\"https:\\\/\\\/ieslamadraza.com\\\/wp\\\/wp-content\\\/img\\\/2025\\\/10\\\/logo.jpeg\",\"contentUrl\":\"https:\\\/\\\/ieslamadraza.com\\\/wp\\\/wp-content\\\/img\\\/2025\\\/10\\\/logo.jpeg\",\"width\":225,\"height\":225,\"caption\":\"IES La Madraza -Instituto de Ense\u00f1anza Secundaria - Granada\"},\"image\":{\"@id\":\"https:\\\/\\\/ieslamadraza.com\\\/wp\\\/#\\\/schema\\\/logo\\\/image\\\/\"},\"sameAs\":[\"https:\\\/\\\/www.facebook.com\\\/ieslamadraza\\\/\",\"https:\\\/\\\/x.com\\\/MadrazaLa\",\"https:\\\/\\\/www.instagram.com\\\/institutolamadraza\\\/\"]},{\"@type\":\"Person\",\"@id\":\"https:\\\/\\\/ieslamadraza.com\\\/wp\\\/#\\\/schema\\\/person\\\/f80b2662c85d3a875653d8c393c0e24b\",\"name\":\"admin_IES-laMadraza\",\"image\":{\"@type\":\"ImageObject\",\"inLanguage\":\"es\",\"@id\":\"https:\\\/\\\/secure.gravatar.com\\\/avatar\\\/aad8ae5b110afbe2f2e7011bba88e4b5b97b4a632e22255df6b653bdca4d179a?s=96&d=mm&r=g\",\"url\":\"https:\\\/\\\/secure.gravatar.com\\\/avatar\\\/aad8ae5b110afbe2f2e7011bba88e4b5b97b4a632e22255df6b653bdca4d179a?s=96&d=mm&r=g\",\"contentUrl\":\"https:\\\/\\\/secure.gravatar.com\\\/avatar\\\/aad8ae5b110afbe2f2e7011bba88e4b5b97b4a632e22255df6b653bdca4d179a?s=96&d=mm&r=g\",\"caption\":\"admin_IES-laMadraza\"},\"url\":\"https:\\\/\\\/ieslamadraza.com\\\/wp\\\/author\\\/admin_ies-lamadraza\\\/\"}]}<\/script>\n<!-- \/ Yoast SEO plugin. -->","yoast_head_json":{"title":"Los lunes... poes\u00eda (2015\/09\/21) - IES LA MADRAZA","description":"IES La Madraza","robots":{"index":"index","follow":"follow","max-snippet":"max-snippet:-1","max-image-preview":"max-image-preview:large","max-video-preview":"max-video-preview:-1"},"canonical":"https:\/\/ieslamadraza.com\/wp\/los-lunes-poesia-20150921\/","og_locale":"es_ES","og_type":"article","og_title":"Los lunes... poes\u00eda (2015\/09\/21) - IES LA MADRAZA","og_description":"IES La Madraza","og_url":"https:\/\/ieslamadraza.com\/wp\/los-lunes-poesia-20150921\/","og_site_name":"IES LA MADRAZA","article_publisher":"https:\/\/www.facebook.com\/ieslamadraza\/","article_published_time":"2015-09-20T11:39:56+00:00","article_modified_time":"2019-09-03T06:01:55+00:00","og_image":[{"url":"https:\/\/ieslamadraza.com\/wp\/wp-content\/uploads\/2015\/09\/poesiaapertura.jpg","type":"","width":"","height":""}],"author":"admin_IES-laMadraza","twitter_card":"summary_large_image","twitter_creator":"@MadrazaLa","twitter_site":"@MadrazaLa","twitter_misc":{"Escrito por":"admin_IES-laMadraza","Tiempo de lectura":"2 minutos"},"schema":{"@context":"https:\/\/schema.org","@graph":[{"@type":"Article","@id":"https:\/\/ieslamadraza.com\/wp\/los-lunes-poesia-20150921\/#article","isPartOf":{"@id":"https:\/\/ieslamadraza.com\/wp\/los-lunes-poesia-20150921\/"},"author":{"name":"admin_IES-laMadraza","@id":"https:\/\/ieslamadraza.com\/wp\/#\/schema\/person\/f80b2662c85d3a875653d8c393c0e24b"},"headline":"Los lunes&#8230; poes\u00eda (2015\/09\/21)","datePublished":"2015-09-20T11:39:56+00:00","dateModified":"2019-09-03T06:01:55+00:00","mainEntityOfPage":{"@id":"https:\/\/ieslamadraza.com\/wp\/los-lunes-poesia-20150921\/"},"wordCount":421,"publisher":{"@id":"https:\/\/ieslamadraza.com\/wp\/#organization"},"image":{"@id":"https:\/\/ieslamadraza.com\/wp\/los-lunes-poesia-20150921\/#primaryimage"},"thumbnailUrl":"https:\/\/ieslamadraza.com\/wp\/wp-content\/uploads\/2015\/09\/poesiaapertura.jpg","articleSection":["LOS LUNES... POES\u00cdA"],"inLanguage":"es"},{"@type":"WebPage","@id":"https:\/\/ieslamadraza.com\/wp\/los-lunes-poesia-20150921\/","url":"https:\/\/ieslamadraza.com\/wp\/los-lunes-poesia-20150921\/","name":"Los lunes... poes\u00eda (2015\/09\/21) - IES LA MADRAZA","isPartOf":{"@id":"https:\/\/ieslamadraza.com\/wp\/#website"},"primaryImageOfPage":{"@id":"https:\/\/ieslamadraza.com\/wp\/los-lunes-poesia-20150921\/#primaryimage"},"image":{"@id":"https:\/\/ieslamadraza.com\/wp\/los-lunes-poesia-20150921\/#primaryimage"},"thumbnailUrl":"https:\/\/ieslamadraza.com\/wp\/wp-content\/uploads\/2015\/09\/poesiaapertura.jpg","datePublished":"2015-09-20T11:39:56+00:00","dateModified":"2019-09-03T06:01:55+00:00","description":"IES La Madraza","breadcrumb":{"@id":"https:\/\/ieslamadraza.com\/wp\/los-lunes-poesia-20150921\/#breadcrumb"},"inLanguage":"es","potentialAction":[{"@type":"ReadAction","target":["https:\/\/ieslamadraza.com\/wp\/los-lunes-poesia-20150921\/"]}]},{"@type":"ImageObject","inLanguage":"es","@id":"https:\/\/ieslamadraza.com\/wp\/los-lunes-poesia-20150921\/#primaryimage","url":"https:\/\/ieslamadraza.com\/wp\/wp-content\/uploads\/2015\/09\/poesiaapertura.jpg","contentUrl":"https:\/\/ieslamadraza.com\/wp\/wp-content\/uploads\/2015\/09\/poesiaapertura.jpg"},{"@type":"BreadcrumbList","@id":"https:\/\/ieslamadraza.com\/wp\/los-lunes-poesia-20150921\/#breadcrumb","itemListElement":[{"@type":"ListItem","position":1,"name":"Portada","item":"https:\/\/ieslamadraza.com\/wp\/"},{"@type":"ListItem","position":2,"name":"Los lunes&#8230; poes\u00eda (2015\/09\/21)"}]},{"@type":"WebSite","@id":"https:\/\/ieslamadraza.com\/wp\/#website","url":"https:\/\/ieslamadraza.com\/wp\/","name":"IES LA MADRAZA","description":"Instituto de Ense\u00f1anza Secundaria de Granada (Espa\u00f1a)","publisher":{"@id":"https:\/\/ieslamadraza.com\/wp\/#organization"},"alternateName":"Inicio - IES LA MADRAZA","potentialAction":[{"@type":"SearchAction","target":{"@type":"EntryPoint","urlTemplate":"https:\/\/ieslamadraza.com\/wp\/?s={search_term_string}"},"query-input":{"@type":"PropertyValueSpecification","valueRequired":true,"valueName":"search_term_string"}}],"inLanguage":"es"},{"@type":"Organization","@id":"https:\/\/ieslamadraza.com\/wp\/#organization","name":"IES La Madraza -Instituto de Ense\u00f1anza Secundaria - Granada","alternateName":"IES La Madraza -Instituto de Ense\u00f1anza Secundaria - Granada","url":"https:\/\/ieslamadraza.com\/wp\/","logo":{"@type":"ImageObject","inLanguage":"es","@id":"https:\/\/ieslamadraza.com\/wp\/#\/schema\/logo\/image\/","url":"https:\/\/ieslamadraza.com\/wp\/wp-content\/img\/2025\/10\/logo.jpeg","contentUrl":"https:\/\/ieslamadraza.com\/wp\/wp-content\/img\/2025\/10\/logo.jpeg","width":225,"height":225,"caption":"IES La Madraza -Instituto de Ense\u00f1anza Secundaria - Granada"},"image":{"@id":"https:\/\/ieslamadraza.com\/wp\/#\/schema\/logo\/image\/"},"sameAs":["https:\/\/www.facebook.com\/ieslamadraza\/","https:\/\/x.com\/MadrazaLa","https:\/\/www.instagram.com\/institutolamadraza\/"]},{"@type":"Person","@id":"https:\/\/ieslamadraza.com\/wp\/#\/schema\/person\/f80b2662c85d3a875653d8c393c0e24b","name":"admin_IES-laMadraza","image":{"@type":"ImageObject","inLanguage":"es","@id":"https:\/\/secure.gravatar.com\/avatar\/aad8ae5b110afbe2f2e7011bba88e4b5b97b4a632e22255df6b653bdca4d179a?s=96&d=mm&r=g","url":"https:\/\/secure.gravatar.com\/avatar\/aad8ae5b110afbe2f2e7011bba88e4b5b97b4a632e22255df6b653bdca4d179a?s=96&d=mm&r=g","contentUrl":"https:\/\/secure.gravatar.com\/avatar\/aad8ae5b110afbe2f2e7011bba88e4b5b97b4a632e22255df6b653bdca4d179a?s=96&d=mm&r=g","caption":"admin_IES-laMadraza"},"url":"https:\/\/ieslamadraza.com\/wp\/author\/admin_ies-lamadraza\/"}]}},"_links":{"self":[{"href":"https:\/\/ieslamadraza.com\/wp\/wp-json\/wp\/v2\/posts\/1494","targetHints":{"allow":["GET"]}}],"collection":[{"href":"https:\/\/ieslamadraza.com\/wp\/wp-json\/wp\/v2\/posts"}],"about":[{"href":"https:\/\/ieslamadraza.com\/wp\/wp-json\/wp\/v2\/types\/post"}],"author":[{"embeddable":true,"href":"https:\/\/ieslamadraza.com\/wp\/wp-json\/wp\/v2\/users\/7"}],"replies":[{"embeddable":true,"href":"https:\/\/ieslamadraza.com\/wp\/wp-json\/wp\/v2\/comments?post=1494"}],"version-history":[{"count":0,"href":"https:\/\/ieslamadraza.com\/wp\/wp-json\/wp\/v2\/posts\/1494\/revisions"}],"wp:attachment":[{"href":"https:\/\/ieslamadraza.com\/wp\/wp-json\/wp\/v2\/media?parent=1494"}],"wp:term":[{"taxonomy":"category","embeddable":true,"href":"https:\/\/ieslamadraza.com\/wp\/wp-json\/wp\/v2\/categories?post=1494"},{"taxonomy":"post_tag","embeddable":true,"href":"https:\/\/ieslamadraza.com\/wp\/wp-json\/wp\/v2\/tags?post=1494"}],"curies":[{"name":"wp","href":"https:\/\/api.w.org\/{rel}","templated":true}]}}