{"id":14837,"date":"2021-04-19T13:54:29","date_gmt":"2021-04-19T11:54:29","guid":{"rendered":"https:\/\/ieslamadraza.com\/wp\/?p=14837"},"modified":"2021-04-19T13:54:29","modified_gmt":"2021-04-19T11:54:29","slug":"radio-la-madraza-no-37-teatro-homenaje-a-julio-verne","status":"publish","type":"post","link":"https:\/\/ieslamadraza.com\/wp\/radio-la-madraza-no-37-teatro-homenaje-a-julio-verne\/","title":{"rendered":"Radio la Madraza n\u00ba 37: Teatro homenaje a Julio Verne"},"content":{"rendered":"<p><iframe id=\"audio_68747226\" style=\"width: 100%;\" data-src=\"https:\/\/www.ivoox.com\/player_ej_68747226_6_1.html\" height=\"200\" frameborder=\"0\" scrolling=\"no\" allowfullscreen=\"allowfullscreen\" src=\"data:image\/svg+xml;base64,PHN2ZyB3aWR0aD0iMSIgaGVpZ2h0PSIxIiB4bWxucz0iaHR0cDovL3d3dy53My5vcmcvMjAwMC9zdmciPjwvc3ZnPg==\" class=\"lazyload\" data-load-mode=\"1\"><\/iframe><\/p>\n<p>Este Programa numero 37, retransmite el peque\u00f1o y simp\u00e1tico teatro preparado en la Semana de la Ciencia Ficci\u00f3n, sobre Julio Verne, por la profesora de Franc\u00e9s, Montse Montse L\u00f3pez y los alumnos Jorge, Carmen e Illias de 2 B. Muchas gracias. Un saludo<\/p>\n","protected":false},"excerpt":{"rendered":"<p>Este Programa numero 37, retransmite el peque\u00f1o y simp\u00e1tico teatro preparado en la Semana de la Ciencia Ficci\u00f3n, sobre Julio Verne, por la profesora de Franc\u00e9s, Montse Montse L\u00f3pez y los alumnos Jorge, Carmen e Illias de 2 B. Muchas gracias. Un saludo<\/p>\n","protected":false},"author":5,"featured_media":14838,"comment_status":"open","ping_status":"closed","sticky":false,"template":"","format":"standard","meta":{"_et_pb_use_builder":"","_et_pb_old_content":"","_et_gb_content_width":"","_monsterinsights_skip_tracking":false,"_monsterinsights_sitenote_active":false,"_monsterinsights_sitenote_note":"","_monsterinsights_sitenote_category":0,"footnotes":""},"categories":[61,144],"tags":[],"class_list":["post-14837","post","type-post","status-publish","format-standard","has-post-thumbnail","hentry","category-frances","category-radio-la-madraza","et-has-post-format-content","et_post_format-et-post-format-standard"],"yoast_head":"<!-- This site is optimized with the Yoast SEO plugin v27.4 - https:\/\/yoast.com\/product\/yoast-seo-wordpress\/ -->\n<title>Radio la Madraza n\u00ba 37: Teatro homenaje a Julio Verne - IES LA MADRAZA<\/title>\n<meta name=\"description\" content=\"IES La Madraza\" \/>\n<meta name=\"robots\" content=\"index, follow, max-snippet:-1, max-image-preview:large, max-video-preview:-1\" \/>\n<link rel=\"canonical\" href=\"https:\/\/ieslamadraza.com\/wp\/radio-la-madraza-no-37-teatro-homenaje-a-julio-verne\/\" \/>\n<meta property=\"og:locale\" content=\"es_ES\" \/>\n<meta property=\"og:type\" content=\"article\" \/>\n<meta property=\"og:title\" content=\"Radio la Madraza n\u00ba 37: Teatro homenaje a Julio Verne - IES LA MADRAZA\" \/>\n<meta property=\"og:description\" content=\"IES La Madraza\" \/>\n<meta property=\"og:url\" content=\"https:\/\/ieslamadraza.com\/wp\/radio-la-madraza-no-37-teatro-homenaje-a-julio-verne\/\" \/>\n<meta property=\"og:site_name\" content=\"IES LA MADRAZA\" \/>\n<meta property=\"article:publisher\" content=\"https:\/\/www.facebook.com\/ieslamadraza\/\" \/>\n<meta property=\"article:published_time\" content=\"2021-04-19T11:54:29+00:00\" \/>\n<meta property=\"og:image\" content=\"https:\/\/ieslamadraza.com\/wp\/wp-content\/img\/2021\/04\/Captura-de-pantalla-2021-04-19-a-las-13.53.41.png\" \/>\n\t<meta property=\"og:image:width\" content=\"1075\" \/>\n\t<meta property=\"og:image:height\" content=\"1079\" \/>\n\t<meta property=\"og:image:type\" content=\"image\/png\" \/>\n<meta name=\"author\" content=\"Mar\u00eda L\u00f3pez Cabrera\" \/>\n<meta name=\"twitter:card\" content=\"summary_large_image\" \/>\n<meta name=\"twitter:creator\" content=\"@MadrazaLa\" \/>\n<meta name=\"twitter:site\" content=\"@MadrazaLa\" \/>\n<meta name=\"twitter:label1\" content=\"Escrito por\" \/>\n\t<meta name=\"twitter:data1\" content=\"Mar\u00eda L\u00f3pez Cabrera\" \/>\n\t<meta name=\"twitter:label2\" content=\"Tiempo de lectura\" \/>\n\t<meta name=\"twitter:data2\" content=\"1 minuto\" \/>\n<script type=\"application\/ld+json\" class=\"yoast-schema-graph\">{\"@context\":\"https:\\\/\\\/schema.org\",\"@graph\":[{\"@type\":\"Article\",\"@id\":\"https:\\\/\\\/ieslamadraza.com\\\/wp\\\/radio-la-madraza-no-37-teatro-homenaje-a-julio-verne\\\/#article\",\"isPartOf\":{\"@id\":\"https:\\\/\\\/ieslamadraza.com\\\/wp\\\/radio-la-madraza-no-37-teatro-homenaje-a-julio-verne\\\/\"},\"author\":{\"name\":\"Mar\u00eda L\u00f3pez Cabrera\",\"@id\":\"https:\\\/\\\/ieslamadraza.com\\\/wp\\\/#\\\/schema\\\/person\\\/4a8364cf1c9304a4fd80f01759af7418\"},\"headline\":\"Radio la Madraza n\u00ba 37: Teatro homenaje a Julio Verne\",\"datePublished\":\"2021-04-19T11:54:29+00:00\",\"mainEntityOfPage\":{\"@id\":\"https:\\\/\\\/ieslamadraza.com\\\/wp\\\/radio-la-madraza-no-37-teatro-homenaje-a-julio-verne\\\/\"},\"wordCount\":55,\"commentCount\":0,\"publisher\":{\"@id\":\"https:\\\/\\\/ieslamadraza.com\\\/wp\\\/#organization\"},\"image\":{\"@id\":\"https:\\\/\\\/ieslamadraza.com\\\/wp\\\/radio-la-madraza-no-37-teatro-homenaje-a-julio-verne\\\/#primaryimage\"},\"thumbnailUrl\":\"https:\\\/\\\/ieslamadraza.com\\\/wp\\\/wp-content\\\/img\\\/2021\\\/04\\\/Captura-de-pantalla-2021-04-19-a-las-13.53.41.png\",\"articleSection\":[\"FRANC\u00c9S\",\"RADIO LA MADRAZA\"],\"inLanguage\":\"es\",\"potentialAction\":[{\"@type\":\"CommentAction\",\"name\":\"Comment\",\"target\":[\"https:\\\/\\\/ieslamadraza.com\\\/wp\\\/radio-la-madraza-no-37-teatro-homenaje-a-julio-verne\\\/#respond\"]}]},{\"@type\":\"WebPage\",\"@id\":\"https:\\\/\\\/ieslamadraza.com\\\/wp\\\/radio-la-madraza-no-37-teatro-homenaje-a-julio-verne\\\/\",\"url\":\"https:\\\/\\\/ieslamadraza.com\\\/wp\\\/radio-la-madraza-no-37-teatro-homenaje-a-julio-verne\\\/\",\"name\":\"Radio la Madraza n\u00ba 37: Teatro homenaje a Julio Verne - IES LA MADRAZA\",\"isPartOf\":{\"@id\":\"https:\\\/\\\/ieslamadraza.com\\\/wp\\\/#website\"},\"primaryImageOfPage\":{\"@id\":\"https:\\\/\\\/ieslamadraza.com\\\/wp\\\/radio-la-madraza-no-37-teatro-homenaje-a-julio-verne\\\/#primaryimage\"},\"image\":{\"@id\":\"https:\\\/\\\/ieslamadraza.com\\\/wp\\\/radio-la-madraza-no-37-teatro-homenaje-a-julio-verne\\\/#primaryimage\"},\"thumbnailUrl\":\"https:\\\/\\\/ieslamadraza.com\\\/wp\\\/wp-content\\\/img\\\/2021\\\/04\\\/Captura-de-pantalla-2021-04-19-a-las-13.53.41.png\",\"datePublished\":\"2021-04-19T11:54:29+00:00\",\"description\":\"IES La Madraza\",\"breadcrumb\":{\"@id\":\"https:\\\/\\\/ieslamadraza.com\\\/wp\\\/radio-la-madraza-no-37-teatro-homenaje-a-julio-verne\\\/#breadcrumb\"},\"inLanguage\":\"es\",\"potentialAction\":[{\"@type\":\"ReadAction\",\"target\":[\"https:\\\/\\\/ieslamadraza.com\\\/wp\\\/radio-la-madraza-no-37-teatro-homenaje-a-julio-verne\\\/\"]}]},{\"@type\":\"ImageObject\",\"inLanguage\":\"es\",\"@id\":\"https:\\\/\\\/ieslamadraza.com\\\/wp\\\/radio-la-madraza-no-37-teatro-homenaje-a-julio-verne\\\/#primaryimage\",\"url\":\"https:\\\/\\\/ieslamadraza.com\\\/wp\\\/wp-content\\\/img\\\/2021\\\/04\\\/Captura-de-pantalla-2021-04-19-a-las-13.53.41.png\",\"contentUrl\":\"https:\\\/\\\/ieslamadraza.com\\\/wp\\\/wp-content\\\/img\\\/2021\\\/04\\\/Captura-de-pantalla-2021-04-19-a-las-13.53.41.png\",\"width\":1075,\"height\":1079},{\"@type\":\"BreadcrumbList\",\"@id\":\"https:\\\/\\\/ieslamadraza.com\\\/wp\\\/radio-la-madraza-no-37-teatro-homenaje-a-julio-verne\\\/#breadcrumb\",\"itemListElement\":[{\"@type\":\"ListItem\",\"position\":1,\"name\":\"Portada\",\"item\":\"https:\\\/\\\/ieslamadraza.com\\\/wp\\\/\"},{\"@type\":\"ListItem\",\"position\":2,\"name\":\"Radio la Madraza n\u00ba 37: Teatro homenaje a Julio Verne\"}]},{\"@type\":\"WebSite\",\"@id\":\"https:\\\/\\\/ieslamadraza.com\\\/wp\\\/#website\",\"url\":\"https:\\\/\\\/ieslamadraza.com\\\/wp\\\/\",\"name\":\"IES LA MADRAZA\",\"description\":\"Instituto de Ense\u00f1anza Secundaria de Granada (Espa\u00f1a)\",\"publisher\":{\"@id\":\"https:\\\/\\\/ieslamadraza.com\\\/wp\\\/#organization\"},\"alternateName\":\"Inicio - IES LA MADRAZA\",\"potentialAction\":[{\"@type\":\"SearchAction\",\"target\":{\"@type\":\"EntryPoint\",\"urlTemplate\":\"https:\\\/\\\/ieslamadraza.com\\\/wp\\\/?s={search_term_string}\"},\"query-input\":{\"@type\":\"PropertyValueSpecification\",\"valueRequired\":true,\"valueName\":\"search_term_string\"}}],\"inLanguage\":\"es\"},{\"@type\":\"Organization\",\"@id\":\"https:\\\/\\\/ieslamadraza.com\\\/wp\\\/#organization\",\"name\":\"IES La Madraza -Instituto de Ense\u00f1anza Secundaria - Granada\",\"alternateName\":\"IES La Madraza -Instituto de Ense\u00f1anza Secundaria - Granada\",\"url\":\"https:\\\/\\\/ieslamadraza.com\\\/wp\\\/\",\"logo\":{\"@type\":\"ImageObject\",\"inLanguage\":\"es\",\"@id\":\"https:\\\/\\\/ieslamadraza.com\\\/wp\\\/#\\\/schema\\\/logo\\\/image\\\/\",\"url\":\"https:\\\/\\\/ieslamadraza.com\\\/wp\\\/wp-content\\\/img\\\/2025\\\/10\\\/logo.jpeg\",\"contentUrl\":\"https:\\\/\\\/ieslamadraza.com\\\/wp\\\/wp-content\\\/img\\\/2025\\\/10\\\/logo.jpeg\",\"width\":225,\"height\":225,\"caption\":\"IES La Madraza -Instituto de Ense\u00f1anza Secundaria - Granada\"},\"image\":{\"@id\":\"https:\\\/\\\/ieslamadraza.com\\\/wp\\\/#\\\/schema\\\/logo\\\/image\\\/\"},\"sameAs\":[\"https:\\\/\\\/www.facebook.com\\\/ieslamadraza\\\/\",\"https:\\\/\\\/x.com\\\/MadrazaLa\",\"https:\\\/\\\/www.instagram.com\\\/institutolamadraza\\\/\"]},{\"@type\":\"Person\",\"@id\":\"https:\\\/\\\/ieslamadraza.com\\\/wp\\\/#\\\/schema\\\/person\\\/4a8364cf1c9304a4fd80f01759af7418\",\"name\":\"Mar\u00eda L\u00f3pez Cabrera\",\"image\":{\"@type\":\"ImageObject\",\"inLanguage\":\"es\",\"@id\":\"https:\\\/\\\/secure.gravatar.com\\\/avatar\\\/679e119ad77a9a59f38b5ce8cd47cd6f815aea08843594bec753fbbec8dc945e?s=96&d=mm&r=g\",\"url\":\"https:\\\/\\\/secure.gravatar.com\\\/avatar\\\/679e119ad77a9a59f38b5ce8cd47cd6f815aea08843594bec753fbbec8dc945e?s=96&d=mm&r=g\",\"contentUrl\":\"https:\\\/\\\/secure.gravatar.com\\\/avatar\\\/679e119ad77a9a59f38b5ce8cd47cd6f815aea08843594bec753fbbec8dc945e?s=96&d=mm&r=g\",\"caption\":\"Mar\u00eda L\u00f3pez Cabrera\"},\"url\":\"https:\\\/\\\/ieslamadraza.com\\\/wp\\\/author\\\/maria\\\/\"}]}<\/script>\n<!-- \/ Yoast SEO plugin. -->","yoast_head_json":{"title":"Radio la Madraza n\u00ba 37: Teatro homenaje a Julio Verne - IES LA MADRAZA","description":"IES La Madraza","robots":{"index":"index","follow":"follow","max-snippet":"max-snippet:-1","max-image-preview":"max-image-preview:large","max-video-preview":"max-video-preview:-1"},"canonical":"https:\/\/ieslamadraza.com\/wp\/radio-la-madraza-no-37-teatro-homenaje-a-julio-verne\/","og_locale":"es_ES","og_type":"article","og_title":"Radio la Madraza n\u00ba 37: Teatro homenaje a Julio Verne - IES LA MADRAZA","og_description":"IES La Madraza","og_url":"https:\/\/ieslamadraza.com\/wp\/radio-la-madraza-no-37-teatro-homenaje-a-julio-verne\/","og_site_name":"IES LA MADRAZA","article_publisher":"https:\/\/www.facebook.com\/ieslamadraza\/","article_published_time":"2021-04-19T11:54:29+00:00","og_image":[{"width":1075,"height":1079,"url":"https:\/\/ieslamadraza.com\/wp\/wp-content\/img\/2021\/04\/Captura-de-pantalla-2021-04-19-a-las-13.53.41.png","type":"image\/png"}],"author":"Mar\u00eda L\u00f3pez Cabrera","twitter_card":"summary_large_image","twitter_creator":"@MadrazaLa","twitter_site":"@MadrazaLa","twitter_misc":{"Escrito por":"Mar\u00eda L\u00f3pez Cabrera","Tiempo de lectura":"1 minuto"},"schema":{"@context":"https:\/\/schema.org","@graph":[{"@type":"Article","@id":"https:\/\/ieslamadraza.com\/wp\/radio-la-madraza-no-37-teatro-homenaje-a-julio-verne\/#article","isPartOf":{"@id":"https:\/\/ieslamadraza.com\/wp\/radio-la-madraza-no-37-teatro-homenaje-a-julio-verne\/"},"author":{"name":"Mar\u00eda L\u00f3pez Cabrera","@id":"https:\/\/ieslamadraza.com\/wp\/#\/schema\/person\/4a8364cf1c9304a4fd80f01759af7418"},"headline":"Radio la Madraza n\u00ba 37: Teatro homenaje a Julio Verne","datePublished":"2021-04-19T11:54:29+00:00","mainEntityOfPage":{"@id":"https:\/\/ieslamadraza.com\/wp\/radio-la-madraza-no-37-teatro-homenaje-a-julio-verne\/"},"wordCount":55,"commentCount":0,"publisher":{"@id":"https:\/\/ieslamadraza.com\/wp\/#organization"},"image":{"@id":"https:\/\/ieslamadraza.com\/wp\/radio-la-madraza-no-37-teatro-homenaje-a-julio-verne\/#primaryimage"},"thumbnailUrl":"https:\/\/ieslamadraza.com\/wp\/wp-content\/img\/2021\/04\/Captura-de-pantalla-2021-04-19-a-las-13.53.41.png","articleSection":["FRANC\u00c9S","RADIO LA MADRAZA"],"inLanguage":"es","potentialAction":[{"@type":"CommentAction","name":"Comment","target":["https:\/\/ieslamadraza.com\/wp\/radio-la-madraza-no-37-teatro-homenaje-a-julio-verne\/#respond"]}]},{"@type":"WebPage","@id":"https:\/\/ieslamadraza.com\/wp\/radio-la-madraza-no-37-teatro-homenaje-a-julio-verne\/","url":"https:\/\/ieslamadraza.com\/wp\/radio-la-madraza-no-37-teatro-homenaje-a-julio-verne\/","name":"Radio la Madraza n\u00ba 37: Teatro homenaje a Julio Verne - IES LA MADRAZA","isPartOf":{"@id":"https:\/\/ieslamadraza.com\/wp\/#website"},"primaryImageOfPage":{"@id":"https:\/\/ieslamadraza.com\/wp\/radio-la-madraza-no-37-teatro-homenaje-a-julio-verne\/#primaryimage"},"image":{"@id":"https:\/\/ieslamadraza.com\/wp\/radio-la-madraza-no-37-teatro-homenaje-a-julio-verne\/#primaryimage"},"thumbnailUrl":"https:\/\/ieslamadraza.com\/wp\/wp-content\/img\/2021\/04\/Captura-de-pantalla-2021-04-19-a-las-13.53.41.png","datePublished":"2021-04-19T11:54:29+00:00","description":"IES La Madraza","breadcrumb":{"@id":"https:\/\/ieslamadraza.com\/wp\/radio-la-madraza-no-37-teatro-homenaje-a-julio-verne\/#breadcrumb"},"inLanguage":"es","potentialAction":[{"@type":"ReadAction","target":["https:\/\/ieslamadraza.com\/wp\/radio-la-madraza-no-37-teatro-homenaje-a-julio-verne\/"]}]},{"@type":"ImageObject","inLanguage":"es","@id":"https:\/\/ieslamadraza.com\/wp\/radio-la-madraza-no-37-teatro-homenaje-a-julio-verne\/#primaryimage","url":"https:\/\/ieslamadraza.com\/wp\/wp-content\/img\/2021\/04\/Captura-de-pantalla-2021-04-19-a-las-13.53.41.png","contentUrl":"https:\/\/ieslamadraza.com\/wp\/wp-content\/img\/2021\/04\/Captura-de-pantalla-2021-04-19-a-las-13.53.41.png","width":1075,"height":1079},{"@type":"BreadcrumbList","@id":"https:\/\/ieslamadraza.com\/wp\/radio-la-madraza-no-37-teatro-homenaje-a-julio-verne\/#breadcrumb","itemListElement":[{"@type":"ListItem","position":1,"name":"Portada","item":"https:\/\/ieslamadraza.com\/wp\/"},{"@type":"ListItem","position":2,"name":"Radio la Madraza n\u00ba 37: Teatro homenaje a Julio Verne"}]},{"@type":"WebSite","@id":"https:\/\/ieslamadraza.com\/wp\/#website","url":"https:\/\/ieslamadraza.com\/wp\/","name":"IES LA MADRAZA","description":"Instituto de Ense\u00f1anza Secundaria de Granada (Espa\u00f1a)","publisher":{"@id":"https:\/\/ieslamadraza.com\/wp\/#organization"},"alternateName":"Inicio - IES LA MADRAZA","potentialAction":[{"@type":"SearchAction","target":{"@type":"EntryPoint","urlTemplate":"https:\/\/ieslamadraza.com\/wp\/?s={search_term_string}"},"query-input":{"@type":"PropertyValueSpecification","valueRequired":true,"valueName":"search_term_string"}}],"inLanguage":"es"},{"@type":"Organization","@id":"https:\/\/ieslamadraza.com\/wp\/#organization","name":"IES La Madraza -Instituto de Ense\u00f1anza Secundaria - Granada","alternateName":"IES La Madraza -Instituto de Ense\u00f1anza Secundaria - Granada","url":"https:\/\/ieslamadraza.com\/wp\/","logo":{"@type":"ImageObject","inLanguage":"es","@id":"https:\/\/ieslamadraza.com\/wp\/#\/schema\/logo\/image\/","url":"https:\/\/ieslamadraza.com\/wp\/wp-content\/img\/2025\/10\/logo.jpeg","contentUrl":"https:\/\/ieslamadraza.com\/wp\/wp-content\/img\/2025\/10\/logo.jpeg","width":225,"height":225,"caption":"IES La Madraza -Instituto de Ense\u00f1anza Secundaria - Granada"},"image":{"@id":"https:\/\/ieslamadraza.com\/wp\/#\/schema\/logo\/image\/"},"sameAs":["https:\/\/www.facebook.com\/ieslamadraza\/","https:\/\/x.com\/MadrazaLa","https:\/\/www.instagram.com\/institutolamadraza\/"]},{"@type":"Person","@id":"https:\/\/ieslamadraza.com\/wp\/#\/schema\/person\/4a8364cf1c9304a4fd80f01759af7418","name":"Mar\u00eda L\u00f3pez Cabrera","image":{"@type":"ImageObject","inLanguage":"es","@id":"https:\/\/secure.gravatar.com\/avatar\/679e119ad77a9a59f38b5ce8cd47cd6f815aea08843594bec753fbbec8dc945e?s=96&d=mm&r=g","url":"https:\/\/secure.gravatar.com\/avatar\/679e119ad77a9a59f38b5ce8cd47cd6f815aea08843594bec753fbbec8dc945e?s=96&d=mm&r=g","contentUrl":"https:\/\/secure.gravatar.com\/avatar\/679e119ad77a9a59f38b5ce8cd47cd6f815aea08843594bec753fbbec8dc945e?s=96&d=mm&r=g","caption":"Mar\u00eda L\u00f3pez Cabrera"},"url":"https:\/\/ieslamadraza.com\/wp\/author\/maria\/"}]}},"_links":{"self":[{"href":"https:\/\/ieslamadraza.com\/wp\/wp-json\/wp\/v2\/posts\/14837","targetHints":{"allow":["GET"]}}],"collection":[{"href":"https:\/\/ieslamadraza.com\/wp\/wp-json\/wp\/v2\/posts"}],"about":[{"href":"https:\/\/ieslamadraza.com\/wp\/wp-json\/wp\/v2\/types\/post"}],"author":[{"embeddable":true,"href":"https:\/\/ieslamadraza.com\/wp\/wp-json\/wp\/v2\/users\/5"}],"replies":[{"embeddable":true,"href":"https:\/\/ieslamadraza.com\/wp\/wp-json\/wp\/v2\/comments?post=14837"}],"version-history":[{"count":0,"href":"https:\/\/ieslamadraza.com\/wp\/wp-json\/wp\/v2\/posts\/14837\/revisions"}],"wp:featuredmedia":[{"embeddable":true,"href":"https:\/\/ieslamadraza.com\/wp\/wp-json\/wp\/v2\/media\/14838"}],"wp:attachment":[{"href":"https:\/\/ieslamadraza.com\/wp\/wp-json\/wp\/v2\/media?parent=14837"}],"wp:term":[{"taxonomy":"category","embeddable":true,"href":"https:\/\/ieslamadraza.com\/wp\/wp-json\/wp\/v2\/categories?post=14837"},{"taxonomy":"post_tag","embeddable":true,"href":"https:\/\/ieslamadraza.com\/wp\/wp-json\/wp\/v2\/tags?post=14837"}],"curies":[{"name":"wp","href":"https:\/\/api.w.org\/{rel}","templated":true}]}}