{"id":1480,"date":"2015-06-26T14:22:56","date_gmt":"2015-06-26T12:22:56","guid":{"rendered":"http:\/\/ieslamadraza.com\/wp\/inmersion-lingueistica-para-2oeso\/"},"modified":"2019-09-03T08:06:02","modified_gmt":"2019-09-03T06:06:02","slug":"inmersion-lingueistica-para-2oeso","status":"publish","type":"post","link":"https:\/\/ieslamadraza.com\/wp\/inmersion-lingueistica-para-2oeso\/","title":{"rendered":"Inmersi\u00f3n ling\u00fc\u00edstica para 2\u00baESO"},"content":{"rendered":"<div style=\"text-align: justify;\">Del 24 al 30 de junio el alumnado de 2\u00baESO participa en una semana de inmersi\u00f3n ling\u00fc\u00edstica en Las Rozas (Madrid) con sus profesores Francisco Vigil y Jorge Fern\u00e1ndez. <a target=\"_blank\" title=\"Ver m\u00e1s fotos\" href=\"images\/stories\/2015_06_24%20Las%20Rozas.pdf\" rel=\"noopener noreferrer\">Ver fotos.<\/a><\/div>\n<p style=\"text-align: center;\"><a target=\"_blank\" title=\"Ver m\u00e1s fotos\" href=\"images\/stories\/2015_06_24%20Las%20Rozas.pdf\" rel=\"noopener noreferrer\"><\/a><\/p>\n<p style=\"text-align: center;\"><a target=\"_blank\" href=\"ftp:\/\/ma22dra31za85@ftp.ieslamadraza.com\/httpdocs\/images\/stories\/2015_06_24%20Inmersion%20Linguistica%20Las%20Rozas.pdf\" rel=\"noopener noreferrer\">Ver programa de actividades.<\/a><\/p>\n","protected":false},"excerpt":{"rendered":"<p>Del 24 al 30 de junio el alumnado de 2\u00baESO participa en una semana de inmersi\u00f3n ling\u00fc\u00edstica en Las Rozas (Madrid) con sus profesores Francisco Vigil y Jorge Fern\u00e1ndez. Ver fotos. Ver programa de actividades.<\/p>\n","protected":false},"author":7,"featured_media":0,"comment_status":"closed","ping_status":"closed","sticky":false,"template":"","format":"standard","meta":{"_et_pb_use_builder":"","_et_pb_old_content":"","_et_gb_content_width":"","_monsterinsights_skip_tracking":false,"_monsterinsights_sitenote_active":false,"_monsterinsights_sitenote_note":"","_monsterinsights_sitenote_category":0,"footnotes":""},"categories":[96,100],"tags":[],"class_list":["post-1480","post","type-post","status-publish","format-standard","hentry","category-extraescolares","category-inmersion","et-doesnt-have-format-content","et_post_format-et-post-format-standard"],"yoast_head":"<!-- This site is optimized with the Yoast SEO plugin v27.4 - https:\/\/yoast.com\/product\/yoast-seo-wordpress\/ -->\n<title>Inmersi\u00f3n ling\u00fc\u00edstica para 2\u00baESO - IES LA MADRAZA<\/title>\n<meta name=\"description\" content=\"IES La Madraza\" \/>\n<meta name=\"robots\" content=\"index, follow, max-snippet:-1, max-image-preview:large, max-video-preview:-1\" \/>\n<link rel=\"canonical\" href=\"https:\/\/ieslamadraza.com\/wp\/inmersion-lingueistica-para-2oeso\/\" \/>\n<meta property=\"og:locale\" content=\"es_ES\" \/>\n<meta property=\"og:type\" content=\"article\" \/>\n<meta property=\"og:title\" content=\"Inmersi\u00f3n ling\u00fc\u00edstica para 2\u00baESO - IES LA MADRAZA\" \/>\n<meta property=\"og:description\" content=\"IES La Madraza\" \/>\n<meta property=\"og:url\" content=\"https:\/\/ieslamadraza.com\/wp\/inmersion-lingueistica-para-2oeso\/\" \/>\n<meta property=\"og:site_name\" content=\"IES LA MADRAZA\" \/>\n<meta property=\"article:publisher\" content=\"https:\/\/www.facebook.com\/ieslamadraza\/\" \/>\n<meta property=\"article:published_time\" content=\"2015-06-26T12:22:56+00:00\" \/>\n<meta property=\"article:modified_time\" content=\"2019-09-03T06:06:02+00:00\" \/>\n<meta property=\"og:image\" content=\"https:\/\/ieslamadraza.com\/wp\/wp-content\/img\/2020\/09\/logopequeno-.png\" \/>\n\t<meta property=\"og:image:width\" content=\"150\" \/>\n\t<meta property=\"og:image:height\" content=\"150\" \/>\n\t<meta property=\"og:image:type\" content=\"image\/png\" \/>\n<meta name=\"author\" content=\"admin_IES-laMadraza\" \/>\n<meta name=\"twitter:card\" content=\"summary_large_image\" \/>\n<meta name=\"twitter:creator\" content=\"@MadrazaLa\" \/>\n<meta name=\"twitter:site\" content=\"@MadrazaLa\" \/>\n<meta name=\"twitter:label1\" content=\"Escrito por\" \/>\n\t<meta name=\"twitter:data1\" content=\"admin_IES-laMadraza\" \/>\n<script type=\"application\/ld+json\" class=\"yoast-schema-graph\">{\"@context\":\"https:\\\/\\\/schema.org\",\"@graph\":[{\"@type\":\"Article\",\"@id\":\"https:\\\/\\\/ieslamadraza.com\\\/wp\\\/inmersion-lingueistica-para-2oeso\\\/#article\",\"isPartOf\":{\"@id\":\"https:\\\/\\\/ieslamadraza.com\\\/wp\\\/inmersion-lingueistica-para-2oeso\\\/\"},\"author\":{\"name\":\"admin_IES-laMadraza\",\"@id\":\"https:\\\/\\\/ieslamadraza.com\\\/wp\\\/#\\\/schema\\\/person\\\/f80b2662c85d3a875653d8c393c0e24b\"},\"headline\":\"Inmersi\u00f3n ling\u00fc\u00edstica para 2\u00baESO\",\"datePublished\":\"2015-06-26T12:22:56+00:00\",\"dateModified\":\"2019-09-03T06:06:02+00:00\",\"mainEntityOfPage\":{\"@id\":\"https:\\\/\\\/ieslamadraza.com\\\/wp\\\/inmersion-lingueistica-para-2oeso\\\/\"},\"wordCount\":42,\"publisher\":{\"@id\":\"https:\\\/\\\/ieslamadraza.com\\\/wp\\\/#organization\"},\"articleSection\":[\"ACT. EXTRAESCOLARES\",\"INMERSIONES LING\u00dc\u00cdSTICAS\"],\"inLanguage\":\"es\"},{\"@type\":\"WebPage\",\"@id\":\"https:\\\/\\\/ieslamadraza.com\\\/wp\\\/inmersion-lingueistica-para-2oeso\\\/\",\"url\":\"https:\\\/\\\/ieslamadraza.com\\\/wp\\\/inmersion-lingueistica-para-2oeso\\\/\",\"name\":\"Inmersi\u00f3n ling\u00fc\u00edstica para 2\u00baESO - IES LA MADRAZA\",\"isPartOf\":{\"@id\":\"https:\\\/\\\/ieslamadraza.com\\\/wp\\\/#website\"},\"datePublished\":\"2015-06-26T12:22:56+00:00\",\"dateModified\":\"2019-09-03T06:06:02+00:00\",\"description\":\"IES La Madraza\",\"breadcrumb\":{\"@id\":\"https:\\\/\\\/ieslamadraza.com\\\/wp\\\/inmersion-lingueistica-para-2oeso\\\/#breadcrumb\"},\"inLanguage\":\"es\",\"potentialAction\":[{\"@type\":\"ReadAction\",\"target\":[\"https:\\\/\\\/ieslamadraza.com\\\/wp\\\/inmersion-lingueistica-para-2oeso\\\/\"]}]},{\"@type\":\"BreadcrumbList\",\"@id\":\"https:\\\/\\\/ieslamadraza.com\\\/wp\\\/inmersion-lingueistica-para-2oeso\\\/#breadcrumb\",\"itemListElement\":[{\"@type\":\"ListItem\",\"position\":1,\"name\":\"Portada\",\"item\":\"https:\\\/\\\/ieslamadraza.com\\\/wp\\\/\"},{\"@type\":\"ListItem\",\"position\":2,\"name\":\"Inmersi\u00f3n ling\u00fc\u00edstica para 2\u00baESO\"}]},{\"@type\":\"WebSite\",\"@id\":\"https:\\\/\\\/ieslamadraza.com\\\/wp\\\/#website\",\"url\":\"https:\\\/\\\/ieslamadraza.com\\\/wp\\\/\",\"name\":\"IES LA MADRAZA\",\"description\":\"Instituto de Ense\u00f1anza Secundaria de Granada (Espa\u00f1a)\",\"publisher\":{\"@id\":\"https:\\\/\\\/ieslamadraza.com\\\/wp\\\/#organization\"},\"alternateName\":\"Inicio - IES LA MADRAZA\",\"potentialAction\":[{\"@type\":\"SearchAction\",\"target\":{\"@type\":\"EntryPoint\",\"urlTemplate\":\"https:\\\/\\\/ieslamadraza.com\\\/wp\\\/?s={search_term_string}\"},\"query-input\":{\"@type\":\"PropertyValueSpecification\",\"valueRequired\":true,\"valueName\":\"search_term_string\"}}],\"inLanguage\":\"es\"},{\"@type\":\"Organization\",\"@id\":\"https:\\\/\\\/ieslamadraza.com\\\/wp\\\/#organization\",\"name\":\"IES La Madraza -Instituto de Ense\u00f1anza Secundaria - Granada\",\"alternateName\":\"IES La Madraza -Instituto de Ense\u00f1anza Secundaria - Granada\",\"url\":\"https:\\\/\\\/ieslamadraza.com\\\/wp\\\/\",\"logo\":{\"@type\":\"ImageObject\",\"inLanguage\":\"es\",\"@id\":\"https:\\\/\\\/ieslamadraza.com\\\/wp\\\/#\\\/schema\\\/logo\\\/image\\\/\",\"url\":\"https:\\\/\\\/ieslamadraza.com\\\/wp\\\/wp-content\\\/img\\\/2025\\\/10\\\/logo.jpeg\",\"contentUrl\":\"https:\\\/\\\/ieslamadraza.com\\\/wp\\\/wp-content\\\/img\\\/2025\\\/10\\\/logo.jpeg\",\"width\":225,\"height\":225,\"caption\":\"IES La Madraza -Instituto de Ense\u00f1anza Secundaria - Granada\"},\"image\":{\"@id\":\"https:\\\/\\\/ieslamadraza.com\\\/wp\\\/#\\\/schema\\\/logo\\\/image\\\/\"},\"sameAs\":[\"https:\\\/\\\/www.facebook.com\\\/ieslamadraza\\\/\",\"https:\\\/\\\/x.com\\\/MadrazaLa\",\"https:\\\/\\\/www.instagram.com\\\/institutolamadraza\\\/\"]},{\"@type\":\"Person\",\"@id\":\"https:\\\/\\\/ieslamadraza.com\\\/wp\\\/#\\\/schema\\\/person\\\/f80b2662c85d3a875653d8c393c0e24b\",\"name\":\"admin_IES-laMadraza\",\"image\":{\"@type\":\"ImageObject\",\"inLanguage\":\"es\",\"@id\":\"https:\\\/\\\/secure.gravatar.com\\\/avatar\\\/aad8ae5b110afbe2f2e7011bba88e4b5b97b4a632e22255df6b653bdca4d179a?s=96&d=mm&r=g\",\"url\":\"https:\\\/\\\/secure.gravatar.com\\\/avatar\\\/aad8ae5b110afbe2f2e7011bba88e4b5b97b4a632e22255df6b653bdca4d179a?s=96&d=mm&r=g\",\"contentUrl\":\"https:\\\/\\\/secure.gravatar.com\\\/avatar\\\/aad8ae5b110afbe2f2e7011bba88e4b5b97b4a632e22255df6b653bdca4d179a?s=96&d=mm&r=g\",\"caption\":\"admin_IES-laMadraza\"},\"url\":\"https:\\\/\\\/ieslamadraza.com\\\/wp\\\/author\\\/admin_ies-lamadraza\\\/\"}]}<\/script>\n<!-- \/ Yoast SEO plugin. -->","yoast_head_json":{"title":"Inmersi\u00f3n ling\u00fc\u00edstica para 2\u00baESO - IES LA MADRAZA","description":"IES La Madraza","robots":{"index":"index","follow":"follow","max-snippet":"max-snippet:-1","max-image-preview":"max-image-preview:large","max-video-preview":"max-video-preview:-1"},"canonical":"https:\/\/ieslamadraza.com\/wp\/inmersion-lingueistica-para-2oeso\/","og_locale":"es_ES","og_type":"article","og_title":"Inmersi\u00f3n ling\u00fc\u00edstica para 2\u00baESO - IES LA MADRAZA","og_description":"IES La Madraza","og_url":"https:\/\/ieslamadraza.com\/wp\/inmersion-lingueistica-para-2oeso\/","og_site_name":"IES LA MADRAZA","article_publisher":"https:\/\/www.facebook.com\/ieslamadraza\/","article_published_time":"2015-06-26T12:22:56+00:00","article_modified_time":"2019-09-03T06:06:02+00:00","og_image":[{"width":150,"height":150,"url":"https:\/\/ieslamadraza.com\/wp\/wp-content\/img\/2020\/09\/logopequeno-.png","type":"image\/png"}],"author":"admin_IES-laMadraza","twitter_card":"summary_large_image","twitter_creator":"@MadrazaLa","twitter_site":"@MadrazaLa","twitter_misc":{"Escrito por":"admin_IES-laMadraza"},"schema":{"@context":"https:\/\/schema.org","@graph":[{"@type":"Article","@id":"https:\/\/ieslamadraza.com\/wp\/inmersion-lingueistica-para-2oeso\/#article","isPartOf":{"@id":"https:\/\/ieslamadraza.com\/wp\/inmersion-lingueistica-para-2oeso\/"},"author":{"name":"admin_IES-laMadraza","@id":"https:\/\/ieslamadraza.com\/wp\/#\/schema\/person\/f80b2662c85d3a875653d8c393c0e24b"},"headline":"Inmersi\u00f3n ling\u00fc\u00edstica para 2\u00baESO","datePublished":"2015-06-26T12:22:56+00:00","dateModified":"2019-09-03T06:06:02+00:00","mainEntityOfPage":{"@id":"https:\/\/ieslamadraza.com\/wp\/inmersion-lingueistica-para-2oeso\/"},"wordCount":42,"publisher":{"@id":"https:\/\/ieslamadraza.com\/wp\/#organization"},"articleSection":["ACT. EXTRAESCOLARES","INMERSIONES LING\u00dc\u00cdSTICAS"],"inLanguage":"es"},{"@type":"WebPage","@id":"https:\/\/ieslamadraza.com\/wp\/inmersion-lingueistica-para-2oeso\/","url":"https:\/\/ieslamadraza.com\/wp\/inmersion-lingueistica-para-2oeso\/","name":"Inmersi\u00f3n ling\u00fc\u00edstica para 2\u00baESO - IES LA MADRAZA","isPartOf":{"@id":"https:\/\/ieslamadraza.com\/wp\/#website"},"datePublished":"2015-06-26T12:22:56+00:00","dateModified":"2019-09-03T06:06:02+00:00","description":"IES La Madraza","breadcrumb":{"@id":"https:\/\/ieslamadraza.com\/wp\/inmersion-lingueistica-para-2oeso\/#breadcrumb"},"inLanguage":"es","potentialAction":[{"@type":"ReadAction","target":["https:\/\/ieslamadraza.com\/wp\/inmersion-lingueistica-para-2oeso\/"]}]},{"@type":"BreadcrumbList","@id":"https:\/\/ieslamadraza.com\/wp\/inmersion-lingueistica-para-2oeso\/#breadcrumb","itemListElement":[{"@type":"ListItem","position":1,"name":"Portada","item":"https:\/\/ieslamadraza.com\/wp\/"},{"@type":"ListItem","position":2,"name":"Inmersi\u00f3n ling\u00fc\u00edstica para 2\u00baESO"}]},{"@type":"WebSite","@id":"https:\/\/ieslamadraza.com\/wp\/#website","url":"https:\/\/ieslamadraza.com\/wp\/","name":"IES LA MADRAZA","description":"Instituto de Ense\u00f1anza Secundaria de Granada (Espa\u00f1a)","publisher":{"@id":"https:\/\/ieslamadraza.com\/wp\/#organization"},"alternateName":"Inicio - IES LA MADRAZA","potentialAction":[{"@type":"SearchAction","target":{"@type":"EntryPoint","urlTemplate":"https:\/\/ieslamadraza.com\/wp\/?s={search_term_string}"},"query-input":{"@type":"PropertyValueSpecification","valueRequired":true,"valueName":"search_term_string"}}],"inLanguage":"es"},{"@type":"Organization","@id":"https:\/\/ieslamadraza.com\/wp\/#organization","name":"IES La Madraza -Instituto de Ense\u00f1anza Secundaria - Granada","alternateName":"IES La Madraza -Instituto de Ense\u00f1anza Secundaria - Granada","url":"https:\/\/ieslamadraza.com\/wp\/","logo":{"@type":"ImageObject","inLanguage":"es","@id":"https:\/\/ieslamadraza.com\/wp\/#\/schema\/logo\/image\/","url":"https:\/\/ieslamadraza.com\/wp\/wp-content\/img\/2025\/10\/logo.jpeg","contentUrl":"https:\/\/ieslamadraza.com\/wp\/wp-content\/img\/2025\/10\/logo.jpeg","width":225,"height":225,"caption":"IES La Madraza -Instituto de Ense\u00f1anza Secundaria - Granada"},"image":{"@id":"https:\/\/ieslamadraza.com\/wp\/#\/schema\/logo\/image\/"},"sameAs":["https:\/\/www.facebook.com\/ieslamadraza\/","https:\/\/x.com\/MadrazaLa","https:\/\/www.instagram.com\/institutolamadraza\/"]},{"@type":"Person","@id":"https:\/\/ieslamadraza.com\/wp\/#\/schema\/person\/f80b2662c85d3a875653d8c393c0e24b","name":"admin_IES-laMadraza","image":{"@type":"ImageObject","inLanguage":"es","@id":"https:\/\/secure.gravatar.com\/avatar\/aad8ae5b110afbe2f2e7011bba88e4b5b97b4a632e22255df6b653bdca4d179a?s=96&d=mm&r=g","url":"https:\/\/secure.gravatar.com\/avatar\/aad8ae5b110afbe2f2e7011bba88e4b5b97b4a632e22255df6b653bdca4d179a?s=96&d=mm&r=g","contentUrl":"https:\/\/secure.gravatar.com\/avatar\/aad8ae5b110afbe2f2e7011bba88e4b5b97b4a632e22255df6b653bdca4d179a?s=96&d=mm&r=g","caption":"admin_IES-laMadraza"},"url":"https:\/\/ieslamadraza.com\/wp\/author\/admin_ies-lamadraza\/"}]}},"_links":{"self":[{"href":"https:\/\/ieslamadraza.com\/wp\/wp-json\/wp\/v2\/posts\/1480","targetHints":{"allow":["GET"]}}],"collection":[{"href":"https:\/\/ieslamadraza.com\/wp\/wp-json\/wp\/v2\/posts"}],"about":[{"href":"https:\/\/ieslamadraza.com\/wp\/wp-json\/wp\/v2\/types\/post"}],"author":[{"embeddable":true,"href":"https:\/\/ieslamadraza.com\/wp\/wp-json\/wp\/v2\/users\/7"}],"replies":[{"embeddable":true,"href":"https:\/\/ieslamadraza.com\/wp\/wp-json\/wp\/v2\/comments?post=1480"}],"version-history":[{"count":0,"href":"https:\/\/ieslamadraza.com\/wp\/wp-json\/wp\/v2\/posts\/1480\/revisions"}],"wp:attachment":[{"href":"https:\/\/ieslamadraza.com\/wp\/wp-json\/wp\/v2\/media?parent=1480"}],"wp:term":[{"taxonomy":"category","embeddable":true,"href":"https:\/\/ieslamadraza.com\/wp\/wp-json\/wp\/v2\/categories?post=1480"},{"taxonomy":"post_tag","embeddable":true,"href":"https:\/\/ieslamadraza.com\/wp\/wp-json\/wp\/v2\/tags?post=1480"}],"curies":[{"name":"wp","href":"https:\/\/api.w.org\/{rel}","templated":true}]}}