{"id":1453,"date":"2015-06-07T15:02:13","date_gmt":"2015-06-07T13:02:13","guid":{"rendered":"http:\/\/ieslamadraza.com\/wp\/los-lunes-poesia-20150608\/"},"modified":"2019-09-03T18:52:36","modified_gmt":"2019-09-03T16:52:36","slug":"los-lunes-poesia-20150608","status":"publish","type":"post","link":"https:\/\/ieslamadraza.com\/wp\/los-lunes-poesia-20150608\/","title":{"rendered":"Los lunes&#8230; poes\u00eda (2015\/06\/08)"},"content":{"rendered":"<div style=\"text-align: justify;\"><a href=\"https:\/\/ieslamadraza.com\/wp\/los-lunes-poesia\/\">LOS LUNES&#8230;POES\u00cdA<\/a> se va de Feria del Corpus. Llegando a  la plaza de Bib-Rambla descubre las divertidas CAROCAS, caricaturas y quintillas que exponen y critican situaciones de la vida cotidiana, centradas principalmente en lo que acontece en nuestra ciudad.<br \/>Las quintillas suelen salir de un concurso convocado por el Ayuntamiento, 20 de ellas son expuestas cada a\u00f1o en la Plaza de Bib-Rambla.<br \/>Haciendo un poquito de historia descubrimos que en el siglo XVIII es la plaza Bib-Rambla, la m\u00e1s cercana a la catedral, la que se engalana para esta fiesta con cornucopias, espejos y jerogl\u00edficos sagrados, que ir\u00e1n dando paso a una pintura de tono burlesco y sat\u00edrico con versos al pie.<br \/>Ya en el siglo XX asistiremos a la definitiva evoluci\u00f3n, el paso al argumento libre y a la f\u00f3rmula de quintilla, estrofa de arte menor de rima consonante, compuesta por cinco versos, y que se colocaba en cartelones bajo cada dibujo.<br \/>Tras m\u00faltiples vicisitudes a lo largo del siglo XX con la Rep\u00fablica, la Guerra Civil y la Dictadura de por medio, las carocas vuelven a tomar fuerza con la democracia.<\/div>\n<p style=\"text-align: justify;\">Feliz semana de mes de junio.<\/p>\n<table border=\"0\">\n<tbody>\n<tr>\n<td><img decoding=\"async\" data-src=\"http:\/\/www.ideal.es\/noticias\/201506\/01\/media\/granada\/caroca-2015--660x490.jpg\" width=\"235\" height=\"172\" src=\"data:image\/svg+xml;base64,PHN2ZyB3aWR0aD0iMSIgaGVpZ2h0PSIxIiB4bWxucz0iaHR0cDovL3d3dy53My5vcmcvMjAwMC9zdmciPjwvc3ZnPg==\" class=\"lazyload\" style=\"--smush-placeholder-width: 235px; --smush-placeholder-aspect-ratio: 235\/172;\" \/><\/td>\n<td><img decoding=\"async\" class=\"size-full wp-image-2957 lazyload\" data-src=\"https:\/\/ieslamadraza.com\/wp\/wp-content\/uploads\/2015\/06\/7d48ac36-6838-4aa3-be4c-8ca80bc02f5e.jpg\" width=\"227\" height=\"172\" src=\"data:image\/svg+xml;base64,PHN2ZyB3aWR0aD0iMSIgaGVpZ2h0PSIxIiB4bWxucz0iaHR0cDovL3d3dy53My5vcmcvMjAwMC9zdmciPjwvc3ZnPg==\" style=\"--smush-placeholder-width: 227px; --smush-placeholder-aspect-ratio: 227\/172;\" \/><\/td>\n<\/tr>\n<tr>\n<td><img decoding=\"async\" class=\"size-full wp-image-2958 lazyload\" data-src=\"https:\/\/ieslamadraza.com\/wp\/wp-content\/uploads\/2015\/06\/71c597a0-b905-4b3f-a713-8d5ae1303699.jpg\" width=\"233\" height=\"172\" src=\"data:image\/svg+xml;base64,PHN2ZyB3aWR0aD0iMSIgaGVpZ2h0PSIxIiB4bWxucz0iaHR0cDovL3d3dy53My5vcmcvMjAwMC9zdmciPjwvc3ZnPg==\" style=\"--smush-placeholder-width: 233px; --smush-placeholder-aspect-ratio: 233\/172;\" \/><\/td>\n<td><img decoding=\"async\" class=\"size-full wp-image-2959 lazyload\" data-src=\"https:\/\/ieslamadraza.com\/wp\/wp-content\/uploads\/2015\/06\/ad5711b4-325e-48d8-b989-7a8a9e689515.jpg\" width=\"224\" height=\"166\" src=\"data:image\/svg+xml;base64,PHN2ZyB3aWR0aD0iMSIgaGVpZ2h0PSIxIiB4bWxucz0iaHR0cDovL3d3dy53My5vcmcvMjAwMC9zdmciPjwvc3ZnPg==\" style=\"--smush-placeholder-width: 224px; --smush-placeholder-aspect-ratio: 224\/166;\" \/><\/td>\n<\/tr>\n<tr>\n<td><img decoding=\"async\" class=\"size-full wp-image-2960 lazyload\" data-src=\"https:\/\/ieslamadraza.com\/wp\/wp-content\/uploads\/2015\/06\/82aba367-71bb-4ca0-816a-0d425e0748f3.jpg\" width=\"231\" height=\"173\" data-srcset=\"https:\/\/ieslamadraza.com\/wp\/wp-content\/img\/2015\/06\/82aba367-71bb-4ca0-816a-0d425e0748f3.jpg 640w, https:\/\/ieslamadraza.com\/wp\/wp-content\/img\/2015\/06\/82aba367-71bb-4ca0-816a-0d425e0748f3-300x225.jpg 300w, https:\/\/ieslamadraza.com\/wp\/wp-content\/img\/2015\/06\/82aba367-71bb-4ca0-816a-0d425e0748f3-510x382.jpg 510w\" data-sizes=\"(max-width: 231px) 100vw, 231px\" src=\"data:image\/svg+xml;base64,PHN2ZyB3aWR0aD0iMSIgaGVpZ2h0PSIxIiB4bWxucz0iaHR0cDovL3d3dy53My5vcmcvMjAwMC9zdmciPjwvc3ZnPg==\" style=\"--smush-placeholder-width: 231px; --smush-placeholder-aspect-ratio: 231\/173;\" \/><\/td>\n<td><img decoding=\"async\" class=\"size-full wp-image-2961 lazyload\" data-src=\"https:\/\/ieslamadraza.com\/wp\/wp-content\/uploads\/2015\/06\/06df33a3-ec25-4118-8a59-0a03072d8c2b.jpg\" width=\"224\" height=\"166\" src=\"data:image\/svg+xml;base64,PHN2ZyB3aWR0aD0iMSIgaGVpZ2h0PSIxIiB4bWxucz0iaHR0cDovL3d3dy53My5vcmcvMjAwMC9zdmciPjwvc3ZnPg==\" style=\"--smush-placeholder-width: 224px; --smush-placeholder-aspect-ratio: 224\/166;\" \/><\/td>\n<\/tr>\n<tr>\n<td><img decoding=\"async\" class=\"size-full wp-image-2962 lazyload\" data-src=\"https:\/\/ieslamadraza.com\/wp\/wp-content\/uploads\/2015\/06\/6f6269a7-2a41-4faa-8745-3c2e08a02814.jpg\" width=\"229\" height=\"169\" src=\"data:image\/svg+xml;base64,PHN2ZyB3aWR0aD0iMSIgaGVpZ2h0PSIxIiB4bWxucz0iaHR0cDovL3d3dy53My5vcmcvMjAwMC9zdmciPjwvc3ZnPg==\" style=\"--smush-placeholder-width: 229px; --smush-placeholder-aspect-ratio: 229\/169;\" \/><\/td>\n<td><img decoding=\"async\" class=\"size-full wp-image-2963 lazyload\" data-src=\"https:\/\/ieslamadraza.com\/wp\/wp-content\/uploads\/2015\/06\/34113f02-e951-4a4a-8f1c-f5a8b9d24116.jpg\" width=\"222\" height=\"166\" data-srcset=\"https:\/\/ieslamadraza.com\/wp\/wp-content\/img\/2015\/06\/34113f02-e951-4a4a-8f1c-f5a8b9d24116.jpg 640w, https:\/\/ieslamadraza.com\/wp\/wp-content\/img\/2015\/06\/34113f02-e951-4a4a-8f1c-f5a8b9d24116-300x225.jpg 300w, https:\/\/ieslamadraza.com\/wp\/wp-content\/img\/2015\/06\/34113f02-e951-4a4a-8f1c-f5a8b9d24116-510x382.jpg 510w\" data-sizes=\"(max-width: 222px) 100vw, 222px\" src=\"data:image\/svg+xml;base64,PHN2ZyB3aWR0aD0iMSIgaGVpZ2h0PSIxIiB4bWxucz0iaHR0cDovL3d3dy53My5vcmcvMjAwMC9zdmciPjwvc3ZnPg==\" style=\"--smush-placeholder-width: 222px; --smush-placeholder-aspect-ratio: 222\/166;\" \/><\/td>\n<\/tr>\n<tr>\n<td><img decoding=\"async\" class=\"size-full wp-image-2964 lazyload\" data-src=\"https:\/\/ieslamadraza.com\/wp\/wp-content\/uploads\/2015\/06\/b14bda34-eca2-46e5-8744-91fb95c8a1f2.jpg\" width=\"227\" height=\"167\" src=\"data:image\/svg+xml;base64,PHN2ZyB3aWR0aD0iMSIgaGVpZ2h0PSIxIiB4bWxucz0iaHR0cDovL3d3dy53My5vcmcvMjAwMC9zdmciPjwvc3ZnPg==\" style=\"--smush-placeholder-width: 227px; --smush-placeholder-aspect-ratio: 227\/167;\" \/><\/td>\n<td><img decoding=\"async\" class=\"size-full wp-image-2965 lazyload\" data-src=\"https:\/\/ieslamadraza.com\/wp\/wp-content\/uploads\/2015\/06\/d11ed6a1-73f5-4948-8498-1c0e2af2ff55.jpg\" width=\"224\" height=\"168\" data-srcset=\"https:\/\/ieslamadraza.com\/wp\/wp-content\/img\/2015\/06\/d11ed6a1-73f5-4948-8498-1c0e2af2ff55.jpg 639w, https:\/\/ieslamadraza.com\/wp\/wp-content\/img\/2015\/06\/d11ed6a1-73f5-4948-8498-1c0e2af2ff55-300x225.jpg 300w, https:\/\/ieslamadraza.com\/wp\/wp-content\/img\/2015\/06\/d11ed6a1-73f5-4948-8498-1c0e2af2ff55-510x382.jpg 510w\" data-sizes=\"(max-width: 224px) 100vw, 224px\" src=\"data:image\/svg+xml;base64,PHN2ZyB3aWR0aD0iMSIgaGVpZ2h0PSIxIiB4bWxucz0iaHR0cDovL3d3dy53My5vcmcvMjAwMC9zdmciPjwvc3ZnPg==\" style=\"--smush-placeholder-width: 224px; --smush-placeholder-aspect-ratio: 224\/168;\" \/><\/td>\n<\/tr>\n<tr>\n<td><img decoding=\"async\" class=\"size-full wp-image-2966 lazyload\" data-src=\"https:\/\/ieslamadraza.com\/wp\/wp-content\/uploads\/2015\/06\/e111def8-331a-4c1a-9f0b-4192e1d573f3.jpg\" width=\"227\" height=\"164\" src=\"data:image\/svg+xml;base64,PHN2ZyB3aWR0aD0iMSIgaGVpZ2h0PSIxIiB4bWxucz0iaHR0cDovL3d3dy53My5vcmcvMjAwMC9zdmciPjwvc3ZnPg==\" style=\"--smush-placeholder-width: 227px; --smush-placeholder-aspect-ratio: 227\/164;\" \/><\/td>\n<td><img decoding=\"async\" class=\"size-full wp-image-2967 lazyload\" data-src=\"https:\/\/ieslamadraza.com\/wp\/wp-content\/uploads\/2015\/06\/e9488a75-3bef-4cd4-9463-a2a7d8cfbaf6.jpg\" width=\"223\" height=\"166\" data-srcset=\"https:\/\/ieslamadraza.com\/wp\/wp-content\/img\/2015\/06\/e9488a75-3bef-4cd4-9463-a2a7d8cfbaf6-300x225.jpg 300w, https:\/\/ieslamadraza.com\/wp\/wp-content\/img\/2015\/06\/e9488a75-3bef-4cd4-9463-a2a7d8cfbaf6-510x382.jpg 510w\" data-sizes=\"(max-width: 223px) 100vw, 223px\" src=\"data:image\/svg+xml;base64,PHN2ZyB3aWR0aD0iMSIgaGVpZ2h0PSIxIiB4bWxucz0iaHR0cDovL3d3dy53My5vcmcvMjAwMC9zdmciPjwvc3ZnPg==\" style=\"--smush-placeholder-width: 223px; --smush-placeholder-aspect-ratio: 223\/166;\" \/><\/td>\n<\/tr>\n<tr>\n<td><img decoding=\"async\" class=\"size-full wp-image-2968 lazyload\" data-src=\"https:\/\/ieslamadraza.com\/wp\/wp-content\/uploads\/2015\/06\/4d436297-945f-4a1c-8a60-8f5950897814.jpg\" width=\"224\" height=\"163\" src=\"data:image\/svg+xml;base64,PHN2ZyB3aWR0aD0iMSIgaGVpZ2h0PSIxIiB4bWxucz0iaHR0cDovL3d3dy53My5vcmcvMjAwMC9zdmciPjwvc3ZnPg==\" style=\"--smush-placeholder-width: 224px; --smush-placeholder-aspect-ratio: 224\/163;\" \/><\/td>\n<td><img decoding=\"async\" class=\"size-full wp-image-2969 lazyload\" data-src=\"https:\/\/ieslamadraza.com\/wp\/wp-content\/uploads\/2015\/06\/cc95355b-1ef4-4459-8f88-6532793dda08.jpg\" width=\"221\" height=\"164\" src=\"data:image\/svg+xml;base64,PHN2ZyB3aWR0aD0iMSIgaGVpZ2h0PSIxIiB4bWxucz0iaHR0cDovL3d3dy53My5vcmcvMjAwMC9zdmciPjwvc3ZnPg==\" style=\"--smush-placeholder-width: 221px; --smush-placeholder-aspect-ratio: 221\/164;\" \/><\/td>\n<\/tr>\n<tr style=\"text-align: center;\">\n<td colspan=\"2\"><a target=\"_blank\" href=\"http:\/\/www.ahoragranada.com\/galeria\/las-carocas-del-corpus-2015-fotos-antonio-ropero\/\" rel=\"noopener noreferrer\">Ver todas las carocas de 2015<\/a><\/td>\n<\/tr>\n<\/tbody>\n<\/table>\n","protected":false},"excerpt":{"rendered":"<p>LOS LUNES&#8230;POES\u00cdA se va de Feria del Corpus. Llegando a la plaza de Bib-Rambla descubre las divertidas CAROCAS, caricaturas y quintillas que exponen y critican situaciones de la vida cotidiana, centradas principalmente en lo que acontece en nuestra ciudad.Las quintillas suelen salir de un concurso convocado por el Ayuntamiento, 20 de ellas son expuestas cada [&hellip;]<\/p>\n","protected":false},"author":7,"featured_media":0,"comment_status":"closed","ping_status":"closed","sticky":false,"template":"","format":"standard","meta":{"_et_pb_use_builder":"","_et_pb_old_content":"","_et_gb_content_width":"","_monsterinsights_skip_tracking":false,"_monsterinsights_sitenote_active":false,"_monsterinsights_sitenote_note":"","_monsterinsights_sitenote_category":0,"footnotes":""},"categories":[129],"tags":[],"class_list":["post-1453","post","type-post","status-publish","format-standard","hentry","category-poesia","et-doesnt-have-format-content","et_post_format-et-post-format-standard"],"yoast_head":"<!-- This site is optimized with the Yoast SEO plugin v27.4 - https:\/\/yoast.com\/product\/yoast-seo-wordpress\/ -->\n<title>Los lunes... poes\u00eda (2015\/06\/08) - IES LA MADRAZA<\/title>\n<meta name=\"description\" content=\"IES La Madraza\" \/>\n<meta name=\"robots\" content=\"index, follow, max-snippet:-1, max-image-preview:large, max-video-preview:-1\" \/>\n<link rel=\"canonical\" href=\"https:\/\/ieslamadraza.com\/wp\/los-lunes-poesia-20150608\/\" \/>\n<meta property=\"og:locale\" content=\"es_ES\" \/>\n<meta property=\"og:type\" content=\"article\" \/>\n<meta property=\"og:title\" content=\"Los lunes... poes\u00eda (2015\/06\/08) - IES LA MADRAZA\" \/>\n<meta property=\"og:description\" content=\"IES La Madraza\" \/>\n<meta property=\"og:url\" content=\"https:\/\/ieslamadraza.com\/wp\/los-lunes-poesia-20150608\/\" \/>\n<meta property=\"og:site_name\" content=\"IES LA MADRAZA\" \/>\n<meta property=\"article:publisher\" content=\"https:\/\/www.facebook.com\/ieslamadraza\/\" \/>\n<meta property=\"article:published_time\" content=\"2015-06-07T13:02:13+00:00\" \/>\n<meta property=\"article:modified_time\" content=\"2019-09-03T16:52:36+00:00\" \/>\n<meta property=\"og:image\" content=\"http:\/\/www.ideal.es\/noticias\/201506\/01\/media\/granada\/caroca-2015--660x490.jpg\" \/>\n<meta name=\"author\" content=\"admin_IES-laMadraza\" \/>\n<meta name=\"twitter:card\" content=\"summary_large_image\" \/>\n<meta name=\"twitter:creator\" content=\"@MadrazaLa\" \/>\n<meta name=\"twitter:site\" content=\"@MadrazaLa\" \/>\n<meta name=\"twitter:label1\" content=\"Escrito por\" \/>\n\t<meta name=\"twitter:data1\" content=\"admin_IES-laMadraza\" \/>\n\t<meta name=\"twitter:label2\" content=\"Tiempo de lectura\" \/>\n\t<meta name=\"twitter:data2\" content=\"1 minuto\" \/>\n<script type=\"application\/ld+json\" class=\"yoast-schema-graph\">{\"@context\":\"https:\\\/\\\/schema.org\",\"@graph\":[{\"@type\":\"Article\",\"@id\":\"https:\\\/\\\/ieslamadraza.com\\\/wp\\\/los-lunes-poesia-20150608\\\/#article\",\"isPartOf\":{\"@id\":\"https:\\\/\\\/ieslamadraza.com\\\/wp\\\/los-lunes-poesia-20150608\\\/\"},\"author\":{\"name\":\"admin_IES-laMadraza\",\"@id\":\"https:\\\/\\\/ieslamadraza.com\\\/wp\\\/#\\\/schema\\\/person\\\/f80b2662c85d3a875653d8c393c0e24b\"},\"headline\":\"Los lunes&#8230; poes\u00eda (2015\\\/06\\\/08)\",\"datePublished\":\"2015-06-07T13:02:13+00:00\",\"dateModified\":\"2019-09-03T16:52:36+00:00\",\"mainEntityOfPage\":{\"@id\":\"https:\\\/\\\/ieslamadraza.com\\\/wp\\\/los-lunes-poesia-20150608\\\/\"},\"wordCount\":208,\"publisher\":{\"@id\":\"https:\\\/\\\/ieslamadraza.com\\\/wp\\\/#organization\"},\"image\":{\"@id\":\"https:\\\/\\\/ieslamadraza.com\\\/wp\\\/los-lunes-poesia-20150608\\\/#primaryimage\"},\"thumbnailUrl\":\"http:\\\/\\\/www.ideal.es\\\/noticias\\\/201506\\\/01\\\/media\\\/granada\\\/caroca-2015--660x490.jpg\",\"articleSection\":[\"LOS LUNES... POES\u00cdA\"],\"inLanguage\":\"es\"},{\"@type\":\"WebPage\",\"@id\":\"https:\\\/\\\/ieslamadraza.com\\\/wp\\\/los-lunes-poesia-20150608\\\/\",\"url\":\"https:\\\/\\\/ieslamadraza.com\\\/wp\\\/los-lunes-poesia-20150608\\\/\",\"name\":\"Los lunes... poes\u00eda (2015\\\/06\\\/08) - IES LA MADRAZA\",\"isPartOf\":{\"@id\":\"https:\\\/\\\/ieslamadraza.com\\\/wp\\\/#website\"},\"primaryImageOfPage\":{\"@id\":\"https:\\\/\\\/ieslamadraza.com\\\/wp\\\/los-lunes-poesia-20150608\\\/#primaryimage\"},\"image\":{\"@id\":\"https:\\\/\\\/ieslamadraza.com\\\/wp\\\/los-lunes-poesia-20150608\\\/#primaryimage\"},\"thumbnailUrl\":\"http:\\\/\\\/www.ideal.es\\\/noticias\\\/201506\\\/01\\\/media\\\/granada\\\/caroca-2015--660x490.jpg\",\"datePublished\":\"2015-06-07T13:02:13+00:00\",\"dateModified\":\"2019-09-03T16:52:36+00:00\",\"description\":\"IES La Madraza\",\"breadcrumb\":{\"@id\":\"https:\\\/\\\/ieslamadraza.com\\\/wp\\\/los-lunes-poesia-20150608\\\/#breadcrumb\"},\"inLanguage\":\"es\",\"potentialAction\":[{\"@type\":\"ReadAction\",\"target\":[\"https:\\\/\\\/ieslamadraza.com\\\/wp\\\/los-lunes-poesia-20150608\\\/\"]}]},{\"@type\":\"ImageObject\",\"inLanguage\":\"es\",\"@id\":\"https:\\\/\\\/ieslamadraza.com\\\/wp\\\/los-lunes-poesia-20150608\\\/#primaryimage\",\"url\":\"http:\\\/\\\/www.ideal.es\\\/noticias\\\/201506\\\/01\\\/media\\\/granada\\\/caroca-2015--660x490.jpg\",\"contentUrl\":\"http:\\\/\\\/www.ideal.es\\\/noticias\\\/201506\\\/01\\\/media\\\/granada\\\/caroca-2015--660x490.jpg\"},{\"@type\":\"BreadcrumbList\",\"@id\":\"https:\\\/\\\/ieslamadraza.com\\\/wp\\\/los-lunes-poesia-20150608\\\/#breadcrumb\",\"itemListElement\":[{\"@type\":\"ListItem\",\"position\":1,\"name\":\"Portada\",\"item\":\"https:\\\/\\\/ieslamadraza.com\\\/wp\\\/\"},{\"@type\":\"ListItem\",\"position\":2,\"name\":\"Los lunes&#8230; poes\u00eda (2015\\\/06\\\/08)\"}]},{\"@type\":\"WebSite\",\"@id\":\"https:\\\/\\\/ieslamadraza.com\\\/wp\\\/#website\",\"url\":\"https:\\\/\\\/ieslamadraza.com\\\/wp\\\/\",\"name\":\"IES LA MADRAZA\",\"description\":\"Instituto de Ense\u00f1anza Secundaria de Granada (Espa\u00f1a)\",\"publisher\":{\"@id\":\"https:\\\/\\\/ieslamadraza.com\\\/wp\\\/#organization\"},\"alternateName\":\"Inicio - IES LA MADRAZA\",\"potentialAction\":[{\"@type\":\"SearchAction\",\"target\":{\"@type\":\"EntryPoint\",\"urlTemplate\":\"https:\\\/\\\/ieslamadraza.com\\\/wp\\\/?s={search_term_string}\"},\"query-input\":{\"@type\":\"PropertyValueSpecification\",\"valueRequired\":true,\"valueName\":\"search_term_string\"}}],\"inLanguage\":\"es\"},{\"@type\":\"Organization\",\"@id\":\"https:\\\/\\\/ieslamadraza.com\\\/wp\\\/#organization\",\"name\":\"IES La Madraza -Instituto de Ense\u00f1anza Secundaria - Granada\",\"alternateName\":\"IES La Madraza -Instituto de Ense\u00f1anza Secundaria - Granada\",\"url\":\"https:\\\/\\\/ieslamadraza.com\\\/wp\\\/\",\"logo\":{\"@type\":\"ImageObject\",\"inLanguage\":\"es\",\"@id\":\"https:\\\/\\\/ieslamadraza.com\\\/wp\\\/#\\\/schema\\\/logo\\\/image\\\/\",\"url\":\"https:\\\/\\\/ieslamadraza.com\\\/wp\\\/wp-content\\\/img\\\/2025\\\/10\\\/logo.jpeg\",\"contentUrl\":\"https:\\\/\\\/ieslamadraza.com\\\/wp\\\/wp-content\\\/img\\\/2025\\\/10\\\/logo.jpeg\",\"width\":225,\"height\":225,\"caption\":\"IES La Madraza -Instituto de Ense\u00f1anza Secundaria - Granada\"},\"image\":{\"@id\":\"https:\\\/\\\/ieslamadraza.com\\\/wp\\\/#\\\/schema\\\/logo\\\/image\\\/\"},\"sameAs\":[\"https:\\\/\\\/www.facebook.com\\\/ieslamadraza\\\/\",\"https:\\\/\\\/x.com\\\/MadrazaLa\",\"https:\\\/\\\/www.instagram.com\\\/institutolamadraza\\\/\"]},{\"@type\":\"Person\",\"@id\":\"https:\\\/\\\/ieslamadraza.com\\\/wp\\\/#\\\/schema\\\/person\\\/f80b2662c85d3a875653d8c393c0e24b\",\"name\":\"admin_IES-laMadraza\",\"image\":{\"@type\":\"ImageObject\",\"inLanguage\":\"es\",\"@id\":\"https:\\\/\\\/secure.gravatar.com\\\/avatar\\\/aad8ae5b110afbe2f2e7011bba88e4b5b97b4a632e22255df6b653bdca4d179a?s=96&d=mm&r=g\",\"url\":\"https:\\\/\\\/secure.gravatar.com\\\/avatar\\\/aad8ae5b110afbe2f2e7011bba88e4b5b97b4a632e22255df6b653bdca4d179a?s=96&d=mm&r=g\",\"contentUrl\":\"https:\\\/\\\/secure.gravatar.com\\\/avatar\\\/aad8ae5b110afbe2f2e7011bba88e4b5b97b4a632e22255df6b653bdca4d179a?s=96&d=mm&r=g\",\"caption\":\"admin_IES-laMadraza\"},\"url\":\"https:\\\/\\\/ieslamadraza.com\\\/wp\\\/author\\\/admin_ies-lamadraza\\\/\"}]}<\/script>\n<!-- \/ Yoast SEO plugin. -->","yoast_head_json":{"title":"Los lunes... poes\u00eda (2015\/06\/08) - IES LA MADRAZA","description":"IES La Madraza","robots":{"index":"index","follow":"follow","max-snippet":"max-snippet:-1","max-image-preview":"max-image-preview:large","max-video-preview":"max-video-preview:-1"},"canonical":"https:\/\/ieslamadraza.com\/wp\/los-lunes-poesia-20150608\/","og_locale":"es_ES","og_type":"article","og_title":"Los lunes... poes\u00eda (2015\/06\/08) - IES LA MADRAZA","og_description":"IES La Madraza","og_url":"https:\/\/ieslamadraza.com\/wp\/los-lunes-poesia-20150608\/","og_site_name":"IES LA MADRAZA","article_publisher":"https:\/\/www.facebook.com\/ieslamadraza\/","article_published_time":"2015-06-07T13:02:13+00:00","article_modified_time":"2019-09-03T16:52:36+00:00","og_image":[{"url":"http:\/\/www.ideal.es\/noticias\/201506\/01\/media\/granada\/caroca-2015--660x490.jpg","type":"","width":"","height":""}],"author":"admin_IES-laMadraza","twitter_card":"summary_large_image","twitter_creator":"@MadrazaLa","twitter_site":"@MadrazaLa","twitter_misc":{"Escrito por":"admin_IES-laMadraza","Tiempo de lectura":"1 minuto"},"schema":{"@context":"https:\/\/schema.org","@graph":[{"@type":"Article","@id":"https:\/\/ieslamadraza.com\/wp\/los-lunes-poesia-20150608\/#article","isPartOf":{"@id":"https:\/\/ieslamadraza.com\/wp\/los-lunes-poesia-20150608\/"},"author":{"name":"admin_IES-laMadraza","@id":"https:\/\/ieslamadraza.com\/wp\/#\/schema\/person\/f80b2662c85d3a875653d8c393c0e24b"},"headline":"Los lunes&#8230; poes\u00eda (2015\/06\/08)","datePublished":"2015-06-07T13:02:13+00:00","dateModified":"2019-09-03T16:52:36+00:00","mainEntityOfPage":{"@id":"https:\/\/ieslamadraza.com\/wp\/los-lunes-poesia-20150608\/"},"wordCount":208,"publisher":{"@id":"https:\/\/ieslamadraza.com\/wp\/#organization"},"image":{"@id":"https:\/\/ieslamadraza.com\/wp\/los-lunes-poesia-20150608\/#primaryimage"},"thumbnailUrl":"http:\/\/www.ideal.es\/noticias\/201506\/01\/media\/granada\/caroca-2015--660x490.jpg","articleSection":["LOS LUNES... POES\u00cdA"],"inLanguage":"es"},{"@type":"WebPage","@id":"https:\/\/ieslamadraza.com\/wp\/los-lunes-poesia-20150608\/","url":"https:\/\/ieslamadraza.com\/wp\/los-lunes-poesia-20150608\/","name":"Los lunes... poes\u00eda (2015\/06\/08) - IES LA MADRAZA","isPartOf":{"@id":"https:\/\/ieslamadraza.com\/wp\/#website"},"primaryImageOfPage":{"@id":"https:\/\/ieslamadraza.com\/wp\/los-lunes-poesia-20150608\/#primaryimage"},"image":{"@id":"https:\/\/ieslamadraza.com\/wp\/los-lunes-poesia-20150608\/#primaryimage"},"thumbnailUrl":"http:\/\/www.ideal.es\/noticias\/201506\/01\/media\/granada\/caroca-2015--660x490.jpg","datePublished":"2015-06-07T13:02:13+00:00","dateModified":"2019-09-03T16:52:36+00:00","description":"IES La Madraza","breadcrumb":{"@id":"https:\/\/ieslamadraza.com\/wp\/los-lunes-poesia-20150608\/#breadcrumb"},"inLanguage":"es","potentialAction":[{"@type":"ReadAction","target":["https:\/\/ieslamadraza.com\/wp\/los-lunes-poesia-20150608\/"]}]},{"@type":"ImageObject","inLanguage":"es","@id":"https:\/\/ieslamadraza.com\/wp\/los-lunes-poesia-20150608\/#primaryimage","url":"http:\/\/www.ideal.es\/noticias\/201506\/01\/media\/granada\/caroca-2015--660x490.jpg","contentUrl":"http:\/\/www.ideal.es\/noticias\/201506\/01\/media\/granada\/caroca-2015--660x490.jpg"},{"@type":"BreadcrumbList","@id":"https:\/\/ieslamadraza.com\/wp\/los-lunes-poesia-20150608\/#breadcrumb","itemListElement":[{"@type":"ListItem","position":1,"name":"Portada","item":"https:\/\/ieslamadraza.com\/wp\/"},{"@type":"ListItem","position":2,"name":"Los lunes&#8230; poes\u00eda (2015\/06\/08)"}]},{"@type":"WebSite","@id":"https:\/\/ieslamadraza.com\/wp\/#website","url":"https:\/\/ieslamadraza.com\/wp\/","name":"IES LA MADRAZA","description":"Instituto de Ense\u00f1anza Secundaria de Granada (Espa\u00f1a)","publisher":{"@id":"https:\/\/ieslamadraza.com\/wp\/#organization"},"alternateName":"Inicio - IES LA MADRAZA","potentialAction":[{"@type":"SearchAction","target":{"@type":"EntryPoint","urlTemplate":"https:\/\/ieslamadraza.com\/wp\/?s={search_term_string}"},"query-input":{"@type":"PropertyValueSpecification","valueRequired":true,"valueName":"search_term_string"}}],"inLanguage":"es"},{"@type":"Organization","@id":"https:\/\/ieslamadraza.com\/wp\/#organization","name":"IES La Madraza -Instituto de Ense\u00f1anza Secundaria - Granada","alternateName":"IES La Madraza -Instituto de Ense\u00f1anza Secundaria - Granada","url":"https:\/\/ieslamadraza.com\/wp\/","logo":{"@type":"ImageObject","inLanguage":"es","@id":"https:\/\/ieslamadraza.com\/wp\/#\/schema\/logo\/image\/","url":"https:\/\/ieslamadraza.com\/wp\/wp-content\/img\/2025\/10\/logo.jpeg","contentUrl":"https:\/\/ieslamadraza.com\/wp\/wp-content\/img\/2025\/10\/logo.jpeg","width":225,"height":225,"caption":"IES La Madraza -Instituto de Ense\u00f1anza Secundaria - Granada"},"image":{"@id":"https:\/\/ieslamadraza.com\/wp\/#\/schema\/logo\/image\/"},"sameAs":["https:\/\/www.facebook.com\/ieslamadraza\/","https:\/\/x.com\/MadrazaLa","https:\/\/www.instagram.com\/institutolamadraza\/"]},{"@type":"Person","@id":"https:\/\/ieslamadraza.com\/wp\/#\/schema\/person\/f80b2662c85d3a875653d8c393c0e24b","name":"admin_IES-laMadraza","image":{"@type":"ImageObject","inLanguage":"es","@id":"https:\/\/secure.gravatar.com\/avatar\/aad8ae5b110afbe2f2e7011bba88e4b5b97b4a632e22255df6b653bdca4d179a?s=96&d=mm&r=g","url":"https:\/\/secure.gravatar.com\/avatar\/aad8ae5b110afbe2f2e7011bba88e4b5b97b4a632e22255df6b653bdca4d179a?s=96&d=mm&r=g","contentUrl":"https:\/\/secure.gravatar.com\/avatar\/aad8ae5b110afbe2f2e7011bba88e4b5b97b4a632e22255df6b653bdca4d179a?s=96&d=mm&r=g","caption":"admin_IES-laMadraza"},"url":"https:\/\/ieslamadraza.com\/wp\/author\/admin_ies-lamadraza\/"}]}},"_links":{"self":[{"href":"https:\/\/ieslamadraza.com\/wp\/wp-json\/wp\/v2\/posts\/1453","targetHints":{"allow":["GET"]}}],"collection":[{"href":"https:\/\/ieslamadraza.com\/wp\/wp-json\/wp\/v2\/posts"}],"about":[{"href":"https:\/\/ieslamadraza.com\/wp\/wp-json\/wp\/v2\/types\/post"}],"author":[{"embeddable":true,"href":"https:\/\/ieslamadraza.com\/wp\/wp-json\/wp\/v2\/users\/7"}],"replies":[{"embeddable":true,"href":"https:\/\/ieslamadraza.com\/wp\/wp-json\/wp\/v2\/comments?post=1453"}],"version-history":[{"count":0,"href":"https:\/\/ieslamadraza.com\/wp\/wp-json\/wp\/v2\/posts\/1453\/revisions"}],"wp:attachment":[{"href":"https:\/\/ieslamadraza.com\/wp\/wp-json\/wp\/v2\/media?parent=1453"}],"wp:term":[{"taxonomy":"category","embeddable":true,"href":"https:\/\/ieslamadraza.com\/wp\/wp-json\/wp\/v2\/categories?post=1453"},{"taxonomy":"post_tag","embeddable":true,"href":"https:\/\/ieslamadraza.com\/wp\/wp-json\/wp\/v2\/tags?post=1453"}],"curies":[{"name":"wp","href":"https:\/\/api.w.org\/{rel}","templated":true}]}}