{"id":1405,"date":"2015-05-05T21:29:55","date_gmt":"2015-05-05T19:29:55","guid":{"rendered":"http:\/\/ieslamadraza.com\/wp\/intercambio-con-francia\/"},"modified":"2019-09-04T14:16:06","modified_gmt":"2019-09-04T12:16:06","slug":"intercambio-con-francia","status":"publish","type":"post","link":"https:\/\/ieslamadraza.com\/wp\/intercambio-con-francia\/","title":{"rendered":"Intercambio con Francia"},"content":{"rendered":"<div style=\"text-align: justify;\">Un grupo de treinta estudiantes de 3\u00baESO est\u00e1 en Francia del 5 al 12 de mayo, devolviendo la visita que el grupo franc\u00e9s nos hizo en el mes de febrero. Mostramos aqu\u00ed las primeras fotos de la llegada al Coll\u00e8ge Roger Ruel de St. Didier en Velay, en la regi\u00f3n de Lyon. Fueron recibidos por el director (en la imagen est\u00e1 pronunciando unas palabras de bienvenida) y por las familias que les obsequiaron con tarta de manzana casera y refrescos. Organizan este viaje los profesores Jos\u00e9 Manuel Arroyo y Montserrat L\u00f3pez.<\/div>\n<div style=\"text-align: center;\"><\/div>\n<div style=\"text-align: center;\">.<\/div>\n<div style=\"text-align: justify;\"><\/div>\n<p style=\"text-align: center;\"><img decoding=\"async\" data-src=\"images\/stories\/2015_05_05%20Francia%20Intercambio2.jpg\" height=\"236\" width=\"422\" src=\"data:image\/svg+xml;base64,PHN2ZyB3aWR0aD0iMSIgaGVpZ2h0PSIxIiB4bWxucz0iaHR0cDovL3d3dy53My5vcmcvMjAwMC9zdmciPjwvc3ZnPg==\" class=\"lazyload\" style=\"--smush-placeholder-width: 422px; --smush-placeholder-aspect-ratio: 422\/236;\" \/><\/p>\n<div style=\"text-align: justify;\"><\/div>\n","protected":false},"excerpt":{"rendered":"<p>Un grupo de treinta estudiantes de 3\u00baESO est\u00e1 en Francia del 5 al 12 de mayo, devolviendo la visita que el grupo franc\u00e9s nos hizo en el mes de febrero. Mostramos aqu\u00ed las primeras fotos de la llegada al Coll\u00e8ge Roger Ruel de St. Didier en Velay, en la regi\u00f3n de Lyon. Fueron recibidos por [&hellip;]<\/p>\n","protected":false},"author":7,"featured_media":0,"comment_status":"closed","ping_status":"closed","sticky":false,"template":"","format":"standard","meta":{"_et_pb_use_builder":"","_et_pb_old_content":"","_et_gb_content_width":"","_monsterinsights_skip_tracking":false,"_monsterinsights_sitenote_active":false,"_monsterinsights_sitenote_note":"","_monsterinsights_sitenote_category":0,"footnotes":""},"categories":[96,61,102],"tags":[],"class_list":["post-1405","post","type-post","status-publish","format-standard","hentry","category-extraescolares","category-frances","category-intercambio","et-doesnt-have-format-content","et_post_format-et-post-format-standard"],"yoast_head":"<!-- This site is optimized with the Yoast SEO plugin v27.5 - https:\/\/yoast.com\/product\/yoast-seo-wordpress\/ -->\n<title>Intercambio con Francia - IES LA MADRAZA<\/title>\n<meta name=\"description\" content=\"IES La Madraza\" \/>\n<meta name=\"robots\" content=\"index, follow, max-snippet:-1, max-image-preview:large, max-video-preview:-1\" \/>\n<link rel=\"canonical\" href=\"https:\/\/ieslamadraza.com\/wp\/intercambio-con-francia\/\" \/>\n<meta property=\"og:locale\" content=\"es_ES\" \/>\n<meta property=\"og:type\" content=\"article\" \/>\n<meta property=\"og:title\" content=\"Intercambio con Francia - IES LA MADRAZA\" \/>\n<meta property=\"og:description\" content=\"IES La Madraza\" \/>\n<meta property=\"og:url\" content=\"https:\/\/ieslamadraza.com\/wp\/intercambio-con-francia\/\" \/>\n<meta property=\"og:site_name\" content=\"IES LA MADRAZA\" \/>\n<meta property=\"article:publisher\" content=\"https:\/\/www.facebook.com\/ieslamadraza\/\" \/>\n<meta property=\"article:published_time\" content=\"2015-05-05T19:29:55+00:00\" \/>\n<meta property=\"article:modified_time\" content=\"2019-09-04T12:16:06+00:00\" \/>\n<meta property=\"og:image\" content=\"https:\/\/ieslamadraza.com\/wp\/wp-content\/img\/2020\/09\/logopequeno-.png\" \/>\n\t<meta property=\"og:image:width\" content=\"150\" \/>\n\t<meta property=\"og:image:height\" content=\"150\" \/>\n\t<meta property=\"og:image:type\" content=\"image\/png\" \/>\n<meta name=\"author\" content=\"admin_IES-laMadraza\" \/>\n<meta name=\"twitter:card\" content=\"summary_large_image\" \/>\n<meta name=\"twitter:creator\" content=\"@MadrazaLa\" \/>\n<meta name=\"twitter:site\" content=\"@MadrazaLa\" \/>\n<meta name=\"twitter:label1\" content=\"Escrito por\" \/>\n\t<meta name=\"twitter:data1\" content=\"admin_IES-laMadraza\" \/>\n<script type=\"application\/ld+json\" class=\"yoast-schema-graph\">{\"@context\":\"https:\\\/\\\/schema.org\",\"@graph\":[{\"@type\":\"Article\",\"@id\":\"https:\\\/\\\/ieslamadraza.com\\\/wp\\\/intercambio-con-francia\\\/#article\",\"isPartOf\":{\"@id\":\"https:\\\/\\\/ieslamadraza.com\\\/wp\\\/intercambio-con-francia\\\/\"},\"author\":{\"name\":\"admin_IES-laMadraza\",\"@id\":\"https:\\\/\\\/ieslamadraza.com\\\/wp\\\/#\\\/schema\\\/person\\\/f80b2662c85d3a875653d8c393c0e24b\"},\"headline\":\"Intercambio con Francia\",\"datePublished\":\"2015-05-05T19:29:55+00:00\",\"dateModified\":\"2019-09-04T12:16:06+00:00\",\"mainEntityOfPage\":{\"@id\":\"https:\\\/\\\/ieslamadraza.com\\\/wp\\\/intercambio-con-francia\\\/\"},\"wordCount\":96,\"publisher\":{\"@id\":\"https:\\\/\\\/ieslamadraza.com\\\/wp\\\/#organization\"},\"articleSection\":[\"ACT. EXTRAESCOLARES\",\"FRANC\u00c9S\",\"INTERCAMBIOS ESCOLARES\"],\"inLanguage\":\"es\"},{\"@type\":\"WebPage\",\"@id\":\"https:\\\/\\\/ieslamadraza.com\\\/wp\\\/intercambio-con-francia\\\/\",\"url\":\"https:\\\/\\\/ieslamadraza.com\\\/wp\\\/intercambio-con-francia\\\/\",\"name\":\"Intercambio con Francia - IES LA MADRAZA\",\"isPartOf\":{\"@id\":\"https:\\\/\\\/ieslamadraza.com\\\/wp\\\/#website\"},\"datePublished\":\"2015-05-05T19:29:55+00:00\",\"dateModified\":\"2019-09-04T12:16:06+00:00\",\"description\":\"IES La Madraza\",\"breadcrumb\":{\"@id\":\"https:\\\/\\\/ieslamadraza.com\\\/wp\\\/intercambio-con-francia\\\/#breadcrumb\"},\"inLanguage\":\"es\",\"potentialAction\":[{\"@type\":\"ReadAction\",\"target\":[\"https:\\\/\\\/ieslamadraza.com\\\/wp\\\/intercambio-con-francia\\\/\"]}]},{\"@type\":\"BreadcrumbList\",\"@id\":\"https:\\\/\\\/ieslamadraza.com\\\/wp\\\/intercambio-con-francia\\\/#breadcrumb\",\"itemListElement\":[{\"@type\":\"ListItem\",\"position\":1,\"name\":\"Portada\",\"item\":\"https:\\\/\\\/ieslamadraza.com\\\/wp\\\/\"},{\"@type\":\"ListItem\",\"position\":2,\"name\":\"Intercambio con Francia\"}]},{\"@type\":\"WebSite\",\"@id\":\"https:\\\/\\\/ieslamadraza.com\\\/wp\\\/#website\",\"url\":\"https:\\\/\\\/ieslamadraza.com\\\/wp\\\/\",\"name\":\"IES LA MADRAZA\",\"description\":\"Instituto de Ense\u00f1anza Secundaria de Granada (Espa\u00f1a)\",\"publisher\":{\"@id\":\"https:\\\/\\\/ieslamadraza.com\\\/wp\\\/#organization\"},\"alternateName\":\"Inicio - IES LA MADRAZA\",\"potentialAction\":[{\"@type\":\"SearchAction\",\"target\":{\"@type\":\"EntryPoint\",\"urlTemplate\":\"https:\\\/\\\/ieslamadraza.com\\\/wp\\\/?s={search_term_string}\"},\"query-input\":{\"@type\":\"PropertyValueSpecification\",\"valueRequired\":true,\"valueName\":\"search_term_string\"}}],\"inLanguage\":\"es\"},{\"@type\":\"Organization\",\"@id\":\"https:\\\/\\\/ieslamadraza.com\\\/wp\\\/#organization\",\"name\":\"IES La Madraza -Instituto de Ense\u00f1anza Secundaria - Granada\",\"alternateName\":\"IES La Madraza -Instituto de Ense\u00f1anza Secundaria - Granada\",\"url\":\"https:\\\/\\\/ieslamadraza.com\\\/wp\\\/\",\"logo\":{\"@type\":\"ImageObject\",\"inLanguage\":\"es\",\"@id\":\"https:\\\/\\\/ieslamadraza.com\\\/wp\\\/#\\\/schema\\\/logo\\\/image\\\/\",\"url\":\"https:\\\/\\\/ieslamadraza.com\\\/wp\\\/wp-content\\\/img\\\/2025\\\/10\\\/logo.jpeg\",\"contentUrl\":\"https:\\\/\\\/ieslamadraza.com\\\/wp\\\/wp-content\\\/img\\\/2025\\\/10\\\/logo.jpeg\",\"width\":225,\"height\":225,\"caption\":\"IES La Madraza -Instituto de Ense\u00f1anza Secundaria - Granada\"},\"image\":{\"@id\":\"https:\\\/\\\/ieslamadraza.com\\\/wp\\\/#\\\/schema\\\/logo\\\/image\\\/\"},\"sameAs\":[\"https:\\\/\\\/www.facebook.com\\\/ieslamadraza\\\/\",\"https:\\\/\\\/x.com\\\/MadrazaLa\",\"https:\\\/\\\/www.instagram.com\\\/institutolamadraza\\\/\"]},{\"@type\":\"Person\",\"@id\":\"https:\\\/\\\/ieslamadraza.com\\\/wp\\\/#\\\/schema\\\/person\\\/f80b2662c85d3a875653d8c393c0e24b\",\"name\":\"admin_IES-laMadraza\",\"image\":{\"@type\":\"ImageObject\",\"inLanguage\":\"es\",\"@id\":\"https:\\\/\\\/secure.gravatar.com\\\/avatar\\\/aad8ae5b110afbe2f2e7011bba88e4b5b97b4a632e22255df6b653bdca4d179a?s=96&d=mm&r=g\",\"url\":\"https:\\\/\\\/secure.gravatar.com\\\/avatar\\\/aad8ae5b110afbe2f2e7011bba88e4b5b97b4a632e22255df6b653bdca4d179a?s=96&d=mm&r=g\",\"contentUrl\":\"https:\\\/\\\/secure.gravatar.com\\\/avatar\\\/aad8ae5b110afbe2f2e7011bba88e4b5b97b4a632e22255df6b653bdca4d179a?s=96&d=mm&r=g\",\"caption\":\"admin_IES-laMadraza\"},\"url\":\"https:\\\/\\\/ieslamadraza.com\\\/wp\\\/author\\\/admin_ies-lamadraza\\\/\"}]}<\/script>\n<!-- \/ Yoast SEO plugin. -->","yoast_head_json":{"title":"Intercambio con Francia - IES LA MADRAZA","description":"IES La Madraza","robots":{"index":"index","follow":"follow","max-snippet":"max-snippet:-1","max-image-preview":"max-image-preview:large","max-video-preview":"max-video-preview:-1"},"canonical":"https:\/\/ieslamadraza.com\/wp\/intercambio-con-francia\/","og_locale":"es_ES","og_type":"article","og_title":"Intercambio con Francia - IES LA MADRAZA","og_description":"IES La Madraza","og_url":"https:\/\/ieslamadraza.com\/wp\/intercambio-con-francia\/","og_site_name":"IES LA MADRAZA","article_publisher":"https:\/\/www.facebook.com\/ieslamadraza\/","article_published_time":"2015-05-05T19:29:55+00:00","article_modified_time":"2019-09-04T12:16:06+00:00","og_image":[{"width":150,"height":150,"url":"https:\/\/ieslamadraza.com\/wp\/wp-content\/img\/2020\/09\/logopequeno-.png","type":"image\/png"}],"author":"admin_IES-laMadraza","twitter_card":"summary_large_image","twitter_creator":"@MadrazaLa","twitter_site":"@MadrazaLa","twitter_misc":{"Escrito por":"admin_IES-laMadraza"},"schema":{"@context":"https:\/\/schema.org","@graph":[{"@type":"Article","@id":"https:\/\/ieslamadraza.com\/wp\/intercambio-con-francia\/#article","isPartOf":{"@id":"https:\/\/ieslamadraza.com\/wp\/intercambio-con-francia\/"},"author":{"name":"admin_IES-laMadraza","@id":"https:\/\/ieslamadraza.com\/wp\/#\/schema\/person\/f80b2662c85d3a875653d8c393c0e24b"},"headline":"Intercambio con Francia","datePublished":"2015-05-05T19:29:55+00:00","dateModified":"2019-09-04T12:16:06+00:00","mainEntityOfPage":{"@id":"https:\/\/ieslamadraza.com\/wp\/intercambio-con-francia\/"},"wordCount":96,"publisher":{"@id":"https:\/\/ieslamadraza.com\/wp\/#organization"},"articleSection":["ACT. EXTRAESCOLARES","FRANC\u00c9S","INTERCAMBIOS ESCOLARES"],"inLanguage":"es"},{"@type":"WebPage","@id":"https:\/\/ieslamadraza.com\/wp\/intercambio-con-francia\/","url":"https:\/\/ieslamadraza.com\/wp\/intercambio-con-francia\/","name":"Intercambio con Francia - IES LA MADRAZA","isPartOf":{"@id":"https:\/\/ieslamadraza.com\/wp\/#website"},"datePublished":"2015-05-05T19:29:55+00:00","dateModified":"2019-09-04T12:16:06+00:00","description":"IES La Madraza","breadcrumb":{"@id":"https:\/\/ieslamadraza.com\/wp\/intercambio-con-francia\/#breadcrumb"},"inLanguage":"es","potentialAction":[{"@type":"ReadAction","target":["https:\/\/ieslamadraza.com\/wp\/intercambio-con-francia\/"]}]},{"@type":"BreadcrumbList","@id":"https:\/\/ieslamadraza.com\/wp\/intercambio-con-francia\/#breadcrumb","itemListElement":[{"@type":"ListItem","position":1,"name":"Portada","item":"https:\/\/ieslamadraza.com\/wp\/"},{"@type":"ListItem","position":2,"name":"Intercambio con Francia"}]},{"@type":"WebSite","@id":"https:\/\/ieslamadraza.com\/wp\/#website","url":"https:\/\/ieslamadraza.com\/wp\/","name":"IES LA MADRAZA","description":"Instituto de Ense\u00f1anza Secundaria de Granada (Espa\u00f1a)","publisher":{"@id":"https:\/\/ieslamadraza.com\/wp\/#organization"},"alternateName":"Inicio - IES LA MADRAZA","potentialAction":[{"@type":"SearchAction","target":{"@type":"EntryPoint","urlTemplate":"https:\/\/ieslamadraza.com\/wp\/?s={search_term_string}"},"query-input":{"@type":"PropertyValueSpecification","valueRequired":true,"valueName":"search_term_string"}}],"inLanguage":"es"},{"@type":"Organization","@id":"https:\/\/ieslamadraza.com\/wp\/#organization","name":"IES La Madraza -Instituto de Ense\u00f1anza Secundaria - Granada","alternateName":"IES La Madraza -Instituto de Ense\u00f1anza Secundaria - Granada","url":"https:\/\/ieslamadraza.com\/wp\/","logo":{"@type":"ImageObject","inLanguage":"es","@id":"https:\/\/ieslamadraza.com\/wp\/#\/schema\/logo\/image\/","url":"https:\/\/ieslamadraza.com\/wp\/wp-content\/img\/2025\/10\/logo.jpeg","contentUrl":"https:\/\/ieslamadraza.com\/wp\/wp-content\/img\/2025\/10\/logo.jpeg","width":225,"height":225,"caption":"IES La Madraza -Instituto de Ense\u00f1anza Secundaria - Granada"},"image":{"@id":"https:\/\/ieslamadraza.com\/wp\/#\/schema\/logo\/image\/"},"sameAs":["https:\/\/www.facebook.com\/ieslamadraza\/","https:\/\/x.com\/MadrazaLa","https:\/\/www.instagram.com\/institutolamadraza\/"]},{"@type":"Person","@id":"https:\/\/ieslamadraza.com\/wp\/#\/schema\/person\/f80b2662c85d3a875653d8c393c0e24b","name":"admin_IES-laMadraza","image":{"@type":"ImageObject","inLanguage":"es","@id":"https:\/\/secure.gravatar.com\/avatar\/aad8ae5b110afbe2f2e7011bba88e4b5b97b4a632e22255df6b653bdca4d179a?s=96&d=mm&r=g","url":"https:\/\/secure.gravatar.com\/avatar\/aad8ae5b110afbe2f2e7011bba88e4b5b97b4a632e22255df6b653bdca4d179a?s=96&d=mm&r=g","contentUrl":"https:\/\/secure.gravatar.com\/avatar\/aad8ae5b110afbe2f2e7011bba88e4b5b97b4a632e22255df6b653bdca4d179a?s=96&d=mm&r=g","caption":"admin_IES-laMadraza"},"url":"https:\/\/ieslamadraza.com\/wp\/author\/admin_ies-lamadraza\/"}]}},"_links":{"self":[{"href":"https:\/\/ieslamadraza.com\/wp\/wp-json\/wp\/v2\/posts\/1405","targetHints":{"allow":["GET"]}}],"collection":[{"href":"https:\/\/ieslamadraza.com\/wp\/wp-json\/wp\/v2\/posts"}],"about":[{"href":"https:\/\/ieslamadraza.com\/wp\/wp-json\/wp\/v2\/types\/post"}],"author":[{"embeddable":true,"href":"https:\/\/ieslamadraza.com\/wp\/wp-json\/wp\/v2\/users\/7"}],"replies":[{"embeddable":true,"href":"https:\/\/ieslamadraza.com\/wp\/wp-json\/wp\/v2\/comments?post=1405"}],"version-history":[{"count":0,"href":"https:\/\/ieslamadraza.com\/wp\/wp-json\/wp\/v2\/posts\/1405\/revisions"}],"wp:attachment":[{"href":"https:\/\/ieslamadraza.com\/wp\/wp-json\/wp\/v2\/media?parent=1405"}],"wp:term":[{"taxonomy":"category","embeddable":true,"href":"https:\/\/ieslamadraza.com\/wp\/wp-json\/wp\/v2\/categories?post=1405"},{"taxonomy":"post_tag","embeddable":true,"href":"https:\/\/ieslamadraza.com\/wp\/wp-json\/wp\/v2\/tags?post=1405"}],"curies":[{"name":"wp","href":"https:\/\/api.w.org\/{rel}","templated":true}]}}