{"id":13874,"date":"2021-01-29T08:08:08","date_gmt":"2021-01-29T07:08:08","guid":{"rendered":"https:\/\/ieslamadraza.com\/wp\/?p=13874"},"modified":"2021-01-29T08:08:08","modified_gmt":"2021-01-29T07:08:08","slug":"charla-de-odile-fernandez-sobre-alimentacion-y-habitos-de-vida-saludables-en-4o-eso-b","status":"publish","type":"post","link":"https:\/\/ieslamadraza.com\/wp\/charla-de-odile-fernandez-sobre-alimentacion-y-habitos-de-vida-saludables-en-4o-eso-b\/","title":{"rendered":"Charla de Odile Fern\u00e1ndez sobre alimentaci\u00f3n y h\u00e1bitos de vida saludables en 4\u00ba ESO B"},"content":{"rendered":"<p>El d\u00eda 28 de enero se celebro una charla sobre alimentaci\u00f3n y h\u00e1bitos saludables para adolescentes impartida por Odile Fern\u00e1ndez (doctora y referente en este campo). Esta charla se realiz\u00f3 con un grupo de 4\u00baB como parte de un proyecto de investigaci\u00f3n que se est\u00e1 realizando dentro del marco del Programa Innicia, en el que una de las actuaciones que se pretende es asesorar a bares y restaurantes de la zona, para que sean saludables, dentro del marco de los ODS 2030 y que sepa mirar con \u201cOjos de adolescentes\u201d<\/p>\n<p>En la charla Odile nos estuvo hablando sobre alimentaci\u00f3n y la importancia del cuidado, as\u00ed como del ejercicio y otros h\u00e1bitos saludables no solo para minimizar el riesgo de enfermedades sino para tener una vida mucho m\u00e1s plena.<\/p>\n<p>Sin duda ha sido algo m\u00e1s que recomendable y que los chicos y las chicas que han tenido el lujo de disfrutarla no lo olvidar\u00e1n.<\/p>\n\n\t\t<style type=\"text\/css\">\n\t\t\t#gallery-1 {\n\t\t\t\tmargin: auto;\n\t\t\t}\n\t\t\t#gallery-1 .gallery-item {\n\t\t\t\tfloat: left;\n\t\t\t\tmargin-top: 10px;\n\t\t\t\ttext-align: center;\n\t\t\t\twidth: 50%;\n\t\t\t}\n\t\t\t#gallery-1 img {\n\t\t\t\tborder: 2px solid #cfcfcf;\n\t\t\t}\n\t\t\t#gallery-1 .gallery-caption {\n\t\t\t\tmargin-left: 0;\n\t\t\t}\n\t\t\t\/* see gallery_shortcode() in wp-includes\/media.php *\/\n\t\t<\/style>\n\t\t<div id='gallery-1' class='gallery galleryid-13874 gallery-columns-2 gallery-size-medium'><dl class='gallery-item'>\n\t\t\t<dt class='gallery-icon landscape'>\n\t\t\t\t<a href='https:\/\/ieslamadraza.com\/wp\/charla-de-odile-fernandez-sobre-alimentacion-y-habitos-de-vida-saludables-en-4o-eso-b\/photo-2021-01-28-15-21-31-1\/'><img decoding=\"async\" width=\"300\" height=\"225\" data-src=\"https:\/\/ieslamadraza.com\/wp\/wp-content\/img\/2021\/01\/PHOTO-2021-01-28-15-21-31-1-300x225.jpg\" class=\"attachment-medium size-medium lazyload\" alt=\"\" data-srcset=\"https:\/\/ieslamadraza.com\/wp\/wp-content\/img\/2021\/01\/PHOTO-2021-01-28-15-21-31-1-300x225.jpg 300w, https:\/\/ieslamadraza.com\/wp\/wp-content\/img\/2021\/01\/PHOTO-2021-01-28-15-21-31-1-768x576.jpg 768w, https:\/\/ieslamadraza.com\/wp\/wp-content\/img\/2021\/01\/PHOTO-2021-01-28-15-21-31-1.jpg 1024w\" data-sizes=\"(max-width: 300px) 100vw, 300px\" src=\"data:image\/svg+xml;base64,PHN2ZyB3aWR0aD0iMSIgaGVpZ2h0PSIxIiB4bWxucz0iaHR0cDovL3d3dy53My5vcmcvMjAwMC9zdmciPjwvc3ZnPg==\" style=\"--smush-placeholder-width: 300px; --smush-placeholder-aspect-ratio: 300\/225;\" \/><\/a>\n\t\t\t<\/dt><\/dl><dl class='gallery-item'>\n\t\t\t<dt class='gallery-icon landscape'>\n\t\t\t\t<a href='https:\/\/ieslamadraza.com\/wp\/charla-de-odile-fernandez-sobre-alimentacion-y-habitos-de-vida-saludables-en-4o-eso-b\/photo-2021-01-28-15-21-31-2\/'><img decoding=\"async\" width=\"300\" height=\"225\" data-src=\"https:\/\/ieslamadraza.com\/wp\/wp-content\/img\/2021\/01\/PHOTO-2021-01-28-15-21-31-2-300x225.jpg\" class=\"attachment-medium size-medium lazyload\" alt=\"\" data-srcset=\"https:\/\/ieslamadraza.com\/wp\/wp-content\/img\/2021\/01\/PHOTO-2021-01-28-15-21-31-2-300x225.jpg 300w, https:\/\/ieslamadraza.com\/wp\/wp-content\/img\/2021\/01\/PHOTO-2021-01-28-15-21-31-2-768x576.jpg 768w, https:\/\/ieslamadraza.com\/wp\/wp-content\/img\/2021\/01\/PHOTO-2021-01-28-15-21-31-2.jpg 1024w\" data-sizes=\"(max-width: 300px) 100vw, 300px\" src=\"data:image\/svg+xml;base64,PHN2ZyB3aWR0aD0iMSIgaGVpZ2h0PSIxIiB4bWxucz0iaHR0cDovL3d3dy53My5vcmcvMjAwMC9zdmciPjwvc3ZnPg==\" style=\"--smush-placeholder-width: 300px; --smush-placeholder-aspect-ratio: 300\/225;\" \/><\/a>\n\t\t\t<\/dt><\/dl><br style=\"clear: both\" \/><dl class='gallery-item'>\n\t\t\t<dt class='gallery-icon landscape'>\n\t\t\t\t<a href='https:\/\/ieslamadraza.com\/wp\/charla-de-odile-fernandez-sobre-alimentacion-y-habitos-de-vida-saludables-en-4o-eso-b\/photo-2021-01-28-15-21-31-3\/'><img decoding=\"async\" width=\"300\" height=\"225\" data-src=\"https:\/\/ieslamadraza.com\/wp\/wp-content\/img\/2021\/01\/PHOTO-2021-01-28-15-21-31-3-300x225.jpg\" class=\"attachment-medium size-medium lazyload\" alt=\"\" data-srcset=\"https:\/\/ieslamadraza.com\/wp\/wp-content\/img\/2021\/01\/PHOTO-2021-01-28-15-21-31-3-300x225.jpg 300w, https:\/\/ieslamadraza.com\/wp\/wp-content\/img\/2021\/01\/PHOTO-2021-01-28-15-21-31-3-768x576.jpg 768w, https:\/\/ieslamadraza.com\/wp\/wp-content\/img\/2021\/01\/PHOTO-2021-01-28-15-21-31-3.jpg 1024w\" data-sizes=\"(max-width: 300px) 100vw, 300px\" src=\"data:image\/svg+xml;base64,PHN2ZyB3aWR0aD0iMSIgaGVpZ2h0PSIxIiB4bWxucz0iaHR0cDovL3d3dy53My5vcmcvMjAwMC9zdmciPjwvc3ZnPg==\" style=\"--smush-placeholder-width: 300px; --smush-placeholder-aspect-ratio: 300\/225;\" \/><\/a>\n\t\t\t<\/dt><\/dl><dl class='gallery-item'>\n\t\t\t<dt class='gallery-icon landscape'>\n\t\t\t\t<a href='https:\/\/ieslamadraza.com\/wp\/charla-de-odile-fernandez-sobre-alimentacion-y-habitos-de-vida-saludables-en-4o-eso-b\/photo-2021-01-28-15-21-31-4\/'><img decoding=\"async\" width=\"300\" height=\"225\" data-src=\"https:\/\/ieslamadraza.com\/wp\/wp-content\/img\/2021\/01\/PHOTO-2021-01-28-15-21-31-4-300x225.jpg\" class=\"attachment-medium size-medium lazyload\" alt=\"\" data-srcset=\"https:\/\/ieslamadraza.com\/wp\/wp-content\/img\/2021\/01\/PHOTO-2021-01-28-15-21-31-4-300x225.jpg 300w, https:\/\/ieslamadraza.com\/wp\/wp-content\/img\/2021\/01\/PHOTO-2021-01-28-15-21-31-4-768x576.jpg 768w, https:\/\/ieslamadraza.com\/wp\/wp-content\/img\/2021\/01\/PHOTO-2021-01-28-15-21-31-4.jpg 1024w\" data-sizes=\"(max-width: 300px) 100vw, 300px\" src=\"data:image\/svg+xml;base64,PHN2ZyB3aWR0aD0iMSIgaGVpZ2h0PSIxIiB4bWxucz0iaHR0cDovL3d3dy53My5vcmcvMjAwMC9zdmciPjwvc3ZnPg==\" style=\"--smush-placeholder-width: 300px; --smush-placeholder-aspect-ratio: 300\/225;\" \/><\/a>\n\t\t\t<\/dt><\/dl><br style=\"clear: both\" \/><dl class='gallery-item'>\n\t\t\t<dt class='gallery-icon landscape'>\n\t\t\t\t<a href='https:\/\/ieslamadraza.com\/wp\/charla-de-odile-fernandez-sobre-alimentacion-y-habitos-de-vida-saludables-en-4o-eso-b\/photo-2021-01-28-15-21-31\/'><img decoding=\"async\" width=\"300\" height=\"225\" data-src=\"https:\/\/ieslamadraza.com\/wp\/wp-content\/img\/2021\/01\/PHOTO-2021-01-28-15-21-31-300x225.jpg\" class=\"attachment-medium size-medium lazyload\" alt=\"\" data-srcset=\"https:\/\/ieslamadraza.com\/wp\/wp-content\/img\/2021\/01\/PHOTO-2021-01-28-15-21-31-300x225.jpg 300w, https:\/\/ieslamadraza.com\/wp\/wp-content\/img\/2021\/01\/PHOTO-2021-01-28-15-21-31-768x576.jpg 768w, https:\/\/ieslamadraza.com\/wp\/wp-content\/img\/2021\/01\/PHOTO-2021-01-28-15-21-31.jpg 1024w\" data-sizes=\"(max-width: 300px) 100vw, 300px\" src=\"data:image\/svg+xml;base64,PHN2ZyB3aWR0aD0iMSIgaGVpZ2h0PSIxIiB4bWxucz0iaHR0cDovL3d3dy53My5vcmcvMjAwMC9zdmciPjwvc3ZnPg==\" style=\"--smush-placeholder-width: 300px; --smush-placeholder-aspect-ratio: 300\/225;\" \/><\/a>\n\t\t\t<\/dt><\/dl>\n\t\t\t<br style='clear: both' \/>\n\t\t<\/div>\n\n","protected":false},"excerpt":{"rendered":"<p>El d\u00eda 28 de enero se celebro una charla sobre alimentaci\u00f3n y h\u00e1bitos saludables para adolescentes impartida por Odile Fern\u00e1ndez (doctora y referente en este campo). Esta charla se realiz\u00f3 con un grupo de 4\u00baB como parte de un proyecto de investigaci\u00f3n que se est\u00e1 realizando dentro del marco del Programa Innicia, en el que [&hellip;]<\/p>\n","protected":false},"author":5,"featured_media":13876,"comment_status":"open","ping_status":"closed","sticky":false,"template":"","format":"standard","meta":{"_et_pb_use_builder":"","_et_pb_old_content":"","_et_gb_content_width":"","_monsterinsights_skip_tracking":false,"_monsterinsights_sitenote_active":false,"_monsterinsights_sitenote_note":"","_monsterinsights_sitenote_category":0,"footnotes":""},"categories":[96,39],"tags":[],"class_list":["post-13874","post","type-post","status-publish","format-standard","has-post-thumbnail","hentry","category-extraescolares","category-economia","et-has-post-format-content","et_post_format-et-post-format-standard"],"yoast_head":"<!-- This site is optimized with the Yoast SEO plugin v27.5 - https:\/\/yoast.com\/product\/yoast-seo-wordpress\/ -->\n<title>Charla de Odile Fern\u00e1ndez sobre alimentaci\u00f3n y h\u00e1bitos de vida saludables en 4\u00ba ESO B - IES LA MADRAZA<\/title>\n<meta name=\"description\" content=\"IES La Madraza\" \/>\n<meta name=\"robots\" content=\"index, follow, max-snippet:-1, max-image-preview:large, max-video-preview:-1\" \/>\n<link rel=\"canonical\" href=\"https:\/\/ieslamadraza.com\/wp\/charla-de-odile-fernandez-sobre-alimentacion-y-habitos-de-vida-saludables-en-4o-eso-b\/\" \/>\n<meta property=\"og:locale\" content=\"es_ES\" \/>\n<meta property=\"og:type\" content=\"article\" \/>\n<meta property=\"og:title\" content=\"Charla de Odile Fern\u00e1ndez sobre alimentaci\u00f3n y h\u00e1bitos de vida saludables en 4\u00ba ESO B - IES LA MADRAZA\" \/>\n<meta property=\"og:description\" content=\"IES La Madraza\" \/>\n<meta property=\"og:url\" content=\"https:\/\/ieslamadraza.com\/wp\/charla-de-odile-fernandez-sobre-alimentacion-y-habitos-de-vida-saludables-en-4o-eso-b\/\" \/>\n<meta property=\"og:site_name\" content=\"IES LA MADRAZA\" \/>\n<meta property=\"article:publisher\" content=\"https:\/\/www.facebook.com\/ieslamadraza\/\" \/>\n<meta property=\"article:published_time\" content=\"2021-01-29T07:08:08+00:00\" \/>\n<meta property=\"og:image\" content=\"https:\/\/ieslamadraza.com\/wp\/wp-content\/img\/2021\/01\/PHOTO-2021-01-28-15-21-31-2.jpg\" \/>\n\t<meta property=\"og:image:width\" content=\"1024\" \/>\n\t<meta property=\"og:image:height\" content=\"768\" \/>\n\t<meta property=\"og:image:type\" content=\"image\/jpeg\" \/>\n<meta name=\"author\" content=\"Mar\u00eda L\u00f3pez Cabrera\" \/>\n<meta name=\"twitter:card\" content=\"summary_large_image\" \/>\n<meta name=\"twitter:creator\" content=\"@MadrazaLa\" \/>\n<meta name=\"twitter:site\" content=\"@MadrazaLa\" \/>\n<meta name=\"twitter:label1\" content=\"Escrito por\" \/>\n\t<meta name=\"twitter:data1\" content=\"Mar\u00eda L\u00f3pez Cabrera\" \/>\n\t<meta name=\"twitter:label2\" content=\"Tiempo de lectura\" \/>\n\t<meta name=\"twitter:data2\" content=\"1 minuto\" \/>\n<script type=\"application\/ld+json\" class=\"yoast-schema-graph\">{\"@context\":\"https:\\\/\\\/schema.org\",\"@graph\":[{\"@type\":\"Article\",\"@id\":\"https:\\\/\\\/ieslamadraza.com\\\/wp\\\/charla-de-odile-fernandez-sobre-alimentacion-y-habitos-de-vida-saludables-en-4o-eso-b\\\/#article\",\"isPartOf\":{\"@id\":\"https:\\\/\\\/ieslamadraza.com\\\/wp\\\/charla-de-odile-fernandez-sobre-alimentacion-y-habitos-de-vida-saludables-en-4o-eso-b\\\/\"},\"author\":{\"name\":\"Mar\u00eda L\u00f3pez Cabrera\",\"@id\":\"https:\\\/\\\/ieslamadraza.com\\\/wp\\\/#\\\/schema\\\/person\\\/4a8364cf1c9304a4fd80f01759af7418\"},\"headline\":\"Charla de Odile Fern\u00e1ndez sobre alimentaci\u00f3n y h\u00e1bitos de vida saludables en 4\u00ba ESO B\",\"datePublished\":\"2021-01-29T07:08:08+00:00\",\"mainEntityOfPage\":{\"@id\":\"https:\\\/\\\/ieslamadraza.com\\\/wp\\\/charla-de-odile-fernandez-sobre-alimentacion-y-habitos-de-vida-saludables-en-4o-eso-b\\\/\"},\"wordCount\":183,\"commentCount\":0,\"publisher\":{\"@id\":\"https:\\\/\\\/ieslamadraza.com\\\/wp\\\/#organization\"},\"image\":{\"@id\":\"https:\\\/\\\/ieslamadraza.com\\\/wp\\\/charla-de-odile-fernandez-sobre-alimentacion-y-habitos-de-vida-saludables-en-4o-eso-b\\\/#primaryimage\"},\"thumbnailUrl\":\"https:\\\/\\\/ieslamadraza.com\\\/wp\\\/wp-content\\\/img\\\/2021\\\/01\\\/PHOTO-2021-01-28-15-21-31-2.jpg\",\"articleSection\":[\"ACT. EXTRAESCOLARES\",\"ECONOM\u00cdA Y FOL\"],\"inLanguage\":\"es\",\"potentialAction\":[{\"@type\":\"CommentAction\",\"name\":\"Comment\",\"target\":[\"https:\\\/\\\/ieslamadraza.com\\\/wp\\\/charla-de-odile-fernandez-sobre-alimentacion-y-habitos-de-vida-saludables-en-4o-eso-b\\\/#respond\"]}]},{\"@type\":\"WebPage\",\"@id\":\"https:\\\/\\\/ieslamadraza.com\\\/wp\\\/charla-de-odile-fernandez-sobre-alimentacion-y-habitos-de-vida-saludables-en-4o-eso-b\\\/\",\"url\":\"https:\\\/\\\/ieslamadraza.com\\\/wp\\\/charla-de-odile-fernandez-sobre-alimentacion-y-habitos-de-vida-saludables-en-4o-eso-b\\\/\",\"name\":\"Charla de Odile Fern\u00e1ndez sobre alimentaci\u00f3n y h\u00e1bitos de vida saludables en 4\u00ba ESO B - IES LA MADRAZA\",\"isPartOf\":{\"@id\":\"https:\\\/\\\/ieslamadraza.com\\\/wp\\\/#website\"},\"primaryImageOfPage\":{\"@id\":\"https:\\\/\\\/ieslamadraza.com\\\/wp\\\/charla-de-odile-fernandez-sobre-alimentacion-y-habitos-de-vida-saludables-en-4o-eso-b\\\/#primaryimage\"},\"image\":{\"@id\":\"https:\\\/\\\/ieslamadraza.com\\\/wp\\\/charla-de-odile-fernandez-sobre-alimentacion-y-habitos-de-vida-saludables-en-4o-eso-b\\\/#primaryimage\"},\"thumbnailUrl\":\"https:\\\/\\\/ieslamadraza.com\\\/wp\\\/wp-content\\\/img\\\/2021\\\/01\\\/PHOTO-2021-01-28-15-21-31-2.jpg\",\"datePublished\":\"2021-01-29T07:08:08+00:00\",\"description\":\"IES La Madraza\",\"breadcrumb\":{\"@id\":\"https:\\\/\\\/ieslamadraza.com\\\/wp\\\/charla-de-odile-fernandez-sobre-alimentacion-y-habitos-de-vida-saludables-en-4o-eso-b\\\/#breadcrumb\"},\"inLanguage\":\"es\",\"potentialAction\":[{\"@type\":\"ReadAction\",\"target\":[\"https:\\\/\\\/ieslamadraza.com\\\/wp\\\/charla-de-odile-fernandez-sobre-alimentacion-y-habitos-de-vida-saludables-en-4o-eso-b\\\/\"]}]},{\"@type\":\"ImageObject\",\"inLanguage\":\"es\",\"@id\":\"https:\\\/\\\/ieslamadraza.com\\\/wp\\\/charla-de-odile-fernandez-sobre-alimentacion-y-habitos-de-vida-saludables-en-4o-eso-b\\\/#primaryimage\",\"url\":\"https:\\\/\\\/ieslamadraza.com\\\/wp\\\/wp-content\\\/img\\\/2021\\\/01\\\/PHOTO-2021-01-28-15-21-31-2.jpg\",\"contentUrl\":\"https:\\\/\\\/ieslamadraza.com\\\/wp\\\/wp-content\\\/img\\\/2021\\\/01\\\/PHOTO-2021-01-28-15-21-31-2.jpg\",\"width\":1024,\"height\":768},{\"@type\":\"BreadcrumbList\",\"@id\":\"https:\\\/\\\/ieslamadraza.com\\\/wp\\\/charla-de-odile-fernandez-sobre-alimentacion-y-habitos-de-vida-saludables-en-4o-eso-b\\\/#breadcrumb\",\"itemListElement\":[{\"@type\":\"ListItem\",\"position\":1,\"name\":\"Portada\",\"item\":\"https:\\\/\\\/ieslamadraza.com\\\/wp\\\/\"},{\"@type\":\"ListItem\",\"position\":2,\"name\":\"Charla de Odile Fern\u00e1ndez sobre alimentaci\u00f3n y h\u00e1bitos de vida saludables en 4\u00ba ESO B\"}]},{\"@type\":\"WebSite\",\"@id\":\"https:\\\/\\\/ieslamadraza.com\\\/wp\\\/#website\",\"url\":\"https:\\\/\\\/ieslamadraza.com\\\/wp\\\/\",\"name\":\"IES LA MADRAZA\",\"description\":\"Instituto de Ense\u00f1anza Secundaria de Granada (Espa\u00f1a)\",\"publisher\":{\"@id\":\"https:\\\/\\\/ieslamadraza.com\\\/wp\\\/#organization\"},\"alternateName\":\"Inicio - IES LA MADRAZA\",\"potentialAction\":[{\"@type\":\"SearchAction\",\"target\":{\"@type\":\"EntryPoint\",\"urlTemplate\":\"https:\\\/\\\/ieslamadraza.com\\\/wp\\\/?s={search_term_string}\"},\"query-input\":{\"@type\":\"PropertyValueSpecification\",\"valueRequired\":true,\"valueName\":\"search_term_string\"}}],\"inLanguage\":\"es\"},{\"@type\":\"Organization\",\"@id\":\"https:\\\/\\\/ieslamadraza.com\\\/wp\\\/#organization\",\"name\":\"IES La Madraza -Instituto de Ense\u00f1anza Secundaria - Granada\",\"alternateName\":\"IES La Madraza -Instituto de Ense\u00f1anza Secundaria - Granada\",\"url\":\"https:\\\/\\\/ieslamadraza.com\\\/wp\\\/\",\"logo\":{\"@type\":\"ImageObject\",\"inLanguage\":\"es\",\"@id\":\"https:\\\/\\\/ieslamadraza.com\\\/wp\\\/#\\\/schema\\\/logo\\\/image\\\/\",\"url\":\"https:\\\/\\\/ieslamadraza.com\\\/wp\\\/wp-content\\\/img\\\/2025\\\/10\\\/logo.jpeg\",\"contentUrl\":\"https:\\\/\\\/ieslamadraza.com\\\/wp\\\/wp-content\\\/img\\\/2025\\\/10\\\/logo.jpeg\",\"width\":225,\"height\":225,\"caption\":\"IES La Madraza -Instituto de Ense\u00f1anza Secundaria - Granada\"},\"image\":{\"@id\":\"https:\\\/\\\/ieslamadraza.com\\\/wp\\\/#\\\/schema\\\/logo\\\/image\\\/\"},\"sameAs\":[\"https:\\\/\\\/www.facebook.com\\\/ieslamadraza\\\/\",\"https:\\\/\\\/x.com\\\/MadrazaLa\",\"https:\\\/\\\/www.instagram.com\\\/institutolamadraza\\\/\"]},{\"@type\":\"Person\",\"@id\":\"https:\\\/\\\/ieslamadraza.com\\\/wp\\\/#\\\/schema\\\/person\\\/4a8364cf1c9304a4fd80f01759af7418\",\"name\":\"Mar\u00eda L\u00f3pez Cabrera\",\"image\":{\"@type\":\"ImageObject\",\"inLanguage\":\"es\",\"@id\":\"https:\\\/\\\/secure.gravatar.com\\\/avatar\\\/679e119ad77a9a59f38b5ce8cd47cd6f815aea08843594bec753fbbec8dc945e?s=96&d=mm&r=g\",\"url\":\"https:\\\/\\\/secure.gravatar.com\\\/avatar\\\/679e119ad77a9a59f38b5ce8cd47cd6f815aea08843594bec753fbbec8dc945e?s=96&d=mm&r=g\",\"contentUrl\":\"https:\\\/\\\/secure.gravatar.com\\\/avatar\\\/679e119ad77a9a59f38b5ce8cd47cd6f815aea08843594bec753fbbec8dc945e?s=96&d=mm&r=g\",\"caption\":\"Mar\u00eda L\u00f3pez Cabrera\"},\"url\":\"https:\\\/\\\/ieslamadraza.com\\\/wp\\\/author\\\/maria\\\/\"}]}<\/script>\n<!-- \/ Yoast SEO plugin. -->","yoast_head_json":{"title":"Charla de Odile Fern\u00e1ndez sobre alimentaci\u00f3n y h\u00e1bitos de vida saludables en 4\u00ba ESO B - IES LA MADRAZA","description":"IES La Madraza","robots":{"index":"index","follow":"follow","max-snippet":"max-snippet:-1","max-image-preview":"max-image-preview:large","max-video-preview":"max-video-preview:-1"},"canonical":"https:\/\/ieslamadraza.com\/wp\/charla-de-odile-fernandez-sobre-alimentacion-y-habitos-de-vida-saludables-en-4o-eso-b\/","og_locale":"es_ES","og_type":"article","og_title":"Charla de Odile Fern\u00e1ndez sobre alimentaci\u00f3n y h\u00e1bitos de vida saludables en 4\u00ba ESO B - IES LA MADRAZA","og_description":"IES La Madraza","og_url":"https:\/\/ieslamadraza.com\/wp\/charla-de-odile-fernandez-sobre-alimentacion-y-habitos-de-vida-saludables-en-4o-eso-b\/","og_site_name":"IES LA MADRAZA","article_publisher":"https:\/\/www.facebook.com\/ieslamadraza\/","article_published_time":"2021-01-29T07:08:08+00:00","og_image":[{"width":1024,"height":768,"url":"https:\/\/ieslamadraza.com\/wp\/wp-content\/img\/2021\/01\/PHOTO-2021-01-28-15-21-31-2.jpg","type":"image\/jpeg"}],"author":"Mar\u00eda L\u00f3pez Cabrera","twitter_card":"summary_large_image","twitter_creator":"@MadrazaLa","twitter_site":"@MadrazaLa","twitter_misc":{"Escrito por":"Mar\u00eda L\u00f3pez Cabrera","Tiempo de lectura":"1 minuto"},"schema":{"@context":"https:\/\/schema.org","@graph":[{"@type":"Article","@id":"https:\/\/ieslamadraza.com\/wp\/charla-de-odile-fernandez-sobre-alimentacion-y-habitos-de-vida-saludables-en-4o-eso-b\/#article","isPartOf":{"@id":"https:\/\/ieslamadraza.com\/wp\/charla-de-odile-fernandez-sobre-alimentacion-y-habitos-de-vida-saludables-en-4o-eso-b\/"},"author":{"name":"Mar\u00eda L\u00f3pez Cabrera","@id":"https:\/\/ieslamadraza.com\/wp\/#\/schema\/person\/4a8364cf1c9304a4fd80f01759af7418"},"headline":"Charla de Odile Fern\u00e1ndez sobre alimentaci\u00f3n y h\u00e1bitos de vida saludables en 4\u00ba ESO B","datePublished":"2021-01-29T07:08:08+00:00","mainEntityOfPage":{"@id":"https:\/\/ieslamadraza.com\/wp\/charla-de-odile-fernandez-sobre-alimentacion-y-habitos-de-vida-saludables-en-4o-eso-b\/"},"wordCount":183,"commentCount":0,"publisher":{"@id":"https:\/\/ieslamadraza.com\/wp\/#organization"},"image":{"@id":"https:\/\/ieslamadraza.com\/wp\/charla-de-odile-fernandez-sobre-alimentacion-y-habitos-de-vida-saludables-en-4o-eso-b\/#primaryimage"},"thumbnailUrl":"https:\/\/ieslamadraza.com\/wp\/wp-content\/img\/2021\/01\/PHOTO-2021-01-28-15-21-31-2.jpg","articleSection":["ACT. EXTRAESCOLARES","ECONOM\u00cdA Y FOL"],"inLanguage":"es","potentialAction":[{"@type":"CommentAction","name":"Comment","target":["https:\/\/ieslamadraza.com\/wp\/charla-de-odile-fernandez-sobre-alimentacion-y-habitos-de-vida-saludables-en-4o-eso-b\/#respond"]}]},{"@type":"WebPage","@id":"https:\/\/ieslamadraza.com\/wp\/charla-de-odile-fernandez-sobre-alimentacion-y-habitos-de-vida-saludables-en-4o-eso-b\/","url":"https:\/\/ieslamadraza.com\/wp\/charla-de-odile-fernandez-sobre-alimentacion-y-habitos-de-vida-saludables-en-4o-eso-b\/","name":"Charla de Odile Fern\u00e1ndez sobre alimentaci\u00f3n y h\u00e1bitos de vida saludables en 4\u00ba ESO B - IES LA MADRAZA","isPartOf":{"@id":"https:\/\/ieslamadraza.com\/wp\/#website"},"primaryImageOfPage":{"@id":"https:\/\/ieslamadraza.com\/wp\/charla-de-odile-fernandez-sobre-alimentacion-y-habitos-de-vida-saludables-en-4o-eso-b\/#primaryimage"},"image":{"@id":"https:\/\/ieslamadraza.com\/wp\/charla-de-odile-fernandez-sobre-alimentacion-y-habitos-de-vida-saludables-en-4o-eso-b\/#primaryimage"},"thumbnailUrl":"https:\/\/ieslamadraza.com\/wp\/wp-content\/img\/2021\/01\/PHOTO-2021-01-28-15-21-31-2.jpg","datePublished":"2021-01-29T07:08:08+00:00","description":"IES La Madraza","breadcrumb":{"@id":"https:\/\/ieslamadraza.com\/wp\/charla-de-odile-fernandez-sobre-alimentacion-y-habitos-de-vida-saludables-en-4o-eso-b\/#breadcrumb"},"inLanguage":"es","potentialAction":[{"@type":"ReadAction","target":["https:\/\/ieslamadraza.com\/wp\/charla-de-odile-fernandez-sobre-alimentacion-y-habitos-de-vida-saludables-en-4o-eso-b\/"]}]},{"@type":"ImageObject","inLanguage":"es","@id":"https:\/\/ieslamadraza.com\/wp\/charla-de-odile-fernandez-sobre-alimentacion-y-habitos-de-vida-saludables-en-4o-eso-b\/#primaryimage","url":"https:\/\/ieslamadraza.com\/wp\/wp-content\/img\/2021\/01\/PHOTO-2021-01-28-15-21-31-2.jpg","contentUrl":"https:\/\/ieslamadraza.com\/wp\/wp-content\/img\/2021\/01\/PHOTO-2021-01-28-15-21-31-2.jpg","width":1024,"height":768},{"@type":"BreadcrumbList","@id":"https:\/\/ieslamadraza.com\/wp\/charla-de-odile-fernandez-sobre-alimentacion-y-habitos-de-vida-saludables-en-4o-eso-b\/#breadcrumb","itemListElement":[{"@type":"ListItem","position":1,"name":"Portada","item":"https:\/\/ieslamadraza.com\/wp\/"},{"@type":"ListItem","position":2,"name":"Charla de Odile Fern\u00e1ndez sobre alimentaci\u00f3n y h\u00e1bitos de vida saludables en 4\u00ba ESO B"}]},{"@type":"WebSite","@id":"https:\/\/ieslamadraza.com\/wp\/#website","url":"https:\/\/ieslamadraza.com\/wp\/","name":"IES LA MADRAZA","description":"Instituto de Ense\u00f1anza Secundaria de Granada (Espa\u00f1a)","publisher":{"@id":"https:\/\/ieslamadraza.com\/wp\/#organization"},"alternateName":"Inicio - IES LA MADRAZA","potentialAction":[{"@type":"SearchAction","target":{"@type":"EntryPoint","urlTemplate":"https:\/\/ieslamadraza.com\/wp\/?s={search_term_string}"},"query-input":{"@type":"PropertyValueSpecification","valueRequired":true,"valueName":"search_term_string"}}],"inLanguage":"es"},{"@type":"Organization","@id":"https:\/\/ieslamadraza.com\/wp\/#organization","name":"IES La Madraza -Instituto de Ense\u00f1anza Secundaria - Granada","alternateName":"IES La Madraza -Instituto de Ense\u00f1anza Secundaria - Granada","url":"https:\/\/ieslamadraza.com\/wp\/","logo":{"@type":"ImageObject","inLanguage":"es","@id":"https:\/\/ieslamadraza.com\/wp\/#\/schema\/logo\/image\/","url":"https:\/\/ieslamadraza.com\/wp\/wp-content\/img\/2025\/10\/logo.jpeg","contentUrl":"https:\/\/ieslamadraza.com\/wp\/wp-content\/img\/2025\/10\/logo.jpeg","width":225,"height":225,"caption":"IES La Madraza -Instituto de Ense\u00f1anza Secundaria - Granada"},"image":{"@id":"https:\/\/ieslamadraza.com\/wp\/#\/schema\/logo\/image\/"},"sameAs":["https:\/\/www.facebook.com\/ieslamadraza\/","https:\/\/x.com\/MadrazaLa","https:\/\/www.instagram.com\/institutolamadraza\/"]},{"@type":"Person","@id":"https:\/\/ieslamadraza.com\/wp\/#\/schema\/person\/4a8364cf1c9304a4fd80f01759af7418","name":"Mar\u00eda L\u00f3pez Cabrera","image":{"@type":"ImageObject","inLanguage":"es","@id":"https:\/\/secure.gravatar.com\/avatar\/679e119ad77a9a59f38b5ce8cd47cd6f815aea08843594bec753fbbec8dc945e?s=96&d=mm&r=g","url":"https:\/\/secure.gravatar.com\/avatar\/679e119ad77a9a59f38b5ce8cd47cd6f815aea08843594bec753fbbec8dc945e?s=96&d=mm&r=g","contentUrl":"https:\/\/secure.gravatar.com\/avatar\/679e119ad77a9a59f38b5ce8cd47cd6f815aea08843594bec753fbbec8dc945e?s=96&d=mm&r=g","caption":"Mar\u00eda L\u00f3pez Cabrera"},"url":"https:\/\/ieslamadraza.com\/wp\/author\/maria\/"}]}},"_links":{"self":[{"href":"https:\/\/ieslamadraza.com\/wp\/wp-json\/wp\/v2\/posts\/13874","targetHints":{"allow":["GET"]}}],"collection":[{"href":"https:\/\/ieslamadraza.com\/wp\/wp-json\/wp\/v2\/posts"}],"about":[{"href":"https:\/\/ieslamadraza.com\/wp\/wp-json\/wp\/v2\/types\/post"}],"author":[{"embeddable":true,"href":"https:\/\/ieslamadraza.com\/wp\/wp-json\/wp\/v2\/users\/5"}],"replies":[{"embeddable":true,"href":"https:\/\/ieslamadraza.com\/wp\/wp-json\/wp\/v2\/comments?post=13874"}],"version-history":[{"count":0,"href":"https:\/\/ieslamadraza.com\/wp\/wp-json\/wp\/v2\/posts\/13874\/revisions"}],"wp:featuredmedia":[{"embeddable":true,"href":"https:\/\/ieslamadraza.com\/wp\/wp-json\/wp\/v2\/media\/13876"}],"wp:attachment":[{"href":"https:\/\/ieslamadraza.com\/wp\/wp-json\/wp\/v2\/media?parent=13874"}],"wp:term":[{"taxonomy":"category","embeddable":true,"href":"https:\/\/ieslamadraza.com\/wp\/wp-json\/wp\/v2\/categories?post=13874"},{"taxonomy":"post_tag","embeddable":true,"href":"https:\/\/ieslamadraza.com\/wp\/wp-json\/wp\/v2\/tags?post=13874"}],"curies":[{"name":"wp","href":"https:\/\/api.w.org\/{rel}","templated":true}]}}