{"id":1380,"date":"2015-04-12T10:36:06","date_gmt":"2015-04-12T08:36:06","guid":{"rendered":"http:\/\/ieslamadraza.com\/wp\/los-lunes-poesia-2015-04-13\/"},"modified":"2019-09-04T13:50:17","modified_gmt":"2019-09-04T11:50:17","slug":"los-lunes-poesia-2015-04-13","status":"publish","type":"post","link":"https:\/\/ieslamadraza.com\/wp\/los-lunes-poesia-2015-04-13\/","title":{"rendered":"Los lunes&#8230; poes\u00eda (2015\/04\/13)"},"content":{"rendered":"<p>Conocemos a Do\u00f1a Poes\u00eda, engalanada y gr\u00e1cil en los dominios de la pasi\u00f3n, demudada y fr\u00e1gil frente al desarraigo, comprometida y valiente en pos de un ideal\u2026Pero y si paseamos a nuestra gran dama por los parajes de la narraci\u00f3n y la emparejamos con el Se\u00f1or Cuento.<\/p>\n<p>LOS LUNES\u2026POES\u00cdA asiste a esa maravillosa experiencia creativa de la mano del poeta modernista nicarag\u00fcense, <strong>Rub\u00e9n Dar\u00edo<\/strong>. Que disfrut\u00e9is del precioso poema<strong><em> A Margarita Debayle.<\/em><\/strong><\/p>\n<table style=\"width: 500px; height: 1001px;\" border=\"0\">\n<tbody>\n<tr>\n<td><\/td>\n<td><\/td>\n<td><\/td>\n<td><img decoding=\"async\" data-src=\"http:\/\/www.ilustrared.cl\/v3\/uploads\/galerias\/00447\/00709\/4870.jpg\" height=\"129\" width=\"232\" src=\"data:image\/svg+xml;base64,PHN2ZyB3aWR0aD0iMSIgaGVpZ2h0PSIxIiB4bWxucz0iaHR0cDovL3d3dy53My5vcmcvMjAwMC9zdmciPjwvc3ZnPg==\" class=\"lazyload\" style=\"--smush-placeholder-width: 232px; --smush-placeholder-aspect-ratio: 232\/129;\" \/><\/td>\n<td style=\"text-align: center;\"><\/td>\n<\/tr>\n<tr>\n<td>\n<p>Margarita est\u00e1 linda la mar,&nbsp;<br \/> y el viento,&nbsp;<br \/> lleva esencia sutil de azahar;&nbsp;<br \/> yo siento&nbsp;<br \/> en el alma una alondra cantar;&nbsp;<br \/> tu acento.&nbsp;<br \/> Margarita, te voy a contar&nbsp;<br \/> un cuento:&nbsp;<\/p>\n<p> Esto era un rey que ten\u00eda&nbsp;<br \/> un palacio de diamantes,&nbsp;<br \/> una tienda hecha de d\u00eda&nbsp;<br \/> y un reba\u00f1o de elefantes,&nbsp;<br \/> un kiosko de malaquita,&nbsp;<br \/> un gran manto de tis\u00fa,&nbsp;<br \/> y una gentil princesita,&nbsp;<br \/> tan bonita,&nbsp;<br \/> Margarita,&nbsp;<br \/> tan bonita, como t\u00fa.&nbsp;<\/p>\n<p> Una tarde, la princesa&nbsp;<br \/> vio una estrella aparecer;&nbsp;<br \/> la princesa era traviesa&nbsp;<br \/> y la quiso ir a coger.&nbsp;<\/p>\n<p> La quer\u00eda para hacerla&nbsp;<br \/> decorar un prendedor,&nbsp;<br \/> con un verso y una perla&nbsp;<br \/> y una pluma y una flor.&nbsp;<\/p>\n<p> Las princesas primorosas&nbsp;<br \/> se parecen mucho a ti:&nbsp;<br \/> cortan lirios, cortan rosas,&nbsp;<br \/> cortan astros. Son as\u00ed.&nbsp;<\/p>\n<p> Pues se fue la ni\u00f1a bella,&nbsp;<br \/> bajo el cielo y sobre el mar,&nbsp;<br \/> a cortar la blanca estrella&nbsp;<br \/> que la hac\u00eda suspirar.&nbsp;<\/p>\n<p> Y sigui\u00f3 camino arriba,&nbsp;<br \/> por la luna y m\u00e1s all\u00e1;&nbsp;<br \/> m\u00e1s lo malo es que ella iba&nbsp;<br \/> sin permiso de pap\u00e1.&nbsp;<\/p>\n<p> Cuando estuvo ya de vuelta&nbsp;<br \/> de los parques del Se\u00f1or,&nbsp;<br \/> se miraba toda envuelta&nbsp;<br \/> en un dulce resplandor.&nbsp;<\/p>\n<p> Y el rey dijo: \u00ab\u00bfQu\u00e9 te has hecho?&nbsp;<br \/> te he buscado y no te hall\u00e9;&nbsp;<br \/> y \u00bfqu\u00e9 tienes en el pecho&nbsp;<br \/> que encendido se te ve?\u00bb.<\/p>\n<\/td>\n<td><\/td>\n<td><\/td>\n<td>\n<p> La princesa no ment\u00eda.&nbsp;<br \/> Y as\u00ed, dijo la verdad:&nbsp;<br \/> \u00abFui a cortar la estrella m\u00eda&nbsp;<br \/> a la azul inmensidad\u00bb.&nbsp;<\/p>\n<p> Y el rey clama: \u00ab\u00bfNo te he dicho&nbsp;<br \/> que el azul no hay que cortar?.&nbsp;<br \/> \u00a1Qu\u00e9 locura!, \u00a1Qu\u00e9 capricho!&#8230;&nbsp;<br \/> El Se\u00f1or se va a enojar\u00bb.&nbsp;<\/p>\n<p> Y ella dice: \u00abNo hubo intento;&nbsp;<br \/> yo me fui no s\u00e9 por qu\u00e9.&nbsp;<br \/> Por las olas por el viento&nbsp;<br \/> fui a la estrella y la cort\u00e9\u00bb.&nbsp;<\/p>\n<p> Y el pap\u00e1 dice enojado:&nbsp;<br \/> \u00abUn castigo has de tener:&nbsp;<br \/> vuelve al cielo y lo robado&nbsp;<br \/> vas ahora a devolver\u00bb.&nbsp;<\/p>\n<p> La princesa se entristece&nbsp;<br \/> por su dulce flor de luz,&nbsp;<br \/> cuando entonces aparece&nbsp;<br \/> sonriendo el Buen Jes\u00fas.&nbsp;<\/p>\n<p> Y as\u00ed dice: \u00abEn mis campi\u00f1as&nbsp;<br \/> esa rosa le ofrec\u00ed;&nbsp;<br \/> son mis flores de las ni\u00f1as&nbsp;<br \/> que al so\u00f1ar piensan en m\u00ed\u00bb.&nbsp;<\/p>\n<p> Viste el rey pompas brillantes,&nbsp;<br \/> y luego hace desfilar&nbsp;<br \/> cuatrocientos elefantes&nbsp;<br \/> a la orilla de la mar.&nbsp;<\/p>\n<p> La princesita est\u00e1 bella,&nbsp;<br \/> pues ya tiene el prendedor&nbsp;<br \/> en que lucen, con la estrella,&nbsp;<br \/> verso, perla, pluma y flor.&nbsp;<\/p>\n<p> * * *&nbsp;<\/p>\n<p> Margarita, est\u00e1 linda la mar,&nbsp;<br \/> y el viento&nbsp;<br \/> lleva esencia sutil de azahar:&nbsp;<br \/> tu aliento.&nbsp;<\/p>\n<p> Ya que lejos de m\u00ed vas a estar,&nbsp;<br \/> guarda, ni\u00f1a, un gentil pensamiento&nbsp;<br \/> al que un d\u00eda te quiso contar&nbsp;<br \/> un cuento.<\/p>\n<\/td>\n<td><\/td>\n<\/tr>\n<tr> <\/tr>\n<tr> <\/tr>\n<tr> <\/tr>\n<tr> <\/tr>\n<\/tbody>\n<\/table>\n<div style=\"text-align: center;\"><strong><em><a target=\"_blank\" title=\"Ver v\u00eddeo\" href=\"https:\/\/www.youtube.com\/watch?v=DOIa1jMzPgg\" rel=\"noopener noreferrer\"><img decoding=\"async\" data-src=\"images\/stories\/2015_04_13%20Video%20Margarita%20Debayle.JPG\" height=\"215\" width=\"349\" src=\"data:image\/svg+xml;base64,PHN2ZyB3aWR0aD0iMSIgaGVpZ2h0PSIxIiB4bWxucz0iaHR0cDovL3d3dy53My5vcmcvMjAwMC9zdmciPjwvc3ZnPg==\" class=\"lazyload\" style=\"--smush-placeholder-width: 349px; --smush-placeholder-aspect-ratio: 349\/215;\" \/><\/a><\/em><\/strong><\/div>\n","protected":false},"excerpt":{"rendered":"<p>Conocemos a Do\u00f1a Poes\u00eda, engalanada y gr\u00e1cil en los dominios de la pasi\u00f3n, demudada y fr\u00e1gil frente al desarraigo, comprometida y valiente en pos de un ideal\u2026Pero y si paseamos a nuestra gran dama por los parajes de la narraci\u00f3n y la emparejamos con el Se\u00f1or Cuento. LOS LUNES\u2026POES\u00cdA asiste a esa maravillosa experiencia creativa [&hellip;]<\/p>\n","protected":false},"author":7,"featured_media":0,"comment_status":"closed","ping_status":"closed","sticky":false,"template":"","format":"standard","meta":{"_et_pb_use_builder":"","_et_pb_old_content":"","_et_gb_content_width":"","_monsterinsights_skip_tracking":false,"_monsterinsights_sitenote_active":false,"_monsterinsights_sitenote_note":"","_monsterinsights_sitenote_category":0,"footnotes":""},"categories":[129],"tags":[],"class_list":["post-1380","post","type-post","status-publish","format-standard","hentry","category-poesia","et-doesnt-have-format-content","et_post_format-et-post-format-standard"],"yoast_head":"<!-- This site is optimized with the Yoast SEO plugin v27.5 - https:\/\/yoast.com\/product\/yoast-seo-wordpress\/ -->\n<title>Los lunes... poes\u00eda (2015\/04\/13) - IES LA MADRAZA<\/title>\n<meta name=\"description\" content=\"IES La Madraza\" \/>\n<meta name=\"robots\" content=\"index, follow, max-snippet:-1, max-image-preview:large, max-video-preview:-1\" \/>\n<link rel=\"canonical\" href=\"https:\/\/ieslamadraza.com\/wp\/los-lunes-poesia-2015-04-13\/\" \/>\n<meta property=\"og:locale\" content=\"es_ES\" \/>\n<meta property=\"og:type\" content=\"article\" \/>\n<meta property=\"og:title\" content=\"Los lunes... poes\u00eda (2015\/04\/13) - IES LA MADRAZA\" \/>\n<meta property=\"og:description\" content=\"IES La Madraza\" \/>\n<meta property=\"og:url\" content=\"https:\/\/ieslamadraza.com\/wp\/los-lunes-poesia-2015-04-13\/\" \/>\n<meta property=\"og:site_name\" content=\"IES LA MADRAZA\" \/>\n<meta property=\"article:publisher\" content=\"https:\/\/www.facebook.com\/ieslamadraza\/\" \/>\n<meta property=\"article:published_time\" content=\"2015-04-12T08:36:06+00:00\" \/>\n<meta property=\"article:modified_time\" content=\"2019-09-04T11:50:17+00:00\" \/>\n<meta property=\"og:image\" content=\"http:\/\/www.ilustrared.cl\/v3\/uploads\/galerias\/00447\/00709\/4870.jpg\" \/>\n<meta name=\"author\" content=\"admin_IES-laMadraza\" \/>\n<meta name=\"twitter:card\" content=\"summary_large_image\" \/>\n<meta name=\"twitter:creator\" content=\"@MadrazaLa\" \/>\n<meta name=\"twitter:site\" content=\"@MadrazaLa\" \/>\n<meta name=\"twitter:label1\" content=\"Escrito por\" \/>\n\t<meta name=\"twitter:data1\" content=\"admin_IES-laMadraza\" \/>\n\t<meta name=\"twitter:label2\" content=\"Tiempo de lectura\" \/>\n\t<meta name=\"twitter:data2\" content=\"3 minutos\" \/>\n<script type=\"application\/ld+json\" class=\"yoast-schema-graph\">{\"@context\":\"https:\\\/\\\/schema.org\",\"@graph\":[{\"@type\":\"Article\",\"@id\":\"https:\\\/\\\/ieslamadraza.com\\\/wp\\\/los-lunes-poesia-2015-04-13\\\/#article\",\"isPartOf\":{\"@id\":\"https:\\\/\\\/ieslamadraza.com\\\/wp\\\/los-lunes-poesia-2015-04-13\\\/\"},\"author\":{\"name\":\"admin_IES-laMadraza\",\"@id\":\"https:\\\/\\\/ieslamadraza.com\\\/wp\\\/#\\\/schema\\\/person\\\/f80b2662c85d3a875653d8c393c0e24b\"},\"headline\":\"Los lunes&#8230; poes\u00eda (2015\\\/04\\\/13)\",\"datePublished\":\"2015-04-12T08:36:06+00:00\",\"dateModified\":\"2019-09-04T11:50:17+00:00\",\"mainEntityOfPage\":{\"@id\":\"https:\\\/\\\/ieslamadraza.com\\\/wp\\\/los-lunes-poesia-2015-04-13\\\/\"},\"wordCount\":606,\"publisher\":{\"@id\":\"https:\\\/\\\/ieslamadraza.com\\\/wp\\\/#organization\"},\"image\":{\"@id\":\"https:\\\/\\\/ieslamadraza.com\\\/wp\\\/los-lunes-poesia-2015-04-13\\\/#primaryimage\"},\"thumbnailUrl\":\"http:\\\/\\\/www.ilustrared.cl\\\/v3\\\/uploads\\\/galerias\\\/00447\\\/00709\\\/4870.jpg\",\"articleSection\":[\"LOS LUNES... POES\u00cdA\"],\"inLanguage\":\"es\"},{\"@type\":\"WebPage\",\"@id\":\"https:\\\/\\\/ieslamadraza.com\\\/wp\\\/los-lunes-poesia-2015-04-13\\\/\",\"url\":\"https:\\\/\\\/ieslamadraza.com\\\/wp\\\/los-lunes-poesia-2015-04-13\\\/\",\"name\":\"Los lunes... poes\u00eda (2015\\\/04\\\/13) - IES LA MADRAZA\",\"isPartOf\":{\"@id\":\"https:\\\/\\\/ieslamadraza.com\\\/wp\\\/#website\"},\"primaryImageOfPage\":{\"@id\":\"https:\\\/\\\/ieslamadraza.com\\\/wp\\\/los-lunes-poesia-2015-04-13\\\/#primaryimage\"},\"image\":{\"@id\":\"https:\\\/\\\/ieslamadraza.com\\\/wp\\\/los-lunes-poesia-2015-04-13\\\/#primaryimage\"},\"thumbnailUrl\":\"http:\\\/\\\/www.ilustrared.cl\\\/v3\\\/uploads\\\/galerias\\\/00447\\\/00709\\\/4870.jpg\",\"datePublished\":\"2015-04-12T08:36:06+00:00\",\"dateModified\":\"2019-09-04T11:50:17+00:00\",\"description\":\"IES La Madraza\",\"breadcrumb\":{\"@id\":\"https:\\\/\\\/ieslamadraza.com\\\/wp\\\/los-lunes-poesia-2015-04-13\\\/#breadcrumb\"},\"inLanguage\":\"es\",\"potentialAction\":[{\"@type\":\"ReadAction\",\"target\":[\"https:\\\/\\\/ieslamadraza.com\\\/wp\\\/los-lunes-poesia-2015-04-13\\\/\"]}]},{\"@type\":\"ImageObject\",\"inLanguage\":\"es\",\"@id\":\"https:\\\/\\\/ieslamadraza.com\\\/wp\\\/los-lunes-poesia-2015-04-13\\\/#primaryimage\",\"url\":\"http:\\\/\\\/www.ilustrared.cl\\\/v3\\\/uploads\\\/galerias\\\/00447\\\/00709\\\/4870.jpg\",\"contentUrl\":\"http:\\\/\\\/www.ilustrared.cl\\\/v3\\\/uploads\\\/galerias\\\/00447\\\/00709\\\/4870.jpg\"},{\"@type\":\"BreadcrumbList\",\"@id\":\"https:\\\/\\\/ieslamadraza.com\\\/wp\\\/los-lunes-poesia-2015-04-13\\\/#breadcrumb\",\"itemListElement\":[{\"@type\":\"ListItem\",\"position\":1,\"name\":\"Portada\",\"item\":\"https:\\\/\\\/ieslamadraza.com\\\/wp\\\/\"},{\"@type\":\"ListItem\",\"position\":2,\"name\":\"Los lunes&#8230; poes\u00eda (2015\\\/04\\\/13)\"}]},{\"@type\":\"WebSite\",\"@id\":\"https:\\\/\\\/ieslamadraza.com\\\/wp\\\/#website\",\"url\":\"https:\\\/\\\/ieslamadraza.com\\\/wp\\\/\",\"name\":\"IES LA MADRAZA\",\"description\":\"Instituto de Ense\u00f1anza Secundaria de Granada (Espa\u00f1a)\",\"publisher\":{\"@id\":\"https:\\\/\\\/ieslamadraza.com\\\/wp\\\/#organization\"},\"alternateName\":\"Inicio - IES LA MADRAZA\",\"potentialAction\":[{\"@type\":\"SearchAction\",\"target\":{\"@type\":\"EntryPoint\",\"urlTemplate\":\"https:\\\/\\\/ieslamadraza.com\\\/wp\\\/?s={search_term_string}\"},\"query-input\":{\"@type\":\"PropertyValueSpecification\",\"valueRequired\":true,\"valueName\":\"search_term_string\"}}],\"inLanguage\":\"es\"},{\"@type\":\"Organization\",\"@id\":\"https:\\\/\\\/ieslamadraza.com\\\/wp\\\/#organization\",\"name\":\"IES La Madraza -Instituto de Ense\u00f1anza Secundaria - Granada\",\"alternateName\":\"IES La Madraza -Instituto de Ense\u00f1anza Secundaria - Granada\",\"url\":\"https:\\\/\\\/ieslamadraza.com\\\/wp\\\/\",\"logo\":{\"@type\":\"ImageObject\",\"inLanguage\":\"es\",\"@id\":\"https:\\\/\\\/ieslamadraza.com\\\/wp\\\/#\\\/schema\\\/logo\\\/image\\\/\",\"url\":\"https:\\\/\\\/ieslamadraza.com\\\/wp\\\/wp-content\\\/img\\\/2025\\\/10\\\/logo.jpeg\",\"contentUrl\":\"https:\\\/\\\/ieslamadraza.com\\\/wp\\\/wp-content\\\/img\\\/2025\\\/10\\\/logo.jpeg\",\"width\":225,\"height\":225,\"caption\":\"IES La Madraza -Instituto de Ense\u00f1anza Secundaria - Granada\"},\"image\":{\"@id\":\"https:\\\/\\\/ieslamadraza.com\\\/wp\\\/#\\\/schema\\\/logo\\\/image\\\/\"},\"sameAs\":[\"https:\\\/\\\/www.facebook.com\\\/ieslamadraza\\\/\",\"https:\\\/\\\/x.com\\\/MadrazaLa\",\"https:\\\/\\\/www.instagram.com\\\/institutolamadraza\\\/\"]},{\"@type\":\"Person\",\"@id\":\"https:\\\/\\\/ieslamadraza.com\\\/wp\\\/#\\\/schema\\\/person\\\/f80b2662c85d3a875653d8c393c0e24b\",\"name\":\"admin_IES-laMadraza\",\"image\":{\"@type\":\"ImageObject\",\"inLanguage\":\"es\",\"@id\":\"https:\\\/\\\/secure.gravatar.com\\\/avatar\\\/aad8ae5b110afbe2f2e7011bba88e4b5b97b4a632e22255df6b653bdca4d179a?s=96&d=mm&r=g\",\"url\":\"https:\\\/\\\/secure.gravatar.com\\\/avatar\\\/aad8ae5b110afbe2f2e7011bba88e4b5b97b4a632e22255df6b653bdca4d179a?s=96&d=mm&r=g\",\"contentUrl\":\"https:\\\/\\\/secure.gravatar.com\\\/avatar\\\/aad8ae5b110afbe2f2e7011bba88e4b5b97b4a632e22255df6b653bdca4d179a?s=96&d=mm&r=g\",\"caption\":\"admin_IES-laMadraza\"},\"url\":\"https:\\\/\\\/ieslamadraza.com\\\/wp\\\/author\\\/admin_ies-lamadraza\\\/\"}]}<\/script>\n<!-- \/ Yoast SEO plugin. -->","yoast_head_json":{"title":"Los lunes... poes\u00eda (2015\/04\/13) - IES LA MADRAZA","description":"IES La Madraza","robots":{"index":"index","follow":"follow","max-snippet":"max-snippet:-1","max-image-preview":"max-image-preview:large","max-video-preview":"max-video-preview:-1"},"canonical":"https:\/\/ieslamadraza.com\/wp\/los-lunes-poesia-2015-04-13\/","og_locale":"es_ES","og_type":"article","og_title":"Los lunes... poes\u00eda (2015\/04\/13) - IES LA MADRAZA","og_description":"IES La Madraza","og_url":"https:\/\/ieslamadraza.com\/wp\/los-lunes-poesia-2015-04-13\/","og_site_name":"IES LA MADRAZA","article_publisher":"https:\/\/www.facebook.com\/ieslamadraza\/","article_published_time":"2015-04-12T08:36:06+00:00","article_modified_time":"2019-09-04T11:50:17+00:00","og_image":[{"url":"http:\/\/www.ilustrared.cl\/v3\/uploads\/galerias\/00447\/00709\/4870.jpg","type":"","width":"","height":""}],"author":"admin_IES-laMadraza","twitter_card":"summary_large_image","twitter_creator":"@MadrazaLa","twitter_site":"@MadrazaLa","twitter_misc":{"Escrito por":"admin_IES-laMadraza","Tiempo de lectura":"3 minutos"},"schema":{"@context":"https:\/\/schema.org","@graph":[{"@type":"Article","@id":"https:\/\/ieslamadraza.com\/wp\/los-lunes-poesia-2015-04-13\/#article","isPartOf":{"@id":"https:\/\/ieslamadraza.com\/wp\/los-lunes-poesia-2015-04-13\/"},"author":{"name":"admin_IES-laMadraza","@id":"https:\/\/ieslamadraza.com\/wp\/#\/schema\/person\/f80b2662c85d3a875653d8c393c0e24b"},"headline":"Los lunes&#8230; poes\u00eda (2015\/04\/13)","datePublished":"2015-04-12T08:36:06+00:00","dateModified":"2019-09-04T11:50:17+00:00","mainEntityOfPage":{"@id":"https:\/\/ieslamadraza.com\/wp\/los-lunes-poesia-2015-04-13\/"},"wordCount":606,"publisher":{"@id":"https:\/\/ieslamadraza.com\/wp\/#organization"},"image":{"@id":"https:\/\/ieslamadraza.com\/wp\/los-lunes-poesia-2015-04-13\/#primaryimage"},"thumbnailUrl":"http:\/\/www.ilustrared.cl\/v3\/uploads\/galerias\/00447\/00709\/4870.jpg","articleSection":["LOS LUNES... POES\u00cdA"],"inLanguage":"es"},{"@type":"WebPage","@id":"https:\/\/ieslamadraza.com\/wp\/los-lunes-poesia-2015-04-13\/","url":"https:\/\/ieslamadraza.com\/wp\/los-lunes-poesia-2015-04-13\/","name":"Los lunes... poes\u00eda (2015\/04\/13) - IES LA MADRAZA","isPartOf":{"@id":"https:\/\/ieslamadraza.com\/wp\/#website"},"primaryImageOfPage":{"@id":"https:\/\/ieslamadraza.com\/wp\/los-lunes-poesia-2015-04-13\/#primaryimage"},"image":{"@id":"https:\/\/ieslamadraza.com\/wp\/los-lunes-poesia-2015-04-13\/#primaryimage"},"thumbnailUrl":"http:\/\/www.ilustrared.cl\/v3\/uploads\/galerias\/00447\/00709\/4870.jpg","datePublished":"2015-04-12T08:36:06+00:00","dateModified":"2019-09-04T11:50:17+00:00","description":"IES La Madraza","breadcrumb":{"@id":"https:\/\/ieslamadraza.com\/wp\/los-lunes-poesia-2015-04-13\/#breadcrumb"},"inLanguage":"es","potentialAction":[{"@type":"ReadAction","target":["https:\/\/ieslamadraza.com\/wp\/los-lunes-poesia-2015-04-13\/"]}]},{"@type":"ImageObject","inLanguage":"es","@id":"https:\/\/ieslamadraza.com\/wp\/los-lunes-poesia-2015-04-13\/#primaryimage","url":"http:\/\/www.ilustrared.cl\/v3\/uploads\/galerias\/00447\/00709\/4870.jpg","contentUrl":"http:\/\/www.ilustrared.cl\/v3\/uploads\/galerias\/00447\/00709\/4870.jpg"},{"@type":"BreadcrumbList","@id":"https:\/\/ieslamadraza.com\/wp\/los-lunes-poesia-2015-04-13\/#breadcrumb","itemListElement":[{"@type":"ListItem","position":1,"name":"Portada","item":"https:\/\/ieslamadraza.com\/wp\/"},{"@type":"ListItem","position":2,"name":"Los lunes&#8230; poes\u00eda (2015\/04\/13)"}]},{"@type":"WebSite","@id":"https:\/\/ieslamadraza.com\/wp\/#website","url":"https:\/\/ieslamadraza.com\/wp\/","name":"IES LA MADRAZA","description":"Instituto de Ense\u00f1anza Secundaria de Granada (Espa\u00f1a)","publisher":{"@id":"https:\/\/ieslamadraza.com\/wp\/#organization"},"alternateName":"Inicio - IES LA MADRAZA","potentialAction":[{"@type":"SearchAction","target":{"@type":"EntryPoint","urlTemplate":"https:\/\/ieslamadraza.com\/wp\/?s={search_term_string}"},"query-input":{"@type":"PropertyValueSpecification","valueRequired":true,"valueName":"search_term_string"}}],"inLanguage":"es"},{"@type":"Organization","@id":"https:\/\/ieslamadraza.com\/wp\/#organization","name":"IES La Madraza -Instituto de Ense\u00f1anza Secundaria - Granada","alternateName":"IES La Madraza -Instituto de Ense\u00f1anza Secundaria - Granada","url":"https:\/\/ieslamadraza.com\/wp\/","logo":{"@type":"ImageObject","inLanguage":"es","@id":"https:\/\/ieslamadraza.com\/wp\/#\/schema\/logo\/image\/","url":"https:\/\/ieslamadraza.com\/wp\/wp-content\/img\/2025\/10\/logo.jpeg","contentUrl":"https:\/\/ieslamadraza.com\/wp\/wp-content\/img\/2025\/10\/logo.jpeg","width":225,"height":225,"caption":"IES La Madraza -Instituto de Ense\u00f1anza Secundaria - Granada"},"image":{"@id":"https:\/\/ieslamadraza.com\/wp\/#\/schema\/logo\/image\/"},"sameAs":["https:\/\/www.facebook.com\/ieslamadraza\/","https:\/\/x.com\/MadrazaLa","https:\/\/www.instagram.com\/institutolamadraza\/"]},{"@type":"Person","@id":"https:\/\/ieslamadraza.com\/wp\/#\/schema\/person\/f80b2662c85d3a875653d8c393c0e24b","name":"admin_IES-laMadraza","image":{"@type":"ImageObject","inLanguage":"es","@id":"https:\/\/secure.gravatar.com\/avatar\/aad8ae5b110afbe2f2e7011bba88e4b5b97b4a632e22255df6b653bdca4d179a?s=96&d=mm&r=g","url":"https:\/\/secure.gravatar.com\/avatar\/aad8ae5b110afbe2f2e7011bba88e4b5b97b4a632e22255df6b653bdca4d179a?s=96&d=mm&r=g","contentUrl":"https:\/\/secure.gravatar.com\/avatar\/aad8ae5b110afbe2f2e7011bba88e4b5b97b4a632e22255df6b653bdca4d179a?s=96&d=mm&r=g","caption":"admin_IES-laMadraza"},"url":"https:\/\/ieslamadraza.com\/wp\/author\/admin_ies-lamadraza\/"}]}},"_links":{"self":[{"href":"https:\/\/ieslamadraza.com\/wp\/wp-json\/wp\/v2\/posts\/1380","targetHints":{"allow":["GET"]}}],"collection":[{"href":"https:\/\/ieslamadraza.com\/wp\/wp-json\/wp\/v2\/posts"}],"about":[{"href":"https:\/\/ieslamadraza.com\/wp\/wp-json\/wp\/v2\/types\/post"}],"author":[{"embeddable":true,"href":"https:\/\/ieslamadraza.com\/wp\/wp-json\/wp\/v2\/users\/7"}],"replies":[{"embeddable":true,"href":"https:\/\/ieslamadraza.com\/wp\/wp-json\/wp\/v2\/comments?post=1380"}],"version-history":[{"count":0,"href":"https:\/\/ieslamadraza.com\/wp\/wp-json\/wp\/v2\/posts\/1380\/revisions"}],"wp:attachment":[{"href":"https:\/\/ieslamadraza.com\/wp\/wp-json\/wp\/v2\/media?parent=1380"}],"wp:term":[{"taxonomy":"category","embeddable":true,"href":"https:\/\/ieslamadraza.com\/wp\/wp-json\/wp\/v2\/categories?post=1380"},{"taxonomy":"post_tag","embeddable":true,"href":"https:\/\/ieslamadraza.com\/wp\/wp-json\/wp\/v2\/tags?post=1380"}],"curies":[{"name":"wp","href":"https:\/\/api.w.org\/{rel}","templated":true}]}}