{"id":1231,"date":"2014-12-19T15:06:57","date_gmt":"2014-12-19T14:06:57","guid":{"rendered":"http:\/\/ieslamadraza.com\/wp\/gala-artistica-y-fin-del-trimestre\/"},"modified":"2019-09-04T16:22:29","modified_gmt":"2019-09-04T14:22:29","slug":"gala-artistica-y-fin-del-trimestre","status":"publish","type":"post","link":"https:\/\/ieslamadraza.com\/wp\/gala-artistica-y-fin-del-trimestre\/","title":{"rendered":"Gala art\u00edstica de final de trimestre"},"content":{"rendered":"<p>El 19 de diciembre acab\u00f3 el trimestre de forma festiva con la gala art\u00edstica \u00abT\u00fa s\u00ed que vales 2014\u00bb. Hubo quince actuaciones: acrobacias espectaculares, canciones con estilos totalmente diferentes, piano, saxof\u00f3n, bailes sorprendentes y magia. <a href=\"http:\/\/es.slideshare.net\/pabloacostarobles\/2014-12-19-t-s-que-vales\">Ver fotos.<\/a><\/p>\n<p style=\"text-align: center;\"><a title=\"Ver fotos de participantes\" href=\"http:\/\/es.slideshare.net\/pabloacostarobles\/2014-12-19-t-s-que-vales\"><\/a><\/p>\n<p>A todos estos artistas agradecemos las horas de ensayo, la valent\u00eda  para subir al escenario y el hacernos pasar un rato muy  entretenido<a href=\"https:\/\/www.youtube.com\/watch?v=BH8I-Voohss&amp;feature=youtu.be\"><\/a>:<\/p>\n<ol> <\/ol>\n<ul>\n<li>Mar\u00eda Moreno Antequera (4\u00baESO B) e Ismael Medina (2\u00baESO): baile acrob\u00e1tico  \u00abArete de Jerez\u00bb de David Pe\u00f1as.<\/li>\n<li>Juan Jos\u00e9 Delm\u00e1s, \u00c1lvaro Guti\u00e9rrez, Alejandro P\u00e9rez y Marco Arellano (3\u00baESO A y 2\u00baESO B): canci\u00f3n \u00abSeven Nation Army\u00bb. <strong>Segundo premio.<\/strong><\/li>\n<li>David Pastor S\u00e1nchez (1\u00baESO A): canci\u00f3n de James Blunt \u00abBonfire Hearts\u00bb.<\/li>\n<li>Alejandro Moles Hurtado (1\u00baESO C): interpretaci\u00f3n con saxof\u00f3n de \u00abSmoke on the water\u00bb.<\/li>\n<li>Zakaria Guertal (2\u00baESO C): magia.<\/li>\n<li>Paula Mart\u00ednez Chinchilla y Cristina Mart\u00edn Robledillo (2\u00baBachillerato A): canci\u00f3n \u00abNot about angels\u00bb de Birdy. <strong>Primer premio.<\/strong><\/li>\n<li>Pedro Palacios Mart\u00edn (Aula Espec\u00edfica): \u00abHimno de la alegr\u00eda\u00bb de Miguel R\u00edos. <strong>Menci\u00f3n especial.<\/strong><\/li>\n<li>Elena Pe\u00f1a Tortosa (1\u00baESO A): danza del vientre.<\/li>\n<li>Juan Jos\u00e9 Reyes Chaves (1\u00baESO C): canci\u00f3n de los chicos del coro \u00abVois sur ton chemin\u00bb.<\/li>\n<li>Diana Puertas Rivas (3\u00baESO A): Tpiano.<\/li>\n<li>Alejandro P\u00e9rez Manzano y \u00c1lvaro Guti\u00e9rrez Morcillo (3\u00baESO A): canci\u00f3n de Royal Blood \u00abLittle Monster\u00bb.<\/li>\n<li>\u00c1lvaro Manzano Oriol (1\u00baESO A): canci\u00f3n \u00abTodos los besos\u00bb de Los Rebujitos.<\/li>\n<li>Manuel Arroyo Gonz\u00e1lez y Adri\u00e1n L\u00f3pez Baca (1\u00baESO B): magia.<\/li>\n<li>Rosa M\u00aa Rodr\u00edguez Garc\u00eda (2\u00baESO B): canci\u00f3n \u00ab\u00bfQu\u00e9 quieres de mi?\u00bb de Luis Fonsi.<\/li>\n<li>Nerea Pe\u00f1afiel Z\u00fa\u00f1iga y Jos\u00e9 Miguel Galindo Hern\u00e1ndez (1\u00baESO C):  baile bachata (\u00abInocente\u00bb de Romeo Santos) y salsa (\u00abElla menea\u00bb de NGL). <strong>Tercer premio.<\/strong><\/li>\n<p style=\"text-align: center;\"><a title=\"Ver v\u00eddeo\" href=\"https:\/\/www.youtube.com\/watch?v=BH8I-Voohss&amp;feature=youtu.be\"><img decoding=\"async\" data-src=\"images\/stories\/2014_12_19%20Tu%20si%20que%20vales%20video.JPG\" height=\"232\" width=\"358\" src=\"data:image\/svg+xml;base64,PHN2ZyB3aWR0aD0iMSIgaGVpZ2h0PSIxIiB4bWxucz0iaHR0cDovL3d3dy53My5vcmcvMjAwMC9zdmciPjwvc3ZnPg==\" class=\"lazyload\" style=\"--smush-placeholder-width: 358px; --smush-placeholder-aspect-ratio: 358\/232;\" \/><\/a><\/p>\n<\/ul>\n<div style=\"text-align: justify;\">Nuestro agradecimiento tambi\u00e9n a la banda del Instituto que interpret\u00f3 cuatro canciones fuera de concurso, a la organizadora del acto Elena Garc\u00eda, a los cuatro presentadores (Fracisco J. Garc\u00eda, Montserrat L\u00f3pez, Sergio de 2\u00baBachillerato e Irene del Ciclo Formativo), a los miembros del jurado (\u00c1ngeles Mar\u00edn, Mercedes Gervilla, Jorge Fern\u00e1ndez y Norberto Castillo), a Alejandro L\u00f3pez (3\u00baESO) por sus v\u00eddeos, al animador Miguel Moles (2\u00baBachillerato), a nuestro director Francisco Cabrera que dedic\u00f3 muchas horas a soldar la estructura met\u00e1lica del escenario, a Norberto Castillo y sus alumnos por la decoraci\u00f3n, al equipo directivo por la instalaci\u00f3n de sonido, al profesorado de Educaci\u00f3n F\u00edsica por el montaje del escenario y a todos los que hicieron posible un acto ameno, alegre y participativo.<\/div>\n<p style=\"text-align: justify;\">Durante la segunda mitad de la ma\u00f1ana se celebraron varios partidos; los que m\u00e1s expectaci\u00f3n despertaron fueron los encuentros de baloncesto, voleibol y f\u00fatbol entre profesorado y alumnado. Con esta jornada especial nos despedimos hasta el 8 de enero. \u00a1Felices vacaciones!<\/p>\n<p style=\"text-align: center;\"><img decoding=\"async\" data-src=\"images\/stories\/2014_12_19%20Partido%20con%20profesores.jpg\" height=\"222\" width=\"342\" src=\"data:image\/svg+xml;base64,PHN2ZyB3aWR0aD0iMSIgaGVpZ2h0PSIxIiB4bWxucz0iaHR0cDovL3d3dy53My5vcmcvMjAwMC9zdmciPjwvc3ZnPg==\" class=\"lazyload\" style=\"--smush-placeholder-width: 342px; --smush-placeholder-aspect-ratio: 342\/222;\" \/><\/p>\n<p style=\"text-align: justify;\">Con motivo del final de trimestre y coincidiendo con la entrega de notas  se distribuy\u00f3 un nuevo n\u00famero de la revista del Instituto. Ofrecemos aqu\u00ed la <a href=\"images\/revista\/40%20DIARIO.pdf\">versi\u00f3n on-line.<\/a><\/p>\n<p style=\"text-align: center;\"><a href=\"images\/revista\/40%20DIARIO.pdf\"><img decoding=\"async\" style=\"--smush-placeholder-width: 131px; --smush-placeholder-aspect-ratio: 131\/186;border: 1px solid #046d9e;\" data-src=\"images\/revista\/40%20PORTADA.JPG\" height=\"186\" width=\"131\" src=\"data:image\/svg+xml;base64,PHN2ZyB3aWR0aD0iMSIgaGVpZ2h0PSIxIiB4bWxucz0iaHR0cDovL3d3dy53My5vcmcvMjAwMC9zdmciPjwvc3ZnPg==\" class=\"lazyload\" \/><\/a><\/p>\n","protected":false},"excerpt":{"rendered":"<p>El 19 de diciembre acab\u00f3 el trimestre de forma festiva con la gala art\u00edstica \u00abT\u00fa s\u00ed que vales 2014\u00bb. Hubo quince actuaciones: acrobacias espectaculares, canciones con estilos totalmente diferentes, piano, saxof\u00f3n, bailes sorprendentes y magia. Ver fotos. A todos estos artistas agradecemos las horas de ensayo, la valent\u00eda para subir al escenario y el hacernos [&hellip;]<\/p>\n","protected":false},"author":7,"featured_media":0,"comment_status":"closed","ping_status":"closed","sticky":false,"template":"","format":"standard","meta":{"_et_pb_use_builder":"","_et_pb_old_content":"","_et_gb_content_width":"","_monsterinsights_skip_tracking":false,"_monsterinsights_sitenote_active":false,"_monsterinsights_sitenote_note":"","_monsterinsights_sitenote_category":0,"footnotes":""},"categories":[96],"tags":[],"class_list":["post-1231","post","type-post","status-publish","format-standard","hentry","category-extraescolares","et-doesnt-have-format-content","et_post_format-et-post-format-standard"],"yoast_head":"<!-- This site is optimized with the Yoast SEO plugin v27.5 - https:\/\/yoast.com\/product\/yoast-seo-wordpress\/ -->\n<title>Gala art\u00edstica de final de trimestre - IES LA MADRAZA<\/title>\n<meta name=\"description\" content=\"IES La Madraza\" \/>\n<meta name=\"robots\" content=\"index, follow, max-snippet:-1, max-image-preview:large, max-video-preview:-1\" \/>\n<link rel=\"canonical\" href=\"https:\/\/ieslamadraza.com\/wp\/gala-artistica-y-fin-del-trimestre\/\" \/>\n<meta property=\"og:locale\" content=\"es_ES\" \/>\n<meta property=\"og:type\" content=\"article\" \/>\n<meta property=\"og:title\" content=\"Gala art\u00edstica de final de trimestre - IES LA MADRAZA\" \/>\n<meta property=\"og:description\" content=\"IES La Madraza\" \/>\n<meta property=\"og:url\" content=\"https:\/\/ieslamadraza.com\/wp\/gala-artistica-y-fin-del-trimestre\/\" \/>\n<meta property=\"og:site_name\" content=\"IES LA MADRAZA\" \/>\n<meta property=\"article:publisher\" content=\"https:\/\/www.facebook.com\/ieslamadraza\/\" \/>\n<meta property=\"article:published_time\" content=\"2014-12-19T14:06:57+00:00\" \/>\n<meta property=\"article:modified_time\" content=\"2019-09-04T14:22:29+00:00\" \/>\n<meta property=\"og:image\" content=\"https:\/\/ieslamadraza.com\/wp\/wp-content\/img\/2020\/09\/logopequeno-.png\" \/>\n\t<meta property=\"og:image:width\" content=\"150\" \/>\n\t<meta property=\"og:image:height\" content=\"150\" \/>\n\t<meta property=\"og:image:type\" content=\"image\/png\" \/>\n<meta name=\"author\" content=\"admin_IES-laMadraza\" \/>\n<meta name=\"twitter:card\" content=\"summary_large_image\" \/>\n<meta name=\"twitter:creator\" content=\"@MadrazaLa\" \/>\n<meta name=\"twitter:site\" content=\"@MadrazaLa\" \/>\n<meta name=\"twitter:label1\" content=\"Escrito por\" \/>\n\t<meta name=\"twitter:data1\" content=\"admin_IES-laMadraza\" \/>\n\t<meta name=\"twitter:label2\" content=\"Tiempo de lectura\" \/>\n\t<meta name=\"twitter:data2\" content=\"3 minutos\" \/>\n<script type=\"application\/ld+json\" class=\"yoast-schema-graph\">{\"@context\":\"https:\\\/\\\/schema.org\",\"@graph\":[{\"@type\":\"Article\",\"@id\":\"https:\\\/\\\/ieslamadraza.com\\\/wp\\\/gala-artistica-y-fin-del-trimestre\\\/#article\",\"isPartOf\":{\"@id\":\"https:\\\/\\\/ieslamadraza.com\\\/wp\\\/gala-artistica-y-fin-del-trimestre\\\/\"},\"author\":{\"name\":\"admin_IES-laMadraza\",\"@id\":\"https:\\\/\\\/ieslamadraza.com\\\/wp\\\/#\\\/schema\\\/person\\\/f80b2662c85d3a875653d8c393c0e24b\"},\"headline\":\"Gala art\u00edstica de final de trimestre\",\"datePublished\":\"2014-12-19T14:06:57+00:00\",\"dateModified\":\"2019-09-04T14:22:29+00:00\",\"mainEntityOfPage\":{\"@id\":\"https:\\\/\\\/ieslamadraza.com\\\/wp\\\/gala-artistica-y-fin-del-trimestre\\\/\"},\"wordCount\":513,\"publisher\":{\"@id\":\"https:\\\/\\\/ieslamadraza.com\\\/wp\\\/#organization\"},\"articleSection\":[\"ACT. EXTRAESCOLARES\"],\"inLanguage\":\"es\"},{\"@type\":\"WebPage\",\"@id\":\"https:\\\/\\\/ieslamadraza.com\\\/wp\\\/gala-artistica-y-fin-del-trimestre\\\/\",\"url\":\"https:\\\/\\\/ieslamadraza.com\\\/wp\\\/gala-artistica-y-fin-del-trimestre\\\/\",\"name\":\"Gala art\u00edstica de final de trimestre - IES LA MADRAZA\",\"isPartOf\":{\"@id\":\"https:\\\/\\\/ieslamadraza.com\\\/wp\\\/#website\"},\"datePublished\":\"2014-12-19T14:06:57+00:00\",\"dateModified\":\"2019-09-04T14:22:29+00:00\",\"description\":\"IES La Madraza\",\"breadcrumb\":{\"@id\":\"https:\\\/\\\/ieslamadraza.com\\\/wp\\\/gala-artistica-y-fin-del-trimestre\\\/#breadcrumb\"},\"inLanguage\":\"es\",\"potentialAction\":[{\"@type\":\"ReadAction\",\"target\":[\"https:\\\/\\\/ieslamadraza.com\\\/wp\\\/gala-artistica-y-fin-del-trimestre\\\/\"]}]},{\"@type\":\"BreadcrumbList\",\"@id\":\"https:\\\/\\\/ieslamadraza.com\\\/wp\\\/gala-artistica-y-fin-del-trimestre\\\/#breadcrumb\",\"itemListElement\":[{\"@type\":\"ListItem\",\"position\":1,\"name\":\"Portada\",\"item\":\"https:\\\/\\\/ieslamadraza.com\\\/wp\\\/\"},{\"@type\":\"ListItem\",\"position\":2,\"name\":\"Gala art\u00edstica de final de trimestre\"}]},{\"@type\":\"WebSite\",\"@id\":\"https:\\\/\\\/ieslamadraza.com\\\/wp\\\/#website\",\"url\":\"https:\\\/\\\/ieslamadraza.com\\\/wp\\\/\",\"name\":\"IES LA MADRAZA\",\"description\":\"Instituto de Ense\u00f1anza Secundaria de Granada (Espa\u00f1a)\",\"publisher\":{\"@id\":\"https:\\\/\\\/ieslamadraza.com\\\/wp\\\/#organization\"},\"alternateName\":\"Inicio - IES LA MADRAZA\",\"potentialAction\":[{\"@type\":\"SearchAction\",\"target\":{\"@type\":\"EntryPoint\",\"urlTemplate\":\"https:\\\/\\\/ieslamadraza.com\\\/wp\\\/?s={search_term_string}\"},\"query-input\":{\"@type\":\"PropertyValueSpecification\",\"valueRequired\":true,\"valueName\":\"search_term_string\"}}],\"inLanguage\":\"es\"},{\"@type\":\"Organization\",\"@id\":\"https:\\\/\\\/ieslamadraza.com\\\/wp\\\/#organization\",\"name\":\"IES La Madraza -Instituto de Ense\u00f1anza Secundaria - Granada\",\"alternateName\":\"IES La Madraza -Instituto de Ense\u00f1anza Secundaria - Granada\",\"url\":\"https:\\\/\\\/ieslamadraza.com\\\/wp\\\/\",\"logo\":{\"@type\":\"ImageObject\",\"inLanguage\":\"es\",\"@id\":\"https:\\\/\\\/ieslamadraza.com\\\/wp\\\/#\\\/schema\\\/logo\\\/image\\\/\",\"url\":\"https:\\\/\\\/ieslamadraza.com\\\/wp\\\/wp-content\\\/img\\\/2025\\\/10\\\/logo.jpeg\",\"contentUrl\":\"https:\\\/\\\/ieslamadraza.com\\\/wp\\\/wp-content\\\/img\\\/2025\\\/10\\\/logo.jpeg\",\"width\":225,\"height\":225,\"caption\":\"IES La Madraza -Instituto de Ense\u00f1anza Secundaria - Granada\"},\"image\":{\"@id\":\"https:\\\/\\\/ieslamadraza.com\\\/wp\\\/#\\\/schema\\\/logo\\\/image\\\/\"},\"sameAs\":[\"https:\\\/\\\/www.facebook.com\\\/ieslamadraza\\\/\",\"https:\\\/\\\/x.com\\\/MadrazaLa\",\"https:\\\/\\\/www.instagram.com\\\/institutolamadraza\\\/\"]},{\"@type\":\"Person\",\"@id\":\"https:\\\/\\\/ieslamadraza.com\\\/wp\\\/#\\\/schema\\\/person\\\/f80b2662c85d3a875653d8c393c0e24b\",\"name\":\"admin_IES-laMadraza\",\"image\":{\"@type\":\"ImageObject\",\"inLanguage\":\"es\",\"@id\":\"https:\\\/\\\/secure.gravatar.com\\\/avatar\\\/aad8ae5b110afbe2f2e7011bba88e4b5b97b4a632e22255df6b653bdca4d179a?s=96&d=mm&r=g\",\"url\":\"https:\\\/\\\/secure.gravatar.com\\\/avatar\\\/aad8ae5b110afbe2f2e7011bba88e4b5b97b4a632e22255df6b653bdca4d179a?s=96&d=mm&r=g\",\"contentUrl\":\"https:\\\/\\\/secure.gravatar.com\\\/avatar\\\/aad8ae5b110afbe2f2e7011bba88e4b5b97b4a632e22255df6b653bdca4d179a?s=96&d=mm&r=g\",\"caption\":\"admin_IES-laMadraza\"},\"url\":\"https:\\\/\\\/ieslamadraza.com\\\/wp\\\/author\\\/admin_ies-lamadraza\\\/\"}]}<\/script>\n<!-- \/ Yoast SEO plugin. -->","yoast_head_json":{"title":"Gala art\u00edstica de final de trimestre - IES LA MADRAZA","description":"IES La Madraza","robots":{"index":"index","follow":"follow","max-snippet":"max-snippet:-1","max-image-preview":"max-image-preview:large","max-video-preview":"max-video-preview:-1"},"canonical":"https:\/\/ieslamadraza.com\/wp\/gala-artistica-y-fin-del-trimestre\/","og_locale":"es_ES","og_type":"article","og_title":"Gala art\u00edstica de final de trimestre - IES LA MADRAZA","og_description":"IES La Madraza","og_url":"https:\/\/ieslamadraza.com\/wp\/gala-artistica-y-fin-del-trimestre\/","og_site_name":"IES LA MADRAZA","article_publisher":"https:\/\/www.facebook.com\/ieslamadraza\/","article_published_time":"2014-12-19T14:06:57+00:00","article_modified_time":"2019-09-04T14:22:29+00:00","og_image":[{"width":150,"height":150,"url":"https:\/\/ieslamadraza.com\/wp\/wp-content\/img\/2020\/09\/logopequeno-.png","type":"image\/png"}],"author":"admin_IES-laMadraza","twitter_card":"summary_large_image","twitter_creator":"@MadrazaLa","twitter_site":"@MadrazaLa","twitter_misc":{"Escrito por":"admin_IES-laMadraza","Tiempo de lectura":"3 minutos"},"schema":{"@context":"https:\/\/schema.org","@graph":[{"@type":"Article","@id":"https:\/\/ieslamadraza.com\/wp\/gala-artistica-y-fin-del-trimestre\/#article","isPartOf":{"@id":"https:\/\/ieslamadraza.com\/wp\/gala-artistica-y-fin-del-trimestre\/"},"author":{"name":"admin_IES-laMadraza","@id":"https:\/\/ieslamadraza.com\/wp\/#\/schema\/person\/f80b2662c85d3a875653d8c393c0e24b"},"headline":"Gala art\u00edstica de final de trimestre","datePublished":"2014-12-19T14:06:57+00:00","dateModified":"2019-09-04T14:22:29+00:00","mainEntityOfPage":{"@id":"https:\/\/ieslamadraza.com\/wp\/gala-artistica-y-fin-del-trimestre\/"},"wordCount":513,"publisher":{"@id":"https:\/\/ieslamadraza.com\/wp\/#organization"},"articleSection":["ACT. EXTRAESCOLARES"],"inLanguage":"es"},{"@type":"WebPage","@id":"https:\/\/ieslamadraza.com\/wp\/gala-artistica-y-fin-del-trimestre\/","url":"https:\/\/ieslamadraza.com\/wp\/gala-artistica-y-fin-del-trimestre\/","name":"Gala art\u00edstica de final de trimestre - IES LA MADRAZA","isPartOf":{"@id":"https:\/\/ieslamadraza.com\/wp\/#website"},"datePublished":"2014-12-19T14:06:57+00:00","dateModified":"2019-09-04T14:22:29+00:00","description":"IES La Madraza","breadcrumb":{"@id":"https:\/\/ieslamadraza.com\/wp\/gala-artistica-y-fin-del-trimestre\/#breadcrumb"},"inLanguage":"es","potentialAction":[{"@type":"ReadAction","target":["https:\/\/ieslamadraza.com\/wp\/gala-artistica-y-fin-del-trimestre\/"]}]},{"@type":"BreadcrumbList","@id":"https:\/\/ieslamadraza.com\/wp\/gala-artistica-y-fin-del-trimestre\/#breadcrumb","itemListElement":[{"@type":"ListItem","position":1,"name":"Portada","item":"https:\/\/ieslamadraza.com\/wp\/"},{"@type":"ListItem","position":2,"name":"Gala art\u00edstica de final de trimestre"}]},{"@type":"WebSite","@id":"https:\/\/ieslamadraza.com\/wp\/#website","url":"https:\/\/ieslamadraza.com\/wp\/","name":"IES LA MADRAZA","description":"Instituto de Ense\u00f1anza Secundaria de Granada (Espa\u00f1a)","publisher":{"@id":"https:\/\/ieslamadraza.com\/wp\/#organization"},"alternateName":"Inicio - IES LA MADRAZA","potentialAction":[{"@type":"SearchAction","target":{"@type":"EntryPoint","urlTemplate":"https:\/\/ieslamadraza.com\/wp\/?s={search_term_string}"},"query-input":{"@type":"PropertyValueSpecification","valueRequired":true,"valueName":"search_term_string"}}],"inLanguage":"es"},{"@type":"Organization","@id":"https:\/\/ieslamadraza.com\/wp\/#organization","name":"IES La Madraza -Instituto de Ense\u00f1anza Secundaria - Granada","alternateName":"IES La Madraza -Instituto de Ense\u00f1anza Secundaria - Granada","url":"https:\/\/ieslamadraza.com\/wp\/","logo":{"@type":"ImageObject","inLanguage":"es","@id":"https:\/\/ieslamadraza.com\/wp\/#\/schema\/logo\/image\/","url":"https:\/\/ieslamadraza.com\/wp\/wp-content\/img\/2025\/10\/logo.jpeg","contentUrl":"https:\/\/ieslamadraza.com\/wp\/wp-content\/img\/2025\/10\/logo.jpeg","width":225,"height":225,"caption":"IES La Madraza -Instituto de Ense\u00f1anza Secundaria - Granada"},"image":{"@id":"https:\/\/ieslamadraza.com\/wp\/#\/schema\/logo\/image\/"},"sameAs":["https:\/\/www.facebook.com\/ieslamadraza\/","https:\/\/x.com\/MadrazaLa","https:\/\/www.instagram.com\/institutolamadraza\/"]},{"@type":"Person","@id":"https:\/\/ieslamadraza.com\/wp\/#\/schema\/person\/f80b2662c85d3a875653d8c393c0e24b","name":"admin_IES-laMadraza","image":{"@type":"ImageObject","inLanguage":"es","@id":"https:\/\/secure.gravatar.com\/avatar\/aad8ae5b110afbe2f2e7011bba88e4b5b97b4a632e22255df6b653bdca4d179a?s=96&d=mm&r=g","url":"https:\/\/secure.gravatar.com\/avatar\/aad8ae5b110afbe2f2e7011bba88e4b5b97b4a632e22255df6b653bdca4d179a?s=96&d=mm&r=g","contentUrl":"https:\/\/secure.gravatar.com\/avatar\/aad8ae5b110afbe2f2e7011bba88e4b5b97b4a632e22255df6b653bdca4d179a?s=96&d=mm&r=g","caption":"admin_IES-laMadraza"},"url":"https:\/\/ieslamadraza.com\/wp\/author\/admin_ies-lamadraza\/"}]}},"_links":{"self":[{"href":"https:\/\/ieslamadraza.com\/wp\/wp-json\/wp\/v2\/posts\/1231","targetHints":{"allow":["GET"]}}],"collection":[{"href":"https:\/\/ieslamadraza.com\/wp\/wp-json\/wp\/v2\/posts"}],"about":[{"href":"https:\/\/ieslamadraza.com\/wp\/wp-json\/wp\/v2\/types\/post"}],"author":[{"embeddable":true,"href":"https:\/\/ieslamadraza.com\/wp\/wp-json\/wp\/v2\/users\/7"}],"replies":[{"embeddable":true,"href":"https:\/\/ieslamadraza.com\/wp\/wp-json\/wp\/v2\/comments?post=1231"}],"version-history":[{"count":0,"href":"https:\/\/ieslamadraza.com\/wp\/wp-json\/wp\/v2\/posts\/1231\/revisions"}],"wp:attachment":[{"href":"https:\/\/ieslamadraza.com\/wp\/wp-json\/wp\/v2\/media?parent=1231"}],"wp:term":[{"taxonomy":"category","embeddable":true,"href":"https:\/\/ieslamadraza.com\/wp\/wp-json\/wp\/v2\/categories?post=1231"},{"taxonomy":"post_tag","embeddable":true,"href":"https:\/\/ieslamadraza.com\/wp\/wp-json\/wp\/v2\/tags?post=1231"}],"curies":[{"name":"wp","href":"https:\/\/api.w.org\/{rel}","templated":true}]}}