{"id":10242,"date":"2019-12-01T17:51:52","date_gmt":"2019-12-01T16:51:52","guid":{"rendered":"https:\/\/ieslamadraza.com\/wp\/?p=10242"},"modified":"2019-12-01T17:51:58","modified_gmt":"2019-12-01T16:51:58","slug":"podcast-el-matenavegante-gauss-y-sophie-germain","status":"publish","type":"post","link":"https:\/\/ieslamadraza.com\/wp\/podcast-el-matenavegante-gauss-y-sophie-germain\/","title":{"rendered":"Podcast \u201cEl Matenavegante\u201d: Gauss y Sophie Germain"},"content":{"rendered":"<p><iframe id=\"audio_44668690\" style=\"border: 1px solid #EEE; box-sizing: border-box; width: 100%;\" data-src=\"https:\/\/www.ivoox.com\/player_ej_44668690_4_1.html?c1=ff6600\" height=\"200\" frameborder=\"0\" scrolling=\"no\" allowfullscreen=\"allowfullscreen\" src=\"data:image\/svg+xml;base64,PHN2ZyB3aWR0aD0iMSIgaGVpZ2h0PSIxIiB4bWxucz0iaHR0cDovL3d3dy53My5vcmcvMjAwMC9zdmciPjwvc3ZnPg==\" class=\"lazyload\" data-load-mode=\"1\"><\/iframe><\/p>\n<p>En este episodio nos ubicamos a principios del siglo XIX y hablamos sobre Sophie Germain, una de las pocas mujeres matem\u00e1ticas que han pasado a la historia, y c\u00f3mo tuvo que adoptar la identidad de un hombre, y llamarse Monsieur LeBlanc, para poder mantener correspondencia con los cient\u00edficos de la \u00e9poca, entre ellos Carl Friedrich Gauss, el cual desconoc\u00eda la verdadera identidad de Monsieur LeBlanc. Sin embargo diversas circunstancias, enmarcadas en las Guerras Napole\u00f3nicas van a desvelar la identidad de Sophie Germain ante Gauss.<\/p>\n","protected":false},"excerpt":{"rendered":"<p>En este episodio nos ubicamos a principios del siglo XIX y hablamos sobre Sophie Germain, una de las pocas mujeres matem\u00e1ticas que han pasado a la historia, y c\u00f3mo tuvo que adoptar la identidad de un hombre, y llamarse Monsieur LeBlanc, para poder mantener correspondencia con los cient\u00edficos de la \u00e9poca, entre ellos Carl Friedrich [&hellip;]<\/p>\n","protected":false},"author":5,"featured_media":10243,"comment_status":"open","ping_status":"closed","sticky":false,"template":"","format":"standard","meta":{"_et_pb_use_builder":"","_et_pb_old_content":"","_et_gb_content_width":"","_monsterinsights_skip_tracking":false,"_monsterinsights_sitenote_active":false,"_monsterinsights_sitenote_note":"","_monsterinsights_sitenote_category":0,"footnotes":""},"categories":[34,144],"tags":[],"class_list":["post-10242","post","type-post","status-publish","format-standard","has-post-thumbnail","hentry","category-matematicas","category-radio-la-madraza","et-has-post-format-content","et_post_format-et-post-format-standard"],"yoast_head":"<!-- This site is optimized with the Yoast SEO plugin v27.4 - https:\/\/yoast.com\/product\/yoast-seo-wordpress\/ -->\n<title>Podcast \u201cEl Matenavegante\u201d: Gauss y Sophie Germain - IES LA MADRAZA<\/title>\n<meta name=\"description\" content=\"IES La Madraza\" \/>\n<meta name=\"robots\" content=\"index, follow, max-snippet:-1, max-image-preview:large, max-video-preview:-1\" \/>\n<link rel=\"canonical\" href=\"https:\/\/ieslamadraza.com\/wp\/podcast-el-matenavegante-gauss-y-sophie-germain\/\" \/>\n<meta property=\"og:locale\" content=\"es_ES\" \/>\n<meta property=\"og:type\" content=\"article\" \/>\n<meta property=\"og:title\" content=\"Podcast \u201cEl Matenavegante\u201d: Gauss y Sophie Germain - IES LA MADRAZA\" \/>\n<meta property=\"og:description\" content=\"IES La Madraza\" \/>\n<meta property=\"og:url\" content=\"https:\/\/ieslamadraza.com\/wp\/podcast-el-matenavegante-gauss-y-sophie-germain\/\" \/>\n<meta property=\"og:site_name\" content=\"IES LA MADRAZA\" \/>\n<meta property=\"article:publisher\" content=\"https:\/\/www.facebook.com\/ieslamadraza\/\" \/>\n<meta property=\"article:published_time\" content=\"2019-12-01T16:51:52+00:00\" \/>\n<meta property=\"article:modified_time\" content=\"2019-12-01T16:51:58+00:00\" \/>\n<meta property=\"og:image\" content=\"https:\/\/ieslamadraza.com\/wp\/wp-content\/img\/2019\/12\/externo-de31a75a4fd1231c6a253454a86f9da8.jpg\" \/>\n\t<meta property=\"og:image:width\" content=\"797\" \/>\n\t<meta property=\"og:image:height\" content=\"900\" \/>\n\t<meta property=\"og:image:type\" content=\"image\/jpeg\" \/>\n<meta name=\"author\" content=\"Mar\u00eda L\u00f3pez Cabrera\" \/>\n<meta name=\"twitter:card\" content=\"summary_large_image\" \/>\n<meta name=\"twitter:creator\" content=\"@MadrazaLa\" \/>\n<meta name=\"twitter:site\" content=\"@MadrazaLa\" \/>\n<meta name=\"twitter:label1\" content=\"Escrito por\" \/>\n\t<meta name=\"twitter:data1\" content=\"Mar\u00eda L\u00f3pez Cabrera\" \/>\n<script type=\"application\/ld+json\" class=\"yoast-schema-graph\">{\"@context\":\"https:\\\/\\\/schema.org\",\"@graph\":[{\"@type\":\"Article\",\"@id\":\"https:\\\/\\\/ieslamadraza.com\\\/wp\\\/podcast-el-matenavegante-gauss-y-sophie-germain\\\/#article\",\"isPartOf\":{\"@id\":\"https:\\\/\\\/ieslamadraza.com\\\/wp\\\/podcast-el-matenavegante-gauss-y-sophie-germain\\\/\"},\"author\":{\"name\":\"Mar\u00eda L\u00f3pez Cabrera\",\"@id\":\"https:\\\/\\\/ieslamadraza.com\\\/wp\\\/#\\\/schema\\\/person\\\/4a8364cf1c9304a4fd80f01759af7418\"},\"headline\":\"Podcast \u201cEl Matenavegante\u201d: Gauss y Sophie Germain\",\"datePublished\":\"2019-12-01T16:51:52+00:00\",\"dateModified\":\"2019-12-01T16:51:58+00:00\",\"mainEntityOfPage\":{\"@id\":\"https:\\\/\\\/ieslamadraza.com\\\/wp\\\/podcast-el-matenavegante-gauss-y-sophie-germain\\\/\"},\"wordCount\":96,\"commentCount\":0,\"publisher\":{\"@id\":\"https:\\\/\\\/ieslamadraza.com\\\/wp\\\/#organization\"},\"image\":{\"@id\":\"https:\\\/\\\/ieslamadraza.com\\\/wp\\\/podcast-el-matenavegante-gauss-y-sophie-germain\\\/#primaryimage\"},\"thumbnailUrl\":\"https:\\\/\\\/ieslamadraza.com\\\/wp\\\/wp-content\\\/img\\\/2019\\\/12\\\/externo-de31a75a4fd1231c6a253454a86f9da8.jpg\",\"articleSection\":[\"MATEM\u00c1TICAS\",\"RADIO LA MADRAZA\"],\"inLanguage\":\"es\",\"potentialAction\":[{\"@type\":\"CommentAction\",\"name\":\"Comment\",\"target\":[\"https:\\\/\\\/ieslamadraza.com\\\/wp\\\/podcast-el-matenavegante-gauss-y-sophie-germain\\\/#respond\"]}]},{\"@type\":\"WebPage\",\"@id\":\"https:\\\/\\\/ieslamadraza.com\\\/wp\\\/podcast-el-matenavegante-gauss-y-sophie-germain\\\/\",\"url\":\"https:\\\/\\\/ieslamadraza.com\\\/wp\\\/podcast-el-matenavegante-gauss-y-sophie-germain\\\/\",\"name\":\"Podcast \u201cEl Matenavegante\u201d: Gauss y Sophie Germain - IES LA MADRAZA\",\"isPartOf\":{\"@id\":\"https:\\\/\\\/ieslamadraza.com\\\/wp\\\/#website\"},\"primaryImageOfPage\":{\"@id\":\"https:\\\/\\\/ieslamadraza.com\\\/wp\\\/podcast-el-matenavegante-gauss-y-sophie-germain\\\/#primaryimage\"},\"image\":{\"@id\":\"https:\\\/\\\/ieslamadraza.com\\\/wp\\\/podcast-el-matenavegante-gauss-y-sophie-germain\\\/#primaryimage\"},\"thumbnailUrl\":\"https:\\\/\\\/ieslamadraza.com\\\/wp\\\/wp-content\\\/img\\\/2019\\\/12\\\/externo-de31a75a4fd1231c6a253454a86f9da8.jpg\",\"datePublished\":\"2019-12-01T16:51:52+00:00\",\"dateModified\":\"2019-12-01T16:51:58+00:00\",\"description\":\"IES La Madraza\",\"breadcrumb\":{\"@id\":\"https:\\\/\\\/ieslamadraza.com\\\/wp\\\/podcast-el-matenavegante-gauss-y-sophie-germain\\\/#breadcrumb\"},\"inLanguage\":\"es\",\"potentialAction\":[{\"@type\":\"ReadAction\",\"target\":[\"https:\\\/\\\/ieslamadraza.com\\\/wp\\\/podcast-el-matenavegante-gauss-y-sophie-germain\\\/\"]}]},{\"@type\":\"ImageObject\",\"inLanguage\":\"es\",\"@id\":\"https:\\\/\\\/ieslamadraza.com\\\/wp\\\/podcast-el-matenavegante-gauss-y-sophie-germain\\\/#primaryimage\",\"url\":\"https:\\\/\\\/ieslamadraza.com\\\/wp\\\/wp-content\\\/img\\\/2019\\\/12\\\/externo-de31a75a4fd1231c6a253454a86f9da8.jpg\",\"contentUrl\":\"https:\\\/\\\/ieslamadraza.com\\\/wp\\\/wp-content\\\/img\\\/2019\\\/12\\\/externo-de31a75a4fd1231c6a253454a86f9da8.jpg\",\"width\":797,\"height\":900},{\"@type\":\"BreadcrumbList\",\"@id\":\"https:\\\/\\\/ieslamadraza.com\\\/wp\\\/podcast-el-matenavegante-gauss-y-sophie-germain\\\/#breadcrumb\",\"itemListElement\":[{\"@type\":\"ListItem\",\"position\":1,\"name\":\"Portada\",\"item\":\"https:\\\/\\\/ieslamadraza.com\\\/wp\\\/\"},{\"@type\":\"ListItem\",\"position\":2,\"name\":\"Podcast \u201cEl Matenavegante\u201d: Gauss y Sophie Germain\"}]},{\"@type\":\"WebSite\",\"@id\":\"https:\\\/\\\/ieslamadraza.com\\\/wp\\\/#website\",\"url\":\"https:\\\/\\\/ieslamadraza.com\\\/wp\\\/\",\"name\":\"IES LA MADRAZA\",\"description\":\"Instituto de Ense\u00f1anza Secundaria de Granada (Espa\u00f1a)\",\"publisher\":{\"@id\":\"https:\\\/\\\/ieslamadraza.com\\\/wp\\\/#organization\"},\"alternateName\":\"Inicio - IES LA MADRAZA\",\"potentialAction\":[{\"@type\":\"SearchAction\",\"target\":{\"@type\":\"EntryPoint\",\"urlTemplate\":\"https:\\\/\\\/ieslamadraza.com\\\/wp\\\/?s={search_term_string}\"},\"query-input\":{\"@type\":\"PropertyValueSpecification\",\"valueRequired\":true,\"valueName\":\"search_term_string\"}}],\"inLanguage\":\"es\"},{\"@type\":\"Organization\",\"@id\":\"https:\\\/\\\/ieslamadraza.com\\\/wp\\\/#organization\",\"name\":\"IES La Madraza -Instituto de Ense\u00f1anza Secundaria - Granada\",\"alternateName\":\"IES La Madraza -Instituto de Ense\u00f1anza Secundaria - Granada\",\"url\":\"https:\\\/\\\/ieslamadraza.com\\\/wp\\\/\",\"logo\":{\"@type\":\"ImageObject\",\"inLanguage\":\"es\",\"@id\":\"https:\\\/\\\/ieslamadraza.com\\\/wp\\\/#\\\/schema\\\/logo\\\/image\\\/\",\"url\":\"https:\\\/\\\/ieslamadraza.com\\\/wp\\\/wp-content\\\/img\\\/2025\\\/10\\\/logo.jpeg\",\"contentUrl\":\"https:\\\/\\\/ieslamadraza.com\\\/wp\\\/wp-content\\\/img\\\/2025\\\/10\\\/logo.jpeg\",\"width\":225,\"height\":225,\"caption\":\"IES La Madraza -Instituto de Ense\u00f1anza Secundaria - Granada\"},\"image\":{\"@id\":\"https:\\\/\\\/ieslamadraza.com\\\/wp\\\/#\\\/schema\\\/logo\\\/image\\\/\"},\"sameAs\":[\"https:\\\/\\\/www.facebook.com\\\/ieslamadraza\\\/\",\"https:\\\/\\\/x.com\\\/MadrazaLa\",\"https:\\\/\\\/www.instagram.com\\\/institutolamadraza\\\/\"]},{\"@type\":\"Person\",\"@id\":\"https:\\\/\\\/ieslamadraza.com\\\/wp\\\/#\\\/schema\\\/person\\\/4a8364cf1c9304a4fd80f01759af7418\",\"name\":\"Mar\u00eda L\u00f3pez Cabrera\",\"image\":{\"@type\":\"ImageObject\",\"inLanguage\":\"es\",\"@id\":\"https:\\\/\\\/secure.gravatar.com\\\/avatar\\\/679e119ad77a9a59f38b5ce8cd47cd6f815aea08843594bec753fbbec8dc945e?s=96&d=mm&r=g\",\"url\":\"https:\\\/\\\/secure.gravatar.com\\\/avatar\\\/679e119ad77a9a59f38b5ce8cd47cd6f815aea08843594bec753fbbec8dc945e?s=96&d=mm&r=g\",\"contentUrl\":\"https:\\\/\\\/secure.gravatar.com\\\/avatar\\\/679e119ad77a9a59f38b5ce8cd47cd6f815aea08843594bec753fbbec8dc945e?s=96&d=mm&r=g\",\"caption\":\"Mar\u00eda L\u00f3pez Cabrera\"},\"url\":\"https:\\\/\\\/ieslamadraza.com\\\/wp\\\/author\\\/maria\\\/\"}]}<\/script>\n<!-- \/ Yoast SEO plugin. -->","yoast_head_json":{"title":"Podcast \u201cEl Matenavegante\u201d: Gauss y Sophie Germain - IES LA MADRAZA","description":"IES La Madraza","robots":{"index":"index","follow":"follow","max-snippet":"max-snippet:-1","max-image-preview":"max-image-preview:large","max-video-preview":"max-video-preview:-1"},"canonical":"https:\/\/ieslamadraza.com\/wp\/podcast-el-matenavegante-gauss-y-sophie-germain\/","og_locale":"es_ES","og_type":"article","og_title":"Podcast \u201cEl Matenavegante\u201d: Gauss y Sophie Germain - IES LA MADRAZA","og_description":"IES La Madraza","og_url":"https:\/\/ieslamadraza.com\/wp\/podcast-el-matenavegante-gauss-y-sophie-germain\/","og_site_name":"IES LA MADRAZA","article_publisher":"https:\/\/www.facebook.com\/ieslamadraza\/","article_published_time":"2019-12-01T16:51:52+00:00","article_modified_time":"2019-12-01T16:51:58+00:00","og_image":[{"width":797,"height":900,"url":"https:\/\/ieslamadraza.com\/wp\/wp-content\/img\/2019\/12\/externo-de31a75a4fd1231c6a253454a86f9da8.jpg","type":"image\/jpeg"}],"author":"Mar\u00eda L\u00f3pez Cabrera","twitter_card":"summary_large_image","twitter_creator":"@MadrazaLa","twitter_site":"@MadrazaLa","twitter_misc":{"Escrito por":"Mar\u00eda L\u00f3pez Cabrera"},"schema":{"@context":"https:\/\/schema.org","@graph":[{"@type":"Article","@id":"https:\/\/ieslamadraza.com\/wp\/podcast-el-matenavegante-gauss-y-sophie-germain\/#article","isPartOf":{"@id":"https:\/\/ieslamadraza.com\/wp\/podcast-el-matenavegante-gauss-y-sophie-germain\/"},"author":{"name":"Mar\u00eda L\u00f3pez Cabrera","@id":"https:\/\/ieslamadraza.com\/wp\/#\/schema\/person\/4a8364cf1c9304a4fd80f01759af7418"},"headline":"Podcast \u201cEl Matenavegante\u201d: Gauss y Sophie Germain","datePublished":"2019-12-01T16:51:52+00:00","dateModified":"2019-12-01T16:51:58+00:00","mainEntityOfPage":{"@id":"https:\/\/ieslamadraza.com\/wp\/podcast-el-matenavegante-gauss-y-sophie-germain\/"},"wordCount":96,"commentCount":0,"publisher":{"@id":"https:\/\/ieslamadraza.com\/wp\/#organization"},"image":{"@id":"https:\/\/ieslamadraza.com\/wp\/podcast-el-matenavegante-gauss-y-sophie-germain\/#primaryimage"},"thumbnailUrl":"https:\/\/ieslamadraza.com\/wp\/wp-content\/img\/2019\/12\/externo-de31a75a4fd1231c6a253454a86f9da8.jpg","articleSection":["MATEM\u00c1TICAS","RADIO LA MADRAZA"],"inLanguage":"es","potentialAction":[{"@type":"CommentAction","name":"Comment","target":["https:\/\/ieslamadraza.com\/wp\/podcast-el-matenavegante-gauss-y-sophie-germain\/#respond"]}]},{"@type":"WebPage","@id":"https:\/\/ieslamadraza.com\/wp\/podcast-el-matenavegante-gauss-y-sophie-germain\/","url":"https:\/\/ieslamadraza.com\/wp\/podcast-el-matenavegante-gauss-y-sophie-germain\/","name":"Podcast \u201cEl Matenavegante\u201d: Gauss y Sophie Germain - IES LA MADRAZA","isPartOf":{"@id":"https:\/\/ieslamadraza.com\/wp\/#website"},"primaryImageOfPage":{"@id":"https:\/\/ieslamadraza.com\/wp\/podcast-el-matenavegante-gauss-y-sophie-germain\/#primaryimage"},"image":{"@id":"https:\/\/ieslamadraza.com\/wp\/podcast-el-matenavegante-gauss-y-sophie-germain\/#primaryimage"},"thumbnailUrl":"https:\/\/ieslamadraza.com\/wp\/wp-content\/img\/2019\/12\/externo-de31a75a4fd1231c6a253454a86f9da8.jpg","datePublished":"2019-12-01T16:51:52+00:00","dateModified":"2019-12-01T16:51:58+00:00","description":"IES La Madraza","breadcrumb":{"@id":"https:\/\/ieslamadraza.com\/wp\/podcast-el-matenavegante-gauss-y-sophie-germain\/#breadcrumb"},"inLanguage":"es","potentialAction":[{"@type":"ReadAction","target":["https:\/\/ieslamadraza.com\/wp\/podcast-el-matenavegante-gauss-y-sophie-germain\/"]}]},{"@type":"ImageObject","inLanguage":"es","@id":"https:\/\/ieslamadraza.com\/wp\/podcast-el-matenavegante-gauss-y-sophie-germain\/#primaryimage","url":"https:\/\/ieslamadraza.com\/wp\/wp-content\/img\/2019\/12\/externo-de31a75a4fd1231c6a253454a86f9da8.jpg","contentUrl":"https:\/\/ieslamadraza.com\/wp\/wp-content\/img\/2019\/12\/externo-de31a75a4fd1231c6a253454a86f9da8.jpg","width":797,"height":900},{"@type":"BreadcrumbList","@id":"https:\/\/ieslamadraza.com\/wp\/podcast-el-matenavegante-gauss-y-sophie-germain\/#breadcrumb","itemListElement":[{"@type":"ListItem","position":1,"name":"Portada","item":"https:\/\/ieslamadraza.com\/wp\/"},{"@type":"ListItem","position":2,"name":"Podcast \u201cEl Matenavegante\u201d: Gauss y Sophie Germain"}]},{"@type":"WebSite","@id":"https:\/\/ieslamadraza.com\/wp\/#website","url":"https:\/\/ieslamadraza.com\/wp\/","name":"IES LA MADRAZA","description":"Instituto de Ense\u00f1anza Secundaria de Granada (Espa\u00f1a)","publisher":{"@id":"https:\/\/ieslamadraza.com\/wp\/#organization"},"alternateName":"Inicio - IES LA MADRAZA","potentialAction":[{"@type":"SearchAction","target":{"@type":"EntryPoint","urlTemplate":"https:\/\/ieslamadraza.com\/wp\/?s={search_term_string}"},"query-input":{"@type":"PropertyValueSpecification","valueRequired":true,"valueName":"search_term_string"}}],"inLanguage":"es"},{"@type":"Organization","@id":"https:\/\/ieslamadraza.com\/wp\/#organization","name":"IES La Madraza -Instituto de Ense\u00f1anza Secundaria - Granada","alternateName":"IES La Madraza -Instituto de Ense\u00f1anza Secundaria - Granada","url":"https:\/\/ieslamadraza.com\/wp\/","logo":{"@type":"ImageObject","inLanguage":"es","@id":"https:\/\/ieslamadraza.com\/wp\/#\/schema\/logo\/image\/","url":"https:\/\/ieslamadraza.com\/wp\/wp-content\/img\/2025\/10\/logo.jpeg","contentUrl":"https:\/\/ieslamadraza.com\/wp\/wp-content\/img\/2025\/10\/logo.jpeg","width":225,"height":225,"caption":"IES La Madraza -Instituto de Ense\u00f1anza Secundaria - Granada"},"image":{"@id":"https:\/\/ieslamadraza.com\/wp\/#\/schema\/logo\/image\/"},"sameAs":["https:\/\/www.facebook.com\/ieslamadraza\/","https:\/\/x.com\/MadrazaLa","https:\/\/www.instagram.com\/institutolamadraza\/"]},{"@type":"Person","@id":"https:\/\/ieslamadraza.com\/wp\/#\/schema\/person\/4a8364cf1c9304a4fd80f01759af7418","name":"Mar\u00eda L\u00f3pez Cabrera","image":{"@type":"ImageObject","inLanguage":"es","@id":"https:\/\/secure.gravatar.com\/avatar\/679e119ad77a9a59f38b5ce8cd47cd6f815aea08843594bec753fbbec8dc945e?s=96&d=mm&r=g","url":"https:\/\/secure.gravatar.com\/avatar\/679e119ad77a9a59f38b5ce8cd47cd6f815aea08843594bec753fbbec8dc945e?s=96&d=mm&r=g","contentUrl":"https:\/\/secure.gravatar.com\/avatar\/679e119ad77a9a59f38b5ce8cd47cd6f815aea08843594bec753fbbec8dc945e?s=96&d=mm&r=g","caption":"Mar\u00eda L\u00f3pez Cabrera"},"url":"https:\/\/ieslamadraza.com\/wp\/author\/maria\/"}]}},"_links":{"self":[{"href":"https:\/\/ieslamadraza.com\/wp\/wp-json\/wp\/v2\/posts\/10242","targetHints":{"allow":["GET"]}}],"collection":[{"href":"https:\/\/ieslamadraza.com\/wp\/wp-json\/wp\/v2\/posts"}],"about":[{"href":"https:\/\/ieslamadraza.com\/wp\/wp-json\/wp\/v2\/types\/post"}],"author":[{"embeddable":true,"href":"https:\/\/ieslamadraza.com\/wp\/wp-json\/wp\/v2\/users\/5"}],"replies":[{"embeddable":true,"href":"https:\/\/ieslamadraza.com\/wp\/wp-json\/wp\/v2\/comments?post=10242"}],"version-history":[{"count":0,"href":"https:\/\/ieslamadraza.com\/wp\/wp-json\/wp\/v2\/posts\/10242\/revisions"}],"wp:featuredmedia":[{"embeddable":true,"href":"https:\/\/ieslamadraza.com\/wp\/wp-json\/wp\/v2\/media\/10243"}],"wp:attachment":[{"href":"https:\/\/ieslamadraza.com\/wp\/wp-json\/wp\/v2\/media?parent=10242"}],"wp:term":[{"taxonomy":"category","embeddable":true,"href":"https:\/\/ieslamadraza.com\/wp\/wp-json\/wp\/v2\/categories?post=10242"},{"taxonomy":"post_tag","embeddable":true,"href":"https:\/\/ieslamadraza.com\/wp\/wp-json\/wp\/v2\/tags?post=10242"}],"curies":[{"name":"wp","href":"https:\/\/api.w.org\/{rel}","templated":true}]}}